{"id":101,"date":"2012-07-24T02:14:01","date_gmt":"2012-07-24T02:14:01","guid":{"rendered":"http:\/\/volkerontour.de\/?p=101"},"modified":"2012-07-24T02:14:01","modified_gmt":"2012-07-24T02:14:01","slug":"tag-2-transfer-nach-surce","status":"publish","type":"post","link":"https:\/\/volkerontour.de\/?p=101","title":{"rendered":"Tag 2: Transfer nach Surce"},"content":{"rendered":"<p>Der Tag startete ziemlich pl\u00f6tzlich und viel zu fr\u00fch mit einem Wake-Up-Call um genau 5 Uhr\u2026 also sch\u00e4lten sich mein dezent schnarchender englischer Zimmerkollege und ich aus unseren Betten um p\u00fcnktlich um 5:30 Uhr in der Lobby zu sein\u2026 Bei wirklich saukaltem Wetter wurden wir dann zum Flughafen transferiert wo Karina und ich uns erstmal wieder um mein Gep\u00e4ck bzw. dessen Standort k\u00fcmmerten\u2026 Im Vergleich zu gestern konnte man uns heute Morgen wenigstens sagen wo es ist, n\u00e4mlich auf dem Weg von Amsterdam nach Lima\u2026 mmmmhhh, also wird das heute wieder nix <img decoding=\"async\" style=\"border-bottom-style: none; border-left-style: none; border-top-style: none; border-right-style: none\" class=\"wlEmoticon wlEmoticon-sadsmile\" alt=\"Trauriges Smiley\" src=\"https:\/\/volkerontour.de\/wp-content\/uploads\/2012\/07\/wlEmoticon-sadsmile1.png\">, denn es muss ja noch nach Surce transportiert werden\u2026 Nunja, \u00e4rgerlich, aber ich kanns nunmal leider nicht \u00e4ndern\u2026 Ich hoffe, dass es morgen in Sucre ankommt\u2026 <\/p>\n<p>Also starteten wir nach Surce durch mit Zwischenstopp in Cochabamba, einem kleinen St\u00e4dtchen mitten in den Anden. Der Flug dorthin war wirklich toll. Da die Flugzeit nicht so lange war flogen wir auch nicht so hoch und somit direkt durch die Andengipfel vorbei an einigen beeindruckenden 6000ern\u2026 Leider konnte ich aus dem Flugzeug keine Fotos machen, da ich direkt \u00fcber dem Fl\u00fcgel sa\u00df, und die Sonne im Gesicht hatte <img decoding=\"async\" style=\"border-bottom-style: none; border-left-style: none; border-top-style: none; border-right-style: none\" class=\"wlEmoticon wlEmoticon-sadsmile\" alt=\"Trauriges Smiley\" src=\"https:\/\/volkerontour.de\/wp-content\/uploads\/2012\/07\/wlEmoticon-sadsmile1.png\"> aber echt ein sehenswerter Flug\u2026<\/p>\n<p>Nach drei ewig langen Stunden Aufenthalt ging es dann weiter nach Sucre\u2026 dieses mal sa\u00df ich besser (auch wenns keine schneebedeckten Gipfel mehr zu sehen gab).<\/p>\n<p><a href=\"https:\/\/volkerontour.de\/wp-content\/uploads\/2012\/07\/DSC00584.jpg\"><img loading=\"lazy\" decoding=\"async\" style=\"background-image: none; border-right-width: 0px; margin: 0px; padding-left: 0px; padding-right: 0px; display: inline; border-top-width: 0px; border-bottom-width: 0px; border-left-width: 0px; padding-top: 0px\" title=\"DSC00584\" border=\"0\" alt=\"DSC00584\" src=\"https:\/\/volkerontour.de\/wp-content\/uploads\/2012\/07\/DSC00584_thumb.jpg\" width=\"244\" height=\"184\"><\/a>&nbsp; <a href=\"https:\/\/volkerontour.de\/wp-content\/uploads\/2012\/07\/DSC00585.jpg\"><img loading=\"lazy\" decoding=\"async\" style=\"background-image: none; border-right-width: 0px; padding-left: 0px; padding-right: 0px; display: inline; border-top-width: 0px; border-bottom-width: 0px; border-left-width: 0px; padding-top: 0px\" title=\"DSC00585\" border=\"0\" alt=\"DSC00585\" src=\"https:\/\/volkerontour.de\/wp-content\/uploads\/2012\/07\/DSC00585_thumb.jpg\" width=\"244\" height=\"184\"><\/a><\/p>\n<p>In Surce angekommen wurden wir fix zu unserem (sehr sch\u00f6nen) Hotel transferiert, wo ich dann auch den Rest der Gruppe kurz kennenlernte\u2026 Da wir aufgrund unserer fr\u00fchen Abflugzeit aus La Paz kein Fr\u00fchst\u00fcck einnehmen konnten und hungrig waren gingen wir dann erstmal direkt zum Lunch \u00fcber\u2026 <\/p>\n<p><a href=\"https:\/\/volkerontour.de\/wp-content\/uploads\/2012\/07\/DSC00590.jpg\"><img loading=\"lazy\" decoding=\"async\" style=\"background-image: none; border-right-width: 0px; padding-left: 0px; padding-right: 0px; display: inline; border-top-width: 0px; border-bottom-width: 0px; border-left-width: 0px; padding-top: 0px\" title=\"DSC00590\" border=\"0\" alt=\"DSC00590\" src=\"https:\/\/volkerontour.de\/wp-content\/uploads\/2012\/07\/DSC00590_thumb.jpg\" width=\"244\" height=\"184\"><\/a>&nbsp;<a href=\"https:\/\/volkerontour.de\/wp-content\/uploads\/2012\/07\/DSC00589.jpg\"><img loading=\"lazy\" decoding=\"async\" style=\"background-image: none; border-right-width: 0px; padding-left: 0px; padding-right: 0px; display: inline; border-top-width: 0px; border-bottom-width: 0px; border-left-width: 0px; padding-top: 0px\" title=\"DSC00589\" border=\"0\" alt=\"DSC00589\" src=\"https:\/\/volkerontour.de\/wp-content\/uploads\/2012\/07\/DSC00589_thumb.jpg\" width=\"244\" height=\"184\"><\/a><\/p>\n<p>Auf Karinas Tipp hin entschied ich mich f\u00fcr das linke Gericht: Lamafilet (medium gebraten) mit bolivianischem Kartoffelp\u00fcree und Gem\u00fcse. Erst war ich skeptisch, nach dem Probieren absolut \u00fcberzeugt\u2026 sehr lecker!!! Erik und Marte (so hie\u00df sie glaub ich) aus Norwegen entschieden sich f\u00fcr den Mexican Platter. Auch keine schlechte Wahl\u2026<\/p>\n<p>Und hier nun also die komplette Gruppe. Die elf, die heute noch zu uns gestossen sind haben schon einen Brasilientrip hinter sich und nehmen nun noch ein bisschen Bolivien und Peru mit\u2026 <\/p>\n<p><a href=\"https:\/\/volkerontour.de\/wp-content\/uploads\/2012\/07\/DSC00587.jpg\"><img loading=\"lazy\" decoding=\"async\" style=\"background-image: none; border-right-width: 0px; padding-left: 0px; padding-right: 0px; display: inline; border-top-width: 0px; border-bottom-width: 0px; border-left-width: 0px; padding-top: 0px\" title=\"DSC00587\" border=\"0\" alt=\"DSC00587\" src=\"https:\/\/volkerontour.de\/wp-content\/uploads\/2012\/07\/DSC00587_thumb.jpg\" width=\"244\" height=\"184\"><\/a>&nbsp;<a href=\"https:\/\/volkerontour.de\/wp-content\/uploads\/2012\/07\/DSC00586.jpg\"><img loading=\"lazy\" decoding=\"async\" style=\"background-image: none; border-right-width: 0px; padding-left: 0px; padding-right: 0px; display: inline; border-top-width: 0px; border-bottom-width: 0px; border-left-width: 0px; padding-top: 0px\" title=\"DSC00586\" border=\"0\" alt=\"DSC00586\" src=\"https:\/\/volkerontour.de\/wp-content\/uploads\/2012\/07\/DSC00586_thumb.jpg\" width=\"244\" height=\"184\"><\/a><\/p>\n<p>Links auf dem Bild ist unser Guide Karina mit Ihrem Freund Ariel, der kurz f\u00fcrs Essen vorbeikam\u2026<\/p>\n<p>Und rechts w\u00e4re dann der Rest der Gruppe\u2026 leider hab ich noch nicht alle Namen drauf\u2026 Ich fange mal links an und kreise dann um den Tisch bis rechts vorne:<\/p>\n<p>Janine aus der Schweiz, Anna aus Neuseeland, Erik aus Norwegen, Marte aus Norwegen, \u2026 (seinen Namen habe ich gerade nicht mehr parat) aber auch aus Norwegen <img decoding=\"async\" style=\"border-bottom-style: none; border-left-style: none; border-top-style: none; border-right-style: none\" class=\"wlEmoticon wlEmoticon-smile\" alt=\"Smiley\" src=\"https:\/\/volkerontour.de\/wp-content\/uploads\/2012\/07\/wlEmoticon-smile3.png\">, hinten links in der Ecke ist Eddy aus Winchester in England (mein Zimmernachbar), Emanuel und Tamara aus der Schweiz, bissl verdeckt sind Carmela aus Norwegen und Joan aus Quebec in Kanada, Hanna aus Neuseeland, Volker aus Ludwigsburg <img decoding=\"async\" style=\"border-bottom-style: none; border-left-style: none; border-top-style: none; border-right-style: none\" class=\"wlEmoticon wlEmoticon-smile\" alt=\"Smiley\" src=\"https:\/\/volkerontour.de\/wp-content\/uploads\/2012\/07\/wlEmoticon-smile3.png\">, Laureen aus Irland und \u2026 (weiss ich gerade auch nicht mehr) aus Norwegen\u2026<\/p>\n<p>Insgesamt sind wir also 14 Reisende\u2026 Ich bin nach Joan glaub ich der Zweit\u00e4lteste (nat\u00fcrlich nur auf dem Papier <img decoding=\"async\" style=\"border-bottom-style: none; border-left-style: none; border-top-style: none; border-right-style: none\" class=\"wlEmoticon wlEmoticon-openmouthedsmile\" alt=\"Smiley mit ge&ouml;ffnetem Mund\" src=\"https:\/\/volkerontour.de\/wp-content\/uploads\/2012\/07\/wlEmoticon-openmouthedsmile.png\">). Ein paar sind so um die 30. Eddy und die ganzen Norweger d\u00fcrften so Anfang bis Mitte 20 sein\u2026 alle sehr nett, sehr weltoffen und interessiert. Denke mit ihnen werde ich noch viel Spass haben\u2026 <img decoding=\"async\" style=\"border-bottom-style: none; border-left-style: none; border-top-style: none; border-right-style: none\" class=\"wlEmoticon wlEmoticon-smile\" alt=\"Smiley\" src=\"https:\/\/volkerontour.de\/wp-content\/uploads\/2012\/07\/wlEmoticon-smile3.png\"><\/p>\n<p>Nach dem Essen zeigte uns Karina dann noch ein bisschen was von Sucre\u2026<\/p>\n<p><a href=\"https:\/\/volkerontour.de\/wp-content\/uploads\/2012\/07\/DSC00591.jpg\"><img loading=\"lazy\" decoding=\"async\" style=\"background-image: none; border-bottom: 0px; border-left: 0px; padding-left: 0px; padding-right: 0px; display: inline; border-top: 0px; border-right: 0px; padding-top: 0px\" title=\"DSC00591\" border=\"0\" alt=\"DSC00591\" src=\"https:\/\/volkerontour.de\/wp-content\/uploads\/2012\/07\/DSC00591_thumb.jpg\" width=\"244\" height=\"184\"><\/a>&nbsp;<a href=\"https:\/\/volkerontour.de\/wp-content\/uploads\/2012\/07\/DSC00592.jpg\"><img loading=\"lazy\" decoding=\"async\" style=\"background-image: none; border-bottom: 0px; border-left: 0px; padding-left: 0px; padding-right: 0px; display: inline; border-top: 0px; border-right: 0px; padding-top: 0px\" title=\"DSC00592\" border=\"0\" alt=\"DSC00592\" src=\"https:\/\/volkerontour.de\/wp-content\/uploads\/2012\/07\/DSC00592_thumb.jpg\" width=\"244\" height=\"184\"><\/a><\/p>\n<p>Nach einem kurzen Besuch im Hotel, konnten sich noch einige dann noch zu einer kleinen Abendaktivit\u00e4t aufraffen, w\u00e4hrend die meisten m\u00fcde vom Tag ins Bett sind. Im Joyride Cafe ging nach dem Lama am Mittag aber nur noch n kleiner Snack bei mir\u2026 Chilli mit Nachos und n bissl Salat <img decoding=\"async\" style=\"border-bottom-style: none; border-left-style: none; border-top-style: none; border-right-style: none\" class=\"wlEmoticon wlEmoticon-smile\" alt=\"Smiley\" src=\"https:\/\/volkerontour.de\/wp-content\/uploads\/2012\/07\/wlEmoticon-smile3.png\"><\/p>\n<p><a href=\"https:\/\/volkerontour.de\/wp-content\/uploads\/2012\/07\/DSC00600.jpg\"><img loading=\"lazy\" decoding=\"async\" style=\"background-image: none; border-bottom: 0px; border-left: 0px; padding-left: 0px; padding-right: 0px; display: inline; border-top: 0px; border-right: 0px; padding-top: 0px\" title=\"DSC00600\" border=\"0\" alt=\"DSC00600\" src=\"https:\/\/volkerontour.de\/wp-content\/uploads\/2012\/07\/DSC00600_thumb.jpg\" width=\"244\" height=\"184\"><\/a>&nbsp;<a href=\"https:\/\/volkerontour.de\/wp-content\/uploads\/2012\/07\/DSC00599.jpg\"><img loading=\"lazy\" decoding=\"async\" style=\"background-image: none; border-bottom: 0px; border-left: 0px; padding-left: 0px; padding-right: 0px; display: inline; border-top: 0px; border-right: 0px; padding-top: 0px\" title=\"DSC00599\" border=\"0\" alt=\"DSC00599\" src=\"https:\/\/volkerontour.de\/wp-content\/uploads\/2012\/07\/DSC00599_thumb.jpg\" width=\"244\" height=\"184\"><\/a><\/p>\n<p>Nochmal zum \u00dcben von links nach rechts: Karina (Guide), Anna aus Neuseeland, Janine aus der Schweiz, Laureen aus Irland und Hanna aus Neuseeland\u2026<\/p>\n<p>Soweit die News des Tages\u2026 wir sind jetzt noch zwei Tage hier in Sucre, die wir gr\u00f6sstenteils selber gestalten k\u00f6nnen. Ich werde mir morgen mal die 60 Millionen alten Dinosaurierspuren ansehen, die nur wenige Kilometer von hier zu sehen sein sollen\u2026<\/p>\n<p>Ps.: Eine Person, die ich hier jetzt nicht \u00f6ffentlich nennen will fragte mich heute per Mail, warum die Bilder so klein sind\u2026 Mein Tipp: Einfach die Bilder anklicken, dann werden sie gross (f\u00fcr die, die das auch nicht wussten) <img decoding=\"async\" style=\"border-bottom-style: none; border-left-style: none; border-top-style: none; border-right-style: none\" class=\"wlEmoticon wlEmoticon-openmouthedsmile\" alt=\"Smiley mit ge&ouml;ffnetem Mund\" src=\"https:\/\/volkerontour.de\/wp-content\/uploads\/2012\/07\/wlEmoticon-openmouthedsmile.png\"><\/p>\n<p>Mal wieder einen Gruss und eine gute Nacht von mir <img decoding=\"async\" style=\"border-bottom-style: none; border-left-style: none; border-top-style: none; border-right-style: none\" class=\"wlEmoticon wlEmoticon-smile\" alt=\"Smiley\" src=\"https:\/\/volkerontour.de\/wp-content\/uploads\/2012\/07\/wlEmoticon-smile3.png\"><\/p>\n","protected":false},"excerpt":{"rendered":"<p>Der Tag startete ziemlich pl\u00f6tzlich und viel zu fr\u00fch mit einem Wake-Up-Call um genau 5 Uhr\u2026 also sch\u00e4lten sich mein dezent schnarchender englischer Zimmerkollege und ich aus unseren Betten um p\u00fcnktlich um 5:30 Uhr in der Lobby zu sein\u2026 Bei &hellip; <a href=\"https:\/\/volkerontour.de\/?p=101\">Weiterlesen <span class=\"meta-nav\">&rarr;<\/span><\/a><\/p>\n","protected":false},"author":3,"featured_media":0,"comment_status":"closed","ping_status":"open","sticky":false,"template":"","format":"standard","meta":{"footnotes":""},"categories":[1],"tags":[],"class_list":["post-101","post","type-post","status-publish","format-standard","hentry","category-uncategorized"],"_links":{"self":[{"href":"https:\/\/volkerontour.de\/index.php?rest_route=\/wp\/v2\/posts\/101","targetHints":{"allow":["GET"]}}],"collection":[{"href":"https:\/\/volkerontour.de\/index.php?rest_route=\/wp\/v2\/posts"}],"about":[{"href":"https:\/\/volkerontour.de\/index.php?rest_route=\/wp\/v2\/types\/post"}],"author":[{"embeddable":true,"href":"https:\/\/volkerontour.de\/index.php?rest_route=\/wp\/v2\/users\/3"}],"replies":[{"embeddable":true,"href":"https:\/\/volkerontour.de\/index.php?rest_route=%2Fwp%2Fv2%2Fcomments&post=101"}],"version-history":[{"count":0,"href":"https:\/\/volkerontour.de\/index.php?rest_route=\/wp\/v2\/posts\/101\/revisions"}],"wp:attachment":[{"href":"https:\/\/volkerontour.de\/index.php?rest_route=%2Fwp%2Fv2%2Fmedia&parent=101"}],"wp:term":[{"taxonomy":"category","embeddable":true,"href":"https:\/\/volkerontour.de\/index.php?rest_route=%2Fwp%2Fv2%2Fcategories&post=101"},{"taxonomy":"post_tag","embeddable":true,"href":"https:\/\/volkerontour.de\/index.php?rest_route=%2Fwp%2Fv2%2Ftags&post=101"}],"curies":[{"name":"wp","href":"https:\/\/api.w.org\/{rel}","templated":true}]}}