{"id":1034,"date":"2012-08-14T01:46:06","date_gmt":"2012-08-14T01:46:06","guid":{"rendered":"http:\/\/volkerontour.de\/?p=1034"},"modified":"2012-08-14T01:46:06","modified_gmt":"2012-08-14T01:46:06","slug":"tag-21-lares-trek-teil-2","status":"publish","type":"post","link":"https:\/\/volkerontour.de\/?p=1034","title":{"rendered":"Tag 21: Lares Trek Teil 2"},"content":{"rendered":"<p>Samstag, 11.08.: Der Tag begann f\u00fcr die ganze Gruppe nicht gerade positiv\u2026 In der Nacht war es wirklich superkalt, viele froren die ganze Nacht \u00fcber. Anna (mit der ich das Zelt aufgrund von M\u00e4nner- und Zeltmangel teilen musste) hat fast gar nicht geschlafen und teilweise richtig gezittert. Wie sich morgens herausstellte war sie nicht die einzige die derartige Probleme hatte\u2026 Fast die H\u00e4lfte der Gruppe f\u00fchlte sich nicht wohl. Anusha hat die ganze Nacht gebrochen und musste leider die Trekkingtour abbrechen\u2026 Gen, Anna und Janine ging es auch nicht wirklich gut, aber sie konnten erfreulicherweise den Lares Trek beenden. Ich fands die Nacht zwar auch recht frisch, hatte mich aber klamottenm\u00e4ssig recht gut eingestellt und konnte so etwa sechs Stunden schlafen <img decoding=\"async\" style=\"border-bottom-style: none; border-left-style: none; border-top-style: none; border-right-style: none\" class=\"wlEmoticon wlEmoticon-smile\" alt=\"Smiley\" src=\"https:\/\/volkerontour.de\/wp-content\/uploads\/2012\/08\/wlEmoticon-smile11.png\"><\/p>\n<p><a href=\"https:\/\/volkerontour.de\/wp-content\/uploads\/2012\/08\/DSC01768.jpg\"><img loading=\"lazy\" decoding=\"async\" style=\"background-image: none; border-right-width: 0px; padding-left: 0px; padding-right: 0px; display: inline; border-top-width: 0px; border-bottom-width: 0px; border-left-width: 0px; padding-top: 0px\" title=\"DSC01768\" border=\"0\" alt=\"DSC01768\" src=\"https:\/\/volkerontour.de\/wp-content\/uploads\/2012\/08\/DSC01768_thumb.jpg\" width=\"244\" height=\"184\"><\/a>&nbsp;<a href=\"https:\/\/volkerontour.de\/wp-content\/uploads\/2012\/08\/DSC01763.jpg\"><img loading=\"lazy\" decoding=\"async\" style=\"background-image: none; border-right-width: 0px; padding-left: 0px; padding-right: 0px; display: inline; border-top-width: 0px; border-bottom-width: 0px; border-left-width: 0px; padding-top: 0px\" title=\"DSC01763\" border=\"0\" alt=\"DSC01763\" src=\"https:\/\/volkerontour.de\/wp-content\/uploads\/2012\/08\/DSC01763_thumb.jpg\" width=\"244\" height=\"184\"><\/a><\/p>\n<p>Wie angek\u00fcndigt wurden wir um halb sieben von unserem Assistentguide Roxanna mit den netten Worten \u201cMorning guys, time to wake up! Do you want some Cocatea?\u201d geweckt, auch wenn wir eigentlich schon wach waren\u2026<\/p>\n<p><a href=\"https:\/\/volkerontour.de\/wp-content\/uploads\/2012\/08\/DSC01769.jpg\"><img loading=\"lazy\" decoding=\"async\" style=\"background-image: none; border-right-width: 0px; padding-left: 0px; padding-right: 0px; display: inline; border-top-width: 0px; border-bottom-width: 0px; border-left-width: 0px; padding-top: 0px\" title=\"DSC01769\" border=\"0\" alt=\"DSC01769\" src=\"https:\/\/volkerontour.de\/wp-content\/uploads\/2012\/08\/DSC01769_thumb.jpg\" width=\"244\" height=\"184\"><\/a><\/p>\n<p>Draussen schien schon die Sonne und es war verh\u00e4ltnism\u00e4ssig warm\u2026 Kleines Fr\u00fchst\u00fcck, zusammenpacken und dann gings los\u2026<\/p>\n<p><a href=\"https:\/\/volkerontour.de\/wp-content\/uploads\/2012\/08\/DSC01775.jpg\"><img loading=\"lazy\" decoding=\"async\" style=\"background-image: none; border-right-width: 0px; padding-left: 0px; padding-right: 0px; display: inline; border-top-width: 0px; border-bottom-width: 0px; border-left-width: 0px; padding-top: 0px\" title=\"DSC01775\" border=\"0\" alt=\"DSC01775\" src=\"https:\/\/volkerontour.de\/wp-content\/uploads\/2012\/08\/DSC01775_thumb.jpg\" width=\"244\" height=\"184\"><\/a>&nbsp;<a href=\"https:\/\/volkerontour.de\/wp-content\/uploads\/2012\/08\/DSC01776.jpg\"><img loading=\"lazy\" decoding=\"async\" style=\"background-image: none; border-right-width: 0px; padding-left: 0px; padding-right: 0px; display: inline; border-top-width: 0px; border-bottom-width: 0px; border-left-width: 0px; padding-top: 0px\" title=\"DSC01776\" border=\"0\" alt=\"DSC01776\" src=\"https:\/\/volkerontour.de\/wp-content\/uploads\/2012\/08\/DSC01776_thumb.jpg\" width=\"244\" height=\"184\"><\/a><\/p>\n<p>Wir verabschiedeten uns noch von Anusha (der es wirklich miserabel ging) und machten uns so zu neunt auf die Reise. Heute sollte der schwierigste Teil des Lares Treks anstehen. Insgesamt 17km waren heute zu bew\u00e4ltigen. Dabei sollten wir in den ersten f\u00fcnft Stunden von 3800m auf den h\u00f6chsten Punkt dieser Tour (4636m) aufsteigen\u2026<\/p>\n<p><a href=\"https:\/\/volkerontour.de\/wp-content\/uploads\/2012\/08\/DSC01781.jpg\"><img loading=\"lazy\" decoding=\"async\" style=\"background-image: none; border-right-width: 0px; padding-left: 0px; padding-right: 0px; display: inline; border-top-width: 0px; border-bottom-width: 0px; border-left-width: 0px; padding-top: 0px\" title=\"DSC01781\" border=\"0\" alt=\"DSC01781\" src=\"https:\/\/volkerontour.de\/wp-content\/uploads\/2012\/08\/DSC01781_thumb.jpg\" width=\"244\" height=\"184\"><\/a>&nbsp;<a href=\"https:\/\/volkerontour.de\/wp-content\/uploads\/2012\/08\/DSC01787.jpg\"><img loading=\"lazy\" decoding=\"async\" style=\"background-image: none; border-right-width: 0px; padding-left: 0px; padding-right: 0px; display: inline; border-top-width: 0px; border-bottom-width: 0px; border-left-width: 0px; padding-top: 0px\" title=\"DSC01787\" border=\"0\" alt=\"DSC01787\" src=\"https:\/\/volkerontour.de\/wp-content\/uploads\/2012\/08\/DSC01787_thumb.jpg\" width=\"244\" height=\"184\"><\/a><\/p>\n<p><a href=\"https:\/\/volkerontour.de\/wp-content\/uploads\/2012\/08\/DSC01792.jpg\"><img loading=\"lazy\" decoding=\"async\" style=\"background-image: none; border-right-width: 0px; padding-left: 0px; padding-right: 0px; display: inline; border-top-width: 0px; border-bottom-width: 0px; border-left-width: 0px; padding-top: 0px\" title=\"DSC01792\" border=\"0\" alt=\"DSC01792\" src=\"https:\/\/volkerontour.de\/wp-content\/uploads\/2012\/08\/DSC01792_thumb.jpg\" width=\"244\" height=\"184\"><\/a>&nbsp;<a href=\"https:\/\/volkerontour.de\/wp-content\/uploads\/2012\/08\/DSC01793.jpg\"><img loading=\"lazy\" decoding=\"async\" style=\"background-image: none; border-right-width: 0px; padding-left: 0px; padding-right: 0px; display: inline; border-top-width: 0px; border-bottom-width: 0px; border-left-width: 0px; padding-top: 0px\" title=\"DSC01793\" border=\"0\" alt=\"DSC01793\" src=\"https:\/\/volkerontour.de\/wp-content\/uploads\/2012\/08\/DSC01793_thumb.jpg\" width=\"184\" height=\"244\"><\/a><\/p>\n<p>Was uns ein bisschen \u00fcberraschte, aber auch nat\u00fcrlich sehr freute war, dass wir an diesem Tag nur einer anderen Gruppe begegnet sind (und dass auch nur kurz). Ansonsten hatten wir die ganze Strecke und somit auch die Umgebung komplett f\u00fcr uns alleine\u2026 Unterwegs trafen wir auch wieder auf diverse Tiere, die teilweise bis auf 4500m H\u00f6he weideten\u2026<\/p>\n<p><a href=\"https:\/\/volkerontour.de\/wp-content\/uploads\/2012\/08\/DSC01795.jpg\"><img loading=\"lazy\" decoding=\"async\" style=\"background-image: none; border-right-width: 0px; padding-left: 0px; padding-right: 0px; display: inline; border-top-width: 0px; border-bottom-width: 0px; border-left-width: 0px; padding-top: 0px\" title=\"DSC01795\" border=\"0\" alt=\"DSC01795\" src=\"https:\/\/volkerontour.de\/wp-content\/uploads\/2012\/08\/DSC01795_thumb.jpg\" width=\"244\" height=\"184\"><\/a>&nbsp;<a href=\"https:\/\/volkerontour.de\/wp-content\/uploads\/2012\/08\/DSC01818.jpg\"><img loading=\"lazy\" decoding=\"async\" style=\"background-image: none; border-right-width: 0px; padding-left: 0px; padding-right: 0px; display: inline; border-top-width: 0px; border-bottom-width: 0px; border-left-width: 0px; padding-top: 0px\" title=\"DSC01818\" border=\"0\" alt=\"DSC01818\" src=\"https:\/\/volkerontour.de\/wp-content\/uploads\/2012\/08\/DSC01818_thumb.jpg\" width=\"244\" height=\"184\"><\/a><\/p>\n<p><a href=\"https:\/\/volkerontour.de\/wp-content\/uploads\/2012\/08\/DSC01805.jpg\"><img loading=\"lazy\" decoding=\"async\" style=\"background-image: none; border-right-width: 0px; margin: 0px; padding-left: 0px; padding-right: 0px; display: inline; border-top-width: 0px; border-bottom-width: 0px; border-left-width: 0px; padding-top: 0px\" title=\"DSC01805\" border=\"0\" alt=\"DSC01805\" src=\"https:\/\/volkerontour.de\/wp-content\/uploads\/2012\/08\/DSC01805_thumb.jpg\" width=\"244\" height=\"184\"><\/a>&nbsp;<a href=\"https:\/\/volkerontour.de\/wp-content\/uploads\/2012\/08\/DSC01880.jpg\"><img loading=\"lazy\" decoding=\"async\" style=\"background-image: none; border-right-width: 0px; padding-left: 0px; padding-right: 0px; display: inline; border-top-width: 0px; border-bottom-width: 0px; border-left-width: 0px; padding-top: 0px\" title=\"DSC01880\" border=\"0\" alt=\"DSC01880\" src=\"https:\/\/volkerontour.de\/wp-content\/uploads\/2012\/08\/DSC01880_thumb.jpg\" width=\"244\" height=\"184\"><\/a><\/p>\n<p>Ein bisschen erinnerte die Landschaft an Schottland oder Neuseeland\u2026 scheinbar unber\u00fchrte Landschaft auf der verschiedene Tiere weideten. Hohe Berge, tiefe T\u00e4ler\u2026 w\u00e4re der Weg nicht gewesen h\u00e4tte man wirklich denken k\u00f6nnen, dass hier noch nie ein Mensch war.<\/p>\n<p><a href=\"https:\/\/volkerontour.de\/wp-content\/uploads\/2012\/08\/DSC01802.jpg\"><img loading=\"lazy\" decoding=\"async\" style=\"background-image: none; border-right-width: 0px; padding-left: 0px; padding-right: 0px; display: inline; border-top-width: 0px; border-bottom-width: 0px; border-left-width: 0px; padding-top: 0px\" title=\"DSC01802\" border=\"0\" alt=\"DSC01802\" src=\"https:\/\/volkerontour.de\/wp-content\/uploads\/2012\/08\/DSC01802_thumb.jpg\" width=\"244\" height=\"184\"><\/a>&nbsp;<a href=\"https:\/\/volkerontour.de\/wp-content\/uploads\/2012\/08\/DSC01804.jpg\"><img loading=\"lazy\" decoding=\"async\" style=\"background-image: none; border-right-width: 0px; padding-left: 0px; padding-right: 0px; display: inline; border-top-width: 0px; border-bottom-width: 0px; border-left-width: 0px; padding-top: 0px\" title=\"DSC01804\" border=\"0\" alt=\"DSC01804\" src=\"https:\/\/volkerontour.de\/wp-content\/uploads\/2012\/08\/DSC01804_thumb.jpg\" width=\"244\" height=\"184\"><\/a><\/p>\n<p><a href=\"https:\/\/volkerontour.de\/wp-content\/uploads\/2012\/08\/DSC01809.jpg\"><img loading=\"lazy\" decoding=\"async\" style=\"background-image: none; border-right-width: 0px; padding-left: 0px; padding-right: 0px; display: inline; border-top-width: 0px; border-bottom-width: 0px; border-left-width: 0px; padding-top: 0px\" title=\"DSC01809\" border=\"0\" alt=\"DSC01809\" src=\"https:\/\/volkerontour.de\/wp-content\/uploads\/2012\/08\/DSC01809_thumb.jpg\" width=\"244\" height=\"184\"><\/a>&nbsp;<a href=\"https:\/\/volkerontour.de\/wp-content\/uploads\/2012\/08\/DSC01810.jpg\"><img loading=\"lazy\" decoding=\"async\" style=\"background-image: none; border-right-width: 0px; padding-left: 0px; padding-right: 0px; display: inline; border-top-width: 0px; border-bottom-width: 0px; border-left-width: 0px; padding-top: 0px\" title=\"DSC01810\" border=\"0\" alt=\"DSC01810\" src=\"https:\/\/volkerontour.de\/wp-content\/uploads\/2012\/08\/DSC01810_thumb.jpg\" width=\"244\" height=\"184\"><\/a><\/p>\n<p>Unser gut gelaunter Guide Hubert war nat\u00fcrlich auch dabei und motivierte alle stets mit seinem Lieblingsspruch: \u201cLet`s go my friends, don`t be lazy&#8220;! Gen, die auf dem Weg doch mit schlimmeren Magenproblemen zu k\u00e4mpfen hatte durfte sich eine Weile auf dem R\u00fccken unseres Begleitpferdes Valentino ausruhen\u2026<\/p>\n<p><a href=\"https:\/\/volkerontour.de\/wp-content\/uploads\/2012\/08\/DSC01827.jpg\"><img loading=\"lazy\" decoding=\"async\" style=\"background-image: none; border-right-width: 0px; padding-left: 0px; padding-right: 0px; display: inline; border-top-width: 0px; border-bottom-width: 0px; border-left-width: 0px; padding-top: 0px\" title=\"DSC01827\" border=\"0\" alt=\"DSC01827\" src=\"https:\/\/volkerontour.de\/wp-content\/uploads\/2012\/08\/DSC01827_thumb.jpg\" width=\"244\" height=\"184\"><\/a>&nbsp;<a href=\"https:\/\/volkerontour.de\/wp-content\/uploads\/2012\/08\/DSC01807.jpg\"><img loading=\"lazy\" decoding=\"async\" style=\"background-image: none; border-right-width: 0px; padding-left: 0px; padding-right: 0px; display: inline; border-top-width: 0px; border-bottom-width: 0px; border-left-width: 0px; padding-top: 0px\" title=\"DSC01807\" border=\"0\" alt=\"DSC01807\" src=\"https:\/\/volkerontour.de\/wp-content\/uploads\/2012\/08\/DSC01807_thumb.jpg\" width=\"244\" height=\"184\"><\/a><\/p>\n<p>Nach einer kurzen Kaffeepause etwa 100 H\u00f6henmeter unterhalb des Passes erreichten wir gegen 14 Uhr den h\u00f6chsten Punkt des Lares Trek, den Huacahuasipass auf 4636m (gestartet waren wir auf etwa 3800m). Mann hatte zu beiden Seiten eine unglaubliche Aussicht\u2026<\/p>\n<p><a href=\"https:\/\/volkerontour.de\/wp-content\/uploads\/2012\/08\/DSC01832.jpg\"><img loading=\"lazy\" decoding=\"async\" style=\"background-image: none; border-right-width: 0px; padding-left: 0px; padding-right: 0px; display: inline; border-top-width: 0px; border-bottom-width: 0px; border-left-width: 0px; padding-top: 0px\" title=\"DSC01832\" border=\"0\" alt=\"DSC01832\" src=\"https:\/\/volkerontour.de\/wp-content\/uploads\/2012\/08\/DSC01832_thumb.jpg\" width=\"244\" height=\"184\"><\/a>&nbsp;<a href=\"https:\/\/volkerontour.de\/wp-content\/uploads\/2012\/08\/DSC01852.jpg\"><img loading=\"lazy\" decoding=\"async\" style=\"background-image: none; border-right-width: 0px; padding-left: 0px; padding-right: 0px; display: inline; border-top-width: 0px; border-bottom-width: 0px; border-left-width: 0px; padding-top: 0px\" title=\"DSC01852\" border=\"0\" alt=\"DSC01852\" src=\"https:\/\/volkerontour.de\/wp-content\/uploads\/2012\/08\/DSC01852_thumb.jpg\" width=\"244\" height=\"184\"><\/a><\/p>\n<p><a href=\"https:\/\/volkerontour.de\/wp-content\/uploads\/2012\/08\/DSC01841.jpg\"><img loading=\"lazy\" decoding=\"async\" style=\"background-image: none; border-right-width: 0px; padding-left: 0px; padding-right: 0px; display: inline; border-top-width: 0px; border-bottom-width: 0px; border-left-width: 0px; padding-top: 0px\" title=\"DSC01841\" border=\"0\" alt=\"DSC01841\" src=\"https:\/\/volkerontour.de\/wp-content\/uploads\/2012\/08\/DSC01841_thumb.jpg\" width=\"184\" height=\"244\"><\/a>&nbsp;<a href=\"https:\/\/volkerontour.de\/wp-content\/uploads\/2012\/08\/DSC01845.jpg\"><img loading=\"lazy\" decoding=\"async\" style=\"background-image: none; border-right-width: 0px; padding-left: 0px; padding-right: 0px; display: inline; border-top-width: 0px; border-bottom-width: 0px; border-left-width: 0px; padding-top: 0px\" title=\"DSC01845\" border=\"0\" alt=\"DSC01845\" src=\"https:\/\/volkerontour.de\/wp-content\/uploads\/2012\/08\/DSC01845_thumb.jpg\" width=\"244\" height=\"184\"><\/a><\/p>\n<p>Nun waren es noch knapp zwei Stunden bis zu unserem Ziel Mantanay (auf 4100m H\u00f6he gelegen) wo wir heute Nacht unsere Zelte aufschlagen sollten\u2026 Auf dem meist absch\u00fcssigen oder ebenen Wegen durchquerten wir einmal mehr tolle Landschaften\u2026<\/p>\n<p><a href=\"https:\/\/volkerontour.de\/wp-content\/uploads\/2012\/08\/DSC01863.jpg\"><img loading=\"lazy\" decoding=\"async\" style=\"background-image: none; border-right-width: 0px; padding-left: 0px; padding-right: 0px; display: inline; border-top-width: 0px; border-bottom-width: 0px; border-left-width: 0px; padding-top: 0px\" title=\"DSC01863\" border=\"0\" alt=\"DSC01863\" src=\"https:\/\/volkerontour.de\/wp-content\/uploads\/2012\/08\/DSC01863_thumb.jpg\" width=\"244\" height=\"184\"><\/a>&nbsp;<a href=\"https:\/\/volkerontour.de\/wp-content\/uploads\/2012\/08\/DSC01877.jpg\"><img loading=\"lazy\" decoding=\"async\" style=\"background-image: none; border-right-width: 0px; padding-left: 0px; padding-right: 0px; display: inline; border-top-width: 0px; border-bottom-width: 0px; border-left-width: 0px; padding-top: 0px\" title=\"DSC01877\" border=\"0\" alt=\"DSC01877\" src=\"https:\/\/volkerontour.de\/wp-content\/uploads\/2012\/08\/DSC01877_thumb.jpg\" width=\"244\" height=\"184\"><\/a><\/p>\n<p><a href=\"https:\/\/volkerontour.de\/wp-content\/uploads\/2012\/08\/DSC01855.jpg\"><img loading=\"lazy\" decoding=\"async\" style=\"background-image: none; border-right-width: 0px; padding-left: 0px; padding-right: 0px; display: inline; border-top-width: 0px; border-bottom-width: 0px; border-left-width: 0px; padding-top: 0px\" title=\"DSC01855\" border=\"0\" alt=\"DSC01855\" src=\"https:\/\/volkerontour.de\/wp-content\/uploads\/2012\/08\/DSC01855_thumb.jpg\" width=\"244\" height=\"184\"><\/a>&nbsp;<a href=\"https:\/\/volkerontour.de\/wp-content\/uploads\/2012\/08\/DSC01874.jpg\"><img loading=\"lazy\" decoding=\"async\" style=\"background-image: none; border-right-width: 0px; padding-left: 0px; padding-right: 0px; display: inline; border-top-width: 0px; border-bottom-width: 0px; border-left-width: 0px; padding-top: 0px\" title=\"DSC01874\" border=\"0\" alt=\"DSC01874\" src=\"https:\/\/volkerontour.de\/wp-content\/uploads\/2012\/08\/DSC01874_thumb.jpg\" width=\"244\" height=\"184\"><\/a><\/p>\n<p>Gegen 16 Uhr erreichten wir dann unser Zeltlager in Mantanay, das wirklich supersch\u00f6n in einem Tal gelegen war\u2026<\/p>\n<p><a href=\"https:\/\/volkerontour.de\/wp-content\/uploads\/2012\/08\/DSC01886.jpg\"><img loading=\"lazy\" decoding=\"async\" style=\"background-image: none; border-right-width: 0px; padding-left: 0px; padding-right: 0px; display: inline; border-top-width: 0px; border-bottom-width: 0px; border-left-width: 0px; padding-top: 0px\" title=\"DSC01886\" border=\"0\" alt=\"DSC01886\" src=\"https:\/\/volkerontour.de\/wp-content\/uploads\/2012\/08\/DSC01886_thumb.jpg\" width=\"244\" height=\"184\"><\/a>&nbsp;<a href=\"https:\/\/volkerontour.de\/wp-content\/uploads\/2012\/08\/DSC01888.jpg\"><img loading=\"lazy\" decoding=\"async\" style=\"background-image: none; border-right-width: 0px; padding-left: 0px; padding-right: 0px; display: inline; border-top-width: 0px; border-bottom-width: 0px; border-left-width: 0px; padding-top: 0px\" title=\"DSC01888\" border=\"0\" alt=\"DSC01888\" src=\"https:\/\/volkerontour.de\/wp-content\/uploads\/2012\/08\/DSC01888_thumb.jpg\" width=\"244\" height=\"184\"><\/a><\/p>\n<p>Nach einem kleinen Snack und einem Heissgetr\u00e4nk zogen sich die meisten erstmal in ihr Zelt zur\u00fcck\u2026 die vielen H\u00f6henmeter haben doch ordentlich angestrengt\u2026 Unser Pferd \u201cValentino\u201d hat auch seine Arbeit getan und unsere kr\u00e4nkelnden M\u00e4dels sicher ans Tagesziel gebracht <img decoding=\"async\" style=\"border-bottom-style: none; border-left-style: none; border-top-style: none; border-right-style: none\" class=\"wlEmoticon wlEmoticon-smile\" alt=\"Smiley\" src=\"https:\/\/volkerontour.de\/wp-content\/uploads\/2012\/08\/wlEmoticon-smile11.png\"><\/p>\n<p><a href=\"https:\/\/volkerontour.de\/wp-content\/uploads\/2012\/08\/DSC01848.jpg\"><img loading=\"lazy\" decoding=\"async\" style=\"background-image: none; border-right-width: 0px; padding-left: 0px; padding-right: 0px; display: inline; border-top-width: 0px; border-bottom-width: 0px; border-left-width: 0px; padding-top: 0px\" title=\"DSC01848\" border=\"0\" alt=\"DSC01848\" src=\"https:\/\/volkerontour.de\/wp-content\/uploads\/2012\/08\/DSC01848_thumb.jpg\" width=\"244\" height=\"184\"><\/a><\/p>\n<p>Um 19.15 Uhr wurde dann noch das Dinner serviert, an dem aufgrund von M\u00fcdigkeit bzw. Krankheit leider nicht alle teilnahmen. Sie verpassten mal wieder ein superleckeres Drei-G\u00e4nge-Men\u00fc, dass seine Kr\u00f6nung in einem unglaublich guten Schokopudding sah\u2026<\/p>\n<p><a href=\"https:\/\/volkerontour.de\/wp-content\/uploads\/2012\/08\/DSC01892.jpg\"><img loading=\"lazy\" decoding=\"async\" style=\"background-image: none; border-right-width: 0px; padding-left: 0px; padding-right: 0px; display: inline; border-top-width: 0px; border-bottom-width: 0px; border-left-width: 0px; padding-top: 0px\" title=\"DSC01892\" border=\"0\" alt=\"DSC01892\" src=\"https:\/\/volkerontour.de\/wp-content\/uploads\/2012\/08\/DSC01892_thumb.jpg\" width=\"244\" height=\"184\"><\/a>&nbsp;<a href=\"https:\/\/volkerontour.de\/wp-content\/uploads\/2012\/08\/DSC01893.jpg\"><img loading=\"lazy\" decoding=\"async\" style=\"background-image: none; border-right-width: 0px; padding-left: 0px; padding-right: 0px; display: inline; border-top-width: 0px; border-bottom-width: 0px; border-left-width: 0px; padding-top: 0px\" title=\"DSC01893\" border=\"0\" alt=\"DSC01893\" src=\"https:\/\/volkerontour.de\/wp-content\/uploads\/2012\/08\/DSC01893_thumb.jpg\" width=\"244\" height=\"184\"><\/a><\/p>\n<p>Allgemein muss man sagen, dass die beiden K\u00f6che wirklich zu jeder Mahlzeit ein superleckeres Essen zauberten. Mittags gab es immer zwei G\u00e4nge plus Heissgetr\u00e4nk, abends drei G\u00e4nge\u2026 alles stets frisch und wirklich delikat! Unter den Bedingungen allemal bemerkenswert!<\/p>\n<p>So, jetzt mach ich mal das Licht aus und unser Zelt zu. Mir wurde mitgeteilt, dass sich hier in der N\u00e4he nachts gerne Pumas aufhalten\u2026 vielleicht gehe ich ja sp\u00e4ter noch ein wenig auf die Pirsch und sehe einen <img decoding=\"async\" style=\"border-bottom-style: none; border-left-style: none; border-top-style: none; border-right-style: none\" class=\"wlEmoticon wlEmoticon-smile\" alt=\"Smiley\" src=\"https:\/\/volkerontour.de\/wp-content\/uploads\/2012\/08\/wlEmoticon-smile11.png\"><\/p>\n<p>Hoffe heute wirds nicht so kalt wie gestern\u2026 sieht aber besser aus. Ich habe wieder mein komplettes Arsenal an Klamotten an. M\u00fcsste reichen. Bis morgen! <img decoding=\"async\" style=\"border-bottom-style: none; border-left-style: none; border-top-style: none; border-right-style: none\" class=\"wlEmoticon wlEmoticon-winkingsmile\" alt=\"Zwinkerndes Smiley\" src=\"https:\/\/volkerontour.de\/wp-content\/uploads\/2012\/08\/wlEmoticon-winkingsmile3.png\"><\/p>\n<p>Ps.: Hab das zwar schonmal im Dschungelpost erw\u00e4hnt, aber egal: Unglaublich, was man hier nachts f\u00fcr einen Sternenhimmel geboten bekommt. Die Milchstrasse ist direkt \u00fcber einem und wirklich toll und auch sehr hell zu sehen. Wirklich schade, dass man das so schlecht fotografieren kann\u2026<\/p>\n","protected":false},"excerpt":{"rendered":"<p>Samstag, 11.08.: Der Tag begann f\u00fcr die ganze Gruppe nicht gerade positiv\u2026 In der Nacht war es wirklich superkalt, viele froren die ganze Nacht \u00fcber. Anna (mit der ich das Zelt aufgrund von M\u00e4nner- und Zeltmangel teilen musste) hat fast &hellip; <a href=\"https:\/\/volkerontour.de\/?p=1034\">Weiterlesen <span class=\"meta-nav\">&rarr;<\/span><\/a><\/p>\n","protected":false},"author":3,"featured_media":0,"comment_status":"closed","ping_status":"open","sticky":false,"template":"","format":"standard","meta":{"footnotes":""},"categories":[1],"tags":[],"class_list":["post-1034","post","type-post","status-publish","format-standard","hentry","category-uncategorized"],"_links":{"self":[{"href":"https:\/\/volkerontour.de\/index.php?rest_route=\/wp\/v2\/posts\/1034","targetHints":{"allow":["GET"]}}],"collection":[{"href":"https:\/\/volkerontour.de\/index.php?rest_route=\/wp\/v2\/posts"}],"about":[{"href":"https:\/\/volkerontour.de\/index.php?rest_route=\/wp\/v2\/types\/post"}],"author":[{"embeddable":true,"href":"https:\/\/volkerontour.de\/index.php?rest_route=\/wp\/v2\/users\/3"}],"replies":[{"embeddable":true,"href":"https:\/\/volkerontour.de\/index.php?rest_route=%2Fwp%2Fv2%2Fcomments&post=1034"}],"version-history":[{"count":0,"href":"https:\/\/volkerontour.de\/index.php?rest_route=\/wp\/v2\/posts\/1034\/revisions"}],"wp:attachment":[{"href":"https:\/\/volkerontour.de\/index.php?rest_route=%2Fwp%2Fv2%2Fmedia&parent=1034"}],"wp:term":[{"taxonomy":"category","embeddable":true,"href":"https:\/\/volkerontour.de\/index.php?rest_route=%2Fwp%2Fv2%2Fcategories&post=1034"},{"taxonomy":"post_tag","embeddable":true,"href":"https:\/\/volkerontour.de\/index.php?rest_route=%2Fwp%2Fv2%2Ftags&post=1034"}],"curies":[{"name":"wp","href":"https:\/\/api.w.org\/{rel}","templated":true}]}}