{"id":1089,"date":"2012-08-14T01:54:49","date_gmt":"2012-08-14T01:54:49","guid":{"rendered":"http:\/\/volkerontour.de\/?p=1089"},"modified":"2012-08-14T01:54:49","modified_gmt":"2012-08-14T01:54:49","slug":"tag-22-lares-trek-teil-3-machu-picchu-town","status":"publish","type":"post","link":"https:\/\/volkerontour.de\/?p=1089","title":{"rendered":"Tag 22: Lares Trek Teil 3\/ Machu Picchu Town"},"content":{"rendered":"<p>Sonntag, 12.08.: Hallo zusammen! Nachdem ich die letzten beiden Tage bei klirrender K\u00e4lte aus unserem Zelt vom Lares Trek aus geschrieben habe, sitze ich nun (endlich) wieder in einem gem\u00fctlich warmen Hotel (in Machu Picchu Town). Bei mir ist alles bestens. Habe die Wanderung gut \u00fcberstanden, sowie alle anderen auch\u2026 die zweite Nacht war doch wesentlich angenehmer als die erste\u2026 <\/p>\n<p>Aber mal von vorne:<\/p>\n<p>Da wir es heute nicht mehr ganz so weit hatten uns auch fast nur noch bergab gehen mussten, durften wir sogar bis acht Uhr schlafen\u2026 die meisten waren jedoch vorher wach und packten schonmal alles zusammen\u2026<\/p>\n<p><a href=\"https:\/\/volkerontour.de\/wp-content\/uploads\/2012\/08\/DSC01894.jpg\"><img loading=\"lazy\" decoding=\"async\" style=\"background-image: none; border-right-width: 0px; padding-left: 0px; padding-right: 0px; display: inline; border-top-width: 0px; border-bottom-width: 0px; border-left-width: 0px; padding-top: 0px\" title=\"DSC01894\" border=\"0\" alt=\"DSC01894\" src=\"https:\/\/volkerontour.de\/wp-content\/uploads\/2012\/08\/DSC01894_thumb.jpg\" width=\"244\" height=\"184\"><\/a>&nbsp;<a href=\"https:\/\/volkerontour.de\/wp-content\/uploads\/2012\/08\/DSC01890.jpg\"><img loading=\"lazy\" decoding=\"async\" style=\"background-image: none; border-right-width: 0px; padding-left: 0px; padding-right: 0px; display: inline; border-top-width: 0px; border-bottom-width: 0px; border-left-width: 0px; padding-top: 0px\" title=\"DSC01890\" border=\"0\" alt=\"DSC01890\" src=\"https:\/\/volkerontour.de\/wp-content\/uploads\/2012\/08\/DSC01890_thumb.jpg\" width=\"244\" height=\"184\"><\/a><\/p>\n<p>Wie oben erw\u00e4hnt war diese Nacht deutlich angenehmer. Unser Campingplatz lag windgesch\u00fctzt und auch die Temperaturen waren (trotz gr\u00f6sserer H\u00f6he) nicht ganz so extrem wie in der Nacht zuvor, so dass auch alle \u201cangeschlagenen\u201d Hiker wesentlich erholter und fitter in den heutigen Tag gehen konnten. Zum Fr\u00fchst\u00fcck gab es \u00fcberraschenderweise lustige und dazu noch leckere Pancakes mit Karamellsauce <img decoding=\"async\" style=\"border-bottom-style: none; border-left-style: none; border-top-style: none; border-right-style: none\" class=\"wlEmoticon wlEmoticon-smile\" alt=\"Smiley\" src=\"https:\/\/volkerontour.de\/wp-content\/uploads\/2012\/08\/wlEmoticon-smile12.png\"><\/p>\n<p><a href=\"https:\/\/volkerontour.de\/wp-content\/uploads\/2012\/08\/DSC01897.jpg\"><img loading=\"lazy\" decoding=\"async\" style=\"background-image: none; border-right-width: 0px; padding-left: 0px; padding-right: 0px; display: inline; border-top-width: 0px; border-bottom-width: 0px; border-left-width: 0px; padding-top: 0px\" title=\"DSC01897\" border=\"0\" alt=\"DSC01897\" src=\"https:\/\/volkerontour.de\/wp-content\/uploads\/2012\/08\/DSC01897_thumb.jpg\" width=\"244\" height=\"184\"><\/a>&nbsp;<a href=\"https:\/\/volkerontour.de\/wp-content\/uploads\/2012\/08\/DSC01898.jpg\"><img loading=\"lazy\" decoding=\"async\" style=\"background-image: none; border-right-width: 0px; padding-left: 0px; padding-right: 0px; display: inline; border-top-width: 0px; border-bottom-width: 0px; border-left-width: 0px; padding-top: 0px\" title=\"DSC01898\" border=\"0\" alt=\"DSC01898\" src=\"https:\/\/volkerontour.de\/wp-content\/uploads\/2012\/08\/DSC01898_thumb.jpg\" width=\"244\" height=\"184\"><\/a><\/p>\n<p>Gegen 9:30 Uhr machten sich dann die neun verbliebenen Bergwanderer auf den Weg ins Tal. In etwa drei Stunden galt es von unserem Campingplatz in Mantanay (auf 4100m) etwa 1000m abzusteigen. Unser Guide Hubert legte ein ordentliches Tempo vor\u2026<\/p>\n<p><a href=\"https:\/\/volkerontour.de\/wp-content\/uploads\/2012\/08\/DSC01900.jpg\"><img loading=\"lazy\" decoding=\"async\" style=\"background-image: none; border-right-width: 0px; padding-left: 0px; padding-right: 0px; display: inline; border-top-width: 0px; border-bottom-width: 0px; border-left-width: 0px; padding-top: 0px\" title=\"DSC01900\" border=\"0\" alt=\"DSC01900\" src=\"https:\/\/volkerontour.de\/wp-content\/uploads\/2012\/08\/DSC01900_thumb.jpg\" width=\"244\" height=\"184\"><\/a>&nbsp;<a href=\"https:\/\/volkerontour.de\/wp-content\/uploads\/2012\/08\/DSC01901.jpg\"><img loading=\"lazy\" decoding=\"async\" style=\"background-image: none; border-right-width: 0px; padding-left: 0px; padding-right: 0px; display: inline; border-top-width: 0px; border-bottom-width: 0px; border-left-width: 0px; padding-top: 0px\" title=\"DSC01901\" border=\"0\" alt=\"DSC01901\" src=\"https:\/\/volkerontour.de\/wp-content\/uploads\/2012\/08\/DSC01901_thumb.jpg\" width=\"244\" height=\"184\"><\/a><\/p>\n<p><a href=\"https:\/\/volkerontour.de\/wp-content\/uploads\/2012\/08\/DSC01902.jpg\"><img loading=\"lazy\" decoding=\"async\" style=\"background-image: none; border-right-width: 0px; padding-left: 0px; padding-right: 0px; display: inline; border-top-width: 0px; border-bottom-width: 0px; border-left-width: 0px; padding-top: 0px\" title=\"DSC01902\" border=\"0\" alt=\"DSC01902\" src=\"https:\/\/volkerontour.de\/wp-content\/uploads\/2012\/08\/DSC01902_thumb.jpg\" width=\"244\" height=\"184\"><\/a>&nbsp;<a href=\"https:\/\/volkerontour.de\/wp-content\/uploads\/2012\/08\/DSC01903.jpg\"><img loading=\"lazy\" decoding=\"async\" style=\"background-image: none; border-right-width: 0px; padding-left: 0px; padding-right: 0px; display: inline; border-top-width: 0px; border-bottom-width: 0px; border-left-width: 0px; padding-top: 0px\" title=\"DSC01903\" border=\"0\" alt=\"DSC01903\" src=\"https:\/\/volkerontour.de\/wp-content\/uploads\/2012\/08\/DSC01903_thumb.jpg\" width=\"244\" height=\"184\"><\/a><\/p>\n<p>Der Abstieg war teilweise nicht ganz leicht. Sehr unebener Untergrund mit vielen Steinen und Felsen, enge Wege und geh\u00f6riges Gef\u00e4lle erforderten jederzeit unsere Aufmerksamkeit\u2026 trotzdem hatte man ab und zu nat\u00fcrlich einen Blick f\u00fcr die angenehme Umgebung\u2026<\/p>\n<p><a href=\"https:\/\/volkerontour.de\/wp-content\/uploads\/2012\/08\/DSC01913.jpg\"><img loading=\"lazy\" decoding=\"async\" style=\"background-image: none; border-right-width: 0px; padding-left: 0px; padding-right: 0px; display: inline; border-top-width: 0px; border-bottom-width: 0px; border-left-width: 0px; padding-top: 0px\" title=\"DSC01913\" border=\"0\" alt=\"DSC01913\" src=\"https:\/\/volkerontour.de\/wp-content\/uploads\/2012\/08\/DSC01913_thumb.jpg\" width=\"244\" height=\"184\"><\/a>&nbsp;<a href=\"https:\/\/volkerontour.de\/wp-content\/uploads\/2012\/08\/DSC01918.jpg\"><img loading=\"lazy\" decoding=\"async\" style=\"background-image: none; border-right-width: 0px; padding-left: 0px; padding-right: 0px; display: inline; border-top-width: 0px; border-bottom-width: 0px; border-left-width: 0px; padding-top: 0px\" title=\"DSC01918\" border=\"0\" alt=\"DSC01918\" src=\"https:\/\/volkerontour.de\/wp-content\/uploads\/2012\/08\/DSC01918_thumb.jpg\" width=\"244\" height=\"184\"><\/a><\/p>\n<p><a href=\"https:\/\/volkerontour.de\/wp-content\/uploads\/2012\/08\/DSC01922.jpg\"><img loading=\"lazy\" decoding=\"async\" style=\"background-image: none; border-right-width: 0px; padding-left: 0px; padding-right: 0px; display: inline; border-top-width: 0px; border-bottom-width: 0px; border-left-width: 0px; padding-top: 0px\" title=\"DSC01922\" border=\"0\" alt=\"DSC01922\" src=\"https:\/\/volkerontour.de\/wp-content\/uploads\/2012\/08\/DSC01922_thumb.jpg\" width=\"244\" height=\"184\"><\/a>&nbsp;<a href=\"https:\/\/volkerontour.de\/wp-content\/uploads\/2012\/08\/DSC01929.jpg\"><img loading=\"lazy\" decoding=\"async\" style=\"background-image: none; border-right-width: 0px; padding-left: 0px; padding-right: 0px; display: inline; border-top-width: 0px; border-bottom-width: 0px; border-left-width: 0px; padding-top: 0px\" title=\"DSC01929\" border=\"0\" alt=\"DSC01929\" src=\"https:\/\/volkerontour.de\/wp-content\/uploads\/2012\/08\/DSC01929_thumb.jpg\" width=\"244\" height=\"184\"><\/a><\/p>\n<p>Um 12:30 Uhr hatten wirs dann geschafft und konnten auf 3100m H\u00f6he unser wohlverdientes Lunch einnehmen\u2026<\/p>\n<p><a href=\"https:\/\/volkerontour.de\/wp-content\/uploads\/2012\/08\/DSC01932.jpg\"><img loading=\"lazy\" decoding=\"async\" style=\"background-image: none; border-right-width: 0px; padding-left: 0px; padding-right: 0px; display: inline; border-top-width: 0px; border-bottom-width: 0px; border-left-width: 0px; padding-top: 0px\" title=\"DSC01932\" border=\"0\" alt=\"DSC01932\" src=\"https:\/\/volkerontour.de\/wp-content\/uploads\/2012\/08\/DSC01932_thumb.jpg\" width=\"244\" height=\"184\"><\/a><\/p>\n<p>Ein kurzer Dank und die \u201cTrinkgeld\u00fcbergabe\u201d an das siebenk\u00f6pfige Team (dass die drei Tage wirklich toll f\u00fcr uns gesorgt hat) beschloss unsere wirklich sch\u00f6ne Lares Trek-Tour:<\/p>\n<p><a href=\"https:\/\/volkerontour.de\/wp-content\/uploads\/2012\/08\/DSC01936.jpg\"><img loading=\"lazy\" decoding=\"async\" style=\"background-image: none; border-right-width: 0px; padding-left: 0px; padding-right: 0px; display: inline; border-top-width: 0px; border-bottom-width: 0px; border-left-width: 0px; padding-top: 0px\" title=\"DSC01936\" border=\"0\" alt=\"DSC01936\" src=\"https:\/\/volkerontour.de\/wp-content\/uploads\/2012\/08\/DSC01936_thumb.jpg\" width=\"244\" height=\"184\"><\/a>&nbsp;<a href=\"https:\/\/volkerontour.de\/wp-content\/uploads\/2012\/08\/DSC01937.jpg\"><img loading=\"lazy\" decoding=\"async\" style=\"background-image: none; border-right-width: 0px; padding-left: 0px; padding-right: 0px; display: inline; border-top-width: 0px; border-bottom-width: 0px; border-left-width: 0px; padding-top: 0px\" title=\"DSC01937\" border=\"0\" alt=\"DSC01937\" src=\"https:\/\/volkerontour.de\/wp-content\/uploads\/2012\/08\/DSC01937_thumb.jpg\" width=\"244\" height=\"184\"><\/a><\/p>\n<p>Trotz der schwierigen ersten Nacht war es eine tolle Hiking Tour. Landschaftlich wirklich traumhaft sch\u00f6n und wie gestern schon geschrieben: Wir waren so gut wie die ganze Tour allein auf der Strecke, fernab jeglichen Massentourismusses\u2026<\/p>\n<p>Mit dem Bus wurden wir anschliessend nach Ollantaytambo zur\u00fcckgebracht, wo wir uns kurz im Hotel frischmachen konnten, bevor es dann direkt mit dem Zug nach Machu Picchu Stadt weitergehen sollte\u2026<\/p>\n<p><a href=\"https:\/\/volkerontour.de\/wp-content\/uploads\/2012\/08\/DSC01941.jpg\"><img loading=\"lazy\" decoding=\"async\" style=\"background-image: none; border-right-width: 0px; padding-left: 0px; padding-right: 0px; display: inline; border-top-width: 0px; border-bottom-width: 0px; border-left-width: 0px; padding-top: 0px\" title=\"DSC01941\" border=\"0\" alt=\"DSC01941\" src=\"https:\/\/volkerontour.de\/wp-content\/uploads\/2012\/08\/DSC01941_thumb.jpg\" width=\"244\" height=\"184\"><\/a>&nbsp;<a href=\"https:\/\/volkerontour.de\/wp-content\/uploads\/2012\/08\/DSC01943.jpg\"><img loading=\"lazy\" decoding=\"async\" style=\"background-image: none; border-right-width: 0px; padding-left: 0px; padding-right: 0px; display: inline; border-top-width: 0px; border-bottom-width: 0px; border-left-width: 0px; padding-top: 0px\" title=\"DSC01943\" border=\"0\" alt=\"DSC01943\" src=\"https:\/\/volkerontour.de\/wp-content\/uploads\/2012\/08\/DSC01943_thumb.jpg\" width=\"244\" height=\"184\"><\/a><\/p>\n<p><a href=\"https:\/\/volkerontour.de\/wp-content\/uploads\/2012\/08\/DSC01945.jpg\"><img loading=\"lazy\" decoding=\"async\" style=\"background-image: none; border-right-width: 0px; padding-left: 0px; padding-right: 0px; display: inline; border-top-width: 0px; border-bottom-width: 0px; border-left-width: 0px; padding-top: 0px\" title=\"DSC01945\" border=\"0\" alt=\"DSC01945\" src=\"https:\/\/volkerontour.de\/wp-content\/uploads\/2012\/08\/DSC01945_thumb.jpg\" width=\"244\" height=\"184\"><\/a>&nbsp;<a href=\"https:\/\/volkerontour.de\/wp-content\/uploads\/2012\/08\/DSC01946.jpg\"><img loading=\"lazy\" decoding=\"async\" style=\"background-image: none; border-right-width: 0px; padding-left: 0px; padding-right: 0px; display: inline; border-top-width: 0px; border-bottom-width: 0px; border-left-width: 0px; padding-top: 0px\" title=\"DSC01946\" border=\"0\" alt=\"DSC01946\" src=\"https:\/\/volkerontour.de\/wp-content\/uploads\/2012\/08\/DSC01946_thumb.jpg\" width=\"244\" height=\"184\"><\/a><\/p>\n<p>Die Fahrt in dem \u00e4usserlich ein wenig antik wirkenden Zug war wirklich sehr komfortabel\u2026 Wir bekamen w\u00e4hrend der etwa 100-min\u00fctigen Fahrt ein Getr\u00e4nk sowie einen kleinen Snack (alles inklusive) serviert und hatten durch die Dachfenster w\u00e4hrend der Fahrt eine sch\u00f6ne Sicht auf die Landschaft\u2026<\/p>\n<p><a href=\"https:\/\/volkerontour.de\/wp-content\/uploads\/2012\/08\/DSC01952.jpg\"><img loading=\"lazy\" decoding=\"async\" style=\"background-image: none; border-right-width: 0px; padding-left: 0px; padding-right: 0px; display: inline; border-top-width: 0px; border-bottom-width: 0px; border-left-width: 0px; padding-top: 0px\" title=\"DSC01952\" border=\"0\" alt=\"DSC01952\" src=\"https:\/\/volkerontour.de\/wp-content\/uploads\/2012\/08\/DSC01952_thumb.jpg\" width=\"244\" height=\"184\"><\/a>&nbsp;<a href=\"https:\/\/volkerontour.de\/wp-content\/uploads\/2012\/08\/DSC01953.jpg\"><img loading=\"lazy\" decoding=\"async\" style=\"background-image: none; border-right-width: 0px; padding-left: 0px; padding-right: 0px; display: inline; border-top-width: 0px; border-bottom-width: 0px; border-left-width: 0px; padding-top: 0px\" title=\"DSC01953\" border=\"0\" alt=\"DSC01953\" src=\"https:\/\/volkerontour.de\/wp-content\/uploads\/2012\/08\/DSC01953_thumb.jpg\" width=\"244\" height=\"184\"><\/a><\/p>\n<p>Gegen 17 Uhr erreichten wir dann Machu Picchu Town. Leider konnte uns unser Guide Rrrrrrrrrrrrrrrrrrrrrrrrrrrrruben nicht abholen, da er sich anscheinend nicht ganz wohl f\u00fchlte. Also wurden wir von Yvonne (Guide einer anderen Gruppe) zu unserem Hotel eskortiert. Nach einer schnellen Dusche und einer kleinen Stadttour durch Machu Picchu Town (nettes St\u00e4dtchen mit vielen sch\u00f6nen kleinen Restaurants, aber auch sehr auf Tourismus ausgelegt) endeten wir in einem wirklich sch\u00f6nen (aber nicht ganz billigen) Restaurant namens \u201cInka Wasi\u201d.<\/p>\n<p><a href=\"https:\/\/volkerontour.de\/wp-content\/uploads\/2012\/08\/DSC01957.jpg\"><img loading=\"lazy\" decoding=\"async\" style=\"background-image: none; border-right-width: 0px; padding-left: 0px; padding-right: 0px; display: inline; border-top-width: 0px; border-bottom-width: 0px; border-left-width: 0px; padding-top: 0px\" title=\"DSC01957\" border=\"0\" alt=\"DSC01957\" src=\"https:\/\/volkerontour.de\/wp-content\/uploads\/2012\/08\/DSC01957_thumb.jpg\" width=\"244\" height=\"184\"><\/a>&nbsp;<a href=\"https:\/\/volkerontour.de\/wp-content\/uploads\/2012\/08\/DSC01960.jpg\"><img loading=\"lazy\" decoding=\"async\" style=\"background-image: none; border-right-width: 0px; padding-left: 0px; padding-right: 0px; display: inline; border-top-width: 0px; border-bottom-width: 0px; border-left-width: 0px; padding-top: 0px\" title=\"DSC01960\" border=\"0\" alt=\"DSC01960\" src=\"https:\/\/volkerontour.de\/wp-content\/uploads\/2012\/08\/DSC01960_thumb.jpg\" width=\"244\" height=\"184\"><\/a><\/p>\n<p>Sehr nette Atmosph\u00e4re, eine lustige Liveband und superleckeres (und optisch spektakul\u00e4res) Essen (jedes Gericht kam mit einer aus Karotten aufwendig geschnitzten Figur)\u2026<\/p>\n<p><a href=\"https:\/\/volkerontour.de\/wp-content\/uploads\/2012\/08\/DSC01962.jpg\"><img loading=\"lazy\" decoding=\"async\" style=\"background-image: none; border-right-width: 0px; padding-left: 0px; padding-right: 0px; display: inline; border-top-width: 0px; border-bottom-width: 0px; border-left-width: 0px; padding-top: 0px\" title=\"DSC01962\" border=\"0\" alt=\"DSC01962\" src=\"https:\/\/volkerontour.de\/wp-content\/uploads\/2012\/08\/DSC01962_thumb.jpg\" width=\"244\" height=\"184\"><\/a>&nbsp;<a href=\"https:\/\/volkerontour.de\/wp-content\/uploads\/2012\/08\/DSC01978.jpg\"><img loading=\"lazy\" decoding=\"async\" style=\"background-image: none; border-right-width: 0px; padding-left: 0px; padding-right: 0px; display: inline; border-top-width: 0px; border-bottom-width: 0px; border-left-width: 0px; padding-top: 0px\" title=\"DSC01978\" border=\"0\" alt=\"DSC01978\" src=\"https:\/\/volkerontour.de\/wp-content\/uploads\/2012\/08\/DSC01978_thumb.jpg\" width=\"244\" height=\"184\"><\/a><\/p>\n<p><a href=\"https:\/\/volkerontour.de\/wp-content\/uploads\/2012\/08\/DSC01981.jpg\"><img loading=\"lazy\" decoding=\"async\" style=\"background-image: none; border-right-width: 0px; padding-left: 0px; padding-right: 0px; display: inline; border-top-width: 0px; border-bottom-width: 0px; border-left-width: 0px; padding-top: 0px\" title=\"DSC01981\" border=\"0\" alt=\"DSC01981\" src=\"https:\/\/volkerontour.de\/wp-content\/uploads\/2012\/08\/DSC01981_thumb.jpg\" width=\"244\" height=\"184\"><\/a>&nbsp;<\/p>\n<p>Bei mir gab es Chicken Curry in Ananas-Bananensauce. Unschlagbar\u2026 mein bestes Essen bisher in Peru! Nach unserem Dinner ging es dann allerdings recht fix in Bett, da morgen das Highlight anstand: Machu Picchu! Da wir allerdings sehr fr\u00fch oben sein wollten (vor allen anderen Touristen) hiess das f\u00fcr uns 4:30 Uhr (!!!) aufstehen\u2026 und das nach zwei \u201csuboptimalen\u201d Zeltn\u00e4chten <img decoding=\"async\" style=\"border-bottom-style: none; border-left-style: none; border-top-style: none; border-right-style: none\" class=\"wlEmoticon wlEmoticon-sadsmile\" alt=\"Trauriges Smiley\" src=\"https:\/\/volkerontour.de\/wp-content\/uploads\/2012\/08\/wlEmoticon-sadsmile3.png\"> Da hiess es dann sehr schnell im wahrsten Sinne des Wortes: \u201cAugen zu und durch!\u201d <img decoding=\"async\" style=\"border-bottom-style: none; border-left-style: none; border-top-style: none; border-right-style: none\" class=\"wlEmoticon wlEmoticon-smile\" alt=\"Smiley\" src=\"https:\/\/volkerontour.de\/wp-content\/uploads\/2012\/08\/wlEmoticon-smile12.png\"><\/p>\n","protected":false},"excerpt":{"rendered":"<p>Sonntag, 12.08.: Hallo zusammen! Nachdem ich die letzten beiden Tage bei klirrender K\u00e4lte aus unserem Zelt vom Lares Trek aus geschrieben habe, sitze ich nun (endlich) wieder in einem gem\u00fctlich warmen Hotel (in Machu Picchu Town). Bei mir ist alles &hellip; <a href=\"https:\/\/volkerontour.de\/?p=1089\">Weiterlesen <span class=\"meta-nav\">&rarr;<\/span><\/a><\/p>\n","protected":false},"author":3,"featured_media":0,"comment_status":"closed","ping_status":"open","sticky":false,"template":"","format":"standard","meta":{"footnotes":""},"categories":[1],"tags":[],"class_list":["post-1089","post","type-post","status-publish","format-standard","hentry","category-uncategorized"],"_links":{"self":[{"href":"https:\/\/volkerontour.de\/index.php?rest_route=\/wp\/v2\/posts\/1089","targetHints":{"allow":["GET"]}}],"collection":[{"href":"https:\/\/volkerontour.de\/index.php?rest_route=\/wp\/v2\/posts"}],"about":[{"href":"https:\/\/volkerontour.de\/index.php?rest_route=\/wp\/v2\/types\/post"}],"author":[{"embeddable":true,"href":"https:\/\/volkerontour.de\/index.php?rest_route=\/wp\/v2\/users\/3"}],"replies":[{"embeddable":true,"href":"https:\/\/volkerontour.de\/index.php?rest_route=%2Fwp%2Fv2%2Fcomments&post=1089"}],"version-history":[{"count":0,"href":"https:\/\/volkerontour.de\/index.php?rest_route=\/wp\/v2\/posts\/1089\/revisions"}],"wp:attachment":[{"href":"https:\/\/volkerontour.de\/index.php?rest_route=%2Fwp%2Fv2%2Fmedia&parent=1089"}],"wp:term":[{"taxonomy":"category","embeddable":true,"href":"https:\/\/volkerontour.de\/index.php?rest_route=%2Fwp%2Fv2%2Fcategories&post=1089"},{"taxonomy":"post_tag","embeddable":true,"href":"https:\/\/volkerontour.de\/index.php?rest_route=%2Fwp%2Fv2%2Ftags&post=1089"}],"curies":[{"name":"wp","href":"https:\/\/api.w.org\/{rel}","templated":true}]}}