{"id":1144,"date":"2012-08-14T03:37:11","date_gmt":"2012-08-14T03:37:11","guid":{"rendered":"http:\/\/volkerontour.de\/?p=1144"},"modified":"2012-08-14T03:37:11","modified_gmt":"2012-08-14T03:37:11","slug":"tag-23-machu-picchu","status":"publish","type":"post","link":"https:\/\/volkerontour.de\/?p=1144","title":{"rendered":"Tag 23: Machu Picchu"},"content":{"rendered":"<p>Montag, 13.08. 04:30 Uhr: Mein Wecker klingelt. Ich bin der festen \u00dcberzeugung, dass es etwa ein Uhr nachts ist, ich meinen Wecker versehentlich falsch gestellt habe und nun noch ein paar Stunden schlafen kann\u2026 Pustekuchen!!! Aufstehen war angesagt, was nicht ganz so einfach war\u2026 aber o.k., wir wollten ja vor allen anderen beim Highlight des Urlaubs sein, insofern habe ich mich aufgerafft, war p\u00fcnktlich um f\u00fcnf Uhr beim Fr\u00fchst\u00fcck und um 5:30 Uhr zum Abmarsch bereit\u2026 Kurze Zeit sp\u00e4ter kamen wir dann an der Busstation an, die alle Besucher in etwa 20 min nach Machu Picchu bringen sollte\u2026 Offensichtlicherweise wollten auch noch andere Leute als Erstes oben sein, denn es tat sich eine kleine Schlange vor der Bushaltestelle auf\u2026<\/p>\n<p><a href=\"https:\/\/volkerontour.de\/wp-content\/uploads\/2012\/08\/DSC01987.jpg\"><img loading=\"lazy\" decoding=\"async\" style=\"background-image: none; border-bottom: 0px; border-left: 0px; padding-left: 0px; padding-right: 0px; display: inline; border-top: 0px; border-right: 0px; padding-top: 0px\" title=\"DSC01987\" border=\"0\" alt=\"DSC01987\" src=\"https:\/\/volkerontour.de\/wp-content\/uploads\/2012\/08\/DSC01987_thumb.jpg\" width=\"244\" height=\"184\"><\/a><\/p>\n<p>Ging aber eigentlich ganz schnell\u2026 Oben (leider) das selbe Bild: Etliche Besucher sammelten sich vor dem Eingang, aber auch hier wurde man z\u00fcgig abgefertigt\u2026<\/p>\n<p><a href=\"https:\/\/volkerontour.de\/wp-content\/uploads\/2012\/08\/DSC01996.jpg\"><img loading=\"lazy\" decoding=\"async\" style=\"background-image: none; border-bottom: 0px; border-left: 0px; padding-left: 0px; padding-right: 0px; display: inline; border-top: 0px; border-right: 0px; padding-top: 0px\" title=\"DSC01996\" border=\"0\" alt=\"DSC01996\" src=\"https:\/\/volkerontour.de\/wp-content\/uploads\/2012\/08\/DSC01996_thumb.jpg\" width=\"244\" height=\"184\"><\/a>&nbsp;<a href=\"https:\/\/volkerontour.de\/wp-content\/uploads\/2012\/08\/DSC01994.jpg\"><img loading=\"lazy\" decoding=\"async\" style=\"background-image: none; border-bottom: 0px; border-left: 0px; padding-left: 0px; padding-right: 0px; display: inline; border-top: 0px; border-right: 0px; padding-top: 0px\" title=\"DSC01994\" border=\"0\" alt=\"DSC01994\" src=\"https:\/\/volkerontour.de\/wp-content\/uploads\/2012\/08\/DSC01994_thumb.jpg\" width=\"244\" height=\"184\"><\/a><\/p>\n<p>Dann (so gegen 06:30 Uhr) waren wir endlich drin. Schnell ein paar Stufen hoch (und freudig erregt feststellen, dass doch noch nicht so viele Touris da sind) und dann den Postkartenausblick geniessen\u2026 ohne Worte\u2026<\/p>\n<p><a href=\"https:\/\/volkerontour.de\/wp-content\/uploads\/2012\/08\/DSC02008.jpg\"><img loading=\"lazy\" decoding=\"async\" style=\"background-image: none; border-bottom: 0px; border-left: 0px; padding-left: 0px; padding-right: 0px; display: inline; border-top: 0px; border-right: 0px; padding-top: 0px\" title=\"DSC02008\" border=\"0\" alt=\"DSC02008\" src=\"https:\/\/volkerontour.de\/wp-content\/uploads\/2012\/08\/DSC02008_thumb.jpg\" width=\"244\" height=\"184\"><\/a>&nbsp;<a href=\"https:\/\/volkerontour.de\/wp-content\/uploads\/2012\/08\/DSC02014.jpg\"><img loading=\"lazy\" decoding=\"async\" style=\"background-image: none; border-bottom: 0px; border-left: 0px; padding-left: 0px; padding-right: 0px; display: inline; border-top: 0px; border-right: 0px; padding-top: 0px\" title=\"DSC02014\" border=\"0\" alt=\"DSC02014\" src=\"https:\/\/volkerontour.de\/wp-content\/uploads\/2012\/08\/DSC02014_thumb.jpg\" width=\"244\" height=\"184\"><\/a><\/p>\n<p><a href=\"https:\/\/volkerontour.de\/wp-content\/uploads\/2012\/08\/DSC02029.jpg\"><img loading=\"lazy\" decoding=\"async\" style=\"background-image: none; border-bottom: 0px; border-left: 0px; padding-left: 0px; padding-right: 0px; display: inline; border-top: 0px; border-right: 0px; padding-top: 0px\" title=\"DSC02029\" border=\"0\" alt=\"DSC02029\" src=\"https:\/\/volkerontour.de\/wp-content\/uploads\/2012\/08\/DSC02029_thumb.jpg\" width=\"244\" height=\"184\"><\/a>&nbsp;<a href=\"https:\/\/volkerontour.de\/wp-content\/uploads\/2012\/08\/DSC02036.jpg\"><img loading=\"lazy\" decoding=\"async\" style=\"background-image: none; border-bottom: 0px; border-left: 0px; padding-left: 0px; padding-right: 0px; display: inline; border-top: 0px; border-right: 0px; padding-top: 0px\" title=\"DSC02036\" border=\"0\" alt=\"DSC02036\" src=\"https:\/\/volkerontour.de\/wp-content\/uploads\/2012\/08\/DSC02036_thumb.jpg\" width=\"244\" height=\"184\"><\/a><\/p>\n<p><a href=\"https:\/\/volkerontour.de\/wp-content\/uploads\/2012\/08\/DSC02037.jpg\"><img loading=\"lazy\" decoding=\"async\" style=\"background-image: none; border-bottom: 0px; border-left: 0px; padding-left: 0px; padding-right: 0px; display: inline; border-top: 0px; border-right: 0px; padding-top: 0px\" title=\"DSC02037\" border=\"0\" alt=\"DSC02037\" src=\"https:\/\/volkerontour.de\/wp-content\/uploads\/2012\/08\/DSC02037_thumb.jpg\" width=\"244\" height=\"184\"><\/a><\/p>\n<p>War auch super, dass noch ein paar Wolken da waren\u2026 hat dem Ganzen morgens um diese Uhrzeit noch einen mystischen Touch gegeben <img decoding=\"async\" style=\"border-bottom-style: none; border-left-style: none; border-top-style: none; border-right-style: none\" class=\"wlEmoticon wlEmoticon-smile\" alt=\"Smiley\" src=\"https:\/\/volkerontour.de\/wp-content\/uploads\/2012\/08\/wlEmoticon-smile13.png\"> Um 7:30 Uhr ging dann unsere F\u00fchrung durch Machu Picchu und leider auch der Regen los\u2026 Ich verkroch mich ab und zu erfolgreich unter dem Regenschirm unseres Guides (habe leider den Namen vergessen <img decoding=\"async\" style=\"border-bottom-style: none; border-left-style: none; border-top-style: none; border-right-style: none\" class=\"wlEmoticon wlEmoticon-sadsmile\" alt=\"Trauriges Smiley\" src=\"https:\/\/volkerontour.de\/wp-content\/uploads\/2012\/08\/wlEmoticon-sadsmile4.png\">) und konnte so der kompletten Dusche aus dem Weg gehen\u2026 War aber durchaus interessant was wir \u00fcber die \u201cverlorene\u201d Inkastadt erfuhren.<\/p>\n<p><a href=\"https:\/\/volkerontour.de\/wp-content\/uploads\/2012\/08\/DSC02041.jpg\"><img loading=\"lazy\" decoding=\"async\" style=\"background-image: none; border-bottom: 0px; border-left: 0px; padding-left: 0px; padding-right: 0px; display: inline; border-top: 0px; border-right: 0px; padding-top: 0px\" title=\"DSC02041\" border=\"0\" alt=\"DSC02041\" src=\"https:\/\/volkerontour.de\/wp-content\/uploads\/2012\/08\/DSC02041_thumb.jpg\" width=\"244\" height=\"184\"><\/a>&nbsp;<a href=\"https:\/\/volkerontour.de\/wp-content\/uploads\/2012\/08\/DSC02049.jpg\"><img loading=\"lazy\" decoding=\"async\" style=\"background-image: none; border-bottom: 0px; border-left: 0px; padding-left: 0px; padding-right: 0px; display: inline; border-top: 0px; border-right: 0px; padding-top: 0px\" title=\"DSC02049\" border=\"0\" alt=\"DSC02049\" src=\"https:\/\/volkerontour.de\/wp-content\/uploads\/2012\/08\/DSC02049_thumb.jpg\" width=\"244\" height=\"184\"><\/a><\/p>\n<p>An dieser Stelle vielleicht ein paar S\u00e4tze zu Machu Picchu: Der \u201calte Gipfel\u201d (so die genaue \u00dcbersetzung von Machu Picchu) und die dazugeh\u00f6rigen Inkaruinen wurden 1911 vom Amerikaner Hiram Bingham entdeckt. Die etwa 200 Geb\u00e4ude verteilen sich auf ungef\u00e4hr 100ha Fl\u00e4che. Man vermutet, dass etwa 2000 Menschen in der bekanntesten aller Inkast\u00e4dte lebten. Warum man nur weibliche Mumien fand und welche Bedeutung Machu Picchu einst hatte ist (wie viele andere Dinge der Inkakultur) noch unklar. Man vermutet z.B. auch, dass aktuell maximal 50% der noch existierenden Inkabauten gefunden wurden. Erst vor drei Jahren wurde ein weiterer Inkatrail (der neunte) nach Machu Picchu entdeckt.<\/p>\n<p>Nach der sehr informativen F\u00fchrung hatten wir noch die M\u00f6glichkeit die Bauten auf eigene Faust zu erkunden. P\u00fcnktlich dazu hat sich auch die Sonne wieder blicken lassen.<\/p>\n<p><a href=\"https:\/\/volkerontour.de\/wp-content\/uploads\/2012\/08\/DSC02053.jpg\"><img loading=\"lazy\" decoding=\"async\" style=\"background-image: none; border-bottom: 0px; border-left: 0px; padding-left: 0px; padding-right: 0px; display: inline; border-top: 0px; border-right: 0px; padding-top: 0px\" title=\"DSC02053\" border=\"0\" alt=\"DSC02053\" src=\"https:\/\/volkerontour.de\/wp-content\/uploads\/2012\/08\/DSC02053_thumb.jpg\" width=\"244\" height=\"184\"><\/a>&nbsp;<a href=\"https:\/\/volkerontour.de\/wp-content\/uploads\/2012\/08\/DSC02056.jpg\"><img loading=\"lazy\" decoding=\"async\" style=\"background-image: none; border-bottom: 0px; border-left: 0px; padding-left: 0px; padding-right: 0px; display: inline; border-top: 0px; border-right: 0px; padding-top: 0px\" title=\"DSC02056\" border=\"0\" alt=\"DSC02056\" src=\"https:\/\/volkerontour.de\/wp-content\/uploads\/2012\/08\/DSC02056_thumb.jpg\" width=\"244\" height=\"184\"><\/a><\/p>\n<p><a href=\"https:\/\/volkerontour.de\/wp-content\/uploads\/2012\/08\/DSC02093.jpg\"><img loading=\"lazy\" decoding=\"async\" style=\"background-image: none; border-bottom: 0px; border-left: 0px; padding-left: 0px; padding-right: 0px; display: inline; border-top: 0px; border-right: 0px; padding-top: 0px\" title=\"DSC02093\" border=\"0\" alt=\"DSC02093\" src=\"https:\/\/volkerontour.de\/wp-content\/uploads\/2012\/08\/DSC02093_thumb.jpg\" width=\"244\" height=\"184\"><\/a>&nbsp;<a href=\"https:\/\/volkerontour.de\/wp-content\/uploads\/2012\/08\/DSC02102.jpg\"><img loading=\"lazy\" decoding=\"async\" style=\"background-image: none; border-bottom: 0px; border-left: 0px; padding-left: 0px; padding-right: 0px; display: inline; border-top: 0px; border-right: 0px; padding-top: 0px\" title=\"DSC02102\" border=\"0\" alt=\"DSC02102\" src=\"https:\/\/volkerontour.de\/wp-content\/uploads\/2012\/08\/DSC02102_thumb.jpg\" width=\"244\" height=\"184\"><\/a><\/p>\n<p>Ein paar friedliche Lamas waren auch anwesend <img decoding=\"async\" style=\"border-bottom-style: none; border-left-style: none; border-top-style: none; border-right-style: none\" class=\"wlEmoticon wlEmoticon-smile\" alt=\"Smiley\" src=\"https:\/\/volkerontour.de\/wp-content\/uploads\/2012\/08\/wlEmoticon-smile13.png\"><\/p>\n<p><a href=\"https:\/\/volkerontour.de\/wp-content\/uploads\/2012\/08\/DSC02070.jpg\"><img loading=\"lazy\" decoding=\"async\" style=\"background-image: none; border-bottom: 0px; border-left: 0px; padding-left: 0px; padding-right: 0px; display: inline; border-top: 0px; border-right: 0px; padding-top: 0px\" title=\"DSC02070\" border=\"0\" alt=\"DSC02070\" src=\"https:\/\/volkerontour.de\/wp-content\/uploads\/2012\/08\/DSC02070_thumb.jpg\" width=\"244\" height=\"184\"><\/a>&nbsp;<a href=\"https:\/\/volkerontour.de\/wp-content\/uploads\/2012\/08\/DSC02074.jpg\"><img loading=\"lazy\" decoding=\"async\" style=\"background-image: none; border-bottom: 0px; border-left: 0px; margin: 0px; padding-left: 0px; padding-right: 0px; display: inline; border-top: 0px; border-right: 0px; padding-top: 0px\" title=\"DSC02074\" border=\"0\" alt=\"DSC02074\" src=\"https:\/\/volkerontour.de\/wp-content\/uploads\/2012\/08\/DSC02074_thumb.jpg\" width=\"244\" height=\"184\"><\/a><\/p>\n<p>Doch nicht nur die Inkageb\u00e4ude, sondern auch der tolle Ausblick auf die umgebenden Berge und T\u00e4ler war top!<\/p>\n<p><a href=\"https:\/\/volkerontour.de\/wp-content\/uploads\/2012\/08\/DSC02081.jpg\"><img loading=\"lazy\" decoding=\"async\" style=\"background-image: none; border-bottom: 0px; border-left: 0px; padding-left: 0px; padding-right: 0px; display: inline; border-top: 0px; border-right: 0px; padding-top: 0px\" title=\"DSC02081\" border=\"0\" alt=\"DSC02081\" src=\"https:\/\/volkerontour.de\/wp-content\/uploads\/2012\/08\/DSC02081_thumb.jpg\" width=\"244\" height=\"184\"><\/a>&nbsp;<a href=\"https:\/\/volkerontour.de\/wp-content\/uploads\/2012\/08\/DSC02109.jpg\"><img loading=\"lazy\" decoding=\"async\" style=\"background-image: none; border-bottom: 0px; border-left: 0px; padding-left: 0px; padding-right: 0px; display: inline; border-top: 0px; border-right: 0px; padding-top: 0px\" title=\"DSC02109\" border=\"0\" alt=\"DSC02109\" src=\"https:\/\/volkerontour.de\/wp-content\/uploads\/2012\/08\/DSC02109_thumb.jpg\" width=\"244\" height=\"184\"><\/a><\/p>\n<p><a href=\"https:\/\/volkerontour.de\/wp-content\/uploads\/2012\/08\/DSC02117.jpg\"><img loading=\"lazy\" decoding=\"async\" style=\"background-image: none; border-bottom: 0px; border-left: 0px; padding-left: 0px; padding-right: 0px; display: inline; border-top: 0px; border-right: 0px; padding-top: 0px\" title=\"DSC02117\" border=\"0\" alt=\"DSC02117\" src=\"https:\/\/volkerontour.de\/wp-content\/uploads\/2012\/08\/DSC02117_thumb.jpg\" width=\"244\" height=\"184\"><\/a>&nbsp;<a href=\"https:\/\/volkerontour.de\/wp-content\/uploads\/2012\/08\/DSC02115.jpg\"><img loading=\"lazy\" decoding=\"async\" style=\"background-image: none; border-bottom: 0px; border-left: 0px; padding-left: 0px; padding-right: 0px; display: inline; border-top: 0px; border-right: 0px; padding-top: 0px\" title=\"DSC02115\" border=\"0\" alt=\"DSC02115\" src=\"https:\/\/volkerontour.de\/wp-content\/uploads\/2012\/08\/DSC02115_thumb.jpg\" width=\"244\" height=\"184\"><\/a><\/p>\n<p><a href=\"https:\/\/volkerontour.de\/wp-content\/uploads\/2012\/08\/DSC02120.jpg\"><img loading=\"lazy\" decoding=\"async\" style=\"background-image: none; border-bottom: 0px; border-left: 0px; padding-left: 0px; padding-right: 0px; display: inline; border-top: 0px; border-right: 0px; padding-top: 0px\" title=\"DSC02120\" border=\"0\" alt=\"DSC02120\" src=\"https:\/\/volkerontour.de\/wp-content\/uploads\/2012\/08\/DSC02120_thumb.jpg\" width=\"244\" height=\"184\"><\/a><\/p>\n<p>Kurz nach 11 Uhr hatte ich dann bereits etwa 130 Fotos gemacht\u2026 es gab einfach viel zu viel zu sehen\u2026 Gegen Mittag (inzwischen waren wirklich tierisch viele Touris da) fuhren wir dann mit dem Bus wieder nach Machu Picchu Town runter, schauten uns noch ein bisschen um (f\u00fcr schlanke f\u00fcnf Euro erwarb ich ein Top Inca Cola-T-Shirt) und lunchten mit der ganzen Gruppe in einer eher mittelm\u00e4ssigen Pizzeria.<\/p>\n<p><a href=\"https:\/\/volkerontour.de\/wp-content\/uploads\/2012\/08\/DSC02122.jpg\"><img loading=\"lazy\" decoding=\"async\" style=\"background-image: none; border-bottom: 0px; border-left: 0px; padding-left: 0px; padding-right: 0px; display: inline; border-top: 0px; border-right: 0px; padding-top: 0px\" title=\"DSC02122\" border=\"0\" alt=\"DSC02122\" src=\"https:\/\/volkerontour.de\/wp-content\/uploads\/2012\/08\/DSC02122_thumb.jpg\" width=\"244\" height=\"184\"><\/a>&nbsp;<a href=\"https:\/\/volkerontour.de\/wp-content\/uploads\/2012\/08\/DSC02124.jpg\"><img loading=\"lazy\" decoding=\"async\" style=\"background-image: none; border-bottom: 0px; border-left: 0px; padding-left: 0px; padding-right: 0px; display: inline; border-top: 0px; border-right: 0px; padding-top: 0px\" title=\"DSC02124\" border=\"0\" alt=\"DSC02124\" src=\"https:\/\/volkerontour.de\/wp-content\/uploads\/2012\/08\/DSC02124_thumb.jpg\" width=\"244\" height=\"184\"><\/a><\/p>\n<p><a href=\"https:\/\/volkerontour.de\/wp-content\/uploads\/2012\/08\/DSC02130.jpg\"><img loading=\"lazy\" decoding=\"async\" style=\"background-image: none; border-bottom: 0px; border-left: 0px; padding-left: 0px; padding-right: 0px; display: inline; border-top: 0px; border-right: 0px; padding-top: 0px\" title=\"DSC02130\" border=\"0\" alt=\"DSC02130\" src=\"https:\/\/volkerontour.de\/wp-content\/uploads\/2012\/08\/DSC02130_thumb.jpg\" width=\"244\" height=\"184\"><\/a>&nbsp;<a href=\"https:\/\/volkerontour.de\/wp-content\/uploads\/2012\/08\/DSC02129.jpg\"><img loading=\"lazy\" decoding=\"async\" style=\"background-image: none; border-bottom: 0px; border-left: 0px; padding-left: 0px; padding-right: 0px; display: inline; border-top: 0px; border-right: 0px; padding-top: 0px\" title=\"DSC02129\" border=\"0\" alt=\"DSC02129\" src=\"https:\/\/volkerontour.de\/wp-content\/uploads\/2012\/08\/DSC02129_thumb.jpg\" width=\"184\" height=\"244\"><\/a><\/p>\n<p>Um kurz vor drei nahmen wir dann den (wieder sehr komfortablen) Zug nach Ollantaytambo, wo wir in den Bus umstiegen und um 19 Uhr wieder in Cusco ankamen\u2026 ziemlich m\u00fcde von den letzten Tagen war an ein zivilisiertes Abendessen in einem Restaurant nicht mehr zu denken, weswegen sich die meisten im nahegelegenen McDonalds schnell einen Burger holten und diesen dann in unserer Hotellobby verdr\u00fcckten\u2026 <\/p>\n<p><a href=\"https:\/\/volkerontour.de\/wp-content\/uploads\/2012\/08\/DSC02143.jpg\"><img loading=\"lazy\" decoding=\"async\" style=\"background-image: none; border-bottom: 0px; border-left: 0px; padding-left: 0px; padding-right: 0px; display: inline; border-top: 0px; border-right: 0px; padding-top: 0px\" title=\"DSC02143\" border=\"0\" alt=\"DSC02143\" src=\"https:\/\/volkerontour.de\/wp-content\/uploads\/2012\/08\/DSC02143_thumb.jpg\" width=\"244\" height=\"184\"><\/a><\/p>\n<p>Auch morgen heisst es (leider) wieder fr\u00fch aufstehen, da unser Flieger nach Arequipa bereits um neun Uhr abhebt\u2026 gl\u00fccklicherweise ist das Programm morgen nicht so straff, so dass ein wenig Zeit zum Erholen bleiben k\u00f6nnte <img decoding=\"async\" style=\"border-bottom-style: none; border-left-style: none; border-top-style: none; border-right-style: none\" class=\"wlEmoticon wlEmoticon-smile\" alt=\"Smiley\" src=\"https:\/\/volkerontour.de\/wp-content\/uploads\/2012\/08\/wlEmoticon-smile13.png\"> Ein bisschen schade ist es f\u00fcr mich, dass ich von der Stadt Cucso (eine der sch\u00f6nsten St\u00e4dte Perus) nicht so wirklich viel mitbekommen habe. Durch diverse Aktivit\u00e4ten (Dschungel, Slingshot, Lares Trek, Machu Picchu) war ich die meiste Zeit unterwegs und hatte nur wenig Zeit zum Erkunden der Stadt\u2026 das was ich von Cusco gesehen habe war wirklich vielversprechend\u2026 <\/p>\n<p>Soooo, auch f\u00fcr mich wird es jetzt Zeit f\u00fcrs Bett. Drei kurze N\u00e4chte und ein langer Tag heute haben Spuren hinterlassen\u2026 <\/p>\n<p>Zusammenfassung des Tages: Machu Picchu war wirklich DAS Highlight Perus. Zurecht eines der sieben Weltwunder!<\/p>\n","protected":false},"excerpt":{"rendered":"<p>Montag, 13.08. 04:30 Uhr: Mein Wecker klingelt. Ich bin der festen \u00dcberzeugung, dass es etwa ein Uhr nachts ist, ich meinen Wecker versehentlich falsch gestellt habe und nun noch ein paar Stunden schlafen kann\u2026 Pustekuchen!!! Aufstehen war angesagt, was nicht &hellip; <a href=\"https:\/\/volkerontour.de\/?p=1144\">Weiterlesen <span class=\"meta-nav\">&rarr;<\/span><\/a><\/p>\n","protected":false},"author":3,"featured_media":0,"comment_status":"closed","ping_status":"open","sticky":false,"template":"","format":"standard","meta":{"footnotes":""},"categories":[1],"tags":[],"class_list":["post-1144","post","type-post","status-publish","format-standard","hentry","category-uncategorized"],"_links":{"self":[{"href":"https:\/\/volkerontour.de\/index.php?rest_route=\/wp\/v2\/posts\/1144","targetHints":{"allow":["GET"]}}],"collection":[{"href":"https:\/\/volkerontour.de\/index.php?rest_route=\/wp\/v2\/posts"}],"about":[{"href":"https:\/\/volkerontour.de\/index.php?rest_route=\/wp\/v2\/types\/post"}],"author":[{"embeddable":true,"href":"https:\/\/volkerontour.de\/index.php?rest_route=\/wp\/v2\/users\/3"}],"replies":[{"embeddable":true,"href":"https:\/\/volkerontour.de\/index.php?rest_route=%2Fwp%2Fv2%2Fcomments&post=1144"}],"version-history":[{"count":0,"href":"https:\/\/volkerontour.de\/index.php?rest_route=\/wp\/v2\/posts\/1144\/revisions"}],"wp:attachment":[{"href":"https:\/\/volkerontour.de\/index.php?rest_route=%2Fwp%2Fv2%2Fmedia&parent=1144"}],"wp:term":[{"taxonomy":"category","embeddable":true,"href":"https:\/\/volkerontour.de\/index.php?rest_route=%2Fwp%2Fv2%2Fcategories&post=1144"},{"taxonomy":"post_tag","embeddable":true,"href":"https:\/\/volkerontour.de\/index.php?rest_route=%2Fwp%2Fv2%2Ftags&post=1144"}],"curies":[{"name":"wp","href":"https:\/\/api.w.org\/{rel}","templated":true}]}}