{"id":1206,"date":"2012-08-16T02:30:17","date_gmt":"2012-08-16T02:30:17","guid":{"rendered":"http:\/\/volkerontour.de\/?p=1206"},"modified":"2012-08-16T02:30:17","modified_gmt":"2012-08-16T02:30:17","slug":"tag-24-arequipa","status":"publish","type":"post","link":"https:\/\/volkerontour.de\/?p=1206","title":{"rendered":"Tag 24: Arequipa"},"content":{"rendered":"<p>Dienstag, 14.08.: Soooooo, am heutigen Morgen verliessen wir Cusco endg\u00fcltig Richtung Arequipa\u2026 wie gestern schon geschrieben w\u00e4re ich sicherlich gerne einen Tag l\u00e4nger in Cusco geblieben um noch ein bisschen mehr von der Stadt zu sehen, aber nun ja\u2026 die anderen Aktivit\u00e4ten waren mir eben irgendwie wichtiger\u2026<\/p>\n<p>P\u00fcnktlich um sieben Uhr brachen wir also Richtung Flughafen Cusco auf von wo aus dann um kurz nach neun unser Flieger Richtung Arequipa abheben sollte\u2026 Ein wenig M\u00fcdigkeit nach den letzten anstrengenden Tagen und kurzen N\u00e4chten war hier und da (auch bei mir) deutlich sp\u00fcrbar, aber heute sollte ja ein relativ entspannter Tag werden\u2026<\/p>\n<p><a href=\"https:\/\/volkerontour.de\/wp-content\/uploads\/2012\/08\/DSC02145.jpg\"><img loading=\"lazy\" decoding=\"async\" style=\"background-image: none; border-right-width: 0px; padding-left: 0px; padding-right: 0px; display: inline; border-top-width: 0px; border-bottom-width: 0px; border-left-width: 0px; padding-top: 0px\" title=\"DSC02145\" border=\"0\" alt=\"DSC02145\" src=\"https:\/\/volkerontour.de\/wp-content\/uploads\/2012\/08\/DSC02145_thumb.jpg\" width=\"244\" height=\"184\"><\/a>&nbsp;<a href=\"https:\/\/volkerontour.de\/wp-content\/uploads\/2012\/08\/DSC02146.jpg\"><img loading=\"lazy\" decoding=\"async\" style=\"background-image: none; border-right-width: 0px; padding-left: 0px; padding-right: 0px; display: inline; border-top-width: 0px; border-bottom-width: 0px; border-left-width: 0px; padding-top: 0px\" title=\"DSC02146\" border=\"0\" alt=\"DSC02146\" src=\"https:\/\/volkerontour.de\/wp-content\/uploads\/2012\/08\/DSC02146_thumb.jpg\" width=\"244\" height=\"184\"><\/a><\/p>\n<p>Der Flug dauerte nur etwa eine Stunde, und es gab durchaus wieder einiges zu sehen\u2026<\/p>\n<p><a href=\"https:\/\/volkerontour.de\/wp-content\/uploads\/2012\/08\/DSC02150.jpg\"><img loading=\"lazy\" decoding=\"async\" style=\"background-image: none; border-right-width: 0px; padding-left: 0px; padding-right: 0px; display: inline; border-top-width: 0px; border-bottom-width: 0px; border-left-width: 0px; padding-top: 0px\" title=\"DSC02150\" border=\"0\" alt=\"DSC02150\" src=\"https:\/\/volkerontour.de\/wp-content\/uploads\/2012\/08\/DSC02150_thumb.jpg\" width=\"244\" height=\"184\"><\/a>&nbsp;<a href=\"https:\/\/volkerontour.de\/wp-content\/uploads\/2012\/08\/DSC02153.jpg\"><img loading=\"lazy\" decoding=\"async\" style=\"background-image: none; border-right-width: 0px; padding-left: 0px; padding-right: 0px; display: inline; border-top-width: 0px; border-bottom-width: 0px; border-left-width: 0px; padding-top: 0px\" title=\"DSC02153\" border=\"0\" alt=\"DSC02153\" src=\"https:\/\/volkerontour.de\/wp-content\/uploads\/2012\/08\/DSC02153_thumb.jpg\" width=\"244\" height=\"184\"><\/a><\/p>\n<p>Der Landeanflug bot ebenfalls Spektakul\u00e4res: Arequipa selbst liegt zwar \u201cnur\u201d auf 2300m H\u00f6he, ist aber von m\u00e4chtigen Vulkanen (Misti auf 5825m und Chachanti auf 6075m) umgeben, die man fast von der ganzen Stadt aus sieht\u2026<\/p>\n<p><a href=\"https:\/\/volkerontour.de\/wp-content\/uploads\/2012\/08\/DSC02157.jpg\"><img loading=\"lazy\" decoding=\"async\" style=\"background-image: none; border-right-width: 0px; padding-left: 0px; padding-right: 0px; display: inline; border-top-width: 0px; border-bottom-width: 0px; border-left-width: 0px; padding-top: 0px\" title=\"DSC02157\" border=\"0\" alt=\"DSC02157\" src=\"https:\/\/volkerontour.de\/wp-content\/uploads\/2012\/08\/DSC02157_thumb.jpg\" width=\"244\" height=\"184\"><\/a>&nbsp;<a href=\"https:\/\/volkerontour.de\/wp-content\/uploads\/2012\/08\/DSC02160.jpg\"><img loading=\"lazy\" decoding=\"async\" style=\"background-image: none; border-right-width: 0px; padding-left: 0px; padding-right: 0px; display: inline; border-top-width: 0px; border-bottom-width: 0px; border-left-width: 0px; padding-top: 0px\" title=\"DSC02160\" border=\"0\" alt=\"DSC02160\" src=\"https:\/\/volkerontour.de\/wp-content\/uploads\/2012\/08\/DSC02160_thumb.jpg\" width=\"244\" height=\"184\"><\/a><\/p>\n<p>Nach dem Check In in unserem sehr angenehmen Hotel gab es erstmal wieder eine kleine F\u00fchrung mit Rrrrrrrrrrrrrrrrrrrrruben, der uns die wichtigsten Pl\u00e4tze der Stadt n\u00e4herbrachte. <\/p>\n<p><a href=\"https:\/\/volkerontour.de\/wp-content\/uploads\/2012\/08\/DSC02169.jpg\"><img loading=\"lazy\" decoding=\"async\" style=\"background-image: none; border-right-width: 0px; padding-left: 0px; padding-right: 0px; display: inline; border-top-width: 0px; border-bottom-width: 0px; border-left-width: 0px; padding-top: 0px\" title=\"DSC02169\" border=\"0\" alt=\"DSC02169\" src=\"https:\/\/volkerontour.de\/wp-content\/uploads\/2012\/08\/DSC02169_thumb.jpg\" width=\"244\" height=\"184\"><\/a>&nbsp;<a href=\"https:\/\/volkerontour.de\/wp-content\/uploads\/2012\/08\/DSC02170.jpg\"><img loading=\"lazy\" decoding=\"async\" style=\"background-image: none; border-right-width: 0px; padding-left: 0px; padding-right: 0px; display: inline; border-top-width: 0px; border-bottom-width: 0px; border-left-width: 0px; padding-top: 0px\" title=\"DSC02170\" border=\"0\" alt=\"DSC02170\" src=\"https:\/\/volkerontour.de\/wp-content\/uploads\/2012\/08\/DSC02170_thumb.jpg\" width=\"244\" height=\"184\"><\/a><\/p>\n<p><a href=\"https:\/\/volkerontour.de\/wp-content\/uploads\/2012\/08\/DSC02174.jpg\"><img loading=\"lazy\" decoding=\"async\" style=\"background-image: none; border-right-width: 0px; padding-left: 0px; padding-right: 0px; display: inline; border-top-width: 0px; border-bottom-width: 0px; border-left-width: 0px; padding-top: 0px\" title=\"DSC02174\" border=\"0\" alt=\"DSC02174\" src=\"https:\/\/volkerontour.de\/wp-content\/uploads\/2012\/08\/DSC02174_thumb.jpg\" width=\"244\" height=\"184\"><\/a>&nbsp;<a href=\"https:\/\/volkerontour.de\/wp-content\/uploads\/2012\/08\/DSC02172.jpg\"><img loading=\"lazy\" decoding=\"async\" style=\"background-image: none; border-right-width: 0px; padding-left: 0px; padding-right: 0px; display: inline; border-top-width: 0px; border-bottom-width: 0px; border-left-width: 0px; padding-top: 0px\" title=\"DSC02172\" border=\"0\" alt=\"DSC02172\" src=\"https:\/\/volkerontour.de\/wp-content\/uploads\/2012\/08\/DSC02172_thumb.jpg\" width=\"244\" height=\"184\"><\/a><\/p>\n<p>Arequipa ist eine sehr lebhafte Universit\u00e4tsstadt, die etwa 800000 Einwohner z\u00e4hlt. Sie macht einen sehr weltoffenen Eindruck. Beim Betrachten der Innenstadt k\u00f6nnte man auch denken, man ist in Europa. \u00c4hnlich wie in Surce (Bolivien) sind die meisten Geb\u00e4ude weiss, da als Baumaterial h\u00e4ufig heller Tuffstein verwendet wurde. Auch zahlreiche (und teilweise sehr starke) Erdbeben konnten die Entwicklung der Stadt nicht stoppen. Wir haben das Gl\u00fcck, dass gerade an den Tagen unserer Anwesenheit ein nationales Fest in Arequipa gefeiert wird, zu dem Einwohner aus ganz Peru angereist sind.<\/p>\n<p>Da das Wetter super war (und auch die Temperaturen) entschieden wir uns unser Mittagessen als Picknick einzunehmen. Das dazugeh\u00f6rige Essen besorgten wir schnell auf dem (ziemlich grossen) Markt\u2026<\/p>\n<p><a href=\"https:\/\/volkerontour.de\/wp-content\/uploads\/2012\/08\/DSC02177.jpg\"><img loading=\"lazy\" decoding=\"async\" style=\"background-image: none; border-right-width: 0px; padding-left: 0px; padding-right: 0px; display: inline; border-top-width: 0px; border-bottom-width: 0px; border-left-width: 0px; padding-top: 0px\" title=\"DSC02177\" border=\"0\" alt=\"DSC02177\" src=\"https:\/\/volkerontour.de\/wp-content\/uploads\/2012\/08\/DSC02177_thumb.jpg\" width=\"244\" height=\"184\"><\/a>&nbsp;<a href=\"https:\/\/volkerontour.de\/wp-content\/uploads\/2012\/08\/DSC02180.jpg\"><img loading=\"lazy\" decoding=\"async\" style=\"background-image: none; border-right-width: 0px; padding-left: 0px; padding-right: 0px; display: inline; border-top-width: 0px; border-bottom-width: 0px; border-left-width: 0px; padding-top: 0px\" title=\"DSC02180\" border=\"0\" alt=\"DSC02180\" src=\"https:\/\/volkerontour.de\/wp-content\/uploads\/2012\/08\/DSC02180_thumb.jpg\" width=\"244\" height=\"184\"><\/a><\/p>\n<p>\u2026und fuhren dann mit dem Taxi an einen gem\u00fctlichen Platz ausserhalb des Zentrums um in Ruhe unser Lunch einzunehmen\u2026<\/p>\n<p><a href=\"https:\/\/volkerontour.de\/wp-content\/uploads\/2012\/08\/DSC02187.jpg\"><img loading=\"lazy\" decoding=\"async\" style=\"background-image: none; border-right-width: 0px; padding-left: 0px; padding-right: 0px; display: inline; border-top-width: 0px; border-bottom-width: 0px; border-left-width: 0px; padding-top: 0px\" title=\"DSC02187\" border=\"0\" alt=\"DSC02187\" src=\"https:\/\/volkerontour.de\/wp-content\/uploads\/2012\/08\/DSC02187_thumb.jpg\" width=\"244\" height=\"184\"><\/a>&nbsp;<a href=\"https:\/\/volkerontour.de\/wp-content\/uploads\/2012\/08\/DSC02190.jpg\"><img loading=\"lazy\" decoding=\"async\" style=\"background-image: none; border-right-width: 0px; padding-left: 0px; padding-right: 0px; display: inline; border-top-width: 0px; border-bottom-width: 0px; border-left-width: 0px; padding-top: 0px\" title=\"DSC02190\" border=\"0\" alt=\"DSC02190\" src=\"https:\/\/volkerontour.de\/wp-content\/uploads\/2012\/08\/DSC02190_thumb.jpg\" width=\"244\" height=\"184\"><\/a><\/p>\n<p><a href=\"https:\/\/volkerontour.de\/wp-content\/uploads\/2012\/08\/DSC02193.jpg\"><img loading=\"lazy\" decoding=\"async\" style=\"background-image: none; border-right-width: 0px; padding-left: 0px; padding-right: 0px; display: inline; border-top-width: 0px; border-bottom-width: 0px; border-left-width: 0px; padding-top: 0px\" title=\"DSC02193\" border=\"0\" alt=\"DSC02193\" src=\"https:\/\/volkerontour.de\/wp-content\/uploads\/2012\/08\/DSC02193_thumb.jpg\" width=\"244\" height=\"184\"><\/a>&nbsp;<a href=\"https:\/\/volkerontour.de\/wp-content\/uploads\/2012\/08\/DSC02197.jpg\"><img loading=\"lazy\" decoding=\"async\" style=\"background-image: none; border-right-width: 0px; padding-left: 0px; padding-right: 0px; display: inline; border-top-width: 0px; border-bottom-width: 0px; border-left-width: 0px; padding-top: 0px\" title=\"DSC02197\" border=\"0\" alt=\"DSC02197\" src=\"https:\/\/volkerontour.de\/wp-content\/uploads\/2012\/08\/DSC02197_thumb.jpg\" width=\"244\" height=\"184\"><\/a><\/p>\n<p>Shanks und ich haben zwischendurch ne kleine Runde gedreht und einen netten Aussichtspunkt gefunden, von dem aus man die Vulkane ganz gut gesehen hat. Unglaublich m\u00e4chtiger Anblick\u2026<\/p>\n<p><a href=\"https:\/\/volkerontour.de\/wp-content\/uploads\/2012\/08\/DSC02204.jpg\"><img loading=\"lazy\" decoding=\"async\" style=\"background-image: none; border-right-width: 0px; padding-left: 0px; padding-right: 0px; display: inline; border-top-width: 0px; border-bottom-width: 0px; border-left-width: 0px; padding-top: 0px\" title=\"DSC02204\" border=\"0\" alt=\"DSC02204\" src=\"https:\/\/volkerontour.de\/wp-content\/uploads\/2012\/08\/DSC02204_thumb.jpg\" width=\"244\" height=\"184\"><\/a>&nbsp;<a href=\"https:\/\/volkerontour.de\/wp-content\/uploads\/2012\/08\/DSC02205.jpg\"><img loading=\"lazy\" decoding=\"async\" style=\"background-image: none; border-right-width: 0px; padding-left: 0px; padding-right: 0px; display: inline; border-top-width: 0px; border-bottom-width: 0px; border-left-width: 0px; padding-top: 0px\" title=\"DSC02205\" border=\"0\" alt=\"DSC02205\" src=\"https:\/\/volkerontour.de\/wp-content\/uploads\/2012\/08\/DSC02205_thumb.jpg\" width=\"244\" height=\"184\"><\/a><\/p>\n<p>Nachdem alle satt waren und die M\u00e4dels vier Flaschen Sekt und einige Biere weggekippt haben machten wir uns dann auf den Weg zur\u00fcck ins Hotel. Dieses mal nahmen wir (bl\u00f6derweise) keine Taxis, sondern ein Sammeltaxi (Kleinbus, der festgelegte Routen abf\u00e4hrt und man quasi jederzeit on- und offhoppen kann <img decoding=\"async\" style=\"border-bottom-style: none; border-left-style: none; border-top-style: none; border-right-style: none\" class=\"wlEmoticon wlEmoticon-smile\" alt=\"Smiley\" src=\"https:\/\/volkerontour.de\/wp-content\/uploads\/2012\/08\/wlEmoticon-smile14.png\">). Diese Fahrt wird mir sicherlich als eine der witzigsten, aber auch anstrengendsten Bustouren im Ged\u00e4chtnis bleiben: Der Bus war einfach rappelvoll und das Dach superniedrig. Grob gesch\u00e4tzt war der auch schon leicht in die Tage gekommene und technisch nicht einwandfreie Bus (siehe Cockpit unten) zugelassen auf etwa 20 Personen. Gef\u00fchlt waren 100 drin. Als kleine Orientierung: Shanks ist etwa 1,90m gross und stand die ganze Fahrt (etwa 45 Minuten) so krumm da\u2026 dazu wars sauheiss\u2026 und eben einfach nur voll\u2026 irgendwie hatten wir trotzdem unseren Spass <img decoding=\"async\" style=\"border-bottom-style: none; border-left-style: none; border-top-style: none; border-right-style: none\" class=\"wlEmoticon wlEmoticon-smile\" alt=\"Smiley\" src=\"https:\/\/volkerontour.de\/wp-content\/uploads\/2012\/08\/wlEmoticon-smile14.png\"><\/p>\n<p><a href=\"https:\/\/volkerontour.de\/wp-content\/uploads\/2012\/08\/DSC02209.jpg\"><img loading=\"lazy\" decoding=\"async\" style=\"background-image: none; border-right-width: 0px; padding-left: 0px; padding-right: 0px; display: inline; border-top-width: 0px; border-bottom-width: 0px; border-left-width: 0px; padding-top: 0px\" title=\"DSC02209\" border=\"0\" alt=\"DSC02209\" src=\"https:\/\/volkerontour.de\/wp-content\/uploads\/2012\/08\/DSC02209_thumb.jpg\" width=\"244\" height=\"184\"><\/a>&nbsp;<a href=\"https:\/\/volkerontour.de\/wp-content\/uploads\/2012\/08\/DSC02213.jpg\"><img loading=\"lazy\" decoding=\"async\" style=\"background-image: none; border-right-width: 0px; padding-left: 0px; padding-right: 0px; display: inline; border-top-width: 0px; border-bottom-width: 0px; border-left-width: 0px; padding-top: 0px\" title=\"DSC02213\" border=\"0\" alt=\"DSC02213\" src=\"https:\/\/volkerontour.de\/wp-content\/uploads\/2012\/08\/DSC02213_thumb.jpg\" width=\"244\" height=\"184\"><\/a><\/p>\n<p><a href=\"https:\/\/volkerontour.de\/wp-content\/uploads\/2012\/08\/DSC02214.jpg\"><img loading=\"lazy\" decoding=\"async\" style=\"background-image: none; border-right-width: 0px; padding-left: 0px; padding-right: 0px; display: inline; border-top-width: 0px; border-bottom-width: 0px; border-left-width: 0px; padding-top: 0px\" title=\"DSC02214\" border=\"0\" alt=\"DSC02214\" src=\"https:\/\/volkerontour.de\/wp-content\/uploads\/2012\/08\/DSC02214_thumb.jpg\" width=\"244\" height=\"184\"><\/a>&nbsp;<a href=\"https:\/\/volkerontour.de\/wp-content\/uploads\/2012\/08\/DSC02215.jpg\"><img loading=\"lazy\" decoding=\"async\" style=\"background-image: none; border-right-width: 0px; padding-left: 0px; padding-right: 0px; display: inline; border-top-width: 0px; border-bottom-width: 0px; border-left-width: 0px; padding-top: 0px\" title=\"DSC02215\" border=\"0\" alt=\"DSC02215\" src=\"https:\/\/volkerontour.de\/wp-content\/uploads\/2012\/08\/DSC02215_thumb.jpg\" width=\"244\" height=\"184\"><\/a><\/p>\n<p>Nach kurzem Zwischenstopp im Hotel bin ich mit den Michelle, Gen, Camilla und Tina noch ein bisschen on Tour gegangen. Wir wollten uns auf jeden Fall das Fest ein bisschen n\u00e4her ansehen und auch ein wenig bummeln\u2026 Die ganze Stadt war supervoll von Menschen, die zu dem Fest gekommen waren. \u00dcberall spielte Musik, gab es Umz\u00fcge und wurde getanzt\u2026<\/p>\n<p><a href=\"https:\/\/volkerontour.de\/wp-content\/uploads\/2012\/08\/DSC02216.jpg\"><img loading=\"lazy\" decoding=\"async\" style=\"background-image: none; border-right-width: 0px; padding-left: 0px; padding-right: 0px; display: inline; border-top-width: 0px; border-bottom-width: 0px; border-left-width: 0px; padding-top: 0px\" title=\"DSC02216\" border=\"0\" alt=\"DSC02216\" src=\"https:\/\/volkerontour.de\/wp-content\/uploads\/2012\/08\/DSC02216_thumb.jpg\" width=\"244\" height=\"184\"><\/a>&nbsp;<a href=\"https:\/\/volkerontour.de\/wp-content\/uploads\/2012\/08\/DSC02219.jpg\"><img loading=\"lazy\" decoding=\"async\" style=\"background-image: none; border-right-width: 0px; padding-left: 0px; padding-right: 0px; display: inline; border-top-width: 0px; border-bottom-width: 0px; border-left-width: 0px; padding-top: 0px\" title=\"DSC02219\" border=\"0\" alt=\"DSC02219\" src=\"https:\/\/volkerontour.de\/wp-content\/uploads\/2012\/08\/DSC02219_thumb.jpg\" width=\"244\" height=\"184\"><\/a><\/p>\n<p>Auf besonderen Wunsch der beiden norwegischen M\u00e4dels (die inzwischen auch meinen Blog lesen) stelle ich hiermit folgendes Bild online und pr\u00e4sentierte stolz meine bisher erworbenen drei norwegischen Vokabeln:<\/p>\n<p>l\u00f6b, l\u00f6b, l\u00f6b = los, los, los<\/p>\n<p>Gr\u00f6nsak = Gem\u00fcse<\/p>\n<p>Scharf = Schal<\/p>\n<p>Beim Versuch einige andere norwegische W\u00f6rter auszusprechen bin ich schon mehrfach kl\u00e4glich gescheitert, aber ich gebe nicht auf! <img decoding=\"async\" style=\"border-bottom-style: none; border-left-style: none; border-top-style: none; border-right-style: none\" class=\"wlEmoticon wlEmoticon-smile\" alt=\"Smiley\" src=\"https:\/\/volkerontour.de\/wp-content\/uploads\/2012\/08\/wlEmoticon-smile14.png\"><\/p>\n<p><a href=\"https:\/\/volkerontour.de\/wp-content\/uploads\/2012\/08\/DSC02223.jpg\"><img loading=\"lazy\" decoding=\"async\" style=\"background-image: none; border-right-width: 0px; padding-left: 0px; padding-right: 0px; display: inline; border-top-width: 0px; border-bottom-width: 0px; border-left-width: 0px; padding-top: 0px\" title=\"DSC02223\" border=\"0\" alt=\"DSC02223\" src=\"https:\/\/volkerontour.de\/wp-content\/uploads\/2012\/08\/DSC02223_thumb.jpg\" width=\"244\" height=\"184\"><\/a>&nbsp;<\/p>\n<p>Beim Shoppen waren wir alle eigentlich recht erfolglos, bis wir (schon fast auf dem Heimweg) auf einen sehr interessanten Alpaca-Laden aufmerksam geworden sind, der mit einer \u201cNimm zwei \u2013 zahle eins\u201d-Aktion lockte\u2026 Da ging dann also doch nochwas <img decoding=\"async\" style=\"border-bottom-style: none; border-left-style: none; border-top-style: none; border-right-style: none\" class=\"wlEmoticon wlEmoticon-smile\" alt=\"Smiley\" src=\"https:\/\/volkerontour.de\/wp-content\/uploads\/2012\/08\/wlEmoticon-smile14.png\"><\/p>\n<p><a href=\"https:\/\/volkerontour.de\/wp-content\/uploads\/2012\/08\/DSC02227.jpg\"><img loading=\"lazy\" decoding=\"async\" style=\"background-image: none; border-right-width: 0px; padding-left: 0px; padding-right: 0px; display: inline; border-top-width: 0px; border-bottom-width: 0px; border-left-width: 0px; padding-top: 0px\" title=\"DSC02227\" border=\"0\" alt=\"DSC02227\" src=\"https:\/\/volkerontour.de\/wp-content\/uploads\/2012\/08\/DSC02227_thumb.jpg\" width=\"244\" height=\"184\"><\/a><\/p>\n<p>F\u00fcr unser Abendprogramm wurde die Gruppe dann geteilt. W\u00e4hrend einige unbedingt den neuen Batman-Film sehen wollten bin ich mit den Norwegerinnen, Sabrina und Diego sowie Anusha nochmal in die Stadt gegangen um ne Kleinigkeit zu essen. Wir fanden ein sch\u00f6nes Pl\u00e4tzchen auf einer Terrasse mit tollem Blick zum \u201cPlaza de Armas\u201d wo immernoch kr\u00e4ftig musiziert und gefeiert wurde\u2026<\/p>\n<p><a href=\"https:\/\/volkerontour.de\/wp-content\/uploads\/2012\/08\/DSC02237.jpg\"><img loading=\"lazy\" decoding=\"async\" style=\"background-image: none; border-right-width: 0px; padding-left: 0px; padding-right: 0px; display: inline; border-top-width: 0px; border-bottom-width: 0px; border-left-width: 0px; padding-top: 0px\" title=\"DSC02237\" border=\"0\" alt=\"DSC02237\" src=\"https:\/\/volkerontour.de\/wp-content\/uploads\/2012\/08\/DSC02237_thumb.jpg\" width=\"244\" height=\"184\"><\/a>&nbsp;<a href=\"https:\/\/volkerontour.de\/wp-content\/uploads\/2012\/08\/DSC02238.jpg\"><img loading=\"lazy\" decoding=\"async\" style=\"background-image: none; border-right-width: 0px; padding-left: 0px; padding-right: 0px; display: inline; border-top-width: 0px; border-bottom-width: 0px; border-left-width: 0px; padding-top: 0px\" title=\"DSC02238\" border=\"0\" alt=\"DSC02238\" src=\"https:\/\/volkerontour.de\/wp-content\/uploads\/2012\/08\/DSC02238_thumb.jpg\" width=\"244\" height=\"184\"><\/a><\/p>\n<p><a href=\"https:\/\/volkerontour.de\/wp-content\/uploads\/2012\/08\/DSC02240.jpg\"><img loading=\"lazy\" decoding=\"async\" style=\"background-image: none; border-right-width: 0px; padding-left: 0px; padding-right: 0px; display: inline; border-top-width: 0px; border-bottom-width: 0px; border-left-width: 0px; padding-top: 0px\" title=\"DSC02240\" border=\"0\" alt=\"DSC02240\" src=\"https:\/\/volkerontour.de\/wp-content\/uploads\/2012\/08\/DSC02240_thumb.jpg\" width=\"244\" height=\"184\"><\/a>&nbsp;<a href=\"https:\/\/volkerontour.de\/wp-content\/uploads\/2012\/08\/DSC02241.jpg\"><img loading=\"lazy\" decoding=\"async\" style=\"background-image: none; border-right-width: 0px; padding-left: 0px; padding-right: 0px; display: inline; border-top-width: 0px; border-bottom-width: 0px; border-left-width: 0px; padding-top: 0px\" title=\"DSC02241\" border=\"0\" alt=\"DSC02241\" src=\"https:\/\/volkerontour.de\/wp-content\/uploads\/2012\/08\/DSC02241_thumb.jpg\" width=\"244\" height=\"184\"><\/a><\/p>\n<p>Gegen 22 Uhr waren wir dann wieder am Hotel\u2026 morgen k\u00f6nnen wir gl\u00fccklicherweise ein bisschen l\u00e4nger schlafen, bevor wir zwei Tage lang den Colca Canyon mit seinen heissen Quellen besuchen und dort hoffentlich ein paar Kondore sehen werden\u2026 Internet in dem Hotel vor Ort unwahrscheinlich, aber nicht ausgeschlossen\u2026 schaun wir mal <img decoding=\"async\" style=\"border-bottom-style: none; border-left-style: none; border-top-style: none; border-right-style: none\" class=\"wlEmoticon wlEmoticon-smile\" alt=\"Smiley\" src=\"https:\/\/volkerontour.de\/wp-content\/uploads\/2012\/08\/wlEmoticon-smile14.png\"><\/p>\n<p>Gute Nacht!<\/p>\n","protected":false},"excerpt":{"rendered":"<p>Dienstag, 14.08.: Soooooo, am heutigen Morgen verliessen wir Cusco endg\u00fcltig Richtung Arequipa\u2026 wie gestern schon geschrieben w\u00e4re ich sicherlich gerne einen Tag l\u00e4nger in Cusco geblieben um noch ein bisschen mehr von der Stadt zu sehen, aber nun ja\u2026 die &hellip; <a href=\"https:\/\/volkerontour.de\/?p=1206\">Weiterlesen <span class=\"meta-nav\">&rarr;<\/span><\/a><\/p>\n","protected":false},"author":3,"featured_media":0,"comment_status":"closed","ping_status":"open","sticky":false,"template":"","format":"standard","meta":{"footnotes":""},"categories":[1],"tags":[],"class_list":["post-1206","post","type-post","status-publish","format-standard","hentry","category-uncategorized"],"_links":{"self":[{"href":"https:\/\/volkerontour.de\/index.php?rest_route=\/wp\/v2\/posts\/1206","targetHints":{"allow":["GET"]}}],"collection":[{"href":"https:\/\/volkerontour.de\/index.php?rest_route=\/wp\/v2\/posts"}],"about":[{"href":"https:\/\/volkerontour.de\/index.php?rest_route=\/wp\/v2\/types\/post"}],"author":[{"embeddable":true,"href":"https:\/\/volkerontour.de\/index.php?rest_route=\/wp\/v2\/users\/3"}],"replies":[{"embeddable":true,"href":"https:\/\/volkerontour.de\/index.php?rest_route=%2Fwp%2Fv2%2Fcomments&post=1206"}],"version-history":[{"count":0,"href":"https:\/\/volkerontour.de\/index.php?rest_route=\/wp\/v2\/posts\/1206\/revisions"}],"wp:attachment":[{"href":"https:\/\/volkerontour.de\/index.php?rest_route=%2Fwp%2Fv2%2Fmedia&parent=1206"}],"wp:term":[{"taxonomy":"category","embeddable":true,"href":"https:\/\/volkerontour.de\/index.php?rest_route=%2Fwp%2Fv2%2Fcategories&post=1206"},{"taxonomy":"post_tag","embeddable":true,"href":"https:\/\/volkerontour.de\/index.php?rest_route=%2Fwp%2Fv2%2Ftags&post=1206"}],"curies":[{"name":"wp","href":"https:\/\/api.w.org\/{rel}","templated":true}]}}