{"id":12070,"date":"2015-08-13T17:00:20","date_gmt":"2015-08-13T17:00:20","guid":{"rendered":"http:\/\/volkerontour.de\/?p=12070"},"modified":"2015-08-13T17:00:20","modified_gmt":"2015-08-13T17:00:20","slug":"tag-12-gaaaaaanz-gechillt","status":"publish","type":"post","link":"https:\/\/volkerontour.de\/?p=12070","title":{"rendered":"Tag 12: gaaaaaanz gechillt :-)"},"content":{"rendered":"<p>Donnerstag, 13.08.: Bester Laune waren die beiden Bewohner der Reethi Villa 162 heute morgen, als sie zur Kenntnis nahmen, dass sich alle Regenwolken des Vortages verzogen hatten und die Sonne wieder schien\u2026 Die Temperaturen sind \u00fcbrigens hier das ganze Jahr ziemlich konstant und schwanken kaum. Tags\u00fcber sind im Schnitt ganzj\u00e4hrlich zwischen 31 und 33 Grad, nachts k\u00fchlt es sich nur wenig ab, bis auf etwa 25-27 Grad. Also braucht man auch abends oder nachts allenfalls ein d\u00fcnnes J\u00e4ckchen zum dr\u00fcberziehen. Auf jeden Fall sind meine drei langen Hosen bisher nicht zum Einsatz gekommen, und ich gehe mal stark davon aus, dass ich fr\u00fchestens zur Abreise wieder eine ben\u00f6tige.<\/p>\n<p><a href=\"https:\/\/volkerontour.de\/wp-content\/uploads\/2015\/08\/IMG_4732.jpg\"><img loading=\"lazy\" decoding=\"async\" title=\"IMG_4732\" style=\"border-left-width: 0px; border-right-width: 0px; background-image: none; border-bottom-width: 0px; padding-top: 0px; padding-left: 0px; display: inline; padding-right: 0px; border-top-width: 0px\" border=\"0\" alt=\"IMG_4732\" src=\"https:\/\/volkerontour.de\/wp-content\/uploads\/2015\/08\/IMG_4732_thumb.jpg\" width=\"244\" height=\"184\"><\/a>&nbsp;<a href=\"https:\/\/volkerontour.de\/wp-content\/uploads\/2015\/08\/IMG_4731.jpg\"><img loading=\"lazy\" decoding=\"async\" title=\"IMG_4731\" style=\"border-left-width: 0px; border-right-width: 0px; background-image: none; border-bottom-width: 0px; padding-top: 0px; padding-left: 0px; display: inline; padding-right: 0px; border-top-width: 0px\" border=\"0\" alt=\"IMG_4731\" src=\"https:\/\/volkerontour.de\/wp-content\/uploads\/2015\/08\/IMG_4731_thumb.jpg\" width=\"244\" height=\"184\"><\/a><\/p>\n<p>\u00c4hnlich verh\u00e4lt es sich mit den Schuhen. Au\u00dfer meinen beiden Paar Flip Flops und meinen Laufschuhen habe ich hier noch keines meiner insgesamt sechs paar Schuhe ben\u00f6tigt. Grunds\u00e4tzlich kann man hier so gut wie alles (au\u00dfer den Sportkomplex) ohne Schuhe machen (auch das Abendessen), ist ja auch eine Barfussinsel hier <img decoding=\"async\" class=\"wlEmoticon wlEmoticon-smile\" style=\"border-top-style: none; border-bottom-style: none; border-right-style: none; border-left-style: none\" alt=\"Smiley\" src=\"https:\/\/volkerontour.de\/wp-content\/uploads\/2015\/08\/wlEmoticon-smile11.png\"><\/p>\n<p>Unsere Tagesplanung war schnell gemacht. Nach einem Mittwoch ohne Sonne hiess es nat\u00fcrlich heute: Ab zum Strand <img decoding=\"async\" class=\"wlEmoticon wlEmoticon-smile\" style=\"border-top-style: none; border-bottom-style: none; border-right-style: none; border-left-style: none\" alt=\"Smiley\" src=\"https:\/\/volkerontour.de\/wp-content\/uploads\/2015\/08\/wlEmoticon-smile11.png\"><\/p>\n<p><a href=\"https:\/\/volkerontour.de\/wp-content\/uploads\/2015\/08\/IMG_4728.jpg\"><img loading=\"lazy\" decoding=\"async\" title=\"IMG_4728\" style=\"border-left-width: 0px; border-right-width: 0px; background-image: none; border-bottom-width: 0px; padding-top: 0px; padding-left: 0px; display: inline; padding-right: 0px; border-top-width: 0px\" border=\"0\" alt=\"IMG_4728\" src=\"https:\/\/volkerontour.de\/wp-content\/uploads\/2015\/08\/IMG_4728_thumb.jpg\" width=\"244\" height=\"184\"><\/a>&nbsp;<a href=\"https:\/\/volkerontour.de\/wp-content\/uploads\/2015\/08\/IMG_4729.jpg\"><img loading=\"lazy\" decoding=\"async\" title=\"IMG_4729\" style=\"border-left-width: 0px; border-right-width: 0px; background-image: none; border-bottom-width: 0px; padding-top: 0px; padding-left: 0px; display: inline; padding-right: 0px; border-top-width: 0px\" border=\"0\" alt=\"IMG_4729\" src=\"https:\/\/volkerontour.de\/wp-content\/uploads\/2015\/08\/IMG_4729_thumb.jpg\" width=\"244\" height=\"184\"><\/a><\/p>\n<p>Eine kleine \u201cSonnenpause\u201d machten wir gegen Mittag an der Poolbar\u2026<\/p>\n<p><a href=\"https:\/\/volkerontour.de\/wp-content\/uploads\/2015\/08\/IMG_4733.jpg\"><img loading=\"lazy\" decoding=\"async\" title=\"IMG_4733\" style=\"border-left-width: 0px; border-right-width: 0px; background-image: none; border-bottom-width: 0px; padding-top: 0px; padding-left: 0px; display: inline; padding-right: 0px; border-top-width: 0px\" border=\"0\" alt=\"IMG_4733\" src=\"https:\/\/volkerontour.de\/wp-content\/uploads\/2015\/08\/IMG_4733_thumb.jpg\" width=\"244\" height=\"184\"><\/a><\/p>\n<p>\u2026mit einem Milchshake plus Eiscreme <img decoding=\"async\" class=\"wlEmoticon wlEmoticon-smile\" style=\"border-top-style: none; border-bottom-style: none; border-right-style: none; border-left-style: none\" alt=\"Smiley\" src=\"https:\/\/volkerontour.de\/wp-content\/uploads\/2015\/08\/wlEmoticon-smile11.png\"><\/p>\n<p><a href=\"https:\/\/volkerontour.de\/wp-content\/uploads\/2015\/08\/IMG_4734.jpg\"><img loading=\"lazy\" decoding=\"async\" title=\"IMG_4734\" style=\"border-left-width: 0px; border-right-width: 0px; background-image: none; border-bottom-width: 0px; padding-top: 0px; padding-left: 0px; display: inline; padding-right: 0px; border-top-width: 0px\" border=\"0\" alt=\"IMG_4734\" src=\"https:\/\/volkerontour.de\/wp-content\/uploads\/2015\/08\/IMG_4734_thumb.jpg\" width=\"244\" height=\"184\"><\/a>&nbsp;<a href=\"https:\/\/volkerontour.de\/wp-content\/uploads\/2015\/08\/IMG_4735.jpg\"><img loading=\"lazy\" decoding=\"async\" title=\"IMG_4735\" style=\"border-left-width: 0px; border-right-width: 0px; background-image: none; border-bottom-width: 0px; padding-top: 0px; padding-left: 0px; display: inline; padding-right: 0px; border-top-width: 0px\" border=\"0\" alt=\"IMG_4735\" src=\"https:\/\/volkerontour.de\/wp-content\/uploads\/2015\/08\/IMG_4735_thumb.jpg\" width=\"244\" height=\"184\"><\/a><\/p>\n<p>Bei ordentlichem Wellengang und mittelm\u00e4ssiger Sicht versuchten wir uns am sp\u00e4ten Nachmittag nochmal mit dem Schnorcheln\u2026 wie ihr ja wisst kann ich leider seit ein paar Tagen nicht mehr mit Unterwasserbildern dienen <img decoding=\"async\" class=\"wlEmoticon wlEmoticon-sadsmile\" style=\"border-top-style: none; border-bottom-style: none; border-right-style: none; border-left-style: none\" alt=\"Trauriges Smiley\" src=\"https:\/\/volkerontour.de\/wp-content\/uploads\/2015\/08\/wlEmoticon-sadsmile4.png\"><\/p>\n<p><a href=\"https:\/\/volkerontour.de\/wp-content\/uploads\/2015\/08\/IMG_4737.jpg\"><img loading=\"lazy\" decoding=\"async\" title=\"IMG_4737\" style=\"border-left-width: 0px; border-right-width: 0px; background-image: none; border-bottom-width: 0px; padding-top: 0px; padding-left: 0px; display: inline; padding-right: 0px; border-top-width: 0px\" border=\"0\" alt=\"IMG_4737\" src=\"https:\/\/volkerontour.de\/wp-content\/uploads\/2015\/08\/IMG_4737_thumb.jpg\" width=\"244\" height=\"184\"><\/a>&nbsp;<a href=\"https:\/\/volkerontour.de\/wp-content\/uploads\/2015\/08\/IMG_4736.jpg\"><img loading=\"lazy\" decoding=\"async\" title=\"IMG_4736\" style=\"border-left-width: 0px; border-right-width: 0px; background-image: none; border-bottom-width: 0px; padding-top: 0px; padding-left: 0px; display: inline; padding-right: 0px; border-top-width: 0px\" border=\"0\" alt=\"IMG_4736\" src=\"https:\/\/volkerontour.de\/wp-content\/uploads\/2015\/08\/IMG_4736_thumb.jpg\" width=\"244\" height=\"184\"><\/a><\/p>\n<p><a href=\"https:\/\/volkerontour.de\/wp-content\/uploads\/2015\/08\/IMG_4739.jpg\"><img loading=\"lazy\" decoding=\"async\" title=\"IMG_4739\" style=\"border-left-width: 0px; border-right-width: 0px; background-image: none; border-bottom-width: 0px; padding-top: 0px; padding-left: 0px; display: inline; padding-right: 0px; border-top-width: 0px\" border=\"0\" alt=\"IMG_4739\" src=\"https:\/\/volkerontour.de\/wp-content\/uploads\/2015\/08\/IMG_4739_thumb.jpg\" width=\"244\" height=\"184\"><\/a>&nbsp;<a href=\"https:\/\/volkerontour.de\/wp-content\/uploads\/2015\/08\/IMG_4740.jpg\"><img loading=\"lazy\" decoding=\"async\" title=\"IMG_4740\" style=\"border-left-width: 0px; border-right-width: 0px; background-image: none; border-bottom-width: 0px; padding-top: 0px; padding-left: 0px; display: inline; padding-right: 0px; border-top-width: 0px\" border=\"0\" alt=\"IMG_4740\" src=\"https:\/\/volkerontour.de\/wp-content\/uploads\/2015\/08\/IMG_4740_thumb.jpg\" width=\"244\" height=\"184\"><\/a><\/p>\n<p>Bei dem Wetter konnte ich nat\u00fcrlich meine Schlinge an ihrem gewohnten Platz positionieren und gegen Abend ein bissl trainieren. Einen interessierten Beobachter hatte ich auch (siehe unten), der meine komplette Trainingszeit neben mir im Sand aufmerksam zuschaute. Bei meinem Versuch sich f\u00fcr das Training morgen wieder zu verabreden ergriff er allerdings dann die Flucht <img decoding=\"async\" class=\"wlEmoticon wlEmoticon-winkingsmile\" style=\"border-top-style: none; border-bottom-style: none; border-right-style: none; border-left-style: none\" alt=\"Zwinkerndes Smiley\" src=\"https:\/\/volkerontour.de\/wp-content\/uploads\/2015\/08\/wlEmoticon-winkingsmile9.png\"><\/p>\n<p><a href=\"https:\/\/volkerontour.de\/wp-content\/uploads\/2015\/08\/IMG_4745.jpg\"><img loading=\"lazy\" decoding=\"async\" title=\"IMG_4745\" style=\"border-left-width: 0px; border-right-width: 0px; background-image: none; border-bottom-width: 0px; padding-top: 0px; padding-left: 0px; display: inline; padding-right: 0px; border-top-width: 0px\" border=\"0\" alt=\"IMG_4745\" src=\"https:\/\/volkerontour.de\/wp-content\/uploads\/2015\/08\/IMG_4745_thumb.jpg\" width=\"244\" height=\"184\"><\/a>&nbsp;<a href=\"https:\/\/volkerontour.de\/wp-content\/uploads\/2015\/08\/IMG_4744.jpg\"><img loading=\"lazy\" decoding=\"async\" title=\"IMG_4744\" style=\"border-left-width: 0px; border-right-width: 0px; background-image: none; border-bottom-width: 0px; padding-top: 0px; padding-left: 0px; display: inline; padding-right: 0px; border-top-width: 0px\" border=\"0\" alt=\"IMG_4744\" src=\"https:\/\/volkerontour.de\/wp-content\/uploads\/2015\/08\/IMG_4744_thumb.jpg\" width=\"244\" height=\"184\"><\/a><\/p>\n<p>Bis zum Sonnenuntergang blieben wir dann noch am Strand\u2026<\/p>\n<p><a href=\"https:\/\/volkerontour.de\/wp-content\/uploads\/2015\/08\/IMG_4764.jpg\"><img loading=\"lazy\" decoding=\"async\" title=\"IMG_4764\" style=\"border-left-width: 0px; border-right-width: 0px; background-image: none; border-bottom-width: 0px; padding-top: 0px; padding-left: 0px; display: inline; padding-right: 0px; border-top-width: 0px\" border=\"0\" alt=\"IMG_4764\" src=\"https:\/\/volkerontour.de\/wp-content\/uploads\/2015\/08\/IMG_4764_thumb.jpg\" width=\"244\" height=\"184\"><\/a>&nbsp;<a href=\"https:\/\/volkerontour.de\/wp-content\/uploads\/2015\/08\/IMG_4774.jpg\"><img loading=\"lazy\" decoding=\"async\" title=\"IMG_4774\" style=\"border-left-width: 0px; border-right-width: 0px; background-image: none; border-bottom-width: 0px; padding-top: 0px; padding-left: 0px; display: inline; padding-right: 0px; border-top-width: 0px\" border=\"0\" alt=\"IMG_4774\" src=\"https:\/\/volkerontour.de\/wp-content\/uploads\/2015\/08\/IMG_4774_thumb.jpg\" width=\"244\" height=\"184\"><\/a><\/p>\n<p>\u2026bevor wir zur italienischen Nacht im Restaurant aufschlugen\u2026 Vor allem das Dessert war mal wieder vom Allerfeinsten <img decoding=\"async\" class=\"wlEmoticon wlEmoticon-smile\" style=\"border-top-style: none; border-bottom-style: none; border-right-style: none; border-left-style: none\" alt=\"Smiley\" src=\"https:\/\/volkerontour.de\/wp-content\/uploads\/2015\/08\/wlEmoticon-smile11.png\"><\/p>\n<p><a href=\"https:\/\/volkerontour.de\/wp-content\/uploads\/2015\/08\/IMG_4776.jpg\"><img loading=\"lazy\" decoding=\"async\" title=\"IMG_4776\" style=\"border-left-width: 0px; border-right-width: 0px; background-image: none; border-bottom-width: 0px; padding-top: 0px; padding-left: 0px; display: inline; padding-right: 0px; border-top-width: 0px\" border=\"0\" alt=\"IMG_4776\" src=\"https:\/\/volkerontour.de\/wp-content\/uploads\/2015\/08\/IMG_4776_thumb.jpg\" width=\"244\" height=\"184\"><\/a>&nbsp;<a href=\"https:\/\/volkerontour.de\/wp-content\/uploads\/2015\/08\/IMG_4779.jpg\"><img loading=\"lazy\" decoding=\"async\" title=\"IMG_4779\" style=\"border-left-width: 0px; border-right-width: 0px; background-image: none; border-bottom-width: 0px; padding-top: 0px; padding-left: 0px; display: inline; padding-right: 0px; border-top-width: 0px\" border=\"0\" alt=\"IMG_4779\" src=\"https:\/\/volkerontour.de\/wp-content\/uploads\/2015\/08\/IMG_4779_thumb.jpg\" width=\"244\" height=\"184\"><\/a><\/p>\n<p>Aber alles kein Problem\u2026 wir machen morgen wieder n kleinen Strandlauf, dann sind die Tiramisus, Pana Cottas, Zabagliones und Puddings gleich wieder weg <img decoding=\"async\" class=\"wlEmoticon wlEmoticon-winkingsmile\" style=\"border-top-style: none; border-bottom-style: none; border-right-style: none; border-left-style: none\" alt=\"Zwinkerndes Smiley\" src=\"https:\/\/volkerontour.de\/wp-content\/uploads\/2015\/08\/wlEmoticon-winkingsmile9.png\"><\/p>\n<p>Guten Nacht und Gr\u00fcssle <img decoding=\"async\" class=\"wlEmoticon wlEmoticon-smile\" style=\"border-top-style: none; border-bottom-style: none; border-right-style: none; border-left-style: none\" alt=\"Smiley\" src=\"https:\/\/volkerontour.de\/wp-content\/uploads\/2015\/08\/wlEmoticon-smile11.png\"><\/p>\n","protected":false},"excerpt":{"rendered":"<p>Donnerstag, 13.08.: Bester Laune waren die beiden Bewohner der Reethi Villa 162 heute morgen, als sie zur Kenntnis nahmen, dass sich alle Regenwolken des Vortages verzogen hatten und die Sonne wieder schien\u2026 Die Temperaturen sind \u00fcbrigens hier das ganze Jahr &hellip; <a href=\"https:\/\/volkerontour.de\/?p=12070\">Weiterlesen <span class=\"meta-nav\">&rarr;<\/span><\/a><\/p>\n","protected":false},"author":3,"featured_media":0,"comment_status":"closed","ping_status":"open","sticky":false,"template":"","format":"standard","meta":{"footnotes":""},"categories":[13],"tags":[],"class_list":["post-12070","post","type-post","status-publish","format-standard","hentry","category-malediven-2015"],"_links":{"self":[{"href":"https:\/\/volkerontour.de\/index.php?rest_route=\/wp\/v2\/posts\/12070","targetHints":{"allow":["GET"]}}],"collection":[{"href":"https:\/\/volkerontour.de\/index.php?rest_route=\/wp\/v2\/posts"}],"about":[{"href":"https:\/\/volkerontour.de\/index.php?rest_route=\/wp\/v2\/types\/post"}],"author":[{"embeddable":true,"href":"https:\/\/volkerontour.de\/index.php?rest_route=\/wp\/v2\/users\/3"}],"replies":[{"embeddable":true,"href":"https:\/\/volkerontour.de\/index.php?rest_route=%2Fwp%2Fv2%2Fcomments&post=12070"}],"version-history":[{"count":1,"href":"https:\/\/volkerontour.de\/index.php?rest_route=\/wp\/v2\/posts\/12070\/revisions"}],"predecessor-version":[{"id":12071,"href":"https:\/\/volkerontour.de\/index.php?rest_route=\/wp\/v2\/posts\/12070\/revisions\/12071"}],"wp:attachment":[{"href":"https:\/\/volkerontour.de\/index.php?rest_route=%2Fwp%2Fv2%2Fmedia&parent=12070"}],"wp:term":[{"taxonomy":"category","embeddable":true,"href":"https:\/\/volkerontour.de\/index.php?rest_route=%2Fwp%2Fv2%2Fcategories&post=12070"},{"taxonomy":"post_tag","embeddable":true,"href":"https:\/\/volkerontour.de\/index.php?rest_route=%2Fwp%2Fv2%2Ftags&post=12070"}],"curies":[{"name":"wp","href":"https:\/\/api.w.org\/{rel}","templated":true}]}}