{"id":12183,"date":"2015-08-16T19:26:37","date_gmt":"2015-08-16T19:26:37","guid":{"rendered":"http:\/\/volkerontour.de\/?p=12183"},"modified":"2015-08-16T19:26:37","modified_gmt":"2015-08-16T19:26:37","slug":"tag-15-abschied-vom-reethi","status":"publish","type":"post","link":"https:\/\/volkerontour.de\/?p=12183","title":{"rendered":"Tag 15: Abschied vom Reethi :-("},"content":{"rendered":"<p>Sonntag, 16.08.: Ganz fr\u00fch klingelte heute Morgen unser Wecker, denn leider war der Tag unserer Abreise schon gekommen\u2026 fast schafften wir es sogar noch den Sonnenaufgang mitzubekommen\u2026<\/p>\n<p><a href=\"https:\/\/volkerontour.de\/wp-content\/uploads\/2015\/08\/IMG_4852.jpg\"><img loading=\"lazy\" decoding=\"async\" title=\"IMG_4852\" style=\"border-left-width: 0px; border-right-width: 0px; background-image: none; border-bottom-width: 0px; padding-top: 0px; padding-left: 0px; display: inline; padding-right: 0px; border-top-width: 0px\" border=\"0\" alt=\"IMG_4852\" src=\"https:\/\/volkerontour.de\/wp-content\/uploads\/2015\/08\/IMG_4852_thumb.jpg\" width=\"244\" height=\"184\"><\/a>&nbsp;<a href=\"https:\/\/volkerontour.de\/wp-content\/uploads\/2015\/08\/IMG_4853.jpg\"><img loading=\"lazy\" decoding=\"async\" title=\"IMG_4853\" style=\"border-left-width: 0px; border-right-width: 0px; background-image: none; border-bottom-width: 0px; padding-top: 0px; padding-left: 0px; display: inline; padding-right: 0px; border-top-width: 0px\" border=\"0\" alt=\"IMG_4853\" src=\"https:\/\/volkerontour.de\/wp-content\/uploads\/2015\/08\/IMG_4853_thumb.jpg\" width=\"244\" height=\"184\"><\/a><\/p>\n<p>Nach einem schnellen Fr\u00fchst\u00fcck und letzten Bildern\u2026<\/p>\n<p><a href=\"https:\/\/volkerontour.de\/wp-content\/uploads\/2015\/08\/IMG_4854.jpg\"><img loading=\"lazy\" decoding=\"async\" title=\"IMG_4854\" style=\"border-left-width: 0px; border-right-width: 0px; background-image: none; border-bottom-width: 0px; padding-top: 0px; padding-left: 0px; display: inline; padding-right: 0px; border-top-width: 0px\" border=\"0\" alt=\"IMG_4854\" src=\"https:\/\/volkerontour.de\/wp-content\/uploads\/2015\/08\/IMG_4854_thumb.jpg\" width=\"244\" height=\"184\"><\/a>&nbsp;<a href=\"https:\/\/volkerontour.de\/wp-content\/uploads\/2015\/08\/IMG_4855.jpg\"><img loading=\"lazy\" decoding=\"async\" title=\"IMG_4855\" style=\"border-left-width: 0px; border-right-width: 0px; background-image: none; border-bottom-width: 0px; padding-top: 0px; padding-left: 0px; display: inline; padding-right: 0px; border-top-width: 0px\" border=\"0\" alt=\"IMG_4855\" src=\"https:\/\/volkerontour.de\/wp-content\/uploads\/2015\/08\/IMG_4855_thumb.jpg\" width=\"244\" height=\"184\"><\/a><\/p>\n<p>\u2026ging es dann schon los mit dem Wasserflugzeug Richtung Male, von wo wir dann wieder einen Direktflug nach Frankfurt haben sollten.<\/p>\n<p><a href=\"https:\/\/volkerontour.de\/wp-content\/uploads\/2015\/08\/IMG_4857.jpg\"><img loading=\"lazy\" decoding=\"async\" title=\"IMG_4857\" style=\"border-left-width: 0px; border-right-width: 0px; background-image: none; border-bottom-width: 0px; padding-top: 0px; padding-left: 0px; display: inline; padding-right: 0px; border-top-width: 0px\" border=\"0\" alt=\"IMG_4857\" src=\"https:\/\/volkerontour.de\/wp-content\/uploads\/2015\/08\/IMG_4857_thumb.jpg\" width=\"244\" height=\"184\"><\/a>&nbsp;<a href=\"https:\/\/volkerontour.de\/wp-content\/uploads\/2015\/08\/IMG_4856.jpg\"><img loading=\"lazy\" decoding=\"async\" title=\"IMG_4856\" style=\"border-left-width: 0px; border-right-width: 0px; background-image: none; border-bottom-width: 0px; padding-top: 0px; padding-left: 0px; display: inline; padding-right: 0px; border-top-width: 0px\" border=\"0\" alt=\"IMG_4856\" src=\"https:\/\/volkerontour.de\/wp-content\/uploads\/2015\/08\/IMG_4856_thumb.jpg\" width=\"244\" height=\"184\"><\/a><\/p>\n<p>Unser Kapit\u00e4n hatte alles im Griff und steuerte unsere Maschine ganz entspannt in Shorts und Flip Flops <img decoding=\"async\" class=\"wlEmoticon wlEmoticon-smile\" style=\"border-top-style: none; border-bottom-style: none; border-right-style: none; border-left-style: none\" alt=\"Smiley\" src=\"https:\/\/volkerontour.de\/wp-content\/uploads\/2015\/08\/wlEmoticon-smile14.png\"><\/p>\n<p><a href=\"https:\/\/volkerontour.de\/wp-content\/uploads\/2015\/08\/IMG_4858.jpg\"><img loading=\"lazy\" decoding=\"async\" title=\"IMG_4858\" style=\"border-left-width: 0px; border-right-width: 0px; background-image: none; border-bottom-width: 0px; padding-top: 0px; padding-left: 0px; display: inline; padding-right: 0px; border-top-width: 0px\" border=\"0\" alt=\"IMG_4858\" src=\"https:\/\/volkerontour.de\/wp-content\/uploads\/2015\/08\/IMG_4858_thumb.jpg\" width=\"184\" height=\"244\"><\/a>&nbsp;<a href=\"https:\/\/volkerontour.de\/wp-content\/uploads\/2015\/08\/IMG_4860.jpg\"><img loading=\"lazy\" decoding=\"async\" title=\"IMG_4860\" style=\"border-left-width: 0px; border-right-width: 0px; background-image: none; border-bottom-width: 0px; padding-top: 0px; padding-left: 0px; display: inline; padding-right: 0px; border-top-width: 0px\" border=\"0\" alt=\"IMG_4860\" src=\"https:\/\/volkerontour.de\/wp-content\/uploads\/2015\/08\/IMG_4860_thumb.jpg\" width=\"184\" height=\"244\"><\/a><\/p>\n<p>Nat\u00fcrlich gab es auch heute wieder einen sch\u00f6nen Blick auf sch\u00f6ne Riffe und Hotelanlagen.<\/p>\n<p><a href=\"https:\/\/volkerontour.de\/wp-content\/uploads\/2015\/08\/IMG_4861.jpg\"><img loading=\"lazy\" decoding=\"async\" title=\"IMG_4861\" style=\"border-left-width: 0px; border-right-width: 0px; background-image: none; border-bottom-width: 0px; padding-top: 0px; padding-left: 0px; display: inline; padding-right: 0px; border-top-width: 0px\" border=\"0\" alt=\"IMG_4861\" src=\"https:\/\/volkerontour.de\/wp-content\/uploads\/2015\/08\/IMG_4861_thumb.jpg\" width=\"244\" height=\"184\"><\/a>&nbsp;<a href=\"https:\/\/volkerontour.de\/wp-content\/uploads\/2015\/08\/IMG_4870.jpg\"><img loading=\"lazy\" decoding=\"async\" title=\"IMG_4870\" style=\"border-left-width: 0px; border-right-width: 0px; background-image: none; border-bottom-width: 0px; padding-top: 0px; padding-left: 0px; display: inline; padding-right: 0px; border-top-width: 0px\" border=\"0\" alt=\"IMG_4870\" src=\"https:\/\/volkerontour.de\/wp-content\/uploads\/2015\/08\/IMG_4870_thumb.jpg\" width=\"244\" height=\"184\"><\/a><\/p>\n<p><a href=\"https:\/\/volkerontour.de\/wp-content\/uploads\/2015\/08\/IMG_4867.jpg\"><img loading=\"lazy\" decoding=\"async\" title=\"IMG_4867\" style=\"border-left-width: 0px; border-right-width: 0px; background-image: none; border-bottom-width: 0px; padding-top: 0px; padding-left: 0px; display: inline; padding-right: 0px; border-top-width: 0px\" border=\"0\" alt=\"IMG_4867\" src=\"https:\/\/volkerontour.de\/wp-content\/uploads\/2015\/08\/IMG_4867_thumb.jpg\" width=\"184\" height=\"244\"><\/a>&nbsp;<a href=\"https:\/\/volkerontour.de\/wp-content\/uploads\/2015\/08\/IMG_4875.jpg\"><img loading=\"lazy\" decoding=\"async\" title=\"IMG_4875\" style=\"border-left-width: 0px; border-right-width: 0px; background-image: none; border-bottom-width: 0px; padding-top: 0px; padding-left: 0px; display: inline; padding-right: 0px; border-top-width: 0px\" border=\"0\" alt=\"IMG_4875\" src=\"https:\/\/volkerontour.de\/wp-content\/uploads\/2015\/08\/IMG_4875_thumb.jpg\" width=\"244\" height=\"184\"><\/a><\/p>\n<p>Nach einer guten halben Stunde Flug waren wir in Male angekommen wo es dann recht z\u00fcgig weiterging in die ein wenig gr\u00f6ssere Boing 767. Wir haben also gerade eben die Malediven hinter uns gelassen und befinden uns nun irgendwo zwischen Male und Frankfurt in 10000m H\u00f6he <img decoding=\"async\" class=\"wlEmoticon wlEmoticon-smile\" style=\"border-top-style: none; border-bottom-style: none; border-right-style: none; border-left-style: none\" alt=\"Smiley\" src=\"https:\/\/volkerontour.de\/wp-content\/uploads\/2015\/08\/wlEmoticon-smile14.png\"><\/p>\n<p><a href=\"https:\/\/volkerontour.de\/wp-content\/uploads\/2015\/08\/IMG_4879.jpg\"><img loading=\"lazy\" decoding=\"async\" title=\"IMG_4879\" style=\"border-left-width: 0px; border-right-width: 0px; background-image: none; border-bottom-width: 0px; padding-top: 0px; padding-left: 0px; display: inline; padding-right: 0px; border-top-width: 0px\" border=\"0\" alt=\"IMG_4879\" src=\"https:\/\/volkerontour.de\/wp-content\/uploads\/2015\/08\/IMG_4879_thumb.jpg\" width=\"244\" height=\"184\"><\/a>&nbsp;<a href=\"https:\/\/volkerontour.de\/wp-content\/uploads\/2015\/08\/IMG_4880.jpg\"><img loading=\"lazy\" decoding=\"async\" title=\"IMG_4880\" style=\"border-left-width: 0px; border-right-width: 0px; background-image: none; border-bottom-width: 0px; padding-top: 0px; padding-left: 0px; display: inline; padding-right: 0px; border-top-width: 0px\" border=\"0\" alt=\"IMG_4880\" src=\"https:\/\/volkerontour.de\/wp-content\/uploads\/2015\/08\/IMG_4880_thumb.jpg\" width=\"244\" height=\"184\"><\/a><\/p>\n<p>Damit n\u00e4hert sich also unser kleiner \u201cAusflug\u201d auch schon dem Ende <img decoding=\"async\" class=\"wlEmoticon wlEmoticon-sadsmile\" style=\"border-top-style: none; border-bottom-style: none; border-right-style: none; border-left-style: none\" alt=\"Trauriges Smiley\" src=\"https:\/\/volkerontour.de\/wp-content\/uploads\/2015\/08\/wlEmoticon-sadsmile7.png\"><\/p>\n<p><a href=\"https:\/\/volkerontour.de\/wp-content\/uploads\/2015\/08\/IMG_4878.jpg\"><img loading=\"lazy\" decoding=\"async\" title=\"IMG_4878\" style=\"border-left-width: 0px; border-right-width: 0px; background-image: none; border-bottom-width: 0px; padding-top: 0px; padding-left: 0px; display: inline; padding-right: 0px; border-top-width: 0px\" border=\"0\" alt=\"IMG_4878\" src=\"https:\/\/volkerontour.de\/wp-content\/uploads\/2015\/08\/IMG_4878_thumb.jpg\" width=\"244\" height=\"184\"><\/a><\/p>\n<p>Letzte Gr\u00fcsse von Sindy und dem Bloginhaber Volker <img decoding=\"async\" class=\"wlEmoticon wlEmoticon-smile\" style=\"border-top-style: none; border-bottom-style: none; border-right-style: none; border-left-style: none\" alt=\"Smiley\" src=\"https:\/\/volkerontour.de\/wp-content\/uploads\/2015\/08\/wlEmoticon-smile14.png\"><\/p>\n","protected":false},"excerpt":{"rendered":"<p>Sonntag, 16.08.: Ganz fr\u00fch klingelte heute Morgen unser Wecker, denn leider war der Tag unserer Abreise schon gekommen\u2026 fast schafften wir es sogar noch den Sonnenaufgang mitzubekommen\u2026 &nbsp; Nach einem schnellen Fr\u00fchst\u00fcck und letzten Bildern\u2026 &nbsp; \u2026ging es dann schon &hellip; <a href=\"https:\/\/volkerontour.de\/?p=12183\">Weiterlesen <span class=\"meta-nav\">&rarr;<\/span><\/a><\/p>\n","protected":false},"author":3,"featured_media":0,"comment_status":"closed","ping_status":"open","sticky":false,"template":"","format":"standard","meta":{"footnotes":""},"categories":[13],"tags":[],"class_list":["post-12183","post","type-post","status-publish","format-standard","hentry","category-malediven-2015"],"_links":{"self":[{"href":"https:\/\/volkerontour.de\/index.php?rest_route=\/wp\/v2\/posts\/12183","targetHints":{"allow":["GET"]}}],"collection":[{"href":"https:\/\/volkerontour.de\/index.php?rest_route=\/wp\/v2\/posts"}],"about":[{"href":"https:\/\/volkerontour.de\/index.php?rest_route=\/wp\/v2\/types\/post"}],"author":[{"embeddable":true,"href":"https:\/\/volkerontour.de\/index.php?rest_route=\/wp\/v2\/users\/3"}],"replies":[{"embeddable":true,"href":"https:\/\/volkerontour.de\/index.php?rest_route=%2Fwp%2Fv2%2Fcomments&post=12183"}],"version-history":[{"count":1,"href":"https:\/\/volkerontour.de\/index.php?rest_route=\/wp\/v2\/posts\/12183\/revisions"}],"predecessor-version":[{"id":12184,"href":"https:\/\/volkerontour.de\/index.php?rest_route=\/wp\/v2\/posts\/12183\/revisions\/12184"}],"wp:attachment":[{"href":"https:\/\/volkerontour.de\/index.php?rest_route=%2Fwp%2Fv2%2Fmedia&parent=12183"}],"wp:term":[{"taxonomy":"category","embeddable":true,"href":"https:\/\/volkerontour.de\/index.php?rest_route=%2Fwp%2Fv2%2Fcategories&post=12183"},{"taxonomy":"post_tag","embeddable":true,"href":"https:\/\/volkerontour.de\/index.php?rest_route=%2Fwp%2Fv2%2Ftags&post=12183"}],"curies":[{"name":"wp","href":"https:\/\/api.w.org\/{rel}","templated":true}]}}