{"id":130,"date":"2012-07-25T02:43:09","date_gmt":"2012-07-25T02:43:09","guid":{"rendered":"http:\/\/volkerontour.de\/?p=130"},"modified":"2012-07-25T02:43:09","modified_gmt":"2012-07-25T02:43:09","slug":"tag-3-freizeit-in-sucre-teil-1","status":"publish","type":"post","link":"https:\/\/volkerontour.de\/?p=130","title":{"rendered":"Tag 3: Freizeit in Sucre Teil 1"},"content":{"rendered":"<p>Die Tage drei und vier unserer Tour konnten und k\u00f6nnen wir uns relativ frei einteilen. Es ist kein festes Programm vorgesehen. Diesbez\u00fcglich wurden gestern Abend noch im Touristenzentrum diverse Aktivit\u00e4ten angeboten und gebucht. Da ich unbedingt die 60 Millionen alten Dinosaurierspuren sehen wollte, die ganz in der N\u00e4he zu bestaunen sind, entschied ich dies heute zu tun\u2026<\/p>\n<p>Einige aus der Gruppe hatten heute morgen eine Hiking- oder Mountainbiketour gebucht. Die 11 Personen, die erst gestern zu uns gestossen waren mussten in Sucre bei der Ausl\u00e4nderbeh\u00f6rde auflaufen, da sie (durch eine eigentlich geschlossende Grenze von Brasilien nach Bolivien ins Land gekommen waren) sich aktuell illegal in Bolivien aufhielten\u2026 konnte aber alles gekl\u00e4rt werden\u2026<\/p>\n<p>Ich machte mich also allein auf die Socken und erkundete Sucre. Die Hauptstadt Boliviens liegt mitten in den Anden auf einem Hochplateau in einer H\u00f6he von 2800m. Mit rund 200000 Einwohnern ist die sch\u00f6nste Stadt Boliviens deutlich geringer besiedelt als La Paz.<\/p>\n<p><a href=\"https:\/\/volkerontour.de\/wp-content\/uploads\/2012\/07\/DSC00602.jpg\"><img loading=\"lazy\" decoding=\"async\" style=\"background-image: none; border-right-width: 0px; margin: 0px; padding-left: 0px; padding-right: 0px; display: inline; border-top-width: 0px; border-bottom-width: 0px; border-left-width: 0px; padding-top: 0px\" title=\"DSC00602\" border=\"0\" alt=\"DSC00602\" src=\"https:\/\/volkerontour.de\/wp-content\/uploads\/2012\/07\/DSC00602_thumb.jpg\" width=\"244\" height=\"184\"><\/a>&nbsp;<a href=\"https:\/\/volkerontour.de\/wp-content\/uploads\/2012\/07\/DSC00603.jpg\"><img loading=\"lazy\" decoding=\"async\" style=\"background-image: none; border-right-width: 0px; margin: 0px; padding-left: 0px; padding-right: 0px; display: inline; border-top-width: 0px; border-bottom-width: 0px; border-left-width: 0px; padding-top: 0px\" title=\"DSC00603\" border=\"0\" alt=\"DSC00603\" src=\"https:\/\/volkerontour.de\/wp-content\/uploads\/2012\/07\/DSC00603_thumb.jpg\" width=\"244\" height=\"184\"><\/a><\/p>\n<p><a href=\"https:\/\/volkerontour.de\/wp-content\/uploads\/2012\/07\/DSC00604.jpg\"><img loading=\"lazy\" decoding=\"async\" style=\"background-image: none; border-right-width: 0px; padding-left: 0px; padding-right: 0px; display: inline; border-top-width: 0px; border-bottom-width: 0px; border-left-width: 0px; padding-top: 0px\" title=\"DSC00604\" border=\"0\" alt=\"DSC00604\" src=\"https:\/\/volkerontour.de\/wp-content\/uploads\/2012\/07\/DSC00604_thumb.jpg\" width=\"244\" height=\"184\"><\/a>&nbsp;<a href=\"https:\/\/volkerontour.de\/wp-content\/uploads\/2012\/07\/DSC00605.jpg\"><img loading=\"lazy\" decoding=\"async\" style=\"background-image: none; border-right-width: 0px; padding-left: 0px; padding-right: 0px; display: inline; border-top-width: 0px; border-bottom-width: 0px; border-left-width: 0px; padding-top: 0px\" title=\"DSC00605\" border=\"0\" alt=\"DSC00605\" src=\"https:\/\/volkerontour.de\/wp-content\/uploads\/2012\/07\/DSC00605_thumb.jpg\" width=\"244\" height=\"184\"><\/a><\/p>\n<p>\u00c4hnlich wie La Paz ist Sucre umrahmt von m\u00e4chtigen Andengipfeln. Das Flair der Stadt ist allerdings ganz anders. Die Stadt ist sehr gr\u00fcn, es gibt viele kleine Parks und ruhige Pl\u00e4tze. Fast alle H\u00e4user der Innenstadt sind weiss (oder waren es zumindest mal <img decoding=\"async\" style=\"border-bottom-style: none; border-left-style: none; border-top-style: none; border-right-style: none\" class=\"wlEmoticon wlEmoticon-smile\" alt=\"Smiley\" src=\"https:\/\/volkerontour.de\/wp-content\/uploads\/2012\/07\/wlEmoticon-smile4.png\">). Die Strassen sind eng und viel befahren. Es gibt nur Einbahnstrassen, was das Befahren dieser Stadt f\u00fcr Ausw\u00e4rtige wohl sehr schwer macht\u2026 \u00c4hnlich wie Mannheim ist das Stadtzentrum quadratisch aufgebaut. Die Orientierung ist sehr einfach\u2026 \u00dcberall sieht man Strassenh\u00e4ndler, Schuhputzer oder Kinder, die einem S\u00fcssigkeiten verkaufen wollen\u2026 Die Stadt ist wirklich sehr angenehm. Die Wege sind kurz, man hat \u00fcberall die M\u00f6glichkeit sich mal kurz auf eine Bank im Gr\u00fcnen zu setzen, es gibt viele nette kleine Cafes, Restaurants und Bars und man kann gut shoppen\u2026<\/p>\n<p>Nachmittags traf ich mich dann mit Janine aus der Schweiz um zu den Dinospuren zu fahren\u2026 Sie war inzwischen auch offiziell und legal in Bolivien eingereist <img decoding=\"async\" style=\"border-bottom-style: none; border-left-style: none; border-top-style: none; border-right-style: none\" class=\"wlEmoticon wlEmoticon-smile\" alt=\"Smiley\" src=\"https:\/\/volkerontour.de\/wp-content\/uploads\/2012\/07\/wlEmoticon-smile4.png\"> Mit dem Dinotruck (sah eigentlich aus wie ein ganz normaler, alter Doppelstockbus) waren wir etwa 20 min unterwegs bis wir auf einer Anh\u00f6he ankamen, wo eine Art Dinosaurier Park aufgebaut war\u2026Von oben hatte man eine tolle Sicht auf Sucre und die Anden\u2026<\/p>\n<p><a href=\"https:\/\/volkerontour.de\/wp-content\/uploads\/2012\/07\/DSC00608.jpg\"><img loading=\"lazy\" decoding=\"async\" style=\"background-image: none; border-right-width: 0px; padding-left: 0px; padding-right: 0px; display: inline; border-top-width: 0px; border-bottom-width: 0px; border-left-width: 0px; padding-top: 0px\" title=\"DSC00608\" border=\"0\" alt=\"DSC00608\" src=\"https:\/\/volkerontour.de\/wp-content\/uploads\/2012\/07\/DSC00608_thumb.jpg\" width=\"244\" height=\"184\"><\/a>&nbsp;<a href=\"https:\/\/volkerontour.de\/wp-content\/uploads\/2012\/07\/DSC00615.jpg\"><img loading=\"lazy\" decoding=\"async\" style=\"background-image: none; border-right-width: 0px; padding-left: 0px; padding-right: 0px; display: inline; border-top-width: 0px; border-bottom-width: 0px; border-left-width: 0px; padding-top: 0px\" title=\"DSC00615\" border=\"0\" alt=\"DSC00615\" src=\"https:\/\/volkerontour.de\/wp-content\/uploads\/2012\/07\/DSC00615_thumb.jpg\" width=\"244\" height=\"184\"><\/a><\/p>\n<p>Wir nahmen an einer englischsprachigen F\u00fchrung mit unserem sehr engagierten Guide Juan Carlos teil, wurden aber anfangs direkt entt\u00e4uscht, da man aufgrund von sicherheitstechnischen Gr\u00fcnden nicht wirklich nah an die Spuren (die teilweise 1,50m Durchmesser hatten) randurfte, die auf der gegen\u00fcberliegenden Seite in einer grossen Felswand zu sehen waren\u2026<\/p>\n<p><a href=\"https:\/\/volkerontour.de\/wp-content\/uploads\/2012\/07\/DSC00613.jpg\"><img loading=\"lazy\" decoding=\"async\" style=\"background-image: none; border-right-width: 0px; margin: 0px; padding-left: 0px; padding-right: 0px; display: inline; border-top-width: 0px; border-bottom-width: 0px; border-left-width: 0px; padding-top: 0px\" title=\"DSC00613\" border=\"0\" alt=\"DSC00613\" src=\"https:\/\/volkerontour.de\/wp-content\/uploads\/2012\/07\/DSC00613_thumb.jpg\" width=\"244\" height=\"184\"><\/a>&nbsp;<a href=\"https:\/\/volkerontour.de\/wp-content\/uploads\/2012\/07\/DSC00618.jpg\"><img loading=\"lazy\" decoding=\"async\" style=\"background-image: none; border-right-width: 0px; padding-left: 0px; padding-right: 0px; display: inline; border-top-width: 0px; border-bottom-width: 0px; border-left-width: 0px; padding-top: 0px\" title=\"DSC00618\" border=\"0\" alt=\"DSC00618\" src=\"https:\/\/volkerontour.de\/wp-content\/uploads\/2012\/07\/DSC00618_thumb.jpg\" width=\"244\" height=\"184\"><\/a><\/p>\n<p>Mmmmhhhh, viel sieht man nicht\u2026 wie gesagt, wir konnten leider nicht n\u00e4her ran <img decoding=\"async\" style=\"border-bottom-style: none; border-left-style: none; border-top-style: none; border-right-style: none\" class=\"wlEmoticon wlEmoticon-sadsmile\" alt=\"Trauriges Smiley\" src=\"https:\/\/volkerontour.de\/wp-content\/uploads\/2012\/07\/wlEmoticon-sadsmile2.png\"> Hier vielleicht mal ein Bild aus dem Netz, damit man mal n Eindruck bekommt\u2026<\/p>\n<p><a href=\"https:\/\/volkerontour.de\/wp-content\/uploads\/2012\/07\/99.jpg\"><img loading=\"lazy\" decoding=\"async\" style=\"background-image: none; border-right-width: 0px; padding-left: 0px; padding-right: 0px; display: inline; border-top-width: 0px; border-bottom-width: 0px; border-left-width: 0px; padding-top: 0px\" title=\"99\" border=\"0\" alt=\"99\" src=\"https:\/\/volkerontour.de\/wp-content\/uploads\/2012\/07\/99_thumb.jpg\" width=\"244\" height=\"174\"><\/a><\/p>\n<p>Nunja\u2026 wir schauten uns noch ein wenig im Dinopark um\u2026 <img decoding=\"async\" style=\"border-bottom-style: none; border-left-style: none; border-top-style: none; border-right-style: none\" class=\"wlEmoticon wlEmoticon-smile\" alt=\"Smiley\" src=\"https:\/\/volkerontour.de\/wp-content\/uploads\/2012\/07\/wlEmoticon-smile4.png\"><\/p>\n<p><a href=\"https:\/\/volkerontour.de\/wp-content\/uploads\/2012\/07\/DSC00611.jpg\"><img loading=\"lazy\" decoding=\"async\" style=\"background-image: none; border-right-width: 0px; padding-left: 0px; padding-right: 0px; display: inline; border-top-width: 0px; border-bottom-width: 0px; border-left-width: 0px; padding-top: 0px\" title=\"DSC00611\" border=\"0\" alt=\"DSC00611\" src=\"https:\/\/volkerontour.de\/wp-content\/uploads\/2012\/07\/DSC00611_thumb.jpg\" width=\"184\" height=\"244\"><\/a>&nbsp;<a href=\"https:\/\/volkerontour.de\/wp-content\/uploads\/2012\/07\/DSC00619.jpg\"><img loading=\"lazy\" decoding=\"async\" style=\"background-image: none; border-right-width: 0px; padding-left: 0px; padding-right: 0px; display: inline; border-top-width: 0px; border-bottom-width: 0px; border-left-width: 0px; padding-top: 0px\" title=\"DSC00619\" border=\"0\" alt=\"DSC00619\" src=\"https:\/\/volkerontour.de\/wp-content\/uploads\/2012\/07\/DSC00619_thumb.jpg\" width=\"244\" height=\"184\"><\/a><\/p>\n<p><a href=\"https:\/\/volkerontour.de\/wp-content\/uploads\/2012\/07\/DSC00621.jpg\"><img loading=\"lazy\" decoding=\"async\" style=\"background-image: none; border-right-width: 0px; padding-left: 0px; padding-right: 0px; display: inline; border-top-width: 0px; border-bottom-width: 0px; border-left-width: 0px; padding-top: 0px\" title=\"DSC00621\" border=\"0\" alt=\"DSC00621\" src=\"https:\/\/volkerontour.de\/wp-content\/uploads\/2012\/07\/DSC00621_thumb.jpg\" width=\"244\" height=\"184\"><\/a>&nbsp;<a href=\"https:\/\/volkerontour.de\/wp-content\/uploads\/2012\/07\/DSC00622.jpg\"><img loading=\"lazy\" decoding=\"async\" style=\"background-image: none; border-right-width: 0px; padding-left: 0px; padding-right: 0px; display: inline; border-top-width: 0px; border-bottom-width: 0px; border-left-width: 0px; padding-top: 0px\" title=\"DSC00622\" border=\"0\" alt=\"DSC00622\" src=\"https:\/\/volkerontour.de\/wp-content\/uploads\/2012\/07\/DSC00622_thumb.jpg\" width=\"244\" height=\"184\"><\/a><\/p>\n<p>\u2026und traten dann die Heimreise mit dem Dinotruck an\u2026<\/p>\n<p>Da mein Gep\u00e4ck immernoch nicht da ist, und wohl auch erst am Donnerstag kommt (superanstrengend, die ganze Rumtelefoniererei) beschloss ich mich noch in der Stadt mit diversen Kleidungsst\u00fccken einzudecken. Darf dann alles KLM zahlen, wenn die es nicht gebacken kriegen meine Tasche in den n\u00e4chsten Flieger nach Lima zu verfrachten\u2026 inzwischen bin ich diesbez\u00fcglich echt genervt und&nbsp; werde dem auch nach meiner R\u00fcckkehr nachgehen. Kann einfach nicht sein, dass ich hier fast ne Woche auf mein Gep\u00e4ck warten muss!!!<\/p>\n<p>Ansonsten alles o.k. bei mir\u2026 ich geh mal schlafen, morgen steht Action auf dem Programm!!! <img decoding=\"async\" style=\"border-bottom-style: none; border-left-style: none; border-top-style: none; border-right-style: none\" class=\"wlEmoticon wlEmoticon-smile\" alt=\"Smiley\" src=\"https:\/\/volkerontour.de\/wp-content\/uploads\/2012\/07\/wlEmoticon-smile4.png\"><\/p>\n","protected":false},"excerpt":{"rendered":"<p>Die Tage drei und vier unserer Tour konnten und k\u00f6nnen wir uns relativ frei einteilen. Es ist kein festes Programm vorgesehen. Diesbez\u00fcglich wurden gestern Abend noch im Touristenzentrum diverse Aktivit\u00e4ten angeboten und gebucht. Da ich unbedingt die 60 Millionen alten &hellip; <a href=\"https:\/\/volkerontour.de\/?p=130\">Weiterlesen <span class=\"meta-nav\">&rarr;<\/span><\/a><\/p>\n","protected":false},"author":3,"featured_media":0,"comment_status":"closed","ping_status":"open","sticky":false,"template":"","format":"standard","meta":{"footnotes":""},"categories":[1],"tags":[],"class_list":["post-130","post","type-post","status-publish","format-standard","hentry","category-uncategorized"],"_links":{"self":[{"href":"https:\/\/volkerontour.de\/index.php?rest_route=\/wp\/v2\/posts\/130","targetHints":{"allow":["GET"]}}],"collection":[{"href":"https:\/\/volkerontour.de\/index.php?rest_route=\/wp\/v2\/posts"}],"about":[{"href":"https:\/\/volkerontour.de\/index.php?rest_route=\/wp\/v2\/types\/post"}],"author":[{"embeddable":true,"href":"https:\/\/volkerontour.de\/index.php?rest_route=\/wp\/v2\/users\/3"}],"replies":[{"embeddable":true,"href":"https:\/\/volkerontour.de\/index.php?rest_route=%2Fwp%2Fv2%2Fcomments&post=130"}],"version-history":[{"count":0,"href":"https:\/\/volkerontour.de\/index.php?rest_route=\/wp\/v2\/posts\/130\/revisions"}],"wp:attachment":[{"href":"https:\/\/volkerontour.de\/index.php?rest_route=%2Fwp%2Fv2%2Fmedia&parent=130"}],"wp:term":[{"taxonomy":"category","embeddable":true,"href":"https:\/\/volkerontour.de\/index.php?rest_route=%2Fwp%2Fv2%2Fcategories&post=130"},{"taxonomy":"post_tag","embeddable":true,"href":"https:\/\/volkerontour.de\/index.php?rest_route=%2Fwp%2Fv2%2Ftags&post=130"}],"curies":[{"name":"wp","href":"https:\/\/api.w.org\/{rel}","templated":true}]}}