{"id":1344,"date":"2012-08-17T06:49:40","date_gmt":"2012-08-17T06:49:40","guid":{"rendered":"http:\/\/volkerontour.de\/?p=1344"},"modified":"2012-08-17T06:49:40","modified_gmt":"2012-08-17T06:49:40","slug":"tag-26-colca-canyon","status":"publish","type":"post","link":"https:\/\/volkerontour.de\/?p=1344","title":{"rendered":"Tag 26: Colca Canyon"},"content":{"rendered":"<p>Donnerstag, 16.08.: Heute ging es also in den zweittiefsten Canyon der Welt, den Colca Canyon\u2026 die Schlucht des Rio Colca ist etwa 150km nordwestlich von Arequipa gelegen und von unserem heutigen Ausgangspunkt Chivay etwa eine Stunde mit dem Bus entfernt. Eingerahmt wird der Canyon von m\u00e4chtigen Vulkanen mit einer H\u00f6he von \u00fcber 6000m. An der extremsten Stelle ist der H\u00f6henunterschied zwischen Berg und Fluss unglaubliche 4100m (!!!). An unserem Ziel des Tages, dem \u201cCruz de Condor\u201d sollten wir \u201cnur\u201d etwa 1200m ins Tal sehen k\u00f6nnen, daf\u00fcr aber Viele Andenkondore hautnah erleben d\u00fcrfen\u2026<\/p>\n<p>Nat\u00fcrlich starteten wir wieder superfr\u00fch, denn die Kondore sind zumeist nur morgens unterwegs, und wir wollten sie ja schliesslich fliegen sehen <img decoding=\"async\" style=\"border-bottom-style: none; border-left-style: none; border-top-style: none; border-right-style: none\" class=\"wlEmoticon wlEmoticon-smile\" alt=\"Smiley\" src=\"https:\/\/volkerontour.de\/wp-content\/uploads\/2012\/08\/wlEmoticon-smile16.png\"> Auf dem Weg zum Canyon stoppten wir noch in zwei kleinen, urigen D\u00f6rfern und schauten uns ein wenig um. Teilweise wurde auch hier kr\u00e4ftig gefeiert und getanzt\u2026<\/p>\n<p><a href=\"https:\/\/volkerontour.de\/wp-content\/uploads\/2012\/08\/DSC02354.jpg\"><img loading=\"lazy\" decoding=\"async\" style=\"background-image: none; border-right-width: 0px; padding-left: 0px; padding-right: 0px; display: inline; border-top-width: 0px; border-bottom-width: 0px; border-left-width: 0px; padding-top: 0px\" title=\"DSC02354\" border=\"0\" alt=\"DSC02354\" src=\"https:\/\/volkerontour.de\/wp-content\/uploads\/2012\/08\/DSC02354_thumb.jpg\" width=\"244\" height=\"184\"><\/a>&nbsp;<a href=\"https:\/\/volkerontour.de\/wp-content\/uploads\/2012\/08\/DSC02356.jpg\"><img loading=\"lazy\" decoding=\"async\" style=\"background-image: none; border-right-width: 0px; padding-left: 0px; padding-right: 0px; display: inline; border-top-width: 0px; border-bottom-width: 0px; border-left-width: 0px; padding-top: 0px\" title=\"DSC02356\" border=\"0\" alt=\"DSC02356\" src=\"https:\/\/volkerontour.de\/wp-content\/uploads\/2012\/08\/DSC02356_thumb.jpg\" width=\"244\" height=\"184\"><\/a><\/p>\n<p>Kurze Zeit sp\u00e4ter konnten wir dann schon einen Blick auf den Canyon erhaschen\u2026<\/p>\n<p><a href=\"https:\/\/volkerontour.de\/wp-content\/uploads\/2012\/08\/DSC02370.jpg\"><img loading=\"lazy\" decoding=\"async\" style=\"background-image: none; border-right-width: 0px; padding-left: 0px; padding-right: 0px; display: inline; border-top-width: 0px; border-bottom-width: 0px; border-left-width: 0px; padding-top: 0px\" title=\"DSC02370\" border=\"0\" alt=\"DSC02370\" src=\"https:\/\/volkerontour.de\/wp-content\/uploads\/2012\/08\/DSC02370_thumb.jpg\" width=\"244\" height=\"184\"><\/a>&nbsp;<a href=\"https:\/\/volkerontour.de\/wp-content\/uploads\/2012\/08\/DSC02365.jpg\"><img loading=\"lazy\" decoding=\"async\" style=\"background-image: none; border-right-width: 0px; padding-left: 0px; padding-right: 0px; display: inline; border-top-width: 0px; border-bottom-width: 0px; border-left-width: 0px; padding-top: 0px\" title=\"DSC02365\" border=\"0\" alt=\"DSC02365\" src=\"https:\/\/volkerontour.de\/wp-content\/uploads\/2012\/08\/DSC02365_thumb.jpg\" width=\"244\" height=\"184\"><\/a><\/p>\n<p>Nachdem es ja gestern vielen nicht ganz so gut ging waren heute wieder alle an Bord, bestens gelaunt und voller Vorfreude <img decoding=\"async\" style=\"border-bottom-style: none; border-left-style: none; border-top-style: none; border-right-style: none\" class=\"wlEmoticon wlEmoticon-smile\" alt=\"Smiley\" src=\"https:\/\/volkerontour.de\/wp-content\/uploads\/2012\/08\/wlEmoticon-smile16.png\"><\/p>\n<p><a href=\"https:\/\/volkerontour.de\/wp-content\/uploads\/2012\/08\/DSC02369.jpg\"><img loading=\"lazy\" decoding=\"async\" style=\"background-image: none; border-right-width: 0px; padding-left: 0px; padding-right: 0px; display: inline; border-top-width: 0px; border-bottom-width: 0px; border-left-width: 0px; padding-top: 0px\" title=\"DSC02369\" border=\"0\" alt=\"DSC02369\" src=\"https:\/\/volkerontour.de\/wp-content\/uploads\/2012\/08\/DSC02369_thumb.jpg\" width=\"244\" height=\"184\"><\/a>&nbsp;<a href=\"https:\/\/volkerontour.de\/wp-content\/uploads\/2012\/08\/DSC02373.jpg\"><img loading=\"lazy\" decoding=\"async\" style=\"background-image: none; border-right-width: 0px; padding-left: 0px; padding-right: 0px; display: inline; border-top-width: 0px; border-bottom-width: 0px; border-left-width: 0px; padding-top: 0px\" title=\"DSC02373\" border=\"0\" alt=\"DSC02373\" src=\"https:\/\/volkerontour.de\/wp-content\/uploads\/2012\/08\/DSC02373_thumb.jpg\" width=\"244\" height=\"184\"><\/a><\/p>\n<p>Als wir am \u201cAussichtspunkt\u201d ankamen war da schon gut was los. Scheinbar wollten viele Leute die Kondore fliegen sehen\u2026<\/p>\n<p><a href=\"https:\/\/volkerontour.de\/wp-content\/uploads\/2012\/08\/DSC02389.jpg\"><img loading=\"lazy\" decoding=\"async\" style=\"background-image: none; border-right-width: 0px; padding-left: 0px; padding-right: 0px; display: inline; border-top-width: 0px; border-bottom-width: 0px; border-left-width: 0px; padding-top: 0px\" title=\"DSC02389\" border=\"0\" alt=\"DSC02389\" src=\"https:\/\/volkerontour.de\/wp-content\/uploads\/2012\/08\/DSC02389_thumb.jpg\" width=\"244\" height=\"184\"><\/a>&nbsp;<a href=\"https:\/\/volkerontour.de\/wp-content\/uploads\/2012\/08\/DSC02388.jpg\"><img loading=\"lazy\" decoding=\"async\" style=\"background-image: none; border-right-width: 0px; padding-left: 0px; padding-right: 0px; display: inline; border-top-width: 0px; border-bottom-width: 0px; border-left-width: 0px; padding-top: 0px\" title=\"DSC02388\" border=\"0\" alt=\"DSC02388\" src=\"https:\/\/volkerontour.de\/wp-content\/uploads\/2012\/08\/DSC02388_thumb.jpg\" width=\"244\" height=\"184\"><\/a><\/p>\n<p>Wie bereits oben geschrieben konnte man an dieser Stelle etwa 1200m ins Tal zum Rio Colca sehen\u2026 sehr beeindruckend. Und Kondore waren gl\u00fccklicherweise auch jede Menge da. Wie uns unser Guide Amador erz\u00e4hlte leben in diesem Canyon zwei verschiedene Arten Andenkondore. Eine Art ist komplett braun und ein bisschen kleiner, die andere relativ gross (Spannweite bis 3 Meter, Gr\u00f6sse stehend: bis 1,20m) und schwarz mit weissen Flecken an der Oberseite der Fl\u00fcgel. Vor allem morgens gehen sie auf Beutejagd und lassen sich von der warmen Luft der Morgensonne weit \u00fcber den Canyon tragen\u2026 Teilweise fliegen einem die Tiere nur ein paar Meter \u00fcber den Kopf. <\/p>\n<p><a href=\"https:\/\/volkerontour.de\/wp-content\/uploads\/2012\/08\/DSC02386.jpg\"><img loading=\"lazy\" decoding=\"async\" style=\"background-image: none; border-right-width: 0px; padding-left: 0px; padding-right: 0px; display: inline; border-top-width: 0px; border-bottom-width: 0px; border-left-width: 0px; padding-top: 0px\" title=\"DSC02386\" border=\"0\" alt=\"DSC02386\" src=\"https:\/\/volkerontour.de\/wp-content\/uploads\/2012\/08\/DSC02386_thumb.jpg\" width=\"244\" height=\"184\"><\/a>&nbsp;<a href=\"https:\/\/volkerontour.de\/wp-content\/uploads\/2012\/08\/DSC02405.jpg\"><img loading=\"lazy\" decoding=\"async\" style=\"background-image: none; border-right-width: 0px; padding-left: 0px; padding-right: 0px; display: inline; border-top-width: 0px; border-bottom-width: 0px; border-left-width: 0px; padding-top: 0px\" title=\"DSC02405\" border=\"0\" alt=\"DSC02405\" src=\"https:\/\/volkerontour.de\/wp-content\/uploads\/2012\/08\/DSC02405_thumb.jpg\" width=\"244\" height=\"184\"><\/a><\/p>\n<p><a href=\"https:\/\/volkerontour.de\/wp-content\/uploads\/2012\/08\/DSC02407.jpg\"><img loading=\"lazy\" decoding=\"async\" style=\"background-image: none; border-right-width: 0px; padding-left: 0px; padding-right: 0px; display: inline; border-top-width: 0px; border-bottom-width: 0px; border-left-width: 0px; padding-top: 0px\" title=\"DSC02407\" border=\"0\" alt=\"DSC02407\" src=\"https:\/\/volkerontour.de\/wp-content\/uploads\/2012\/08\/DSC02407_thumb.jpg\" width=\"244\" height=\"184\"><\/a>&nbsp;<a href=\"https:\/\/volkerontour.de\/wp-content\/uploads\/2012\/08\/DSC02400.jpg\"><img loading=\"lazy\" decoding=\"async\" style=\"background-image: none; border-right-width: 0px; padding-left: 0px; padding-right: 0px; display: inline; border-top-width: 0px; border-bottom-width: 0px; border-left-width: 0px; padding-top: 0px\" title=\"DSC02400\" border=\"0\" alt=\"DSC02400\" src=\"https:\/\/volkerontour.de\/wp-content\/uploads\/2012\/08\/DSC02400_thumb.jpg\" width=\"244\" height=\"184\"><\/a><\/p>\n<p>Nach einem halbst\u00fcndigen \u201cKondorwatching\u201d folgten wir dann Amador noch auf eine etwa einst\u00fcndige Wanderung am Canyon entlang\u2026<\/p>\n<p><a href=\"https:\/\/volkerontour.de\/wp-content\/uploads\/2012\/08\/DSC02413.jpg\"><img loading=\"lazy\" decoding=\"async\" style=\"background-image: none; border-right-width: 0px; padding-left: 0px; padding-right: 0px; display: inline; border-top-width: 0px; border-bottom-width: 0px; border-left-width: 0px; padding-top: 0px\" title=\"DSC02413\" border=\"0\" alt=\"DSC02413\" src=\"https:\/\/volkerontour.de\/wp-content\/uploads\/2012\/08\/DSC02413_thumb.jpg\" width=\"244\" height=\"184\"><\/a>&nbsp;<a href=\"https:\/\/volkerontour.de\/wp-content\/uploads\/2012\/08\/DSC02418.jpg\"><img loading=\"lazy\" decoding=\"async\" style=\"background-image: none; border-right-width: 0px; padding-left: 0px; padding-right: 0px; display: inline; border-top-width: 0px; border-bottom-width: 0px; border-left-width: 0px; padding-top: 0px\" title=\"DSC02418\" border=\"0\" alt=\"DSC02418\" src=\"https:\/\/volkerontour.de\/wp-content\/uploads\/2012\/08\/DSC02418_thumb.jpg\" width=\"244\" height=\"184\"><\/a><\/p>\n<p><a href=\"https:\/\/volkerontour.de\/wp-content\/uploads\/2012\/08\/DSC02427.jpg\"><img loading=\"lazy\" decoding=\"async\" style=\"background-image: none; border-right-width: 0px; padding-left: 0px; padding-right: 0px; display: inline; border-top-width: 0px; border-bottom-width: 0px; border-left-width: 0px; padding-top: 0px\" title=\"DSC02427\" border=\"0\" alt=\"DSC02427\" src=\"https:\/\/volkerontour.de\/wp-content\/uploads\/2012\/08\/DSC02427_thumb.jpg\" width=\"244\" height=\"184\"><\/a>&nbsp;<a href=\"https:\/\/volkerontour.de\/wp-content\/uploads\/2012\/08\/DSC02432.jpg\"><img loading=\"lazy\" decoding=\"async\" style=\"background-image: none; border-right-width: 0px; padding-left: 0px; padding-right: 0px; display: inline; border-top-width: 0px; border-bottom-width: 0px; border-left-width: 0px; padding-top: 0px\" title=\"DSC02432\" border=\"0\" alt=\"DSC02432\" src=\"https:\/\/volkerontour.de\/wp-content\/uploads\/2012\/08\/DSC02432_thumb.jpg\" width=\"244\" height=\"184\"><\/a><\/p>\n<p>Auf dem R\u00fcckweg stoppten wir dann nochmal bei ein paar Aussichtspunkten, mit Aussicht auf Jahrhunderte alte Inkaterrassen\u2026 Ausserdem durften wir s\u00fcsse und saure Kaktusfr\u00fcchte probieren\u2026 die sauren (gr\u00fcn) waren wirklich megasauer!!!<\/p>\n<p><a href=\"https:\/\/volkerontour.de\/wp-content\/uploads\/2012\/08\/DSC02444.jpg\"><img loading=\"lazy\" decoding=\"async\" style=\"background-image: none; border-right-width: 0px; padding-left: 0px; padding-right: 0px; display: inline; border-top-width: 0px; border-bottom-width: 0px; border-left-width: 0px; padding-top: 0px\" title=\"DSC02444\" border=\"0\" alt=\"DSC02444\" src=\"https:\/\/volkerontour.de\/wp-content\/uploads\/2012\/08\/DSC02444_thumb.jpg\" width=\"244\" height=\"184\"><\/a>&nbsp;<a href=\"https:\/\/volkerontour.de\/wp-content\/uploads\/2012\/08\/DSC02440.jpg\"><img loading=\"lazy\" decoding=\"async\" style=\"background-image: none; border-right-width: 0px; padding-left: 0px; padding-right: 0px; display: inline; border-top-width: 0px; border-bottom-width: 0px; border-left-width: 0px; padding-top: 0px\" title=\"DSC02440\" border=\"0\" alt=\"DSC02440\" src=\"https:\/\/volkerontour.de\/wp-content\/uploads\/2012\/08\/DSC02440_thumb.jpg\" width=\"244\" height=\"184\"><\/a><\/p>\n<p><a href=\"https:\/\/volkerontour.de\/wp-content\/uploads\/2012\/08\/DSC02445.jpg\"><img loading=\"lazy\" decoding=\"async\" style=\"background-image: none; border-right-width: 0px; padding-left: 0px; padding-right: 0px; display: inline; border-top-width: 0px; border-bottom-width: 0px; border-left-width: 0px; padding-top: 0px\" title=\"DSC02445\" border=\"0\" alt=\"DSC02445\" src=\"https:\/\/volkerontour.de\/wp-content\/uploads\/2012\/08\/DSC02445_thumb.jpg\" width=\"244\" height=\"184\"><\/a>&nbsp;<a href=\"https:\/\/volkerontour.de\/wp-content\/uploads\/2012\/08\/DSC02442.jpg\"><img loading=\"lazy\" decoding=\"async\" style=\"background-image: none; border-right-width: 0px; padding-left: 0px; padding-right: 0px; display: inline; border-top-width: 0px; border-bottom-width: 0px; border-left-width: 0px; padding-top: 0px\" title=\"DSC02442\" border=\"0\" alt=\"DSC02442\" src=\"https:\/\/volkerontour.de\/wp-content\/uploads\/2012\/08\/DSC02442_thumb.jpg\" width=\"244\" height=\"184\"><\/a><\/p>\n<p>Nach unserem Lunch in Chivay machten wir uns gegen 14 Uhr auf den knapp vierst\u00fcndigen R\u00fcckweg nach Arequipa\u2026 Die meisten nutzen die Fahrt um ein wenig zu relaxen\u2026<\/p>\n<p><a href=\"https:\/\/volkerontour.de\/wp-content\/uploads\/2012\/08\/DSC02448.jpg\"><img loading=\"lazy\" decoding=\"async\" style=\"background-image: none; border-right-width: 0px; padding-left: 0px; padding-right: 0px; display: inline; border-top-width: 0px; border-bottom-width: 0px; border-left-width: 0px; padding-top: 0px\" title=\"DSC02448\" border=\"0\" alt=\"DSC02448\" src=\"https:\/\/volkerontour.de\/wp-content\/uploads\/2012\/08\/DSC02448_thumb.jpg\" width=\"244\" height=\"184\"><\/a><\/p>\n<p>Shanks hatte sich dieses Schl\u00e4fchen auch r\u00e4tlich verdient, da er nicht nur ein anstrengendes Sightseeing, sondern auch einen Shopping-Marathon hinter sich hatte. Anita hat gef\u00fchlt an jedem Souvenirstand einen Schal, Haarband, T\u00e4schchen o.\u00e4. gefunden <img decoding=\"async\" style=\"border-bottom-style: none; border-left-style: none; border-top-style: none; border-right-style: none\" class=\"wlEmoticon wlEmoticon-smile\" alt=\"Smiley\" src=\"https:\/\/volkerontour.de\/wp-content\/uploads\/2012\/08\/wlEmoticon-smile16.png\"><\/p>\n<p>Nach dieser langen Fahrt hatten wir uns wirklich ein K\u00e4ffchen verdient\u2026 und da uns in der Fussg\u00e4ngerzone von Arequipa ein netter junger Mann Starbucksgutscheine anbot, war der Kaffee schnell gefunden <img decoding=\"async\" style=\"border-bottom-style: none; border-left-style: none; border-top-style: none; border-right-style: none\" class=\"wlEmoticon wlEmoticon-smile\" alt=\"Smiley\" src=\"https:\/\/volkerontour.de\/wp-content\/uploads\/2012\/08\/wlEmoticon-smile16.png\"><\/p>\n<p><a href=\"https:\/\/volkerontour.de\/wp-content\/uploads\/2012\/08\/DSC02450.jpg\"><img loading=\"lazy\" decoding=\"async\" style=\"background-image: none; border-bottom: 0px; border-left: 0px; padding-left: 0px; padding-right: 0px; display: inline; border-top: 0px; border-right: 0px; padding-top: 0px\" title=\"DSC02450\" border=\"0\" alt=\"DSC02450\" src=\"https:\/\/volkerontour.de\/wp-content\/uploads\/2012\/08\/DSC02450_thumb.jpg\" width=\"184\" height=\"244\"><\/a><\/p>\n<p>Zum Abendessen gabs mal wieder als Vorspeise ein Meerschweinchen, dass allerdings ein wenig aussah wie eine \u00fcberfahrene Katze\u2026 <img decoding=\"async\" style=\"border-bottom-style: none; border-left-style: none; border-top-style: none; border-right-style: none\" class=\"wlEmoticon wlEmoticon-smile\" alt=\"Smiley\" src=\"https:\/\/volkerontour.de\/wp-content\/uploads\/2012\/08\/wlEmoticon-smile16.png\"> War aber ganz lecker\u2026 Die M\u00e4dels leerten noch ein paar Flaschen Wein und hatten Spass\u2026<\/p>\n<p><a href=\"https:\/\/volkerontour.de\/wp-content\/uploads\/2012\/08\/DSC02452.jpg\"><img loading=\"lazy\" decoding=\"async\" style=\"background-image: none; border-bottom: 0px; border-left: 0px; padding-left: 0px; padding-right: 0px; display: inline; border-top: 0px; border-right: 0px; padding-top: 0px\" title=\"DSC02452\" border=\"0\" alt=\"DSC02452\" src=\"https:\/\/volkerontour.de\/wp-content\/uploads\/2012\/08\/DSC02452_thumb.jpg\" width=\"244\" height=\"184\"><\/a>&nbsp;<a href=\"https:\/\/volkerontour.de\/wp-content\/uploads\/2012\/08\/DSC02451.jpg\"><img loading=\"lazy\" decoding=\"async\" style=\"background-image: none; border-bottom: 0px; border-left: 0px; margin: 0px; padding-left: 0px; padding-right: 0px; display: inline; border-top: 0px; border-right: 0px; padding-top: 0px\" title=\"DSC02451\" border=\"0\" alt=\"DSC02451\" src=\"https:\/\/volkerontour.de\/wp-content\/uploads\/2012\/08\/DSC02451_thumb.jpg\" width=\"244\" height=\"184\"><\/a><\/p>\n<p><a href=\"https:\/\/volkerontour.de\/wp-content\/uploads\/2012\/08\/DSC02454.jpg\"><img loading=\"lazy\" decoding=\"async\" style=\"background-image: none; border-bottom: 0px; border-left: 0px; padding-left: 0px; padding-right: 0px; display: inline; border-top: 0px; border-right: 0px; padding-top: 0px\" title=\"DSC02454\" border=\"0\" alt=\"DSC02454\" src=\"https:\/\/volkerontour.de\/wp-content\/uploads\/2012\/08\/DSC02454_thumb.jpg\" width=\"244\" height=\"184\"><\/a><\/p>\n<p>Da wir morgen ausschlafen k\u00f6nnen und in Arequipa diverse Weggehm\u00f6glichkeiten vorhanden sind entschieden wir uns daf\u00fcr eine nette Bar mit riesigen bequemen Sofas und Blick \u00fcber die Stadt auszuprobieren\u2026 Da Diego gar nicht erst mit beim Abendessen dabei war und Shanks, sowie Calum ins Hotel gingen war ich also mit sieben angetrunkenen M\u00e4dels allein unterwegs. Herzlichen Gl\u00fcckwunsch <img decoding=\"async\" style=\"border-bottom-style: none; border-left-style: none; border-top-style: none; border-right-style: none\" class=\"wlEmoticon wlEmoticon-smile\" alt=\"Smiley\" src=\"https:\/\/volkerontour.de\/wp-content\/uploads\/2012\/08\/wlEmoticon-smile16.png\"> War aber superwitzig\u2026<\/p>\n<p><a href=\"https:\/\/volkerontour.de\/wp-content\/uploads\/2012\/08\/DSC02463.jpg\"><img loading=\"lazy\" decoding=\"async\" style=\"background-image: none; border-bottom: 0px; border-left: 0px; padding-left: 0px; padding-right: 0px; display: inline; border-top: 0px; border-right: 0px; padding-top: 0px\" title=\"DSC02463\" border=\"0\" alt=\"DSC02463\" src=\"https:\/\/volkerontour.de\/wp-content\/uploads\/2012\/08\/DSC02463_thumb.jpg\" width=\"244\" height=\"184\"><\/a>&nbsp;<a href=\"https:\/\/volkerontour.de\/wp-content\/uploads\/2012\/08\/DSC02465.jpg\"><img loading=\"lazy\" decoding=\"async\" style=\"background-image: none; border-bottom: 0px; border-left: 0px; padding-left: 0px; padding-right: 0px; display: inline; border-top: 0px; border-right: 0px; padding-top: 0px\" title=\"DSC02465\" border=\"0\" alt=\"DSC02465\" src=\"https:\/\/volkerontour.de\/wp-content\/uploads\/2012\/08\/DSC02465_thumb.jpg\" width=\"244\" height=\"184\"><\/a><\/p>\n<p><a href=\"https:\/\/volkerontour.de\/wp-content\/uploads\/2012\/08\/DSC02467.jpg\"><img loading=\"lazy\" decoding=\"async\" style=\"background-image: none; border-bottom: 0px; border-left: 0px; padding-left: 0px; padding-right: 0px; display: inline; border-top: 0px; border-right: 0px; padding-top: 0px\" title=\"DSC02467\" border=\"0\" alt=\"DSC02467\" src=\"https:\/\/volkerontour.de\/wp-content\/uploads\/2012\/08\/DSC02467_thumb.jpg\" width=\"244\" height=\"184\"><\/a>&nbsp;<a href=\"https:\/\/volkerontour.de\/wp-content\/uploads\/2012\/08\/DSC02493.jpg\"><img loading=\"lazy\" decoding=\"async\" style=\"background-image: none; border-bottom: 0px; border-left: 0px; padding-left: 0px; padding-right: 0px; display: inline; border-top: 0px; border-right: 0px; padding-top: 0px\" title=\"DSC02493\" border=\"0\" alt=\"DSC02493\" src=\"https:\/\/volkerontour.de\/wp-content\/uploads\/2012\/08\/DSC02493_thumb.jpg\" width=\"244\" height=\"184\"><\/a><\/p>\n<p>Soooooo, inzwischen ists auch hier in Peru fast zwei Uhr und ich geh mal schlafen\u2026 toll, dass wir morgen mal nicht so fr\u00fch raus m\u00fcssen und ein bisschen Freizeit haben\u2026 <img decoding=\"async\" style=\"border-bottom-style: none; border-left-style: none; border-top-style: none; border-right-style: none\" class=\"wlEmoticon wlEmoticon-smile\" alt=\"Smiley\" src=\"https:\/\/volkerontour.de\/wp-content\/uploads\/2012\/08\/wlEmoticon-smile16.png\"><\/p>\n<p>Guats N\u00e4chtle <img decoding=\"async\" style=\"border-bottom-style: none; border-left-style: none; border-top-style: none; border-right-style: none\" class=\"wlEmoticon wlEmoticon-smile\" alt=\"Smiley\" src=\"https:\/\/volkerontour.de\/wp-content\/uploads\/2012\/08\/wlEmoticon-smile16.png\"><\/p>\n","protected":false},"excerpt":{"rendered":"<p>Donnerstag, 16.08.: Heute ging es also in den zweittiefsten Canyon der Welt, den Colca Canyon\u2026 die Schlucht des Rio Colca ist etwa 150km nordwestlich von Arequipa gelegen und von unserem heutigen Ausgangspunkt Chivay etwa eine Stunde mit dem Bus entfernt. &hellip; <a href=\"https:\/\/volkerontour.de\/?p=1344\">Weiterlesen <span class=\"meta-nav\">&rarr;<\/span><\/a><\/p>\n","protected":false},"author":3,"featured_media":0,"comment_status":"closed","ping_status":"open","sticky":false,"template":"","format":"standard","meta":{"footnotes":""},"categories":[1],"tags":[],"class_list":["post-1344","post","type-post","status-publish","format-standard","hentry","category-uncategorized"],"_links":{"self":[{"href":"https:\/\/volkerontour.de\/index.php?rest_route=\/wp\/v2\/posts\/1344","targetHints":{"allow":["GET"]}}],"collection":[{"href":"https:\/\/volkerontour.de\/index.php?rest_route=\/wp\/v2\/posts"}],"about":[{"href":"https:\/\/volkerontour.de\/index.php?rest_route=\/wp\/v2\/types\/post"}],"author":[{"embeddable":true,"href":"https:\/\/volkerontour.de\/index.php?rest_route=\/wp\/v2\/users\/3"}],"replies":[{"embeddable":true,"href":"https:\/\/volkerontour.de\/index.php?rest_route=%2Fwp%2Fv2%2Fcomments&post=1344"}],"version-history":[{"count":0,"href":"https:\/\/volkerontour.de\/index.php?rest_route=\/wp\/v2\/posts\/1344\/revisions"}],"wp:attachment":[{"href":"https:\/\/volkerontour.de\/index.php?rest_route=%2Fwp%2Fv2%2Fmedia&parent=1344"}],"wp:term":[{"taxonomy":"category","embeddable":true,"href":"https:\/\/volkerontour.de\/index.php?rest_route=%2Fwp%2Fv2%2Fcategories&post=1344"},{"taxonomy":"post_tag","embeddable":true,"href":"https:\/\/volkerontour.de\/index.php?rest_route=%2Fwp%2Fv2%2Ftags&post=1344"}],"curies":[{"name":"wp","href":"https:\/\/api.w.org\/{rel}","templated":true}]}}