{"id":1400,"date":"2012-08-18T12:42:09","date_gmt":"2012-08-18T12:42:09","guid":{"rendered":"http:\/\/volkerontour.de\/?p=1400"},"modified":"2012-08-18T12:42:09","modified_gmt":"2012-08-18T12:42:09","slug":"tag-27-arequipa-again","status":"publish","type":"post","link":"https:\/\/volkerontour.de\/?p=1400","title":{"rendered":"Tag 27: Arequipa again"},"content":{"rendered":"<p>Freitag, 17.08.: Unser freier Tag in Arequipa stand also heute an\u2026 da hiess f\u00fcr uns endlich mal ausschlafen <img decoding=\"async\" style=\"border-bottom-style: none; border-left-style: none; border-top-style: none; border-right-style: none\" class=\"wlEmoticon wlEmoticon-smile\" alt=\"Smiley\" src=\"https:\/\/volkerontour.de\/wp-content\/uploads\/2012\/08\/wlEmoticon-smile17.png\"> Nach unserer Partynacht gestern hatten das auch alle ziemlich n\u00f6tig\u2026 Da das Fr\u00fchst\u00fcck im Hotel ziemlich schlecht war entschieden wir uns an diesem Morgen unser Fr\u00fchst\u00fcck ausw\u00e4rts einzunehmen\u2026 In einem kleinen Restaurant fanden wir einen sch\u00f6nen Platz auf der Terrasse, wo ich endlich mal mein Standardfr\u00fchst\u00fcck serviert bekam <img decoding=\"async\" style=\"border-bottom-style: none; border-left-style: none; border-top-style: none; border-right-style: none\" class=\"wlEmoticon wlEmoticon-smile\" alt=\"Smiley\" src=\"https:\/\/volkerontour.de\/wp-content\/uploads\/2012\/08\/wlEmoticon-smile17.png\"><\/p>\n<p><a href=\"https:\/\/volkerontour.de\/wp-content\/uploads\/2012\/08\/DSC02498.jpg\"><img loading=\"lazy\" decoding=\"async\" style=\"background-image: none; border-right-width: 0px; padding-left: 0px; padding-right: 0px; display: inline; border-top-width: 0px; border-bottom-width: 0px; border-left-width: 0px; padding-top: 0px\" title=\"DSC02498\" border=\"0\" alt=\"DSC02498\" src=\"https:\/\/volkerontour.de\/wp-content\/uploads\/2012\/08\/DSC02498_thumb.jpg\" width=\"244\" height=\"184\"><\/a>&nbsp;<a href=\"https:\/\/volkerontour.de\/wp-content\/uploads\/2012\/08\/DSC02499.jpg\"><img loading=\"lazy\" decoding=\"async\" style=\"background-image: none; border-right-width: 0px; padding-left: 0px; padding-right: 0px; display: inline; border-top-width: 0px; border-bottom-width: 0px; border-left-width: 0px; padding-top: 0px\" title=\"DSC02499\" border=\"0\" alt=\"DSC02499\" src=\"https:\/\/volkerontour.de\/wp-content\/uploads\/2012\/08\/DSC02499_thumb.jpg\" width=\"244\" height=\"184\"><\/a><\/p>\n<p>Wie oben schon beschrieben konnten wir den Tag heute nach unseren eigenen W\u00fcnschen gestalten. Einige nutzen den Tag zum relaxen oder Shoppen\u2026 auch Anita suchte zielsicher den Alpacastore auf\u2026 Shanks (der ja bereits gestern im Colca Canyon am Anita-Shopping Marathon teilnehmen durfte) fand das nicht so witzig <img decoding=\"async\" style=\"border-bottom-style: none; border-left-style: none; border-top-style: none; border-right-style: none\" class=\"wlEmoticon wlEmoticon-smile\" alt=\"Smiley\" src=\"https:\/\/volkerontour.de\/wp-content\/uploads\/2012\/08\/wlEmoticon-smile17.png\"><\/p>\n<p><a href=\"https:\/\/volkerontour.de\/wp-content\/uploads\/2012\/08\/DSC02502.jpg\"><img loading=\"lazy\" decoding=\"async\" style=\"background-image: none; border-right-width: 0px; padding-left: 0px; padding-right: 0px; display: inline; border-top-width: 0px; border-bottom-width: 0px; border-left-width: 0px; padding-top: 0px\" title=\"DSC02502\" border=\"0\" alt=\"DSC02502\" src=\"https:\/\/volkerontour.de\/wp-content\/uploads\/2012\/08\/DSC02502_thumb.jpg\" width=\"244\" height=\"184\"><\/a><\/p>\n<p>Die norwegischen M\u00e4dels Camilla und Tina hingegen entschieden sich daf\u00fcr sich frisurtechnisch ein wenig zu ver\u00e4ndern. Ob dies zum Positiven gelungen ist muss jeder selber beurteilen <img decoding=\"async\" style=\"border-bottom-style: none; border-left-style: none; border-top-style: none; border-right-style: none\" class=\"wlEmoticon wlEmoticon-smile\" alt=\"Smiley\" src=\"https:\/\/volkerontour.de\/wp-content\/uploads\/2012\/08\/wlEmoticon-smile17.png\"> Was meint ihr? Vorher und nachher\u2026<\/p>\n<p><a href=\"https:\/\/volkerontour.de\/wp-content\/uploads\/2012\/08\/DSC02501.jpg\"><img loading=\"lazy\" decoding=\"async\" style=\"background-image: none; border-right-width: 0px; padding-left: 0px; padding-right: 0px; display: inline; border-top-width: 0px; border-bottom-width: 0px; border-left-width: 0px; padding-top: 0px\" title=\"DSC02501\" border=\"0\" alt=\"DSC02501\" src=\"https:\/\/volkerontour.de\/wp-content\/uploads\/2012\/08\/DSC02501_thumb.jpg\" width=\"244\" height=\"184\"><\/a>&nbsp;<a href=\"https:\/\/volkerontour.de\/wp-content\/uploads\/2012\/08\/DSC02577.jpg\"><img loading=\"lazy\" decoding=\"async\" style=\"background-image: none; border-right-width: 0px; padding-left: 0px; padding-right: 0px; display: inline; border-top-width: 0px; border-bottom-width: 0px; border-left-width: 0px; padding-top: 0px\" title=\"DSC02577\" border=\"0\" alt=\"DSC02577\" src=\"https:\/\/volkerontour.de\/wp-content\/uploads\/2012\/08\/DSC02577_thumb.jpg\" width=\"244\" height=\"184\"><\/a><\/p>\n<p>Da ich weder Lust auf shoppen, noch auf Friseur hatte entschied ich mich dazu noch etwas von der Stadt zu sehen\u2026 also schnappte ich mir den Stadtplan und sah mich ein wenig um\u2026 wie schon in einem vorherigen Blogeintrag geschrieben kommt Arequipa ziemlich europ\u00e4isch daher. Ausserhalb des direkten Zentrums findet man viele kleinere, oft sehr gr\u00fcne Pl\u00e4tze, sowie einige Kirchen\u2026 und wirklich von \u00fcberall sieht man die Vulkane.<\/p>\n<p><a href=\"https:\/\/volkerontour.de\/wp-content\/uploads\/2012\/08\/DSC02503.jpg\"><img loading=\"lazy\" decoding=\"async\" style=\"background-image: none; border-right-width: 0px; padding-left: 0px; padding-right: 0px; display: inline; border-top-width: 0px; border-bottom-width: 0px; border-left-width: 0px; padding-top: 0px\" title=\"DSC02503\" border=\"0\" alt=\"DSC02503\" src=\"https:\/\/volkerontour.de\/wp-content\/uploads\/2012\/08\/DSC02503_thumb.jpg\" width=\"244\" height=\"184\"><\/a>&nbsp;<a href=\"https:\/\/volkerontour.de\/wp-content\/uploads\/2012\/08\/DSC02504.jpg\"><img loading=\"lazy\" decoding=\"async\" style=\"background-image: none; border-right-width: 0px; padding-left: 0px; padding-right: 0px; display: inline; border-top-width: 0px; border-bottom-width: 0px; border-left-width: 0px; padding-top: 0px\" title=\"DSC02504\" border=\"0\" alt=\"DSC02504\" src=\"https:\/\/volkerontour.de\/wp-content\/uploads\/2012\/08\/DSC02504_thumb.jpg\" width=\"244\" height=\"184\"><\/a><\/p>\n<p><a href=\"https:\/\/volkerontour.de\/wp-content\/uploads\/2012\/08\/DSC02513.jpg\"><img loading=\"lazy\" decoding=\"async\" style=\"background-image: none; border-right-width: 0px; padding-left: 0px; padding-right: 0px; display: inline; border-top-width: 0px; border-bottom-width: 0px; border-left-width: 0px; padding-top: 0px\" title=\"DSC02513\" border=\"0\" alt=\"DSC02513\" src=\"https:\/\/volkerontour.de\/wp-content\/uploads\/2012\/08\/DSC02513_thumb.jpg\" width=\"244\" height=\"184\"><\/a>&nbsp;<a href=\"https:\/\/volkerontour.de\/wp-content\/uploads\/2012\/08\/DSC02512.jpg\"><img loading=\"lazy\" decoding=\"async\" style=\"background-image: none; border-right-width: 0px; padding-left: 0px; padding-right: 0px; display: inline; border-top-width: 0px; border-bottom-width: 0px; border-left-width: 0px; padding-top: 0px\" title=\"DSC02512\" border=\"0\" alt=\"DSC02512\" src=\"https:\/\/volkerontour.de\/wp-content\/uploads\/2012\/08\/DSC02512_thumb.jpg\" width=\"244\" height=\"184\"><\/a><\/p>\n<p><a href=\"https:\/\/volkerontour.de\/wp-content\/uploads\/2012\/08\/DSC02506.jpg\"><img loading=\"lazy\" decoding=\"async\" style=\"background-image: none; border-right-width: 0px; padding-left: 0px; padding-right: 0px; display: inline; border-top-width: 0px; border-bottom-width: 0px; border-left-width: 0px; padding-top: 0px\" title=\"DSC02506\" border=\"0\" alt=\"DSC02506\" src=\"https:\/\/volkerontour.de\/wp-content\/uploads\/2012\/08\/DSC02506_thumb.jpg\" width=\"244\" height=\"184\"><\/a><\/p>\n<p>Auf meinem Stadtplan nahm ich einen g\u00fcnstigen Anbieter f\u00fcr gef\u00fchrte Stadtrundfahrten wahr. Nach kurzem Verhandeln buchte ich eine vierst\u00fcndige Rundfahrt f\u00fcr erschwingliche 10 Euro und liess mich mal \u00fcberraschen\u2026 Ich habe mich inzwischen schon dran gew\u00f6hnt, dass hier keiner meinen Namen aussprechen kann, aber vom Pass abschreiben sollte doch schon drin sein. Nun gut, daf\u00fcr hat der Volker Robrich wenigstens gleich mal zwei Pl\u00e4tze im Bus zugesprochen bekommen. Recht so <img decoding=\"async\" style=\"border-bottom-style: none; border-left-style: none; border-top-style: none; border-right-style: none\" class=\"wlEmoticon wlEmoticon-smile\" alt=\"Smiley\" src=\"https:\/\/volkerontour.de\/wp-content\/uploads\/2012\/08\/wlEmoticon-smile17.png\"><\/p>\n<p><a href=\"https:\/\/volkerontour.de\/wp-content\/uploads\/2012\/08\/DSC02519.jpg\"><img loading=\"lazy\" decoding=\"async\" style=\"background-image: none; border-right-width: 0px; padding-left: 0px; padding-right: 0px; display: inline; border-top-width: 0px; border-bottom-width: 0px; border-left-width: 0px; padding-top: 0px\" title=\"DSC02519\" border=\"0\" alt=\"DSC02519\" src=\"https:\/\/volkerontour.de\/wp-content\/uploads\/2012\/08\/DSC02519_thumb.jpg\" width=\"244\" height=\"184\"><\/a>&nbsp;<a href=\"https:\/\/volkerontour.de\/wp-content\/uploads\/2012\/08\/DSC02536.jpg\"><img loading=\"lazy\" decoding=\"async\" style=\"background-image: none; border-right-width: 0px; padding-left: 0px; padding-right: 0px; display: inline; border-top-width: 0px; border-bottom-width: 0px; border-left-width: 0px; padding-top: 0px\" title=\"DSC02536\" border=\"0\" alt=\"DSC02536\" src=\"https:\/\/volkerontour.de\/wp-content\/uploads\/2012\/08\/DSC02536_thumb.jpg\" width=\"244\" height=\"184\"><\/a><\/p>\n<p>Nach einer kurzen Runde durch die mir schon bekannte Innenstadt f\u00fchrte uns unser Guide (f\u00fcr diese vier Stunden) Yola zu einem sehr sch\u00f6nen Platz mit vielen Palmen, Kakteen, einer kleinen Kirche und einem sch\u00f6nen Blick auf die Vulkane.<\/p>\n<p><a href=\"https:\/\/volkerontour.de\/wp-content\/uploads\/2012\/08\/DSC02525.jpg\"><img loading=\"lazy\" decoding=\"async\" style=\"background-image: none; border-right-width: 0px; padding-left: 0px; padding-right: 0px; display: inline; border-top-width: 0px; border-bottom-width: 0px; border-left-width: 0px; padding-top: 0px\" title=\"DSC02525\" border=\"0\" alt=\"DSC02525\" src=\"https:\/\/volkerontour.de\/wp-content\/uploads\/2012\/08\/DSC02525_thumb.jpg\" width=\"184\" height=\"244\"><\/a>&nbsp;<a href=\"https:\/\/volkerontour.de\/wp-content\/uploads\/2012\/08\/DSC02528.jpg\"><img loading=\"lazy\" decoding=\"async\" style=\"background-image: none; border-right-width: 0px; padding-left: 0px; padding-right: 0px; display: inline; border-top-width: 0px; border-bottom-width: 0px; border-left-width: 0px; padding-top: 0px\" title=\"DSC02528\" border=\"0\" alt=\"DSC02528\" src=\"https:\/\/volkerontour.de\/wp-content\/uploads\/2012\/08\/DSC02528_thumb.jpg\" width=\"244\" height=\"184\"><\/a><\/p>\n<p><a href=\"https:\/\/volkerontour.de\/wp-content\/uploads\/2012\/08\/DSC02529.jpg\"><img loading=\"lazy\" decoding=\"async\" style=\"background-image: none; border-right-width: 0px; padding-left: 0px; padding-right: 0px; display: inline; border-top-width: 0px; border-bottom-width: 0px; border-left-width: 0px; padding-top: 0px\" title=\"DSC02529\" border=\"0\" alt=\"DSC02529\" src=\"https:\/\/volkerontour.de\/wp-content\/uploads\/2012\/08\/DSC02529_thumb.jpg\" width=\"244\" height=\"184\"><\/a>&nbsp;<a href=\"https:\/\/volkerontour.de\/wp-content\/uploads\/2012\/08\/DSC02535.jpg\"><img loading=\"lazy\" decoding=\"async\" style=\"background-image: none; border-right-width: 0px; padding-left: 0px; padding-right: 0px; display: inline; border-top-width: 0px; border-bottom-width: 0px; border-left-width: 0px; padding-top: 0px\" title=\"DSC02535\" border=\"0\" alt=\"DSC02535\" src=\"https:\/\/volkerontour.de\/wp-content\/uploads\/2012\/08\/DSC02535_thumb.jpg\" width=\"244\" height=\"184\"><\/a><\/p>\n<p>Unser n\u00e4chster Stopp war der Mirador de Carmen Alto, wo jeder mal das bei den Peruanern so beliebte K\u00e4se-Kokos-Zimteis probieren durfte. Schmeckte lecker, aber von K\u00e4se hab ich nix gemerkt\u2026 Ist vielleicht auch besser so <img decoding=\"async\" style=\"border-bottom-style: none; border-left-style: none; border-top-style: none; border-right-style: none\" class=\"wlEmoticon wlEmoticon-smile\" alt=\"Smiley\" src=\"https:\/\/volkerontour.de\/wp-content\/uploads\/2012\/08\/wlEmoticon-smile17.png\"> Von diesem Aussichtspunkt aus, hatte man ebenfalls einen tollen Blick auf alle drei Vulkane.<\/p>\n<p><a href=\"https:\/\/volkerontour.de\/wp-content\/uploads\/2012\/08\/DSC02539.jpg\"><img loading=\"lazy\" decoding=\"async\" style=\"background-image: none; border-right-width: 0px; padding-left: 0px; padding-right: 0px; display: inline; border-top-width: 0px; border-bottom-width: 0px; border-left-width: 0px; padding-top: 0px\" title=\"DSC02539\" border=\"0\" alt=\"DSC02539\" src=\"https:\/\/volkerontour.de\/wp-content\/uploads\/2012\/08\/DSC02539_thumb.jpg\" width=\"244\" height=\"184\"><\/a>&nbsp;<a href=\"https:\/\/volkerontour.de\/wp-content\/uploads\/2012\/08\/DSC02541.jpg\"><img loading=\"lazy\" decoding=\"async\" style=\"background-image: none; border-right-width: 0px; margin: 0px; padding-left: 0px; padding-right: 0px; display: inline; border-top-width: 0px; border-bottom-width: 0px; border-left-width: 0px; padding-top: 0px\" title=\"DSC02541\" border=\"0\" alt=\"DSC02541\" src=\"https:\/\/volkerontour.de\/wp-content\/uploads\/2012\/08\/DSC02541_thumb.jpg\" width=\"244\" height=\"184\"><\/a><\/p>\n<p><a href=\"https:\/\/volkerontour.de\/wp-content\/uploads\/2012\/08\/DSC02546.jpg\"><img loading=\"lazy\" decoding=\"async\" style=\"background-image: none; border-right-width: 0px; padding-left: 0px; padding-right: 0px; display: inline; border-top-width: 0px; border-bottom-width: 0px; border-left-width: 0px; padding-top: 0px\" title=\"DSC02546\" border=\"0\" alt=\"DSC02546\" src=\"https:\/\/volkerontour.de\/wp-content\/uploads\/2012\/08\/DSC02546_thumb.jpg\" width=\"244\" height=\"184\"><\/a>&nbsp;<a href=\"https:\/\/volkerontour.de\/wp-content\/uploads\/2012\/08\/DSC02545.jpg\"><img loading=\"lazy\" decoding=\"async\" style=\"background-image: none; border-right-width: 0px; padding-left: 0px; padding-right: 0px; display: inline; border-top-width: 0px; border-bottom-width: 0px; border-left-width: 0px; padding-top: 0px\" title=\"DSC02545\" border=\"0\" alt=\"DSC02545\" src=\"https:\/\/volkerontour.de\/wp-content\/uploads\/2012\/08\/DSC02545_thumb.jpg\" width=\"244\" height=\"184\"><\/a><\/p>\n<p>Nach diesem beeindruckenden Ausblick erhielten wir in einem exklusiven Gesch\u00e4ft f\u00fcr Lama-, Alpaca und Vicunamode ein paar Informationen \u00fcber die Zucht der Tiere und die Herstellung der Produkte. Nebenan im Hof konnte man mehrere Tiere besichtigen\u2026<\/p>\n<p><a href=\"https:\/\/volkerontour.de\/wp-content\/uploads\/2012\/08\/DSC02552.jpg\"><img loading=\"lazy\" decoding=\"async\" style=\"background-image: none; border-right-width: 0px; padding-left: 0px; padding-right: 0px; display: inline; border-top-width: 0px; border-bottom-width: 0px; border-left-width: 0px; padding-top: 0px\" title=\"DSC02552\" border=\"0\" alt=\"DSC02552\" src=\"https:\/\/volkerontour.de\/wp-content\/uploads\/2012\/08\/DSC02552_thumb.jpg\" width=\"244\" height=\"184\"><\/a>&nbsp;<a href=\"https:\/\/volkerontour.de\/wp-content\/uploads\/2012\/08\/DSC02557.jpg\"><img loading=\"lazy\" decoding=\"async\" style=\"background-image: none; border-right-width: 0px; padding-left: 0px; padding-right: 0px; display: inline; border-top-width: 0px; border-bottom-width: 0px; border-left-width: 0px; padding-top: 0px\" title=\"DSC02557\" border=\"0\" alt=\"DSC02557\" src=\"https:\/\/volkerontour.de\/wp-content\/uploads\/2012\/08\/DSC02557_thumb.jpg\" width=\"244\" height=\"184\"><\/a><\/p>\n<p>Yola bat uns beim Vorbeigehen an den Tiergehegen ruhig zu sein, da sich die Tiere eventuell gest\u00f6rt f\u00fchlen oder aggressiv werden k\u00f6nnten\u2026 Als ein Teilnehmer der F\u00fchrung direkt vor dem Guanacogehege auf einmal anfing laut zu lachen gab es direkt eine Spuckattacke des Guanacos, die den Mann aber knapp verfehlte\u2026<\/p>\n<p><a href=\"https:\/\/volkerontour.de\/wp-content\/uploads\/2012\/08\/DSC02553.jpg\"><img loading=\"lazy\" decoding=\"async\" style=\"background-image: none; border-right-width: 0px; padding-left: 0px; padding-right: 0px; display: inline; border-top-width: 0px; border-bottom-width: 0px; border-left-width: 0px; padding-top: 0px\" title=\"DSC02553\" border=\"0\" alt=\"DSC02553\" src=\"https:\/\/volkerontour.de\/wp-content\/uploads\/2012\/08\/DSC02553_thumb.jpg\" width=\"244\" height=\"184\"><\/a><\/p>\n<p>Deutlich weniger vom Gl\u00fcck verfolgt waren aber diese beiden (eigentlich harmlosen und bis dahin noch gut gelaunten) Omis (rechts auf der Bank sitzend).<\/p>\n<p><a href=\"https:\/\/volkerontour.de\/wp-content\/uploads\/2012\/08\/DSC02565.jpg\"><img loading=\"lazy\" decoding=\"async\" style=\"background-image: none; border-right-width: 0px; padding-left: 0px; padding-right: 0px; display: inline; border-top-width: 0px; border-bottom-width: 0px; border-left-width: 0px; padding-top: 0px\" title=\"DSC02565\" border=\"0\" alt=\"DSC02565\" src=\"https:\/\/volkerontour.de\/wp-content\/uploads\/2012\/08\/DSC02565_thumb.jpg\" width=\"244\" height=\"184\"><\/a>. <a href=\"https:\/\/volkerontour.de\/wp-content\/uploads\/2012\/08\/DSC02564.jpg\"><img loading=\"lazy\" decoding=\"async\" style=\"background-image: none; border-right-width: 0px; padding-left: 0px; padding-right: 0px; display: inline; border-top-width: 0px; border-bottom-width: 0px; border-left-width: 0px; padding-top: 0px\" title=\"DSC02564\" border=\"0\" alt=\"DSC02564\" src=\"https:\/\/volkerontour.de\/wp-content\/uploads\/2012\/08\/DSC02564_thumb.jpg\" width=\"244\" height=\"184\"><\/a><\/p>\n<p>Ihre altersbedingen Probleme:<\/p>\n<p>1) Fehlende Grundschnelligkeit zu Fuss<\/p>\n<p>2) Miserables Geh\u00f6r<\/p>\n<p>Also die beiden nun im gem\u00e4chlichen Tempo (Problem 1) und sich laut unterhaltend (Problem 2) am Guanaco vorbeiliefen quittierte dies das mit einer zielsicheren Spuckbreitseite. Die sichtlich erschrockenen und aufgebrachten \u00e4lteren Damen versuchten laut motzend (Problem 2) fluchtartig (im Rahmen Ihrer M\u00f6glichkeiten) (Problem 1) den Bereich \u201cz\u00fcgig\u201d zu verlassen. Leider war das Guanaco schneller und brachte eine weitere Ladung Speichel sicher ins Ziel. Das erboste und ver\u00e4rgerte die eine Omi so sehr, dass sie umdrehte, auf das Guanaco \u201czust\u00fcrmte\u201d um es mit zitternder, aber lauter Stimme wild zu beschimpfen. Nat\u00fcrlich trat das Unvermeidliche ein und es gab prompt die dritte Guanacodusche, dieses mal aber frontal\u2026 ganz bittere Pille <img decoding=\"async\" style=\"border-bottom-style: none; border-left-style: none; border-top-style: none; border-right-style: none\" class=\"wlEmoticon wlEmoticon-smile\" alt=\"Smiley\" src=\"https:\/\/volkerontour.de\/wp-content\/uploads\/2012\/08\/wlEmoticon-smile17.png\">, aber saulustig\u2026 nunja, die Dame hat es gl\u00fccklicherweise \u00fcberlebt und konnte nach einem l\u00e4ngeren Aufenthalt auf der Toilette auch wieder lachen\u2026<\/p>\n<p>Die letzte halbe Stunde dieser sch\u00f6nen und abwechslungsreichen Rundfahrt fand ein wenig ausserhalb der Stadt bei beginnendem Sonnenuntergang statt\u2026 war ein gelungener Abschluss.<\/p>\n<p><a href=\"https:\/\/volkerontour.de\/wp-content\/uploads\/2012\/08\/DSC02559.jpg\"><img loading=\"lazy\" decoding=\"async\" style=\"background-image: none; border-right-width: 0px; padding-left: 0px; padding-right: 0px; display: inline; border-top-width: 0px; border-bottom-width: 0px; border-left-width: 0px; padding-top: 0px\" title=\"DSC02559\" border=\"0\" alt=\"DSC02559\" src=\"https:\/\/volkerontour.de\/wp-content\/uploads\/2012\/08\/DSC02559_thumb.jpg\" width=\"244\" height=\"184\"><\/a>&nbsp;<a href=\"https:\/\/volkerontour.de\/wp-content\/uploads\/2012\/08\/DSC02572.jpg\"><img loading=\"lazy\" decoding=\"async\" style=\"background-image: none; border-right-width: 0px; padding-left: 0px; padding-right: 0px; display: inline; border-top-width: 0px; border-bottom-width: 0px; border-left-width: 0px; padding-top: 0px\" title=\"DSC02572\" border=\"0\" alt=\"DSC02572\" src=\"https:\/\/volkerontour.de\/wp-content\/uploads\/2012\/08\/DSC02572_thumb.jpg\" width=\"244\" height=\"184\"><\/a><\/p>\n<p>Gegen 18:30 Uhr war ich dann wieder am Hotel. Die Zeit reichte noch wunderbar um ein kleines Abendessen mit den Australiern einzunehmen und ein paar Getr\u00e4nke und Snacks f\u00fcr die lange Nachtbusfahrt nach Nasca zu besorgen. Um 20:30 Uhr ging dann die lange Fahrt in unserem Komfortbus mit Stewardess, Bewirtung und WiFi los\u2026 Ich werde jetzt mal die Liegesitze testen und schau ob ich n Auge zumachen kann\u2026<\/p>\n<p>Mal wieder verschlafene Gr\u00fcsse in die Heimat und bis morgen! <img decoding=\"async\" style=\"border-bottom-style: none; border-left-style: none; border-top-style: none; border-right-style: none\" class=\"wlEmoticon wlEmoticon-smile\" alt=\"Smiley\" src=\"https:\/\/volkerontour.de\/wp-content\/uploads\/2012\/08\/wlEmoticon-smile17.png\"><\/p>\n","protected":false},"excerpt":{"rendered":"<p>Freitag, 17.08.: Unser freier Tag in Arequipa stand also heute an\u2026 da hiess f\u00fcr uns endlich mal ausschlafen Nach unserer Partynacht gestern hatten das auch alle ziemlich n\u00f6tig\u2026 Da das Fr\u00fchst\u00fcck im Hotel ziemlich schlecht war entschieden wir uns an &hellip; <a href=\"https:\/\/volkerontour.de\/?p=1400\">Weiterlesen <span class=\"meta-nav\">&rarr;<\/span><\/a><\/p>\n","protected":false},"author":3,"featured_media":0,"comment_status":"closed","ping_status":"open","sticky":false,"template":"","format":"standard","meta":{"footnotes":""},"categories":[1],"tags":[],"class_list":["post-1400","post","type-post","status-publish","format-standard","hentry","category-uncategorized"],"_links":{"self":[{"href":"https:\/\/volkerontour.de\/index.php?rest_route=\/wp\/v2\/posts\/1400","targetHints":{"allow":["GET"]}}],"collection":[{"href":"https:\/\/volkerontour.de\/index.php?rest_route=\/wp\/v2\/posts"}],"about":[{"href":"https:\/\/volkerontour.de\/index.php?rest_route=\/wp\/v2\/types\/post"}],"author":[{"embeddable":true,"href":"https:\/\/volkerontour.de\/index.php?rest_route=\/wp\/v2\/users\/3"}],"replies":[{"embeddable":true,"href":"https:\/\/volkerontour.de\/index.php?rest_route=%2Fwp%2Fv2%2Fcomments&post=1400"}],"version-history":[{"count":0,"href":"https:\/\/volkerontour.de\/index.php?rest_route=\/wp\/v2\/posts\/1400\/revisions"}],"wp:attachment":[{"href":"https:\/\/volkerontour.de\/index.php?rest_route=%2Fwp%2Fv2%2Fmedia&parent=1400"}],"wp:term":[{"taxonomy":"category","embeddable":true,"href":"https:\/\/volkerontour.de\/index.php?rest_route=%2Fwp%2Fv2%2Fcategories&post=1400"},{"taxonomy":"post_tag","embeddable":true,"href":"https:\/\/volkerontour.de\/index.php?rest_route=%2Fwp%2Fv2%2Ftags&post=1400"}],"curies":[{"name":"wp","href":"https:\/\/api.w.org\/{rel}","templated":true}]}}