{"id":1461,"date":"2012-08-19T05:16:06","date_gmt":"2012-08-19T05:16:06","guid":{"rendered":"http:\/\/volkerontour.de\/?p=1461"},"modified":"2012-08-19T05:16:06","modified_gmt":"2012-08-19T05:16:06","slug":"tag-28-nasca","status":"publish","type":"post","link":"https:\/\/volkerontour.de\/?p=1461","title":{"rendered":"Tag 28: Nasca"},"content":{"rendered":"<p>Samstag, 18.08.: Eine lange Nachtfahrt liegt hinter uns, aber nach 10 Stunden in unserem komfortablen Nachtbus erreichten wir unser Ziel in Nasca (unscheinbare Stadt mit etwa 35000 Einwohnern) gegen sieben Uhr morgens. Unser Hotel (San Marcelo) lag ein wenig ausserhalb, ist einfach gehalten, aber wirklich in Ordnung. Und das erste mal hatten wir sogar einen hoteleigenen Pool <img decoding=\"async\" style=\"border-bottom-style: none; border-left-style: none; border-top-style: none; border-right-style: none\" class=\"wlEmoticon wlEmoticon-smile\" alt=\"Smiley\" src=\"https:\/\/volkerontour.de\/wp-content\/uploads\/2012\/08\/wlEmoticon-smile18.png\"><\/p>\n<p><a href=\"https:\/\/volkerontour.de\/wp-content\/uploads\/2012\/08\/DSC02579.jpg\"><img loading=\"lazy\" decoding=\"async\" style=\"background-image: none; border-bottom: 0px; border-left: 0px; padding-left: 0px; padding-right: 0px; display: inline; border-top: 0px; border-right: 0px; padding-top: 0px\" title=\"DSC02579\" border=\"0\" alt=\"DSC02579\" src=\"https:\/\/volkerontour.de\/wp-content\/uploads\/2012\/08\/DSC02579_thumb.jpg\" width=\"244\" height=\"184\"><\/a>&nbsp;<a href=\"https:\/\/volkerontour.de\/wp-content\/uploads\/2012\/08\/DSC02630.jpg\"><img loading=\"lazy\" decoding=\"async\" style=\"background-image: none; border-bottom: 0px; border-left: 0px; padding-left: 0px; padding-right: 0px; display: inline; border-top: 0px; border-right: 0px; padding-top: 0px\" title=\"DSC02630\" border=\"0\" alt=\"DSC02630\" src=\"https:\/\/volkerontour.de\/wp-content\/uploads\/2012\/08\/DSC02630_thumb.jpg\" width=\"244\" height=\"184\"><\/a><\/p>\n<p>Nach einem schnellen Fr\u00fchst\u00fcck starteten wir mit unserer Tour durch die Umgebung. Unser erstes Ziel war dabei ein ausserhalb gelegener Friedhof\u2026 war ein bisschen merkw\u00fcrdig (mitten in der W\u00fcste und die Gr\u00e4ber offen), aber mal interessant zu sehen\u2026<\/p>\n<p><a href=\"https:\/\/volkerontour.de\/wp-content\/uploads\/2012\/08\/DSC02583.jpg\"><img loading=\"lazy\" decoding=\"async\" style=\"background-image: none; border-bottom: 0px; border-left: 0px; padding-left: 0px; padding-right: 0px; display: inline; border-top: 0px; border-right: 0px; padding-top: 0px\" title=\"DSC02583\" border=\"0\" alt=\"DSC02583\" src=\"https:\/\/volkerontour.de\/wp-content\/uploads\/2012\/08\/DSC02583_thumb.jpg\" width=\"244\" height=\"184\"><\/a>&nbsp;<a href=\"https:\/\/volkerontour.de\/wp-content\/uploads\/2012\/08\/DSC02586.jpg\"><img loading=\"lazy\" decoding=\"async\" style=\"background-image: none; border-bottom: 0px; border-left: 0px; padding-left: 0px; padding-right: 0px; display: inline; border-top: 0px; border-right: 0px; padding-top: 0px\" title=\"DSC02586\" border=\"0\" alt=\"DSC02586\" src=\"https:\/\/volkerontour.de\/wp-content\/uploads\/2012\/08\/DSC02586_thumb.jpg\" width=\"244\" height=\"184\"><\/a><\/p>\n<p><a href=\"https:\/\/volkerontour.de\/wp-content\/uploads\/2012\/08\/DSC02584.jpg\"><img loading=\"lazy\" decoding=\"async\" style=\"background-image: none; border-bottom: 0px; border-left: 0px; padding-left: 0px; padding-right: 0px; display: inline; border-top: 0px; border-right: 0px; padding-top: 0px\" title=\"DSC02584\" border=\"0\" alt=\"DSC02584\" src=\"https:\/\/volkerontour.de\/wp-content\/uploads\/2012\/08\/DSC02584_thumb.jpg\" width=\"244\" height=\"184\"><\/a>&nbsp;<a href=\"https:\/\/volkerontour.de\/wp-content\/uploads\/2012\/08\/DSC02585.jpg\"><img loading=\"lazy\" decoding=\"async\" style=\"background-image: none; border-bottom: 0px; border-left: 0px; padding-left: 0px; padding-right: 0px; display: inline; border-top: 0px; border-right: 0px; padding-top: 0px\" title=\"DSC02585\" border=\"0\" alt=\"DSC02585\" src=\"https:\/\/volkerontour.de\/wp-content\/uploads\/2012\/08\/DSC02585_thumb.jpg\" width=\"244\" height=\"184\"><\/a><\/p>\n<p>Wir fuhren weiter in die Stadt und besuchten eine T\u00f6pferei\u2026 war (gl\u00fccklicherweise <img decoding=\"async\" style=\"border-bottom-style: none; border-left-style: none; border-top-style: none; border-right-style: none\" class=\"wlEmoticon wlEmoticon-winkingsmile\" alt=\"Zwinkerndes Smiley\" src=\"https:\/\/volkerontour.de\/wp-content\/uploads\/2012\/08\/wlEmoticon-winkingsmile4.png\">) auch keine zu lange Sache\u2026 aber der T\u00f6pfer war sehr stylisch und geduldig mit uns.<\/p>\n<p><a href=\"https:\/\/volkerontour.de\/wp-content\/uploads\/2012\/08\/DSC02590.jpg\"><img loading=\"lazy\" decoding=\"async\" style=\"background-image: none; border-bottom: 0px; border-left: 0px; padding-left: 0px; padding-right: 0px; display: inline; border-top: 0px; border-right: 0px; padding-top: 0px\" title=\"DSC02590\" border=\"0\" alt=\"DSC02590\" src=\"https:\/\/volkerontour.de\/wp-content\/uploads\/2012\/08\/DSC02590_thumb.jpg\" width=\"244\" height=\"184\"><\/a><\/p>\n<p>Die Innenstadt von Nasca gibt wirklich gar nichts her. Hier und da ein paar kleinere L\u00e4den und Restaurants, aber alles sehr unspektakul\u00e4r, sogar der Plaza des Armes (Main Square)\u2026 Shanks und ich machten aber trotzdem mal ein paar \u201cI was there\u201d-Fotos.<\/p>\n<p><a href=\"https:\/\/volkerontour.de\/wp-content\/uploads\/2012\/08\/DSC02591.jpg\"><img loading=\"lazy\" decoding=\"async\" style=\"background-image: none; border-bottom: 0px; border-left: 0px; padding-left: 0px; padding-right: 0px; display: inline; border-top: 0px; border-right: 0px; padding-top: 0px\" title=\"DSC02591\" border=\"0\" alt=\"DSC02591\" src=\"https:\/\/volkerontour.de\/wp-content\/uploads\/2012\/08\/DSC02591_thumb.jpg\" width=\"244\" height=\"184\"><\/a>&nbsp;<a href=\"https:\/\/volkerontour.de\/wp-content\/uploads\/2012\/08\/DSC02592.jpg\"><img loading=\"lazy\" decoding=\"async\" style=\"background-image: none; border-bottom: 0px; border-left: 0px; padding-left: 0px; padding-right: 0px; display: inline; border-top: 0px; border-right: 0px; padding-top: 0px\" title=\"DSC02592\" border=\"0\" alt=\"DSC02592\" src=\"https:\/\/volkerontour.de\/wp-content\/uploads\/2012\/08\/DSC02592_thumb.jpg\" width=\"244\" height=\"184\"><\/a><\/p>\n<p>Um 14 Uhr wurden dann Anita, Michelle, Shanks und ich abgeholt und zum Flughafen gefahren. Eines der Highlights des Urlaubs stand an: Die Besichtigung der Nasca Lines.<\/p>\n<p>Bei den weltber\u00fchmten Linien von Nasca handelt es sich um etwa 1000 Jahre alte Geoglyphen, die aus der Bodenperspektive nicht mehr als Wege zu sein scheinen, aus der Luft gesehen aber die Umrisse von z.B Tieren, Pflanzen und anderen Figuren zeigen. Die Figuren sind teilweise bis 300m Meter lang. Das ganze Gebiet der Linien umfasst etwa 700km\u00b2. Fast alle Figuren sind nur aus der Luft zu besichtigen, da das Gel\u00e4nde abgesperrt und rund um die Uhr bewacht wird. Voller Vorfreude versammelten wir uns also p\u00fcnktlich um 14.30 Uhr zu unserem Rundflug \u00fcber diese geschichtstr\u00e4chtigen Figuren.<\/p>\n<p><a href=\"https:\/\/volkerontour.de\/wp-content\/uploads\/2012\/08\/DSC02594.jpg\"><img loading=\"lazy\" decoding=\"async\" style=\"background-image: none; border-bottom: 0px; border-left: 0px; padding-left: 0px; padding-right: 0px; display: inline; border-top: 0px; border-right: 0px; padding-top: 0px\" title=\"DSC02594\" border=\"0\" alt=\"DSC02594\" src=\"https:\/\/volkerontour.de\/wp-content\/uploads\/2012\/08\/DSC02594_thumb.jpg\" width=\"244\" height=\"184\"><\/a>&nbsp;<a href=\"https:\/\/volkerontour.de\/wp-content\/uploads\/2012\/08\/DSC02599.jpg\"><img loading=\"lazy\" decoding=\"async\" style=\"background-image: none; border-bottom: 0px; border-left: 0px; padding-left: 0px; padding-right: 0px; display: inline; border-top: 0px; border-right: 0px; padding-top: 0px\" title=\"DSC02599\" border=\"0\" alt=\"DSC02599\" src=\"https:\/\/volkerontour.de\/wp-content\/uploads\/2012\/08\/DSC02599_thumb.jpg\" width=\"244\" height=\"184\"><\/a><\/p>\n<p>In unserem kleinen Flieger war genau Platz f\u00fcr vier Passagiere, den Co-Pilot und unseren Flugkapit\u00e4n und gleichzeitigen Guide Julio\u2026<\/p>\n<p><a href=\"https:\/\/volkerontour.de\/wp-content\/uploads\/2012\/08\/DSC02600.jpg\"><img loading=\"lazy\" decoding=\"async\" style=\"background-image: none; border-bottom: 0px; border-left: 0px; padding-left: 0px; padding-right: 0px; display: inline; border-top: 0px; border-right: 0px; padding-top: 0px\" title=\"DSC02600\" border=\"0\" alt=\"DSC02600\" src=\"https:\/\/volkerontour.de\/wp-content\/uploads\/2012\/08\/DSC02600_thumb.jpg\" width=\"244\" height=\"184\"><\/a>&nbsp;<a href=\"https:\/\/volkerontour.de\/wp-content\/uploads\/2012\/08\/DSC02596.jpg\"><img loading=\"lazy\" decoding=\"async\" style=\"background-image: none; border-bottom: 0px; border-left: 0px; padding-left: 0px; padding-right: 0px; display: inline; border-top: 0px; border-right: 0px; padding-top: 0px\" title=\"DSC02596\" border=\"0\" alt=\"DSC02596\" src=\"https:\/\/volkerontour.de\/wp-content\/uploads\/2012\/08\/DSC02596_thumb.jpg\" width=\"244\" height=\"184\"><\/a><\/p>\n<p><a href=\"https:\/\/volkerontour.de\/wp-content\/uploads\/2012\/08\/DSC02601.jpg\"><img loading=\"lazy\" decoding=\"async\" style=\"background-image: none; border-bottom: 0px; border-left: 0px; padding-left: 0px; padding-right: 0px; display: inline; border-top: 0px; border-right: 0px; padding-top: 0px\" title=\"DSC02601\" border=\"0\" alt=\"DSC02601\" src=\"https:\/\/volkerontour.de\/wp-content\/uploads\/2012\/08\/DSC02601_thumb.jpg\" width=\"244\" height=\"184\"><\/a>&nbsp;<a href=\"https:\/\/volkerontour.de\/wp-content\/uploads\/2012\/08\/DSC02605.jpg\"><img loading=\"lazy\" decoding=\"async\" style=\"background-image: none; border-bottom: 0px; border-left: 0px; padding-left: 0px; padding-right: 0px; display: inline; border-top: 0px; border-right: 0px; padding-top: 0px\" title=\"DSC02605\" border=\"0\" alt=\"DSC02605\" src=\"https:\/\/volkerontour.de\/wp-content\/uploads\/2012\/08\/DSC02605_thumb.jpg\" width=\"244\" height=\"184\"><\/a><\/p>\n<p>Und los gings: Geplante Flugzeit waren etwa 30-40 Minuten. Die Route sah dann ungef\u00e4hr so aus:<\/p>\n<p><a href=\"https:\/\/volkerontour.de\/wp-content\/uploads\/2012\/08\/aero-palcazu-back.jpg\"><img loading=\"lazy\" decoding=\"async\" style=\"background-image: none; border-bottom: 0px; border-left: 0px; padding-left: 0px; padding-right: 0px; display: inline; border-top: 0px; border-right: 0px; padding-top: 0px\" title=\"aero-palcazu-back\" border=\"0\" alt=\"aero-palcazu-back\" src=\"https:\/\/volkerontour.de\/wp-content\/uploads\/2012\/08\/aero-palcazu-back_thumb.jpg\" width=\"182\" height=\"244\"><\/a><\/p>\n<p>Insgesamt sollten wir in dieser Zeit also etwa 12-15 Figuren zu sehen bekommen. Wir waren gespannt, da wir uns das alles im Vorhinein nicht so wirklich vorstellen konnten\u2026 Eins vorweg: Ich habe zwar alle Figuren gesehen, teilweise muss man aber schon sehr genau hinsehen, da der Farbkontrast zwischen Linien und Hintergrund hier und da minimal ist\u2026 aber seht selbst\u2026 Von vorne: Wahl, Astronaut, Kolibri, Spinne, H\u00e4nde. Das letzte Bild (Baum und H\u00e4nde) zeigt die einzigen beiden Figuren, die man ohne Rundflug (von einem kleinen Turm aus) besichtigen kann (ganz oben am Bildrand).<\/p>\n<p><a href=\"https:\/\/volkerontour.de\/wp-content\/uploads\/2012\/08\/IMG_9236.jpg\"><img loading=\"lazy\" decoding=\"async\" style=\"background-image: none; border-bottom: 0px; border-left: 0px; padding-left: 0px; padding-right: 0px; display: inline; border-top: 0px; border-right: 0px; padding-top: 0px\" title=\"IMG_9236\" border=\"0\" alt=\"IMG_9236\" src=\"https:\/\/volkerontour.de\/wp-content\/uploads\/2012\/08\/IMG_9236_thumb.jpg\" width=\"244\" height=\"164\"><\/a>&nbsp;<a href=\"https:\/\/volkerontour.de\/wp-content\/uploads\/2012\/08\/IMG_9241.jpg\"><img loading=\"lazy\" decoding=\"async\" style=\"background-image: none; border-bottom: 0px; border-left: 0px; padding-left: 0px; padding-right: 0px; display: inline; border-top: 0px; border-right: 0px; padding-top: 0px\" title=\"IMG_9241\" border=\"0\" alt=\"IMG_9241\" src=\"https:\/\/volkerontour.de\/wp-content\/uploads\/2012\/08\/IMG_9241_thumb.jpg\" width=\"164\" height=\"244\"><\/a><\/p>\n<p><a href=\"https:\/\/volkerontour.de\/wp-content\/uploads\/2012\/08\/IMG_9243.jpg\"><img loading=\"lazy\" decoding=\"async\" style=\"background-image: none; border-bottom: 0px; border-left: 0px; padding-left: 0px; padding-right: 0px; display: inline; border-top: 0px; border-right: 0px; padding-top: 0px\" title=\"IMG_9243\" border=\"0\" alt=\"IMG_9243\" src=\"https:\/\/volkerontour.de\/wp-content\/uploads\/2012\/08\/IMG_9243_thumb.jpg\" width=\"244\" height=\"164\"><\/a>&nbsp;<a href=\"https:\/\/volkerontour.de\/wp-content\/uploads\/2012\/08\/IMG_9245.jpg\"><img loading=\"lazy\" decoding=\"async\" style=\"background-image: none; border-bottom: 0px; border-left: 0px; padding-left: 0px; padding-right: 0px; display: inline; border-top: 0px; border-right: 0px; padding-top: 0px\" title=\"IMG_9245\" border=\"0\" alt=\"IMG_9245\" src=\"https:\/\/volkerontour.de\/wp-content\/uploads\/2012\/08\/IMG_9245_thumb.jpg\" width=\"244\" height=\"164\"><\/a><\/p>\n<p><a href=\"https:\/\/volkerontour.de\/wp-content\/uploads\/2012\/08\/IMG_9252.jpg\"><img loading=\"lazy\" decoding=\"async\" style=\"background-image: none; border-bottom: 0px; border-left: 0px; padding-left: 0px; padding-right: 0px; display: inline; border-top: 0px; border-right: 0px; padding-top: 0px\" title=\"IMG_9252\" border=\"0\" alt=\"IMG_9252\" src=\"https:\/\/volkerontour.de\/wp-content\/uploads\/2012\/08\/IMG_9252_thumb.jpg\" width=\"244\" height=\"164\"><\/a>&nbsp;<a href=\"https:\/\/volkerontour.de\/wp-content\/uploads\/2012\/08\/DSC02623.jpg\"><img loading=\"lazy\" decoding=\"async\" style=\"background-image: none; border-bottom: 0px; border-left: 0px; padding-left: 0px; padding-right: 0px; display: inline; border-top: 0px; border-right: 0px; padding-top: 0px\" title=\"DSC02623\" border=\"0\" alt=\"DSC02623\" src=\"https:\/\/volkerontour.de\/wp-content\/uploads\/2012\/08\/DSC02623_thumb.jpg\" width=\"244\" height=\"184\"><\/a><\/p>\n<p>Auf den Fotos kommen die Dimensionen leider nicht so wirklich r\u00fcber, im Flugzeug war das schon beeindruckend. Der Kolibri ist z.B. fast 100m lang! Zu den Bildern gabs auch noch sch\u00f6ne Natur zu sehen:<\/p>\n<p><a href=\"https:\/\/volkerontour.de\/wp-content\/uploads\/2012\/08\/DSC02610.jpg\"><img loading=\"lazy\" decoding=\"async\" style=\"background-image: none; border-bottom: 0px; border-left: 0px; margin: 0px; padding-left: 0px; padding-right: 0px; display: inline; border-top: 0px; border-right: 0px; padding-top: 0px\" title=\"DSC02610\" border=\"0\" alt=\"DSC02610\" src=\"https:\/\/volkerontour.de\/wp-content\/uploads\/2012\/08\/DSC02610_thumb.jpg\" width=\"244\" height=\"184\"><\/a>&nbsp;<a href=\"https:\/\/volkerontour.de\/wp-content\/uploads\/2012\/08\/DSC02615.jpg\"><img loading=\"lazy\" decoding=\"async\" style=\"background-image: none; border-bottom: 0px; border-left: 0px; padding-left: 0px; padding-right: 0px; display: inline; border-top: 0px; border-right: 0px; padding-top: 0px\" title=\"DSC02615\" border=\"0\" alt=\"DSC02615\" src=\"https:\/\/volkerontour.de\/wp-content\/uploads\/2012\/08\/DSC02615_thumb.jpg\" width=\"244\" height=\"184\"><\/a><\/p>\n<p>War wirklich ein beeindruckender Flug. Dadurch, dass es ein wenig windig und unsere Maschine ziemlich klein war, hat es schon ab und zu ordentlich gewackelt, was dazu gef\u00fchrt hat, dass sich Anita auch ein-, zweimal \u00fcbergeben musste. Dazu wurde jeder Figur von beiden Seiten aus, und in geh\u00f6riger Seitenlage (damit man auch alles sch\u00f6n sieht) angeflogen\u2026 ist aber auf jeden Fall witzig in so einer kleinen Maschine\u2026 und im Endeffekt haben es alle gut \u00fcberstanden und waren froh, den Flug gebucht zu haben.<\/p>\n<p><a href=\"https:\/\/volkerontour.de\/wp-content\/uploads\/2012\/08\/DSC02627.jpg\"><img loading=\"lazy\" decoding=\"async\" style=\"background-image: none; border-bottom: 0px; border-left: 0px; padding-left: 0px; padding-right: 0px; display: inline; border-top: 0px; border-right: 0px; padding-top: 0px\" title=\"DSC02627\" border=\"0\" alt=\"DSC02627\" src=\"https:\/\/volkerontour.de\/wp-content\/uploads\/2012\/08\/DSC02627_thumb.jpg\" width=\"244\" height=\"184\"><\/a><\/p>\n<p>Zur\u00fcck im Hotel lagen alle \u201cNicht-Flieger\u201d schon faul am Pool rum\u2026 Wir gesellten uns f\u00fcr zwei St\u00fcndchen dazu\u2026<\/p>\n<p><a href=\"https:\/\/volkerontour.de\/wp-content\/uploads\/2012\/08\/DSC02639.jpg\"><img loading=\"lazy\" decoding=\"async\" style=\"background-image: none; border-bottom: 0px; border-left: 0px; padding-left: 0px; padding-right: 0px; display: inline; border-top: 0px; border-right: 0px; padding-top: 0px\" title=\"DSC02639\" border=\"0\" alt=\"DSC02639\" src=\"https:\/\/volkerontour.de\/wp-content\/uploads\/2012\/08\/DSC02639_thumb.jpg\" width=\"244\" height=\"184\"><\/a><a href=\"https:\/\/volkerontour.de\/wp-content\/uploads\/2012\/08\/DSC02634.jpg\"><img loading=\"lazy\" decoding=\"async\" style=\"background-image: none; border-bottom: 0px; border-left: 0px; padding-left: 0px; padding-right: 0px; display: inline; border-top: 0px; border-right: 0px; padding-top: 0px\" title=\"DSC02634\" border=\"0\" alt=\"DSC02634\" src=\"https:\/\/volkerontour.de\/wp-content\/uploads\/2012\/08\/DSC02634_thumb.jpg\" width=\"244\" height=\"184\"><\/a><\/p>\n<p>\u2026bevor wir dann abends in ein nahegelegenes Hotel fuhren um uns in einem kleinen Planetarium einen Vortrag \u00fcber die Entstehung der Nasca Linien anzuh\u00f6ren. War sehr informativ und am Ende durfte jeder noch durch ein Teleskop den gerade sehr nahen Saturn (war super zu erkennen mit seinen Ringen) ansehen\u2026<\/p>\n<p><a href=\"https:\/\/volkerontour.de\/wp-content\/uploads\/2012\/08\/DSC02640.jpg\"><img loading=\"lazy\" decoding=\"async\" style=\"background-image: none; border-bottom: 0px; border-left: 0px; padding-left: 0px; padding-right: 0px; display: inline; border-top: 0px; border-right: 0px; padding-top: 0px\" title=\"DSC02640\" border=\"0\" alt=\"DSC02640\" src=\"https:\/\/volkerontour.de\/wp-content\/uploads\/2012\/08\/DSC02640_thumb.jpg\" width=\"244\" height=\"184\"><\/a>&nbsp;<a href=\"https:\/\/volkerontour.de\/wp-content\/uploads\/2012\/08\/DSC02642.jpg\"><img loading=\"lazy\" decoding=\"async\" style=\"background-image: none; border-bottom: 0px; border-left: 0px; padding-left: 0px; padding-right: 0px; display: inline; border-top: 0px; border-right: 0px; padding-top: 0px\" title=\"DSC02642\" border=\"0\" alt=\"DSC02642\" src=\"https:\/\/volkerontour.de\/wp-content\/uploads\/2012\/08\/DSC02642_thumb.jpg\" width=\"244\" height=\"184\"><\/a><\/p>\n<p>Im Hotel gabs dann noch ein gem\u00fctliches Abendessen und eine sehr lustige Kartenrunde\u2026 <img decoding=\"async\" style=\"border-bottom-style: none; border-left-style: none; border-top-style: none; border-right-style: none\" class=\"wlEmoticon wlEmoticon-smile\" alt=\"Smiley\" src=\"https:\/\/volkerontour.de\/wp-content\/uploads\/2012\/08\/wlEmoticon-smile18.png\"> Morgen k\u00f6nnen wir mal wieder ein bisschen l\u00e4nger schlafen bevor wir dann schon langsam Richtung Pisco und Lima aufbrechen\u2026 <\/p>\n<p>Mir gehts weiterhin super\u2026 war ein toller Tag heute\u2026 der Flug war wirklich ein absolutes Highlight\u2026<\/p>\n<p>Ich verabschiede mich mal wieder bis morgen (sofern in Pisco W-Lan auffindbar ist <img decoding=\"async\" style=\"border-bottom-style: none; border-left-style: none; border-top-style: none; border-right-style: none\" class=\"wlEmoticon wlEmoticon-smile\" alt=\"Smiley\" src=\"https:\/\/volkerontour.de\/wp-content\/uploads\/2012\/08\/wlEmoticon-smile18.png\">). Gute Nacht!<\/p>\n","protected":false},"excerpt":{"rendered":"<p>Samstag, 18.08.: Eine lange Nachtfahrt liegt hinter uns, aber nach 10 Stunden in unserem komfortablen Nachtbus erreichten wir unser Ziel in Nasca (unscheinbare Stadt mit etwa 35000 Einwohnern) gegen sieben Uhr morgens. Unser Hotel (San Marcelo) lag ein wenig ausserhalb, &hellip; <a href=\"https:\/\/volkerontour.de\/?p=1461\">Weiterlesen <span class=\"meta-nav\">&rarr;<\/span><\/a><\/p>\n","protected":false},"author":3,"featured_media":0,"comment_status":"closed","ping_status":"open","sticky":false,"template":"","format":"standard","meta":{"footnotes":""},"categories":[1],"tags":[],"class_list":["post-1461","post","type-post","status-publish","format-standard","hentry","category-uncategorized"],"_links":{"self":[{"href":"https:\/\/volkerontour.de\/index.php?rest_route=\/wp\/v2\/posts\/1461","targetHints":{"allow":["GET"]}}],"collection":[{"href":"https:\/\/volkerontour.de\/index.php?rest_route=\/wp\/v2\/posts"}],"about":[{"href":"https:\/\/volkerontour.de\/index.php?rest_route=\/wp\/v2\/types\/post"}],"author":[{"embeddable":true,"href":"https:\/\/volkerontour.de\/index.php?rest_route=\/wp\/v2\/users\/3"}],"replies":[{"embeddable":true,"href":"https:\/\/volkerontour.de\/index.php?rest_route=%2Fwp%2Fv2%2Fcomments&post=1461"}],"version-history":[{"count":0,"href":"https:\/\/volkerontour.de\/index.php?rest_route=\/wp\/v2\/posts\/1461\/revisions"}],"wp:attachment":[{"href":"https:\/\/volkerontour.de\/index.php?rest_route=%2Fwp%2Fv2%2Fmedia&parent=1461"}],"wp:term":[{"taxonomy":"category","embeddable":true,"href":"https:\/\/volkerontour.de\/index.php?rest_route=%2Fwp%2Fv2%2Fcategories&post=1461"},{"taxonomy":"post_tag","embeddable":true,"href":"https:\/\/volkerontour.de\/index.php?rest_route=%2Fwp%2Fv2%2Ftags&post=1461"}],"curies":[{"name":"wp","href":"https:\/\/api.w.org\/{rel}","templated":true}]}}