{"id":14685,"date":"2016-08-31T22:06:54","date_gmt":"2016-08-31T22:06:54","guid":{"rendered":"http:\/\/volkerontour.de\/?p=14685"},"modified":"2016-08-31T22:06:54","modified_gmt":"2016-08-31T22:06:54","slug":"die-tour-in-der-bersicht","status":"publish","type":"post","link":"https:\/\/volkerontour.de\/?p=14685","title":{"rendered":"Die Tour in der &Uuml;bersicht"},"content":{"rendered":"<p>01.09.: Hallo mal wieder an alle treuen Leser meines kleinen Urlaubsblogs <img decoding=\"async\" class=\"wlEmoticon wlEmoticon-smile\" style=\"border-top-style: none; border-left-style: none; border-bottom-style: none; border-right-style: none\" alt=\"Smiley\" src=\"https:\/\/volkerontour.de\/wp-content\/uploads\/2016\/08\/wlEmoticon-smile.png\"> Es ist wieder soweit, die n\u00e4chste Reise steht an. Dieses mal habe ich jedoch keinen langen Flug auf einen anderen Kontinent mit ordentlichem Jetlag und komplett anderem Klima vor mir. Eine einw\u00f6chige Wandertour durch das sch\u00f6ne Th\u00fcringen steht auf dem Programm, genauer gesagt werde ich den Grossteil des Rennsteigweges (insgesamt etwa 135km) aufgeteilt auf sechs Etappen zu Fuss zur\u00fccklegen.<\/p>\n<p><a href=\"https:\/\/volkerontour.de\/wp-content\/uploads\/2016\/08\/Rennsteig.jpg\"><img loading=\"lazy\" decoding=\"async\" title=\"Rennsteig\" style=\"border-top: 0px; border-right: 0px; background-image: none; border-bottom: 0px; padding-top: 0px; padding-left: 0px; border-left: 0px; display: inline; padding-right: 0px\" border=\"0\" alt=\"Rennsteig\" src=\"https:\/\/volkerontour.de\/wp-content\/uploads\/2016\/08\/Rennsteig_thumb.jpg\" width=\"184\" height=\"244\"><\/a><\/p>\n<p>Der Rennsteig ist ein insgesamt etwa 170km langer Kammweg, sowie ein historischer Grenzweg im Th\u00fcringer Wald, Th\u00fcringer Schiefergebirge und Frankenwald. Mit \u00fcber 100000 Wanderern j\u00e4hrlich ist er der meistbegangene und \u00e4lteste Weitwanderweg Deutschlands. Er f\u00fchrt von Blankenstein bis zum Eisenacher Stadtteil H\u00f6rschel.<\/p>\n<p><a href=\"https:\/\/volkerontour.de\/wp-content\/uploads\/2016\/08\/Uebersichtskarte_Rennsteig.jpg\"><img loading=\"lazy\" decoding=\"async\" title=\"Uebersichtskarte_Rennsteig\" style=\"border-top: 0px; border-right: 0px; background-image: none; border-bottom: 0px; padding-top: 0px; padding-left: 0px; border-left: 0px; display: inline; padding-right: 0px\" border=\"0\" alt=\"Uebersichtskarte_Rennsteig\" src=\"https:\/\/volkerontour.de\/wp-content\/uploads\/2016\/08\/Uebersichtskarte_Rennsteig_thumb.jpg\" width=\"244\" height=\"107\"><\/a><\/p>\n<p>Im Vergleich zu meinen sonstigen Reisen wird mich auf der Tour nur eine Person begleiten, n\u00e4mlich mein Vater (im folgenden \u201cder Karli\u201d genannt). Als geb\u00fcrtiger Th\u00fcringer ist f\u00fcr ihn die Wanderung also eine Art Heimspiel und Herzensangelegenheit. <img decoding=\"async\" class=\"wlEmoticon wlEmoticon-smile\" style=\"border-top-style: none; border-left-style: none; border-bottom-style: none; border-right-style: none\" alt=\"Smiley\" src=\"https:\/\/volkerontour.de\/wp-content\/uploads\/2016\/08\/wlEmoticon-smile.png\"><\/p>\n<p><a href=\"https:\/\/volkerontour.de\/wp-content\/uploads\/2016\/08\/IMG_5478.jpg\"><img loading=\"lazy\" decoding=\"async\" title=\"IMG_5478\" style=\"border-top: 0px; border-right: 0px; background-image: none; border-bottom: 0px; padding-top: 0px; padding-left: 0px; border-left: 0px; display: inline; padding-right: 0px\" border=\"0\" alt=\"IMG_5478\" src=\"https:\/\/volkerontour.de\/wp-content\/uploads\/2016\/08\/IMG_5478_thumb.jpg\" width=\"139\" height=\"244\"><\/a>&nbsp;<a href=\"https:\/\/volkerontour.de\/wp-content\/uploads\/2016\/08\/IMG_5475.jpg\"><img loading=\"lazy\" decoding=\"async\" title=\"IMG_5475\" style=\"border-top: 0px; border-right: 0px; background-image: none; border-bottom: 0px; padding-top: 0px; padding-left: 0px; border-left: 0px; display: inline; padding-right: 0px\" border=\"0\" alt=\"IMG_5475\" src=\"https:\/\/volkerontour.de\/wp-content\/uploads\/2016\/08\/IMG_5475_thumb.jpg\" width=\"244\" height=\"184\"><\/a><\/p>\n<p>Trotz einiger Wehwehchen hat der Karli im Vorfeld so oft wie m\u00f6glich die Wanderschuhe angezogen um sich f\u00fcr diese Herausforderung fit zu machen und auch ich habe die ein oder andere Ausdauereinheit mehr eingelegt. Also sind wir zuversichtlich, dass wir die ganze Tour wie geplant packen.<\/p>\n<p>Die Anreise nach Sonneberg (Karli`s Heimatort) findet am Samstag, den 3.9. statt. Einen Tag sp\u00e4ter starten wir dann zu unserer ersten Etappe. Ich gehe mal davon aus, dass ich regelm\u00e4ssig WLAN zur Verf\u00fcgung habe und jeden Abend ein paar Rennsteignews posten kann. <img decoding=\"async\" class=\"wlEmoticon wlEmoticon-smile\" style=\"border-top-style: none; border-left-style: none; border-bottom-style: none; border-right-style: none\" alt=\"Smiley\" src=\"https:\/\/volkerontour.de\/wp-content\/uploads\/2016\/08\/wlEmoticon-smile.png\"><\/p>\n<p>Wer sich mit uns gerne auf die Wanderung einstimmen m\u00f6chte kann gerne den Link unten anklicken\u2026 Viel Spass dabei <img decoding=\"async\" class=\"wlEmoticon wlEmoticon-winkingsmile\" style=\"border-top-style: none; border-left-style: none; border-bottom-style: none; border-right-style: none\" alt=\"Zwinkerndes Smiley\" src=\"https:\/\/volkerontour.de\/wp-content\/uploads\/2016\/08\/wlEmoticon-winkingsmile.png\"><\/p>\n<p><a title=\"https:\/\/www.youtube.com\/watch?v=7j1TgggZqhU\" href=\"https:\/\/www.youtube.com\/watch?v=7j1TgggZqhU\">https:\/\/www.youtube.com\/watch?v=7j1TgggZqhU<\/a><\/p>\n","protected":false},"excerpt":{"rendered":"<p>01.09.: Hallo mal wieder an alle treuen Leser meines kleinen Urlaubsblogs Es ist wieder soweit, die n\u00e4chste Reise steht an. Dieses mal habe ich jedoch keinen langen Flug auf einen anderen Kontinent mit ordentlichem Jetlag und komplett anderem Klima vor &hellip; <a href=\"https:\/\/volkerontour.de\/?p=14685\">Weiterlesen <span class=\"meta-nav\">&rarr;<\/span><\/a><\/p>\n","protected":false},"author":3,"featured_media":0,"comment_status":"closed","ping_status":"open","sticky":false,"template":"","format":"standard","meta":{"footnotes":""},"categories":[16],"tags":[],"class_list":["post-14685","post","type-post","status-publish","format-standard","hentry","category-rennsteigwanderung-2016"],"_links":{"self":[{"href":"https:\/\/volkerontour.de\/index.php?rest_route=\/wp\/v2\/posts\/14685","targetHints":{"allow":["GET"]}}],"collection":[{"href":"https:\/\/volkerontour.de\/index.php?rest_route=\/wp\/v2\/posts"}],"about":[{"href":"https:\/\/volkerontour.de\/index.php?rest_route=\/wp\/v2\/types\/post"}],"author":[{"embeddable":true,"href":"https:\/\/volkerontour.de\/index.php?rest_route=\/wp\/v2\/users\/3"}],"replies":[{"embeddable":true,"href":"https:\/\/volkerontour.de\/index.php?rest_route=%2Fwp%2Fv2%2Fcomments&post=14685"}],"version-history":[{"count":1,"href":"https:\/\/volkerontour.de\/index.php?rest_route=\/wp\/v2\/posts\/14685\/revisions"}],"predecessor-version":[{"id":14686,"href":"https:\/\/volkerontour.de\/index.php?rest_route=\/wp\/v2\/posts\/14685\/revisions\/14686"}],"wp:attachment":[{"href":"https:\/\/volkerontour.de\/index.php?rest_route=%2Fwp%2Fv2%2Fmedia&parent=14685"}],"wp:term":[{"taxonomy":"category","embeddable":true,"href":"https:\/\/volkerontour.de\/index.php?rest_route=%2Fwp%2Fv2%2Fcategories&post=14685"},{"taxonomy":"post_tag","embeddable":true,"href":"https:\/\/volkerontour.de\/index.php?rest_route=%2Fwp%2Fv2%2Ftags&post=14685"}],"curies":[{"name":"wp","href":"https:\/\/api.w.org\/{rel}","templated":true}]}}