{"id":1594,"date":"2012-08-21T08:37:19","date_gmt":"2012-08-21T08:37:19","guid":{"rendered":"http:\/\/volkerontour.de\/?p=1594"},"modified":"2012-08-21T08:37:19","modified_gmt":"2012-08-21T08:37:19","slug":"tag-30-ballestas-islandsway-to-lima","status":"publish","type":"post","link":"https:\/\/volkerontour.de\/?p=1594","title":{"rendered":"Tag 30: Ballestas Islands\/Way to Lima"},"content":{"rendered":"<p>Montag, 20.08.: Heute war also der letzte Tag unseres Urlaubs bevor es morgen f\u00fcr die meisten wieder nach Hause oder (f\u00fcr die Gl\u00fccklichen unter uns) zu einer weiteren Urlaubsdestination geht. Einige meiner Mitreisenden machen mich wirklich neidisch!!! Die beiden Norwegerinnen fliegen im Anschluss nach San Francisco und starten dort eine Tour quer durch die USA. Anna fliegt f\u00fcr eine Woche nach New York, Anusha f\u00fcr drei Wochen nach Brasilien und Hanna nach Quito um dann zu den Galapagos Inseln \u00fcberzusetzen\u2026 mmmmhhh\u2026 da mag man nicht wirklich nach Hause, oder? <img decoding=\"async\" style=\"border-bottom-style: none; border-left-style: none; border-top-style: none; border-right-style: none\" class=\"wlEmoticon wlEmoticon-sadsmile\" alt=\"Trauriges Smiley\" src=\"https:\/\/volkerontour.de\/wp-content\/uploads\/2012\/08\/wlEmoticon-sadsmile5.png\"><\/p>\n<p>Nun gut, ich bin froh die Zeit in S\u00fcdamerika gehabt zu haben, und zu den Galapagos-Inseln werde ich schon nochmal kommen <img decoding=\"async\" style=\"border-bottom-style: none; border-left-style: none; border-top-style: none; border-right-style: none\" class=\"wlEmoticon wlEmoticon-smile\" alt=\"Smiley\" src=\"https:\/\/volkerontour.de\/wp-content\/uploads\/2012\/08\/wlEmoticon-smile20.png\"><\/p>\n<p>Aber noch bin ich ja hier und hatte heute wirklich einen unerwartet tollen Tag. Was eigentlich als L\u00fcckenf\u00fcller zwischen Fr\u00fchst\u00fcck und Abfahrt aus Pisco geplant war entpuppte sich als absolutes Highlight: Eine Bootstour zu den Ballestas Inseln\u2026 Auf ein fr\u00fches Aufstehen folge ein schnelles, aber durchaus leckeres Fr\u00fchst\u00fcck. Kurze Zeit sp\u00e4ter fanden wir uns am nahegelegenen Hafen ein. Leider habe ich schon wieder den Namen unseres Guides vergessen, aber er war ein wenig merkw\u00fcrdig und hat ziemlich undeutliches Englisch gesprochen\u2026<\/p>\n<p><a href=\"https:\/\/volkerontour.de\/wp-content\/uploads\/2012\/08\/DSC02777.jpg\"><img loading=\"lazy\" decoding=\"async\" style=\"background-image: none; border-right-width: 0px; padding-left: 0px; padding-right: 0px; display: inline; border-top-width: 0px; border-bottom-width: 0px; border-left-width: 0px; padding-top: 0px\" title=\"DSC02777\" border=\"0\" alt=\"DSC02777\" src=\"https:\/\/volkerontour.de\/wp-content\/uploads\/2012\/08\/DSC02777_thumb.jpg\" width=\"244\" height=\"184\"><\/a>&nbsp;<a href=\"https:\/\/volkerontour.de\/wp-content\/uploads\/2012\/08\/DSC02778.jpg\"><img loading=\"lazy\" decoding=\"async\" style=\"background-image: none; border-right-width: 0px; padding-left: 0px; padding-right: 0px; display: inline; border-top-width: 0px; border-bottom-width: 0px; border-left-width: 0px; padding-top: 0px\" title=\"DSC02778\" border=\"0\" alt=\"DSC02778\" src=\"https:\/\/volkerontour.de\/wp-content\/uploads\/2012\/08\/DSC02778_thumb.jpg\" width=\"244\" height=\"184\"><\/a><\/p>\n<p><a href=\"https:\/\/volkerontour.de\/wp-content\/uploads\/2012\/08\/DSC02779.jpg\"><img loading=\"lazy\" decoding=\"async\" style=\"background-image: none; border-right-width: 0px; padding-left: 0px; padding-right: 0px; display: inline; border-top-width: 0px; border-bottom-width: 0px; border-left-width: 0px; padding-top: 0px\" title=\"DSC02779\" border=\"0\" alt=\"DSC02779\" src=\"https:\/\/volkerontour.de\/wp-content\/uploads\/2012\/08\/DSC02779_thumb.jpg\" width=\"244\" height=\"184\"><\/a>&nbsp;<a href=\"https:\/\/volkerontour.de\/wp-content\/uploads\/2012\/08\/DSC02781.jpg\"><img loading=\"lazy\" decoding=\"async\" style=\"background-image: none; border-right-width: 0px; padding-left: 0px; padding-right: 0px; display: inline; border-top-width: 0px; border-bottom-width: 0px; border-left-width: 0px; padding-top: 0px\" title=\"DSC02781\" border=\"0\" alt=\"DSC02781\" src=\"https:\/\/volkerontour.de\/wp-content\/uploads\/2012\/08\/DSC02781_thumb.jpg\" width=\"244\" height=\"184\"><\/a><\/p>\n<p>Dann legten wir ab und es ging los Richtung Ballestas Inseln\u2026 W\u00e4hrend meines gesamten S\u00fcdamerikaaufenthaltes war das glaube ich der einzige Tag an dem kein blauer Himmel war\u2026 aber kein Problem, gegen Mittag klarte es deutlich auf <img decoding=\"async\" style=\"border-bottom-style: none; border-left-style: none; border-top-style: none; border-right-style: none\" class=\"wlEmoticon wlEmoticon-smile\" alt=\"Smiley\" src=\"https:\/\/volkerontour.de\/wp-content\/uploads\/2012\/08\/wlEmoticon-smile20.png\"><\/p>\n<p><a href=\"https:\/\/volkerontour.de\/wp-content\/uploads\/2012\/08\/DSC02782.jpg\"><img loading=\"lazy\" decoding=\"async\" style=\"background-image: none; border-right-width: 0px; padding-left: 0px; padding-right: 0px; display: inline; border-top-width: 0px; border-bottom-width: 0px; border-left-width: 0px; padding-top: 0px\" title=\"DSC02782\" border=\"0\" alt=\"DSC02782\" src=\"https:\/\/volkerontour.de\/wp-content\/uploads\/2012\/08\/DSC02782_thumb.jpg\" width=\"244\" height=\"184\"><\/a>&nbsp;<a href=\"https:\/\/volkerontour.de\/wp-content\/uploads\/2012\/08\/DSC02797.jpg\"><img loading=\"lazy\" decoding=\"async\" style=\"background-image: none; border-right-width: 0px; padding-left: 0px; padding-right: 0px; display: inline; border-top-width: 0px; border-bottom-width: 0px; border-left-width: 0px; padding-top: 0px\" title=\"DSC02797\" border=\"0\" alt=\"DSC02797\" src=\"https:\/\/volkerontour.de\/wp-content\/uploads\/2012\/08\/DSC02797_thumb.jpg\" width=\"244\" height=\"184\"><\/a><\/p>\n<p>Als wir eine kleine Insel (die auf dem Weg lag) passierten bekamen wir einen kleinen Vorgeschmack auf das, was noch vor uns lag\u2026 ewig viele Pelikane, M\u00f6wen und toll geformte Felsen\u2026<\/p>\n<p><a href=\"https:\/\/volkerontour.de\/wp-content\/uploads\/2012\/08\/DSC02788.jpg\"><img loading=\"lazy\" decoding=\"async\" style=\"background-image: none; border-right-width: 0px; padding-left: 0px; padding-right: 0px; display: inline; border-top-width: 0px; border-bottom-width: 0px; border-left-width: 0px; padding-top: 0px\" title=\"DSC02788\" border=\"0\" alt=\"DSC02788\" src=\"https:\/\/volkerontour.de\/wp-content\/uploads\/2012\/08\/DSC02788_thumb.jpg\" width=\"244\" height=\"184\"><\/a>&nbsp;<a href=\"https:\/\/volkerontour.de\/wp-content\/uploads\/2012\/08\/DSC02791.jpg\"><img loading=\"lazy\" decoding=\"async\" style=\"background-image: none; border-right-width: 0px; padding-left: 0px; padding-right: 0px; display: inline; border-top-width: 0px; border-bottom-width: 0px; border-left-width: 0px; padding-top: 0px\" title=\"DSC02791\" border=\"0\" alt=\"DSC02791\" src=\"https:\/\/volkerontour.de\/wp-content\/uploads\/2012\/08\/DSC02791_thumb.jpg\" width=\"244\" height=\"184\"><\/a><\/p>\n<p>Kurze Zeit sp\u00e4ter erreichten wir dann die Ballestas Inseln\u2026 schon von Weitem konnte man die Vogelmassen auf den Inseln sehen, h\u00f6ren und riechen\u2026 wirklich unglaublich wie viele Tiere dort auf einem Fleck lebten\u2026&nbsp; Neben den M\u00f6wen, Pelikanen und vielen anderen Seev\u00f6geln konnte man auch Pinguine und Seel\u00f6wen aus n\u00e4chster N\u00e4he sehen\u2026 und wie gesagt, die Felseninseln an sich waren auch schon wirklich spektakul\u00e4r\u2026 hier mal ein paar Eindr\u00fccke\u2026<\/p>\n<p><a href=\"https:\/\/volkerontour.de\/wp-content\/uploads\/2012\/08\/DSC02800.jpg\"><img loading=\"lazy\" decoding=\"async\" style=\"background-image: none; border-right-width: 0px; padding-left: 0px; padding-right: 0px; display: inline; border-top-width: 0px; border-bottom-width: 0px; border-left-width: 0px; padding-top: 0px\" title=\"DSC02800\" border=\"0\" alt=\"DSC02800\" src=\"https:\/\/volkerontour.de\/wp-content\/uploads\/2012\/08\/DSC02800_thumb.jpg\" width=\"244\" height=\"184\"><\/a>&nbsp;<a href=\"https:\/\/volkerontour.de\/wp-content\/uploads\/2012\/08\/DSC02803.jpg\"><img loading=\"lazy\" decoding=\"async\" style=\"background-image: none; border-right-width: 0px; padding-left: 0px; padding-right: 0px; display: inline; border-top-width: 0px; border-bottom-width: 0px; border-left-width: 0px; padding-top: 0px\" title=\"DSC02803\" border=\"0\" alt=\"DSC02803\" src=\"https:\/\/volkerontour.de\/wp-content\/uploads\/2012\/08\/DSC02803_thumb.jpg\" width=\"244\" height=\"184\"><\/a><\/p>\n<p><a href=\"https:\/\/volkerontour.de\/wp-content\/uploads\/2012\/08\/DSC02804.jpg\"><img loading=\"lazy\" decoding=\"async\" style=\"background-image: none; border-right-width: 0px; padding-left: 0px; padding-right: 0px; display: inline; border-top-width: 0px; border-bottom-width: 0px; border-left-width: 0px; padding-top: 0px\" title=\"DSC02804\" border=\"0\" alt=\"DSC02804\" src=\"https:\/\/volkerontour.de\/wp-content\/uploads\/2012\/08\/DSC02804_thumb.jpg\" width=\"244\" height=\"184\"><\/a>&nbsp;<a href=\"https:\/\/volkerontour.de\/wp-content\/uploads\/2012\/08\/DSC02814.jpg\"><img loading=\"lazy\" decoding=\"async\" style=\"background-image: none; border-right-width: 0px; padding-left: 0px; padding-right: 0px; display: inline; border-top-width: 0px; border-bottom-width: 0px; border-left-width: 0px; padding-top: 0px\" title=\"DSC02814\" border=\"0\" alt=\"DSC02814\" src=\"https:\/\/volkerontour.de\/wp-content\/uploads\/2012\/08\/DSC02814_thumb.jpg\" width=\"244\" height=\"184\"><\/a><\/p>\n<p><a href=\"https:\/\/volkerontour.de\/wp-content\/uploads\/2012\/08\/DSC02819.jpg\"><img loading=\"lazy\" decoding=\"async\" style=\"background-image: none; border-right-width: 0px; padding-left: 0px; padding-right: 0px; display: inline; border-top-width: 0px; border-bottom-width: 0px; border-left-width: 0px; padding-top: 0px\" title=\"DSC02819\" border=\"0\" alt=\"DSC02819\" src=\"https:\/\/volkerontour.de\/wp-content\/uploads\/2012\/08\/DSC02819_thumb.jpg\" width=\"244\" height=\"184\"><\/a>&nbsp;<a href=\"https:\/\/volkerontour.de\/wp-content\/uploads\/2012\/08\/DSC02822.jpg\"><img loading=\"lazy\" decoding=\"async\" style=\"background-image: none; border-right-width: 0px; padding-left: 0px; padding-right: 0px; display: inline; border-top-width: 0px; border-bottom-width: 0px; border-left-width: 0px; padding-top: 0px\" title=\"DSC02822\" border=\"0\" alt=\"DSC02822\" src=\"https:\/\/volkerontour.de\/wp-content\/uploads\/2012\/08\/DSC02822_thumb.jpg\" width=\"244\" height=\"184\"><\/a><\/p>\n<p><a href=\"https:\/\/volkerontour.de\/wp-content\/uploads\/2012\/08\/DSC02827.jpg\"><img loading=\"lazy\" decoding=\"async\" style=\"background-image: none; border-right-width: 0px; padding-left: 0px; padding-right: 0px; display: inline; border-top-width: 0px; border-bottom-width: 0px; border-left-width: 0px; padding-top: 0px\" title=\"DSC02827\" border=\"0\" alt=\"DSC02827\" src=\"https:\/\/volkerontour.de\/wp-content\/uploads\/2012\/08\/DSC02827_thumb.jpg\" width=\"244\" height=\"184\"><\/a>&nbsp;<a href=\"https:\/\/volkerontour.de\/wp-content\/uploads\/2012\/08\/DSC02843.jpg\"><img loading=\"lazy\" decoding=\"async\" style=\"background-image: none; border-right-width: 0px; padding-left: 0px; padding-right: 0px; display: inline; border-top-width: 0px; border-bottom-width: 0px; border-left-width: 0px; padding-top: 0px\" title=\"DSC02843\" border=\"0\" alt=\"DSC02843\" src=\"https:\/\/volkerontour.de\/wp-content\/uploads\/2012\/08\/DSC02843_thumb.jpg\" width=\"244\" height=\"184\"><\/a><\/p>\n<p><a href=\"https:\/\/volkerontour.de\/wp-content\/uploads\/2012\/08\/DSC02852.jpg\"><img loading=\"lazy\" decoding=\"async\" style=\"background-image: none; border-right-width: 0px; padding-left: 0px; padding-right: 0px; display: inline; border-top-width: 0px; border-bottom-width: 0px; border-left-width: 0px; padding-top: 0px\" title=\"DSC02852\" border=\"0\" alt=\"DSC02852\" src=\"https:\/\/volkerontour.de\/wp-content\/uploads\/2012\/08\/DSC02852_thumb.jpg\" width=\"244\" height=\"184\"><\/a>&nbsp;<a href=\"https:\/\/volkerontour.de\/wp-content\/uploads\/2012\/08\/DSC02853.jpg\"><img loading=\"lazy\" decoding=\"async\" style=\"background-image: none; border-right-width: 0px; padding-left: 0px; padding-right: 0px; display: inline; border-top-width: 0px; border-bottom-width: 0px; border-left-width: 0px; padding-top: 0px\" title=\"DSC02853\" border=\"0\" alt=\"DSC02853\" src=\"https:\/\/volkerontour.de\/wp-content\/uploads\/2012\/08\/DSC02853_thumb.jpg\" width=\"244\" height=\"184\"><\/a><\/p>\n<p><a href=\"https:\/\/volkerontour.de\/wp-content\/uploads\/2012\/08\/DSC02860.jpg\"><img loading=\"lazy\" decoding=\"async\" style=\"background-image: none; border-right-width: 0px; padding-left: 0px; padding-right: 0px; display: inline; border-top-width: 0px; border-bottom-width: 0px; border-left-width: 0px; padding-top: 0px\" title=\"DSC02860\" border=\"0\" alt=\"DSC02860\" src=\"https:\/\/volkerontour.de\/wp-content\/uploads\/2012\/08\/DSC02860_thumb.jpg\" width=\"244\" height=\"184\"><\/a>&nbsp;<a href=\"https:\/\/volkerontour.de\/wp-content\/uploads\/2012\/08\/DSC02864.jpg\"><img loading=\"lazy\" decoding=\"async\" style=\"background-image: none; border-right-width: 0px; margin: 0px; padding-left: 0px; padding-right: 0px; display: inline; border-top-width: 0px; border-bottom-width: 0px; border-left-width: 0px; padding-top: 0px\" title=\"DSC02864\" border=\"0\" alt=\"DSC02864\" src=\"https:\/\/volkerontour.de\/wp-content\/uploads\/2012\/08\/DSC02864_thumb.jpg\" width=\"244\" height=\"184\"><\/a><\/p>\n<p><a href=\"https:\/\/volkerontour.de\/wp-content\/uploads\/2012\/08\/DSC02870.jpg\"><img loading=\"lazy\" decoding=\"async\" style=\"background-image: none; border-right-width: 0px; padding-left: 0px; padding-right: 0px; display: inline; border-top-width: 0px; border-bottom-width: 0px; border-left-width: 0px; padding-top: 0px\" title=\"DSC02870\" border=\"0\" alt=\"DSC02870\" src=\"https:\/\/volkerontour.de\/wp-content\/uploads\/2012\/08\/DSC02870_thumb.jpg\" width=\"244\" height=\"184\"><\/a>&nbsp;<a href=\"https:\/\/volkerontour.de\/wp-content\/uploads\/2012\/08\/DSC02871.jpg\"><img loading=\"lazy\" decoding=\"async\" style=\"background-image: none; border-right-width: 0px; padding-left: 0px; padding-right: 0px; display: inline; border-top-width: 0px; border-bottom-width: 0px; border-left-width: 0px; padding-top: 0px\" title=\"DSC02871\" border=\"0\" alt=\"DSC02871\" src=\"https:\/\/volkerontour.de\/wp-content\/uploads\/2012\/08\/DSC02871_thumb.jpg\" width=\"244\" height=\"184\"><\/a><\/p>\n<p>Wirklich toll, was da in der Luft, an Land und im Wasser los war\u2026 gut, dass ich die 18 Dollar investiert habe\u2026 <img decoding=\"async\" style=\"border-bottom-style: none; border-left-style: none; border-top-style: none; border-right-style: none\" class=\"wlEmoticon wlEmoticon-smile\" alt=\"Smiley\" src=\"https:\/\/volkerontour.de\/wp-content\/uploads\/2012\/08\/wlEmoticon-smile20.png\"><\/p>\n<p>Zur\u00fcck im Hafen g\u00f6nnten wir uns ein zweites Fr\u00fchst\u00fcck (Pancake), bevor wir dann im Hotel auscheckten und auf den Bus Richtung Lima warteten\u2026 lange vier Stunden Fahrt bis zu unserem Endziel lagen vor uns.<\/p>\n<p><a href=\"https:\/\/volkerontour.de\/wp-content\/uploads\/2012\/08\/DSC02890.jpg\"><img loading=\"lazy\" decoding=\"async\" style=\"background-image: none; border-right-width: 0px; padding-left: 0px; padding-right: 0px; display: inline; border-top-width: 0px; border-bottom-width: 0px; border-left-width: 0px; padding-top: 0px\" title=\"DSC02890\" border=\"0\" alt=\"DSC02890\" src=\"https:\/\/volkerontour.de\/wp-content\/uploads\/2012\/08\/DSC02890_thumb.jpg\" width=\"244\" height=\"184\"><\/a>&nbsp;<a href=\"https:\/\/volkerontour.de\/wp-content\/uploads\/2012\/08\/DSC02895.jpg\"><img loading=\"lazy\" decoding=\"async\" style=\"background-image: none; border-right-width: 0px; padding-left: 0px; padding-right: 0px; display: inline; border-top-width: 0px; border-bottom-width: 0px; border-left-width: 0px; padding-top: 0px\" title=\"DSC02895\" border=\"0\" alt=\"DSC02895\" src=\"https:\/\/volkerontour.de\/wp-content\/uploads\/2012\/08\/DSC02895_thumb.jpg\" width=\"244\" height=\"184\"><\/a><\/p>\n<p>Um 17 Uhr checkten wir dann im Hotel Britania (im besten Hotel der gesamten Reise) ein, bevor wir uns um 18.30 Uhr trafen um zum letzten Mal gemeinsam zu dinieren\u2026 bei mir gabs sehr leckeres H\u00e4hnchen mit Maissauce und Pommes.<\/p>\n<p><a href=\"https:\/\/volkerontour.de\/wp-content\/uploads\/2012\/08\/DSC02917.jpg\"><img loading=\"lazy\" decoding=\"async\" style=\"background-image: none; border-bottom: 0px; border-left: 0px; padding-left: 0px; padding-right: 0px; display: inline; border-top: 0px; border-right: 0px; padding-top: 0px\" title=\"DSC02917\" border=\"0\" alt=\"DSC02917\" src=\"https:\/\/volkerontour.de\/wp-content\/uploads\/2012\/08\/DSC02917_thumb.jpg\" width=\"244\" height=\"184\"><\/a>&nbsp;<a href=\"https:\/\/volkerontour.de\/wp-content\/uploads\/2012\/08\/DSC02913.jpg\"><img loading=\"lazy\" decoding=\"async\" style=\"background-image: none; border-bottom: 0px; border-left: 0px; margin: 0px; padding-left: 0px; padding-right: 0px; display: inline; border-top: 0px; border-right: 0px; padding-top: 0px\" title=\"DSC02913\" border=\"0\" alt=\"DSC02913\" src=\"https:\/\/volkerontour.de\/wp-content\/uploads\/2012\/08\/DSC02913_thumb.jpg\" width=\"244\" height=\"184\"><\/a><\/p>\n<p>Nach dem Essen zogen wir weiter in einen englischen Pub, der allerdings ein wenig langweilig war\u2026<\/p>\n<p><a href=\"https:\/\/volkerontour.de\/wp-content\/uploads\/2012\/08\/DSC02930.jpg\"><img loading=\"lazy\" decoding=\"async\" style=\"background-image: none; border-bottom: 0px; border-left: 0px; padding-left: 0px; padding-right: 0px; display: inline; border-top: 0px; border-right: 0px; padding-top: 0px\" title=\"DSC02930\" border=\"0\" alt=\"DSC02930\" src=\"https:\/\/volkerontour.de\/wp-content\/uploads\/2012\/08\/DSC02930_thumb.jpg\" width=\"244\" height=\"184\"><\/a>&nbsp;<a href=\"https:\/\/volkerontour.de\/wp-content\/uploads\/2012\/08\/DSC02939.jpg\"><img loading=\"lazy\" decoding=\"async\" style=\"background-image: none; border-bottom: 0px; border-left: 0px; padding-left: 0px; padding-right: 0px; display: inline; border-top: 0px; border-right: 0px; padding-top: 0px\" title=\"DSC02939\" border=\"0\" alt=\"DSC02939\" src=\"https:\/\/volkerontour.de\/wp-content\/uploads\/2012\/08\/DSC02939_thumb.jpg\" width=\"244\" height=\"184\"><\/a><\/p>\n<p>Nach kurzer Beratung zogen wir gegen Mitternacht weiter. Leider waren alle Discos ziemlich leer, was aber nicht so schlimm war da wir ja eine recht grosse Gruppe waren und auch so unseren Spass hatten\u2026 Also nahmen wir einfach die Lokalit\u00e4t in der es ein paar Freigetr\u00e4nke gab <img decoding=\"async\" style=\"border-bottom-style: none; border-left-style: none; border-top-style: none; border-right-style: none\" class=\"wlEmoticon wlEmoticon-smile\" alt=\"Smiley\" src=\"https:\/\/volkerontour.de\/wp-content\/uploads\/2012\/08\/wlEmoticon-smile20.png\"> War mal wieder ziemlich witzig.<\/p>\n<p><a href=\"https:\/\/volkerontour.de\/wp-content\/uploads\/2012\/08\/DSC02944.jpg\"><img loading=\"lazy\" decoding=\"async\" style=\"background-image: none; border-bottom: 0px; border-left: 0px; padding-left: 0px; padding-right: 0px; display: inline; border-top: 0px; border-right: 0px; padding-top: 0px\" title=\"DSC02944\" border=\"0\" alt=\"DSC02944\" src=\"https:\/\/volkerontour.de\/wp-content\/uploads\/2012\/08\/DSC02944_thumb.jpg\" width=\"244\" height=\"184\"><\/a>&nbsp;<a href=\"https:\/\/volkerontour.de\/wp-content\/uploads\/2012\/08\/DSC02952.jpg\"><img loading=\"lazy\" decoding=\"async\" style=\"background-image: none; border-bottom: 0px; border-left: 0px; padding-left: 0px; padding-right: 0px; display: inline; border-top: 0px; border-right: 0px; padding-top: 0px\" title=\"DSC02952\" border=\"0\" alt=\"DSC02952\" src=\"https:\/\/volkerontour.de\/wp-content\/uploads\/2012\/08\/DSC02952_thumb.jpg\" width=\"244\" height=\"184\"><\/a>&nbsp;<\/p>\n<p><a href=\"https:\/\/volkerontour.de\/wp-content\/uploads\/2012\/08\/DSC02954.jpg\"><img loading=\"lazy\" decoding=\"async\" style=\"background-image: none; border-bottom: 0px; border-left: 0px; padding-left: 0px; padding-right: 0px; display: inline; border-top: 0px; border-right: 0px; padding-top: 0px\" title=\"DSC02954\" border=\"0\" alt=\"DSC02954\" src=\"https:\/\/volkerontour.de\/wp-content\/uploads\/2012\/08\/DSC02954_thumb.jpg\" width=\"244\" height=\"184\"><\/a>&nbsp;<a href=\"https:\/\/volkerontour.de\/wp-content\/uploads\/2012\/08\/DSC02960.jpg\"><img loading=\"lazy\" decoding=\"async\" style=\"background-image: none; border-bottom: 0px; border-left: 0px; padding-left: 0px; padding-right: 0px; display: inline; border-top: 0px; border-right: 0px; padding-top: 0px\" title=\"DSC02960\" border=\"0\" alt=\"DSC02960\" src=\"https:\/\/volkerontour.de\/wp-content\/uploads\/2012\/08\/DSC02960_thumb.jpg\" width=\"244\" height=\"184\"><\/a><\/p>\n<p>Gegen drei Uhr endete unser Partyabend mit der traurigen Verabschiedung einiger Reisender, die bereits morgen ganz fr\u00fch abfliegen\u2026 <img decoding=\"async\" style=\"border-bottom-style: none; border-left-style: none; border-top-style: none; border-right-style: none\" class=\"wlEmoticon wlEmoticon-sadsmile\" alt=\"Trauriges Smiley\" src=\"https:\/\/volkerontour.de\/wp-content\/uploads\/2012\/08\/wlEmoticon-sadsmile5.png\"> Da ich erst morgen Abend fliege habe ich f\u00fcr morgen fr\u00fch mal noch ne Lima-Stadtrundfahrt gebucht, damit ich wenigstens noch ein bisschen was von der Stadt sehe. Janine, Anna und Michelle werden mich begleiten, bevor ich dann morgen Nachmittag zum Flughafen transferiert werde\u2026 war ein sch\u00f6ner letzter Urlaubstag!<\/p>\n<p>Ein letztes Mal w\u00fcnsche ich eine erholsame Nachtruhe aus Peru <img decoding=\"async\" style=\"border-bottom-style: none; border-left-style: none; border-top-style: none; border-right-style: none\" class=\"wlEmoticon wlEmoticon-smile\" alt=\"Smiley\" src=\"https:\/\/volkerontour.de\/wp-content\/uploads\/2012\/08\/wlEmoticon-smile20.png\"><\/p>\n","protected":false},"excerpt":{"rendered":"<p>Montag, 20.08.: Heute war also der letzte Tag unseres Urlaubs bevor es morgen f\u00fcr die meisten wieder nach Hause oder (f\u00fcr die Gl\u00fccklichen unter uns) zu einer weiteren Urlaubsdestination geht. Einige meiner Mitreisenden machen mich wirklich neidisch!!! Die beiden Norwegerinnen &hellip; <a href=\"https:\/\/volkerontour.de\/?p=1594\">Weiterlesen <span class=\"meta-nav\">&rarr;<\/span><\/a><\/p>\n","protected":false},"author":3,"featured_media":0,"comment_status":"closed","ping_status":"open","sticky":false,"template":"","format":"standard","meta":{"footnotes":""},"categories":[1],"tags":[],"class_list":["post-1594","post","type-post","status-publish","format-standard","hentry","category-uncategorized"],"_links":{"self":[{"href":"https:\/\/volkerontour.de\/index.php?rest_route=\/wp\/v2\/posts\/1594","targetHints":{"allow":["GET"]}}],"collection":[{"href":"https:\/\/volkerontour.de\/index.php?rest_route=\/wp\/v2\/posts"}],"about":[{"href":"https:\/\/volkerontour.de\/index.php?rest_route=\/wp\/v2\/types\/post"}],"author":[{"embeddable":true,"href":"https:\/\/volkerontour.de\/index.php?rest_route=\/wp\/v2\/users\/3"}],"replies":[{"embeddable":true,"href":"https:\/\/volkerontour.de\/index.php?rest_route=%2Fwp%2Fv2%2Fcomments&post=1594"}],"version-history":[{"count":0,"href":"https:\/\/volkerontour.de\/index.php?rest_route=\/wp\/v2\/posts\/1594\/revisions"}],"wp:attachment":[{"href":"https:\/\/volkerontour.de\/index.php?rest_route=%2Fwp%2Fv2%2Fmedia&parent=1594"}],"wp:term":[{"taxonomy":"category","embeddable":true,"href":"https:\/\/volkerontour.de\/index.php?rest_route=%2Fwp%2Fv2%2Fcategories&post=1594"},{"taxonomy":"post_tag","embeddable":true,"href":"https:\/\/volkerontour.de\/index.php?rest_route=%2Fwp%2Fv2%2Ftags&post=1594"}],"curies":[{"name":"wp","href":"https:\/\/api.w.org\/{rel}","templated":true}]}}