{"id":17,"date":"2012-07-15T20:00:29","date_gmt":"2012-07-15T20:00:29","guid":{"rendered":"http:\/\/volkerontour.de\/?p=17"},"modified":"2012-07-15T20:10:38","modified_gmt":"2012-07-15T20:10:38","slug":"die-tour-in-der-ubersicht","status":"publish","type":"post","link":"https:\/\/volkerontour.de\/?p=17","title":{"rendered":"Die Tour in der \u00dcbersicht :-)"},"content":{"rendered":"<p>Hallo Freunde, Verwandte, Bekannte, Kollegen und alle Leser dieses Urlaubsblogs\u2026<\/p>\n<p>Nun ist es also bald soweit, und ich starte in meinen<br \/>\nlangersehnten Sommerurlaub. Doch anders als sonst stehen dieses Mal keine<br \/>\nentspannten zwei Wochen Strand mit ab und zu ein bisschen Laufen und dem ein,<br \/>\noder anderen Ausflug auf dem Programm, sondern eine komplett durchgeplante Tour<br \/>\n\u00fcber 31 Tage quer durch Peru und Bolivien\u2026<\/p>\n<p>Alles hatte mit der unverhofften M\u00f6glichkeit durch<br \/>\nmeinen Arbeitgeber begonnen vier Wochen Urlaub am St\u00fcck zu nehmen (danke<br \/>\nnochmal, Andrea). Diese M\u00f6glichkeit packte ich nat\u00fcrlich am Schopf und k\u00fcmmerte<br \/>\nmich umgehend darum diese vier Wochen m\u00f6glichst sinnvoll zu f\u00fcllen (der wer<br \/>\nmich kennt weiss, dass ich nicht so gern in meinem Urlaub zu Hause rumsitze).<\/p>\n<p>Die ersten Planungsversuche auf eigene Faust oder mit<br \/>\nHilfe einiger Reiseb\u00fcros waren weniger vielversprechend, bis ich \u00fcber eine sehr<br \/>\nnette Ludwigsburger Reiseb\u00fcromitarbeiterin auf eine Homepage eines<br \/>\nReiseveranstalters aufmerksam wurde, die eben solche l\u00e4ngeren Gruppentouren in<br \/>\naller Welt organisiert\u2026 So bin ich auch auf diese Peru\/Bolivien-Tour aufmerksam<br \/>\ngeworden\u2026 Nach l\u00e4ngerer Recherche \u00fcber die Reiseroute und Befragung einiger<br \/>\nBekannter mit Peruerfahrung stand f\u00fcr mich das Ziel meines diesj\u00e4hrigen<br \/>\nSommerurlaubes fest!<\/p>\n<p>Die Fakten:<\/p>\n<p>&#8211;\u00a0\u00a0\u00a0\u00a0\u00a0\u00a0 31 Tage Rundreise Peru und Bolivien<\/p>\n<p>&#8211;\u00a0\u00a0\u00a0\u00a0\u00a0\u00a0 Gruppenreise mit 15 Personen aus aller Welt, die ich nie zuvor gesehen habe<\/p>\n<p>&#8211;\u00a0\u00a0\u00a0\u00a0\u00a0\u00a0 Benutzte Verkehrsmittel: Flugzeug, Bus, Nachtzug, Boot, Kanu, Allradjeeps, zu Fuss<\/p>\n<p>&#8211;\u00a0\u00a0\u00a0\u00a0\u00a0\u00a0 \u00dcbernachtungen: einfache Hotels, Dschungel Lodges, Gastfamilien, Camping<\/p>\n<p>&#8211;\u00a0\u00a0\u00a0\u00a0\u00a0\u00a0 Hoher Fitnessfaktor, viel Adventure<\/p>\n<p>&#8211;\u00a0\u00a0\u00a0\u00a0\u00a0\u00a0 Highlights: Machu Picchu, Titicacasee, Atacama W\u00fcste<\/p>\n<p>F\u00fcr alle, die Lust haben mich auf dieser Reise zu begleiten habe ich diesen Blog erstellt\u2026 Mein kleines Netbook und ich versuchen Euch regelm\u00e4ssig \u00fcber meine Aktivit\u00e4ten in S\u00fcdamerika upzudaten und Neuigkeiten in die Heimat zu schicken. Ob und wenn ja wie regelm\u00e4ssig das klappt kann ich zum jetzigen Zeitpunkt leider noch nicht sagen. Meiner Information nach gibt es in Peru und Bolivien vor allem in den St\u00e4dten in Cafes und Hotels die M\u00f6glichkeit online zu gehen und diesen Blog entsprechend zu aktualisieren. In der Atacama W\u00fcste und auf dem Weg nach Machu Picchu wird es eher schwer werden einen Hotspot zu finden, aber ich werde mich auf die Suche begeben. Insofern ist es wahrscheinlich, dass Ihr auch mal ein paar Tage auf Neuigkeiten von mir warten m\u00fcsst\u2026 ich hoffe aber, dass ich das schon regelm\u00e4ssig hinbekomme\u2026<\/p>\n<p>Ich w\u00fcnsche Euch eine gute Zeit und viel Spass beim<br \/>\nLesen meines Blogs!<\/p>\n<p>Hier noch eine kleine \u00dcbersicht \u00fcber das, was mich in<br \/>\nden n\u00e4chsten 31 Tagen erwartet!<\/p>\n<p><a href=\"https:\/\/volkerontour.de\/wp-content\/uploads\/2012\/07\/Route.png\"><img loading=\"lazy\" decoding=\"async\" class=\"alignnone size-medium wp-image-19\" title=\"Route\" src=\"https:\/\/volkerontour.de\/wp-content\/uploads\/2012\/07\/Route-300x300.png\" alt=\"\" width=\"300\" height=\"300\" srcset=\"https:\/\/volkerontour.de\/wp-content\/uploads\/2012\/07\/Route-300x300.png 300w, https:\/\/volkerontour.de\/wp-content\/uploads\/2012\/07\/Route-150x150.png 150w, https:\/\/volkerontour.de\/wp-content\/uploads\/2012\/07\/Route.png 600w\" sizes=\"auto, (max-width: 300px) 100vw, 300px\" \/><\/a><\/p>\n<p>Tag 1 La Paz<\/p>\n<p>Ankunft im Laufe des Tages.<\/p>\n<p>Tag 2-4 Sucre<\/p>\n<p>Flug nach Sucre. Optional kannst du 60 Millionen Jahre<br \/>\nalte Dinosaurierspuren begutachten.<\/p>\n<p>Tag 5 Potos\u00ed<\/p>\n<p>Busfahrt nach Potos\u00ed. Optionaler Besuch einer<br \/>\nfunktionierenden Silbermine oder Zeit die Stadt und die Casa de la Moneda zu<br \/>\nentdecken.<\/p>\n<p>Tag 6-8 Uyuni\/Salzpfannen (3F, 3M, 3A)<\/p>\n<p>Busfahrt nach Uyuni. Freue dich auf eine dreit\u00e4gige<br \/>\nAllradexkursion in die Salar de Uyuni, die W\u00fcste der Umgebung und spektakul\u00e4re<br \/>\nLandschaften.<\/p>\n<p>Tag 9 Nachtbus\/Zug nach La Paz<\/p>\n<p>Fahrt mit Nachtbus und Zug zur\u00fcck nach La Paz.<\/p>\n<p>Tag 10-11 La Paz<\/p>\n<p>Optionale Stadtrundfahrt oder Zeit, die M\u00e4rkte und<br \/>\nGassen der Stadt zu entdecken.<\/p>\n<p>Tag 12-14 Puno\/Taquile (F, M, A)<\/p>\n<p>Busfahrt durch das Altiplano \u00fcber die Grenze in die<br \/>\nperuanische Stadt Puno am Ufer des Titicacasees. Du besuchst die kommenden zwei<br \/>\nTage die schwimmenden Inseln der Uros und genie\u00dft eine F\u00fchrung \u00fcber den See.<br \/>\n\u00dcbernachtung bei einer einheimischen Familie. Optionaler Besuch des Friedhofes<br \/>\nvon Sillustani.<\/p>\n<p>Tag 15 Cuzco<\/p>\n<p>Du reist nach Cuzco.<\/p>\n<p>Tag 16-17 Amazonasdschungel (2F, 2M, 2A)<\/p>\n<p>Du fliegst nach Puerto Maldonado. Mit einem<br \/>\nmotorisierten Kanu f\u00e4hrst du in deine komfortable &#8222;G Amazon Lodge&#8220;,<br \/>\ndie nachhaltig bewirtschaftet wird, und erkundest mit deinem lokalen F\u00fchrern<br \/>\nden Urwald. M\u00f6glichkeit, Piranhas zu fischen. Gummistiefel sind an der Lodge<br \/>\nvorhanden.<\/p>\n<p>Tag 18 Cuzco<\/p>\n<p>R\u00fcckflug nach Cuzco am Morgen. Freizeit, Cuzco zu<br \/>\nentdecken oder zu entspannen. Optional kannst du eine Stadtrundfahrt machen.<\/p>\n<p>Tag 19 Ollantaytambo<\/p>\n<p>Ganzt\u00e4gige gef\u00fchrte Besichtigung des Heiliges Tals und<br \/>\nder Ruinen von Ollantaytambo. Besuch einer lokalen Gemeinde.<\/p>\n<p>Tag 20-23 Der Inkapfad nach Machu Picchu (3F, 3M, 3A)<\/p>\n<p>Viert\u00e4gige gef\u00fchrte Wanderung auf dem Inkapfad nach<br \/>\nMachu Picchu. Option, vor der R\u00fcckkehr nach Cuzco die Inkabr\u00fccke zu<br \/>\nbesichtigen.<\/p>\n<p>Tag 24 Arequipa<\/p>\n<p>Flug nach Arequipa. Freier Nachmittag, um die Stadt zu<br \/>\nerkunden oder optional das Santa Catalina Kloster zu besuchen.<\/p>\n<p>Tag 25-27 Colca Canyon\/Arequipa<\/p>\n<p>F\u00fchrung in die Colca-Schlucht, um Condore zu<br \/>\nbeobachten. Optionaler Besuch der lokalen Thermalquellen. R\u00fcckfahrt nach<br \/>\nArequipa an und Fahrt mit dem Nachtbus nach Nazca.<\/p>\n<p>Tag 28 Nazca<\/p>\n<p>F\u00fchrung des Nazca-W\u00fcstenfriedhofs und Besuch einer<br \/>\nT\u00f6pferwerkstatt. Optionaler Flug \u00fcber die Nazcalinien.<\/p>\n<p>Tag 29 Pisco<\/p>\n<p>Fahrt nach Pisco. Unterwegs Besuch eines Weinguts und<br \/>\nder Oase von Huacachina. Optional kannst du Sandboarden.<\/p>\n<p>Tag 30 Lima<\/p>\n<p>Optionaler Besuch der Ballestas Inseln und Busfahrt<br \/>\nnach Lima.<\/p>\n<p>Tag 31 Lima<\/p>\n<p>Abreise im Laufe des Tages.<\/p>\n","protected":false},"excerpt":{"rendered":"<p>Hallo Freunde, Verwandte, Bekannte, Kollegen und alle Leser dieses Urlaubsblogs\u2026 Nun ist es also bald soweit, und ich starte in meinen langersehnten Sommerurlaub. Doch anders als sonst stehen dieses Mal keine entspannten zwei Wochen Strand mit ab und zu ein &hellip; <a href=\"https:\/\/volkerontour.de\/?p=17\">Weiterlesen <span class=\"meta-nav\">&rarr;<\/span><\/a><\/p>\n","protected":false},"author":3,"featured_media":0,"comment_status":"closed","ping_status":"open","sticky":false,"template":"","format":"standard","meta":{"footnotes":""},"categories":[1],"tags":[],"class_list":["post-17","post","type-post","status-publish","format-standard","hentry","category-uncategorized"],"_links":{"self":[{"href":"https:\/\/volkerontour.de\/index.php?rest_route=\/wp\/v2\/posts\/17","targetHints":{"allow":["GET"]}}],"collection":[{"href":"https:\/\/volkerontour.de\/index.php?rest_route=\/wp\/v2\/posts"}],"about":[{"href":"https:\/\/volkerontour.de\/index.php?rest_route=\/wp\/v2\/types\/post"}],"author":[{"embeddable":true,"href":"https:\/\/volkerontour.de\/index.php?rest_route=\/wp\/v2\/users\/3"}],"replies":[{"embeddable":true,"href":"https:\/\/volkerontour.de\/index.php?rest_route=%2Fwp%2Fv2%2Fcomments&post=17"}],"version-history":[{"count":4,"href":"https:\/\/volkerontour.de\/index.php?rest_route=\/wp\/v2\/posts\/17\/revisions"}],"predecessor-version":[{"id":22,"href":"https:\/\/volkerontour.de\/index.php?rest_route=\/wp\/v2\/posts\/17\/revisions\/22"}],"wp:attachment":[{"href":"https:\/\/volkerontour.de\/index.php?rest_route=%2Fwp%2Fv2%2Fmedia&parent=17"}],"wp:term":[{"taxonomy":"category","embeddable":true,"href":"https:\/\/volkerontour.de\/index.php?rest_route=%2Fwp%2Fv2%2Fcategories&post=17"},{"taxonomy":"post_tag","embeddable":true,"href":"https:\/\/volkerontour.de\/index.php?rest_route=%2Fwp%2Fv2%2Ftags&post=17"}],"curies":[{"name":"wp","href":"https:\/\/api.w.org\/{rel}","templated":true}]}}