{"id":19504,"date":"2017-11-03T19:25:18","date_gmt":"2017-11-03T19:25:18","guid":{"rendered":"http:\/\/volkerontour.de\/?p=19504"},"modified":"2017-11-03T19:25:18","modified_gmt":"2017-11-03T19:25:18","slug":"tag-15-abschied-aus-nepal","status":"publish","type":"post","link":"https:\/\/volkerontour.de\/?p=19504","title":{"rendered":"Tag 15: Abschied aus Nepal :-("},"content":{"rendered":"<p>Freitag, 03.11.: Nachdem die beiden Waliser Jungs (Peter und Chad) bereits am fr\u00fchen Morgen Richtung Heimat geflogen waren, verabschiedete sich auch Christa aus der Schweiz tr\u00e4nenreich. Sie flog (glaube ich) wieder zur\u00fcck in die USA zu Ihrer Gastfamilie (wo Sie bereits vorher f\u00fcr ein paar Monate war).<\/p>\n<p><a href=\"https:\/\/volkerontour.de\/wp-content\/uploads\/2017\/11\/P1080221.jpg\"><img loading=\"lazy\" decoding=\"async\" title=\"P1080221\" style=\"border-left-width: 0px; border-right-width: 0px; background-image: none; border-bottom-width: 0px; padding-top: 0px; padding-left: 0px; display: inline; padding-right: 0px; border-top-width: 0px\" border=\"0\" alt=\"P1080221\" src=\"https:\/\/volkerontour.de\/wp-content\/uploads\/2017\/11\/P1080221_thumb.jpg\" width=\"244\" height=\"184\"><\/a><\/p>\n<p>Zu neunt nahmen wir dann ein letztes gemeinsames Fr\u00fchst\u00fcck in einem nahe gelegenen Cafe ein\u2026<\/p>\n<p><a href=\"https:\/\/volkerontour.de\/wp-content\/uploads\/2017\/11\/P1080225.jpg\"><img loading=\"lazy\" decoding=\"async\" title=\"P1080225\" style=\"border-left-width: 0px; border-right-width: 0px; background-image: none; border-bottom-width: 0px; padding-top: 0px; padding-left: 0px; display: inline; padding-right: 0px; border-top-width: 0px\" border=\"0\" alt=\"P1080225\" src=\"https:\/\/volkerontour.de\/wp-content\/uploads\/2017\/11\/P1080225_thumb.jpg\" width=\"244\" height=\"184\"><\/a>&nbsp;<a href=\"https:\/\/volkerontour.de\/wp-content\/uploads\/2017\/11\/P1080223.jpg\"><img loading=\"lazy\" decoding=\"async\" title=\"P1080223\" style=\"border-left-width: 0px; border-right-width: 0px; background-image: none; border-bottom-width: 0px; padding-top: 0px; padding-left: 0px; display: inline; padding-right: 0px; border-top-width: 0px\" border=\"0\" alt=\"P1080223\" src=\"https:\/\/volkerontour.de\/wp-content\/uploads\/2017\/11\/P1080223_thumb.jpg\" width=\"244\" height=\"184\"><\/a><\/p>\n<p>\u2026bevor es dann auch f\u00fcr Stephen, Kavi und mich Richtung Flughafen ging. Die anderen sechs bleiben alle noch bis mindestens Montag in Kathmandu.<\/p>\n<p>In einen kleinen Suzuki Alto quetschten sich anschliessend 4 erwachsende M\u00e4nner plus 6 Rucks\u00e4cke (davon drei 70l). Wer die Ausma\u00dfe eines Suzuki Altos kennt (und somit wei\u00df, dass der Kofferraum dieses Autos etwa so gross ist wie ein gew\u00f6hnliches Handschuhfach <img decoding=\"async\" class=\"wlEmoticon wlEmoticon-winkingsmile\" style=\"border-top-style: none; border-left-style: none; border-bottom-style: none; border-right-style: none\" alt=\"Zwinkerndes Smiley\" src=\"https:\/\/volkerontour.de\/wp-content\/uploads\/2017\/11\/wlEmoticon-winkingsmile-3.png\">) kann sich nun vorstellen, wie eng es im Innenraum mit 5 Rucks\u00e4cken zuging.<\/p>\n<p><a href=\"https:\/\/volkerontour.de\/wp-content\/uploads\/2017\/11\/P1080227.jpg\"><img loading=\"lazy\" decoding=\"async\" title=\"P1080227\" style=\"border-left-width: 0px; border-right-width: 0px; background-image: none; border-bottom-width: 0px; padding-top: 0px; padding-left: 0px; display: inline; padding-right: 0px; border-top-width: 0px\" border=\"0\" alt=\"P1080227\" src=\"https:\/\/volkerontour.de\/wp-content\/uploads\/2017\/11\/P1080227_thumb.jpg\" width=\"244\" height=\"184\"><\/a>&nbsp;<a href=\"https:\/\/volkerontour.de\/wp-content\/uploads\/2017\/11\/P1080229.jpg\"><img loading=\"lazy\" decoding=\"async\" title=\"P1080229\" style=\"border-left-width: 0px; border-right-width: 0px; background-image: none; border-bottom-width: 0px; padding-top: 0px; padding-left: 0px; margin: 0px; display: inline; padding-right: 0px; border-top-width: 0px\" border=\"0\" alt=\"P1080229\" src=\"https:\/\/volkerontour.de\/wp-content\/uploads\/2017\/11\/P1080229_thumb.jpg\" width=\"244\" height=\"184\"><\/a><\/p>\n<p>Aufgrund des mal wieder chaotischen Verkehrs in der Innenstadt dauerte der Transfer bis zum Flughafen auch ein bisschen l\u00e4nger als gew\u00f6hnlich.<\/p>\n<p><a href=\"https:\/\/volkerontour.de\/wp-content\/uploads\/2017\/11\/P1080231.jpg\"><img loading=\"lazy\" decoding=\"async\" title=\"P1080231\" style=\"border-left-width: 0px; border-right-width: 0px; background-image: none; border-bottom-width: 0px; padding-top: 0px; padding-left: 0px; display: inline; padding-right: 0px; border-top-width: 0px\" border=\"0\" alt=\"P1080231\" src=\"https:\/\/volkerontour.de\/wp-content\/uploads\/2017\/11\/P1080231_thumb.jpg\" width=\"244\" height=\"184\"><\/a>&nbsp;<a href=\"https:\/\/volkerontour.de\/wp-content\/uploads\/2017\/11\/P1080232.jpg\"><img loading=\"lazy\" decoding=\"async\" title=\"P1080232\" style=\"border-left-width: 0px; border-right-width: 0px; background-image: none; border-bottom-width: 0px; padding-top: 0px; padding-left: 0px; display: inline; padding-right: 0px; border-top-width: 0px\" border=\"0\" alt=\"P1080232\" src=\"https:\/\/volkerontour.de\/wp-content\/uploads\/2017\/11\/P1080232_thumb.jpg\" width=\"244\" height=\"184\"><\/a><\/p>\n<p>Am Flughafen erlebten wir dann (wie ich bei der Ankunft bereits auch schon) einmal mehr ein nepalesisches Durcheinander. Ich kann mich wirklich an keinen Flughafen erinnern (und ich habe inzwischen ja schon wirklich einige gesehen) an dem es so unkoordiniert und unstrukturiert zugegangen ist. Vom Eingang zum Flughafen bis zu meinem Boarding Gate dauerte es eine Stunde und 45 Minuten. Wenn man dazu noch bedenkt, dass ich ja sogar Business-Class fliegen, und deshalb die Schlange beim Check In komplett umgehen durfte (und die war auch ordentlich) ist das schon eine Menge Zeit, die man beim Sicherheitscheck und bei der Visakontrolle gebraucht hat\u2026<\/p>\n<p>Nunja, wir schafften es alle drei p\u00fcnktlich und hatten sogar noch Zeit kurz was zu essen und uns zu verabschieden. Ein bisschen taten mir die anderen beiden allerdings leid. Stephen flog kurz vor mir weg\u2026 er sollte \u00fcber Neu Dehli, und Abu Dhabi insgesamt fast 20 Stunden bis nach Dublin brauchen. Kavi\u2019s Route verlief \u00fcber Doha und Philadelphia Richtung Montreal. Reisezeit: 29 Stunden!<\/p>\n<p><a href=\"https:\/\/volkerontour.de\/wp-content\/uploads\/2017\/11\/P1080233.jpg\"><img loading=\"lazy\" decoding=\"async\" title=\"P1080233\" style=\"border-left-width: 0px; border-right-width: 0px; background-image: none; border-bottom-width: 0px; padding-top: 0px; padding-left: 0px; display: inline; padding-right: 0px; border-top-width: 0px\" border=\"0\" alt=\"P1080233\" src=\"https:\/\/volkerontour.de\/wp-content\/uploads\/2017\/11\/P1080233_thumb.jpg\" width=\"244\" height=\"184\"><\/a><\/p>\n<p>Wie oben schon kurz angerissen, hatte ich die 5 Stunden bis nach Abu Dhabi einen Platz in der Business Class. Da ich bis dato noch nie Business Class geflogen war, freute ich mich nat\u00fcrlich und war gespannt\u2026<\/p>\n<p><a href=\"https:\/\/volkerontour.de\/wp-content\/uploads\/2017\/11\/P1080234.jpg\"><img loading=\"lazy\" decoding=\"async\" title=\"P1080234\" style=\"border-left-width: 0px; border-right-width: 0px; background-image: none; border-bottom-width: 0px; padding-top: 0px; padding-left: 0px; display: inline; padding-right: 0px; border-top-width: 0px\" border=\"0\" alt=\"P1080234\" src=\"https:\/\/volkerontour.de\/wp-content\/uploads\/2017\/11\/P1080234_thumb.jpg\" width=\"244\" height=\"184\"><\/a>&nbsp;<a href=\"https:\/\/volkerontour.de\/wp-content\/uploads\/2017\/11\/P1080235.jpg\"><img loading=\"lazy\" decoding=\"async\" title=\"P1080235\" style=\"border-left-width: 0px; border-right-width: 0px; background-image: none; border-bottom-width: 0px; padding-top: 0px; padding-left: 0px; display: inline; padding-right: 0px; border-top-width: 0px\" border=\"0\" alt=\"P1080235\" src=\"https:\/\/volkerontour.de\/wp-content\/uploads\/2017\/11\/P1080235_thumb.jpg\" width=\"244\" height=\"184\"><\/a><\/p>\n<p>Zun\u00e4chst konnte ich allerdings noch einmal bei Sonnenuntergang das tolle Panorama des Himalaja-Gebirges bewundern <img decoding=\"async\" class=\"wlEmoticon wlEmoticon-smile\" style=\"border-top-style: none; border-left-style: none; border-bottom-style: none; border-right-style: none\" alt=\"Smiley\" src=\"https:\/\/volkerontour.de\/wp-content\/uploads\/2017\/11\/wlEmoticon-smile-3.png\"><\/p>\n<p><a href=\"https:\/\/volkerontour.de\/wp-content\/uploads\/2017\/11\/P1080238.jpg\"><img loading=\"lazy\" decoding=\"async\" title=\"P1080238\" style=\"border-left-width: 0px; border-right-width: 0px; background-image: none; border-bottom-width: 0px; padding-top: 0px; padding-left: 0px; display: inline; padding-right: 0px; border-top-width: 0px\" border=\"0\" alt=\"P1080238\" src=\"https:\/\/volkerontour.de\/wp-content\/uploads\/2017\/11\/P1080238_thumb.jpg\" width=\"244\" height=\"184\"><\/a>&nbsp;<a href=\"https:\/\/volkerontour.de\/wp-content\/uploads\/2017\/11\/P1080239.jpg\"><img loading=\"lazy\" decoding=\"async\" title=\"P1080239\" style=\"border-left-width: 0px; border-right-width: 0px; background-image: none; border-bottom-width: 0px; padding-top: 0px; padding-left: 0px; display: inline; padding-right: 0px; border-top-width: 0px\" border=\"0\" alt=\"P1080239\" src=\"https:\/\/volkerontour.de\/wp-content\/uploads\/2017\/11\/P1080239_thumb.jpg\" width=\"244\" height=\"184\"><\/a><\/p>\n<p>Also, das ist schon eine sch\u00f6ne Sache mal Business-Class zu fliegen. Man sitzt wirklich viel komfortabler, kann die Beine hochlegen, bekommt viel, viel besseres Essen und das komplette Entertainment-Programm gratis\u2026 dazu ist es einfach ruhig, richtig sch\u00f6n entspannend. Also gerne beim n\u00e4chsten mal wieder, Juliane (die Reiseverkehrskauffrau meines Vertrauens) <img decoding=\"async\" class=\"wlEmoticon wlEmoticon-smile\" style=\"border-top-style: none; border-left-style: none; border-bottom-style: none; border-right-style: none\" alt=\"Smiley\" src=\"https:\/\/volkerontour.de\/wp-content\/uploads\/2017\/11\/wlEmoticon-smile-3.png\"><\/p>\n<p><a href=\"https:\/\/volkerontour.de\/wp-content\/uploads\/2017\/11\/P1080237.jpg\"><img loading=\"lazy\" decoding=\"async\" title=\"P1080237\" style=\"border-left-width: 0px; border-right-width: 0px; background-image: none; border-bottom-width: 0px; padding-top: 0px; padding-left: 0px; display: inline; padding-right: 0px; border-top-width: 0px\" border=\"0\" alt=\"P1080237\" src=\"https:\/\/volkerontour.de\/wp-content\/uploads\/2017\/11\/P1080237_thumb.jpg\" width=\"184\" height=\"244\"><\/a>&nbsp;<a href=\"https:\/\/volkerontour.de\/wp-content\/uploads\/2017\/11\/P1080242.jpg\"><img loading=\"lazy\" decoding=\"async\" title=\"P1080242\" style=\"border-left-width: 0px; border-right-width: 0px; background-image: none; border-bottom-width: 0px; padding-top: 0px; padding-left: 0px; display: inline; padding-right: 0px; border-top-width: 0px\" border=\"0\" alt=\"P1080242\" src=\"https:\/\/volkerontour.de\/wp-content\/uploads\/2017\/11\/P1080242_thumb.jpg\" width=\"244\" height=\"184\"><\/a><\/p>\n<p>Und nochwas: Am Flughafen geht das genauso weiter (sch\u00e4tze mal das ist in Abu Dhabi deshalb so extrem, weil hier eben der Hauptsitz der Etihad-Fluglinie ist): Eigener, luxuri\u00f6ser, gro\u00dfer Bus, der nur die 16 Business-Class G\u00e4ste zu einem eigenen Empfangsterminal bringt. Als erster zur Passkontrolle (Wartezeit: 0 Minuten), das Gep\u00e4ck ist bereits auf dem Band w\u00e4hrend die Economy-G\u00e4ste noch mit dem Bus ins Terminal transferiert werden\u2026 sensationell. Ich bereue jetzt vielleicht sogar ein bisschen, dass ich nach Abu Dhabi eingereist bin\u2026 falls ich n\u00e4mlich \u201cnur\u201d auf der Durchreise gewesen w\u00e4re h\u00e4tte ich auch noch in Ruhe&nbsp; duschen, und das Buffet in der Business-Class-Lounge geniessen k\u00f6nnen <img decoding=\"async\" class=\"wlEmoticon wlEmoticon-winkingsmile\" style=\"border-top-style: none; border-left-style: none; border-bottom-style: none; border-right-style: none\" alt=\"Zwinkerndes Smiley\" src=\"https:\/\/volkerontour.de\/wp-content\/uploads\/2017\/11\/wlEmoticon-winkingsmile-3.png\"><\/p>\n<p><a href=\"https:\/\/volkerontour.de\/wp-content\/uploads\/2017\/11\/P1080244.jpg\"><img loading=\"lazy\" decoding=\"async\" title=\"P1080244\" style=\"border-top: 0px; border-right: 0px; background-image: none; border-bottom: 0px; padding-top: 0px; padding-left: 0px; border-left: 0px; display: inline; padding-right: 0px\" border=\"0\" alt=\"P1080244\" src=\"https:\/\/volkerontour.de\/wp-content\/uploads\/2017\/11\/P1080244_thumb.jpg\" width=\"244\" height=\"184\"><\/a>&nbsp;<a href=\"https:\/\/volkerontour.de\/wp-content\/uploads\/2017\/11\/P1080245.jpg\"><img loading=\"lazy\" decoding=\"async\" title=\"P1080245\" style=\"border-top: 0px; border-right: 0px; background-image: none; border-bottom: 0px; padding-top: 0px; padding-left: 0px; border-left: 0px; display: inline; padding-right: 0px\" border=\"0\" alt=\"P1080245\" src=\"https:\/\/volkerontour.de\/wp-content\/uploads\/2017\/11\/P1080245_thumb.jpg\" width=\"244\" height=\"184\"><\/a><\/p>\n<p>Bis zum Hotel ins Stadtzentrum war es dann noch etwa eine halbe Stunde mit dem Taxi. Sehr ger\u00e4umiges Zimmer im 13. Stock mit Meerblick. Richtig so <img decoding=\"async\" class=\"wlEmoticon wlEmoticon-smile\" style=\"border-top-style: none; border-left-style: none; border-bottom-style: none; border-right-style: none\" alt=\"Smiley\" src=\"https:\/\/volkerontour.de\/wp-content\/uploads\/2017\/11\/wlEmoticon-smile-3.png\"><\/p>\n<p><a href=\"https:\/\/volkerontour.de\/wp-content\/uploads\/2017\/11\/P1080252.jpg\"><img loading=\"lazy\" decoding=\"async\" title=\"P1080252\" style=\"border-top: 0px; border-right: 0px; background-image: none; border-bottom: 0px; padding-top: 0px; padding-left: 0px; border-left: 0px; display: inline; padding-right: 0px\" border=\"0\" alt=\"P1080252\" src=\"https:\/\/volkerontour.de\/wp-content\/uploads\/2017\/11\/P1080252_thumb.jpg\" width=\"244\" height=\"184\"><\/a>&nbsp;<a href=\"https:\/\/volkerontour.de\/wp-content\/uploads\/2017\/11\/P1080251.jpg\"><img loading=\"lazy\" decoding=\"async\" title=\"P1080251\" style=\"border-top: 0px; border-right: 0px; background-image: none; border-bottom: 0px; padding-top: 0px; padding-left: 0px; border-left: 0px; display: inline; padding-right: 0px\" border=\"0\" alt=\"P1080251\" src=\"https:\/\/volkerontour.de\/wp-content\/uploads\/2017\/11\/P1080251_thumb.jpg\" width=\"244\" height=\"184\"><\/a><\/p>\n<p>Bei meiner Ankunft hier im Hotel war in der Lobby (und sp\u00e4ter im Restaurant) ein H\u00f6llenl\u00e4rm. Mit Dudels\u00e4cken und Trommeln wurde ein Brautpaar samt Hochzeitsgesellschaft im Corniche Hotel Willkommen gehei\u00dfen\u2026 naja, ich glaube es hat auch noch andere G\u00e4ste gest\u00f6rt\u2026<\/p>\n<p><a href=\"https:\/\/volkerontour.de\/wp-content\/uploads\/2017\/11\/P1080248.jpg\"><img loading=\"lazy\" decoding=\"async\" title=\"P1080248\" style=\"border-top: 0px; border-right: 0px; background-image: none; border-bottom: 0px; padding-top: 0px; padding-left: 0px; border-left: 0px; display: inline; padding-right: 0px\" border=\"0\" alt=\"P1080248\" src=\"https:\/\/volkerontour.de\/wp-content\/uploads\/2017\/11\/P1080248_thumb.jpg\" width=\"244\" height=\"184\"><\/a>&nbsp;<a href=\"https:\/\/volkerontour.de\/wp-content\/uploads\/2017\/11\/P1080249.jpg\"><img loading=\"lazy\" decoding=\"async\" title=\"P1080249\" style=\"border-top: 0px; border-right: 0px; background-image: none; border-bottom: 0px; padding-top: 0px; padding-left: 0px; border-left: 0px; display: inline; padding-right: 0px\" border=\"0\" alt=\"P1080249\" src=\"https:\/\/volkerontour.de\/wp-content\/uploads\/2017\/11\/P1080249_thumb.jpg\" width=\"244\" height=\"184\"><\/a><\/p>\n<p>So, nachdem mir leider weder der freundliche Herr an der Rezeption noch der Concierge bei meiner morgigen Tagesplanung wirklich weiterhelfen konnten, werde ich mich jetzt selber nochmal schnell einlesen und meinen Tag f\u00fcr morgen gestalten. 32 Grad und Sonne sind angesagt\u2026 <img decoding=\"async\" class=\"wlEmoticon wlEmoticon-smile\" style=\"border-top-style: none; border-left-style: none; border-bottom-style: none; border-right-style: none\" alt=\"Smiley\" src=\"https:\/\/volkerontour.de\/wp-content\/uploads\/2017\/11\/wlEmoticon-smile-3.png\"><\/p>\n<p>Ich bin gespannt was Abu Dhabi zu bieten hat.<\/p>\n","protected":false},"excerpt":{"rendered":"<p>Freitag, 03.11.: Nachdem die beiden Waliser Jungs (Peter und Chad) bereits am fr\u00fchen Morgen Richtung Heimat geflogen waren, verabschiedete sich auch Christa aus der Schweiz tr\u00e4nenreich. Sie flog (glaube ich) wieder zur\u00fcck in die USA zu Ihrer Gastfamilie (wo Sie &hellip; <a href=\"https:\/\/volkerontour.de\/?p=19504\">Weiterlesen <span class=\"meta-nav\">&rarr;<\/span><\/a><\/p>\n","protected":false},"author":3,"featured_media":0,"comment_status":"closed","ping_status":"open","sticky":false,"template":"","format":"standard","meta":{"footnotes":""},"categories":[20],"tags":[],"class_list":["post-19504","post","type-post","status-publish","format-standard","hentry","category-nepal-2017"],"_links":{"self":[{"href":"https:\/\/volkerontour.de\/index.php?rest_route=\/wp\/v2\/posts\/19504","targetHints":{"allow":["GET"]}}],"collection":[{"href":"https:\/\/volkerontour.de\/index.php?rest_route=\/wp\/v2\/posts"}],"about":[{"href":"https:\/\/volkerontour.de\/index.php?rest_route=\/wp\/v2\/types\/post"}],"author":[{"embeddable":true,"href":"https:\/\/volkerontour.de\/index.php?rest_route=\/wp\/v2\/users\/3"}],"replies":[{"embeddable":true,"href":"https:\/\/volkerontour.de\/index.php?rest_route=%2Fwp%2Fv2%2Fcomments&post=19504"}],"version-history":[{"count":1,"href":"https:\/\/volkerontour.de\/index.php?rest_route=\/wp\/v2\/posts\/19504\/revisions"}],"predecessor-version":[{"id":19505,"href":"https:\/\/volkerontour.de\/index.php?rest_route=\/wp\/v2\/posts\/19504\/revisions\/19505"}],"wp:attachment":[{"href":"https:\/\/volkerontour.de\/index.php?rest_route=%2Fwp%2Fv2%2Fmedia&parent=19504"}],"wp:term":[{"taxonomy":"category","embeddable":true,"href":"https:\/\/volkerontour.de\/index.php?rest_route=%2Fwp%2Fv2%2Fcategories&post=19504"},{"taxonomy":"post_tag","embeddable":true,"href":"https:\/\/volkerontour.de\/index.php?rest_route=%2Fwp%2Fv2%2Ftags&post=19504"}],"curies":[{"name":"wp","href":"https:\/\/api.w.org\/{rel}","templated":true}]}}