{"id":19761,"date":"2017-12-30T19:34:25","date_gmt":"2017-12-30T19:34:25","guid":{"rendered":"http:\/\/volkerontour.de\/?p=19761"},"modified":"2017-12-30T19:34:25","modified_gmt":"2017-12-30T19:34:25","slug":"seychellen-das-vorwort","status":"publish","type":"post","link":"https:\/\/volkerontour.de\/?p=19761","title":{"rendered":"Seychellen, das Vorwort :-)"},"content":{"rendered":"<p>Samstag, 30.12.2018: Hallo mal wieder an alle Leser meines kleinen Urlaubsblogs. P\u00fcnktlich zum Beginn des neuen Jahres steht f\u00fcr Sindy und mich der n\u00e4chste Urlaub auf dem Programm. Dieses mal wird es uns auf die Seychellen verschlagen, wo wir insgesamt zwei Wochen verbringen werden. Etwa 900km n\u00f6rdlich von Madagaskar gelegen umfassen sie insgesamt 115 Inseln (42 Granit- und 73 Koralleninseln) und beherbergen knapp 100000 Einwohner. Die drei Hauptinseln Mahe (die gr\u00f6sste und bev\u00f6lkerungsreichste), Praslin und La Digue werden wir uns f\u00fcr jeweils 4 N\u00e4chte mal genauer ansehen.<\/p>\n<p><a href=\"https:\/\/volkerontour.de\/wp-content\/uploads\/2017\/12\/Weltkarte.jpg\"><img loading=\"lazy\" decoding=\"async\" title=\"Weltkarte\" style=\"border-top: 0px; border-right: 0px; background-image: none; border-bottom: 0px; padding-top: 0px; padding-left: 0px; border-left: 0px; display: inline; padding-right: 0px\" border=\"0\" alt=\"Weltkarte\" src=\"https:\/\/volkerontour.de\/wp-content\/uploads\/2017\/12\/Weltkarte_thumb.jpg\" width=\"244\" height=\"148\"><\/a>&nbsp;<a href=\"https:\/\/volkerontour.de\/wp-content\/uploads\/2017\/12\/Karte-Seychellen.gif\"><img loading=\"lazy\" decoding=\"async\" title=\"Karte Seychellen\" style=\"border-top: 0px; border-right: 0px; background-image: none; border-bottom: 0px; padding-top: 0px; padding-left: 0px; border-left: 0px; display: inline; padding-right: 0px\" border=\"0\" alt=\"Karte Seychellen\" src=\"https:\/\/volkerontour.de\/wp-content\/uploads\/2017\/12\/Karte-Seychellen_thumb.gif\" width=\"244\" height=\"174\"><\/a><\/p>\n<p>Die meisten verbinden mit den Seychellen vor allem tolle Str\u00e4nde. Sicherlich werden auch wir den einen oder anderen Tag am Strand verbringen, doch vor allem auf Praslin und La Digue erwarten wir uns auch einiges von der dort vorhandenen Flora und Fauna (\u00fcber und unter Wasser).<\/p>\n<p><a href=\"https:\/\/volkerontour.de\/wp-content\/uploads\/2017\/12\/mahe-tusculum-beach-01_header.jpg\"><img loading=\"lazy\" decoding=\"async\" title=\"mahe-tusculum-beach-01_header\" style=\"border-top: 0px; border-right: 0px; background-image: none; border-bottom: 0px; padding-top: 0px; padding-left: 0px; border-left: 0px; display: inline; padding-right: 0px\" border=\"0\" alt=\"mahe-tusculum-beach-01_header\" src=\"https:\/\/volkerontour.de\/wp-content\/uploads\/2017\/12\/mahe-tusculum-beach-01_header_thumb.jpg\" width=\"244\" height=\"139\"><\/a>&nbsp;<a href=\"https:\/\/volkerontour.de\/wp-content\/uploads\/2017\/12\/Seychellen-1.jpg\"><img loading=\"lazy\" decoding=\"async\" title=\"Seychellen 1\" style=\"border-top: 0px; border-right: 0px; background-image: none; border-bottom: 0px; padding-top: 0px; padding-left: 0px; border-left: 0px; display: inline; padding-right: 0px\" border=\"0\" alt=\"Seychellen 1\" src=\"https:\/\/volkerontour.de\/wp-content\/uploads\/2017\/12\/Seychellen-1_thumb.jpg\" width=\"244\" height=\"164\"><\/a><\/p>\n<p>Die ersten vier Tage verbringen wir auf der zweitgr\u00f6ssten Seychellen-Insel. Ein Nationalpark im Zentrum Pralins mit seltenen Tieren und Pflanzen sollte neben den sch\u00f6nen Str\u00e4nden das Highlight darstellen.<\/p>\n<p><a href=\"https:\/\/volkerontour.de\/wp-content\/uploads\/2017\/12\/Karte-Praslin.jpg\"><img loading=\"lazy\" decoding=\"async\" title=\"Karte Praslin\" style=\"border-top: 0px; border-right: 0px; background-image: none; border-bottom: 0px; padding-top: 0px; padding-left: 0px; border-left: 0px; display: inline; padding-right: 0px\" border=\"0\" alt=\"Karte Praslin\" src=\"https:\/\/volkerontour.de\/wp-content\/uploads\/2017\/12\/Karte-Praslin_thumb.jpg\" width=\"244\" height=\"154\"><\/a><\/p>\n<p>Mit etwa 10km\u00b2 ist La Digue die kleinste der drei bekannten Urlaubsinseln der Seychellen. Wir planen die vielen kleinen Str\u00e4nde und Buchten mit dem Fahrrad zu erforschen. Eventuell ist auch ein Kurztrip zur benachbarten Insel Felicit\u00e9 von La Digue aus denkbar.<\/p>\n<p><a href=\"https:\/\/volkerontour.de\/wp-content\/uploads\/2017\/12\/Karte-La-Digue.jpg\"><img loading=\"lazy\" decoding=\"async\" title=\"Karte La Digue\" style=\"border-top: 0px; border-right: 0px; background-image: none; border-bottom: 0px; padding-top: 0px; padding-left: 0px; border-left: 0px; display: inline; padding-right: 0px\" border=\"0\" alt=\"Karte La Digue\" src=\"https:\/\/volkerontour.de\/wp-content\/uploads\/2017\/12\/Karte-La-Digue_thumb.jpg\" width=\"212\" height=\"244\"><\/a><\/p>\n<p>F\u00fcr die letzten 4 Tage nisten wir uns dann auf der Hauptinsel Mah\u00e9 in einem etwas h\u00f6herklassigen Hotel ein, und lassen uns mal \u00fcberraschen was die Insel noch so hergibt.<\/p>\n<p><a href=\"https:\/\/volkerontour.de\/wp-content\/uploads\/2017\/12\/Karte-Mahe.gif\"><img loading=\"lazy\" decoding=\"async\" title=\"Karte Mahe\" style=\"border-top: 0px; border-right: 0px; background-image: none; border-bottom: 0px; padding-top: 0px; padding-left: 0px; border-left: 0px; display: inline; padding-right: 0px\" border=\"0\" alt=\"Karte Mahe\" src=\"https:\/\/volkerontour.de\/wp-content\/uploads\/2017\/12\/Karte-Mahe_thumb.gif\" width=\"179\" height=\"244\"><\/a><\/p>\n<p>Morgen Nachmittag geht`s. Netbook, sowie Unter- und \u00dcberwasserkamera sind gepackt. Ich gehe mal stark davon aus, dass jedes unserer Hotels eine WLAN-Anbindung haben wird, so dass Ihr jeden Abend ein Reiseupdate bekommt. <\/p>\n<p>Dann w\u00fcnsche ich mal viel Spass beim Mitlesen und zun\u00e4chst einmal einen guten Rutsch ins neue Jahr <img decoding=\"async\" class=\"wlEmoticon wlEmoticon-smile\" style=\"border-top-style: none; border-left-style: none; border-bottom-style: none; border-right-style: none\" alt=\"Smiley\" src=\"https:\/\/volkerontour.de\/wp-content\/uploads\/2017\/12\/wlEmoticon-smile.png\"><\/p>\n","protected":false},"excerpt":{"rendered":"<p>Samstag, 30.12.2018: Hallo mal wieder an alle Leser meines kleinen Urlaubsblogs. P\u00fcnktlich zum Beginn des neuen Jahres steht f\u00fcr Sindy und mich der n\u00e4chste Urlaub auf dem Programm. Dieses mal wird es uns auf die Seychellen verschlagen, wo wir insgesamt &hellip; <a href=\"https:\/\/volkerontour.de\/?p=19761\">Weiterlesen <span class=\"meta-nav\">&rarr;<\/span><\/a><\/p>\n","protected":false},"author":3,"featured_media":0,"comment_status":"closed","ping_status":"open","sticky":false,"template":"","format":"standard","meta":{"footnotes":""},"categories":[21],"tags":[],"class_list":["post-19761","post","type-post","status-publish","format-standard","hentry","category-seychellen-2018"],"_links":{"self":[{"href":"https:\/\/volkerontour.de\/index.php?rest_route=\/wp\/v2\/posts\/19761","targetHints":{"allow":["GET"]}}],"collection":[{"href":"https:\/\/volkerontour.de\/index.php?rest_route=\/wp\/v2\/posts"}],"about":[{"href":"https:\/\/volkerontour.de\/index.php?rest_route=\/wp\/v2\/types\/post"}],"author":[{"embeddable":true,"href":"https:\/\/volkerontour.de\/index.php?rest_route=\/wp\/v2\/users\/3"}],"replies":[{"embeddable":true,"href":"https:\/\/volkerontour.de\/index.php?rest_route=%2Fwp%2Fv2%2Fcomments&post=19761"}],"version-history":[{"count":1,"href":"https:\/\/volkerontour.de\/index.php?rest_route=\/wp\/v2\/posts\/19761\/revisions"}],"predecessor-version":[{"id":19762,"href":"https:\/\/volkerontour.de\/index.php?rest_route=\/wp\/v2\/posts\/19761\/revisions\/19762"}],"wp:attachment":[{"href":"https:\/\/volkerontour.de\/index.php?rest_route=%2Fwp%2Fv2%2Fmedia&parent=19761"}],"wp:term":[{"taxonomy":"category","embeddable":true,"href":"https:\/\/volkerontour.de\/index.php?rest_route=%2Fwp%2Fv2%2Fcategories&post=19761"},{"taxonomy":"post_tag","embeddable":true,"href":"https:\/\/volkerontour.de\/index.php?rest_route=%2Fwp%2Fv2%2Ftags&post=19761"}],"curies":[{"name":"wp","href":"https:\/\/api.w.org\/{rel}","templated":true}]}}