{"id":19795,"date":"2018-01-01T18:25:53","date_gmt":"2018-01-01T18:25:53","guid":{"rendered":"http:\/\/volkerontour.de\/?p=19795"},"modified":"2018-01-01T18:25:53","modified_gmt":"2018-01-01T18:25:53","slug":"tag-1-anreise-nach-praslin","status":"publish","type":"post","link":"https:\/\/volkerontour.de\/?p=19795","title":{"rendered":"Tag 1: Anreise nach Praslin"},"content":{"rendered":"<p>Montag, 01.01.2018: Erst einmal w\u00fcnsche ich Euch allen ein frohes neues Jahr 2018 und hoffe Ihr seid gut reingekommen.<\/p>\n<p>F\u00fcr uns ging es bereits am Silvestertag los Richtung Seychellen. Wie immer brachte uns der Karli zuverl\u00e4ssig zum Flughafen. Der&nbsp; dazugeh\u00f6rige Starbucks durfte nat\u00fcrlich auch nicht fehlen.<\/p>\n<p><a href=\"https:\/\/volkerontour.de\/wp-content\/uploads\/2018\/01\/P1080376.jpg\"><img loading=\"lazy\" decoding=\"async\" title=\"P1080376\" style=\"border-top: 0px; border-right: 0px; background-image: none; border-bottom: 0px; padding-top: 0px; padding-left: 0px; border-left: 0px; display: inline; padding-right: 0px\" border=\"0\" alt=\"P1080376\" src=\"https:\/\/volkerontour.de\/wp-content\/uploads\/2018\/01\/P1080376_thumb.jpg\" width=\"244\" height=\"184\"><\/a>&nbsp;<a href=\"https:\/\/volkerontour.de\/wp-content\/uploads\/2018\/01\/P1080378.jpg\"><img loading=\"lazy\" decoding=\"async\" title=\"P1080378\" style=\"border-top: 0px; border-right: 0px; background-image: none; border-bottom: 0px; padding-top: 0px; padding-left: 0px; border-left: 0px; display: inline; padding-right: 0px\" border=\"0\" alt=\"P1080378\" src=\"https:\/\/volkerontour.de\/wp-content\/uploads\/2018\/01\/P1080378_thumb.jpg\" width=\"244\" height=\"184\"><\/a><\/p>\n<p>Nach knapp sechs Stunden Flug hatten wir Doha erreicht, wo wir ins neue Jahr \u201chineinfeierten\u201d. Weitere zwei Stunden sp\u00e4ter sa\u00dfen wir bereits im n\u00e4chsten Qatar Air-Flieger zu den Seychellen. Es wird wohl am Datum gelegen haben, dass der Flug fast komplett leer war.<\/p>\n<p><a href=\"https:\/\/volkerontour.de\/wp-content\/uploads\/2018\/01\/P1080381.jpg\"><img loading=\"lazy\" decoding=\"async\" title=\"P1080381\" style=\"border-top: 0px; border-right: 0px; background-image: none; border-bottom: 0px; padding-top: 0px; padding-left: 0px; border-left: 0px; display: inline; padding-right: 0px\" border=\"0\" alt=\"P1080381\" src=\"https:\/\/volkerontour.de\/wp-content\/uploads\/2018\/01\/P1080381_thumb.jpg\" width=\"244\" height=\"184\"><\/a>&nbsp;<a href=\"https:\/\/volkerontour.de\/wp-content\/uploads\/2018\/01\/P1080383.jpg\"><img loading=\"lazy\" decoding=\"async\" title=\"P1080383\" style=\"border-top: 0px; border-right: 0px; background-image: none; border-bottom: 0px; padding-top: 0px; padding-left: 0px; border-left: 0px; display: inline; padding-right: 0px\" border=\"0\" alt=\"P1080383\" src=\"https:\/\/volkerontour.de\/wp-content\/uploads\/2018\/01\/P1080383_thumb.jpg\" width=\"244\" height=\"184\"><\/a><\/p>\n<p>Im Anflug auf Mah\u00e9 hatten wir dann direkt eine tolle Sicht auf die zweitgr\u00f6\u00dfte Seychellen-Insel Praslin, wo wir die ersten vier N\u00e4chte unserer Tour verbringen sollten.<\/p>\n<p><a href=\"https:\/\/volkerontour.de\/wp-content\/uploads\/2018\/01\/P1080384.jpg\"><img loading=\"lazy\" decoding=\"async\" title=\"P1080384\" style=\"border-top: 0px; border-right: 0px; background-image: none; border-bottom: 0px; padding-top: 0px; padding-left: 0px; border-left: 0px; display: inline; padding-right: 0px\" border=\"0\" alt=\"P1080384\" src=\"https:\/\/volkerontour.de\/wp-content\/uploads\/2018\/01\/P1080384_thumb.jpg\" width=\"184\" height=\"244\"><\/a>&nbsp;<a href=\"https:\/\/volkerontour.de\/wp-content\/uploads\/2018\/01\/P1080385.jpg\"><img loading=\"lazy\" decoding=\"async\" title=\"P1080385\" style=\"border-top: 0px; border-right: 0px; background-image: none; border-bottom: 0px; padding-top: 0px; padding-left: 0px; border-left: 0px; display: inline; padding-right: 0px\" border=\"0\" alt=\"P1080385\" src=\"https:\/\/volkerontour.de\/wp-content\/uploads\/2018\/01\/P1080385_thumb.jpg\" width=\"184\" height=\"244\"><\/a><\/p>\n<p>Schnell lie\u00dfen wir auch Mahe hinter uns, stiegen f\u00fcr eine Stunde aufs Schnellboot um, und kamen nach einer Gesamtreisezeit von insgesamt etwa 17 Stunden auf Praslin an.<\/p>\n<p><a href=\"https:\/\/volkerontour.de\/wp-content\/uploads\/2018\/01\/P1080388.jpg\"><img loading=\"lazy\" decoding=\"async\" title=\"P1080388\" style=\"border-top: 0px; border-right: 0px; background-image: none; border-bottom: 0px; padding-top: 0px; padding-left: 0px; border-left: 0px; display: inline; padding-right: 0px\" border=\"0\" alt=\"P1080388\" src=\"https:\/\/volkerontour.de\/wp-content\/uploads\/2018\/01\/P1080388_thumb.jpg\" width=\"244\" height=\"184\"><\/a><a href=\"https:\/\/volkerontour.de\/wp-content\/uploads\/2018\/01\/P1080389.jpg\"><img loading=\"lazy\" decoding=\"async\" title=\"P1080389\" style=\"border-top: 0px; border-right: 0px; background-image: none; border-bottom: 0px; padding-top: 0px; padding-left: 0px; border-left: 0px; display: inline; padding-right: 0px\" border=\"0\" alt=\"P1080389\" src=\"https:\/\/volkerontour.de\/wp-content\/uploads\/2018\/01\/P1080389_thumb.jpg\" width=\"244\" height=\"184\"><\/a><\/p>\n<p>Ziemlich \u00fcberm\u00fcdet erhielten wir in unserem eigentlichen Hotel \u201cVilla de Mer\u201d die Nachricht, dass das Hotel ausgebucht ist, und wir erst eine Nacht sp\u00e4ter dort einziehen d\u00fcrfen. Nach einigen Diskussionen und wenig erfreut lie\u00dfen wir uns also im benachbarten Hotel Britannia nieder, das bei weitem nicht dem Standard unseres eigentlichen Hotels entspricht.<\/p>\n<p><a href=\"https:\/\/volkerontour.de\/wp-content\/uploads\/2018\/01\/P1080392.jpg\"><img loading=\"lazy\" decoding=\"async\" title=\"P1080392\" style=\"border-top: 0px; border-right: 0px; background-image: none; border-bottom: 0px; padding-top: 0px; padding-left: 0px; border-left: 0px; display: inline; padding-right: 0px\" border=\"0\" alt=\"P1080392\" src=\"https:\/\/volkerontour.de\/wp-content\/uploads\/2018\/01\/P1080392_thumb.jpg\" width=\"244\" height=\"184\"><\/a>&nbsp;<a href=\"https:\/\/volkerontour.de\/wp-content\/uploads\/2018\/01\/P1080393.jpg\"><img loading=\"lazy\" decoding=\"async\" title=\"P1080393\" style=\"border-top: 0px; border-right: 0px; background-image: none; border-bottom: 0px; padding-top: 0px; padding-left: 0px; border-left: 0px; display: inline; padding-right: 0px\" border=\"0\" alt=\"P1080393\" src=\"https:\/\/volkerontour.de\/wp-content\/uploads\/2018\/01\/P1080393_thumb.jpg\" width=\"244\" height=\"184\"><\/a><\/p>\n<p>Am Nachmittag fuhren wir dann mit dem Taxi auf die andere Seite der Insel zur \u201cAnse Volbert\u201d (den Begriff \u201cAnse\u201d werdet ihr sicherlich in den n\u00e4chsten Tagen hier \u00f6fter lesen: Er bedeutet n\u00e4mlich Strand), einem sehr langen und belebten Strand. Die Bananen dieses jamaikanisch aussehenden Obstverk\u00e4ufers schmeckten allerdings ein wenig holzig, obwohl er mir versprochen hatte, dass dies die besten Bananen w\u00e4ren, die er h\u00e4tte. Nunja, wir hatten gro\u00dfen Hunger und a\u00dfen trotzdem jeder 3,5 St\u00fcck (waren aber nur kleine <img decoding=\"async\" class=\"wlEmoticon wlEmoticon-winkingsmile\" style=\"border-top-style: none; border-left-style: none; border-bottom-style: none; border-right-style: none\" alt=\"Zwinkerndes Smiley\" src=\"https:\/\/volkerontour.de\/wp-content\/uploads\/2018\/01\/wlEmoticon-winkingsmile.png\">)<\/p>\n<p><a href=\"https:\/\/volkerontour.de\/wp-content\/uploads\/2018\/01\/P1080395.jpg\"><img loading=\"lazy\" decoding=\"async\" title=\"P1080395\" style=\"border-top: 0px; border-right: 0px; background-image: none; border-bottom: 0px; padding-top: 0px; padding-left: 0px; border-left: 0px; display: inline; padding-right: 0px\" border=\"0\" alt=\"P1080395\" src=\"https:\/\/volkerontour.de\/wp-content\/uploads\/2018\/01\/P1080395_thumb.jpg\" width=\"244\" height=\"184\"><\/a><a href=\"https:\/\/volkerontour.de\/wp-content\/uploads\/2018\/01\/P1080397.jpg\"><img loading=\"lazy\" decoding=\"async\" title=\"P1080397\" style=\"border-top: 0px; border-right: 0px; background-image: none; border-bottom: 0px; padding-top: 0px; padding-left: 0px; border-left: 0px; display: inline; padding-right: 0px\" border=\"0\" alt=\"P1080397\" src=\"https:\/\/volkerontour.de\/wp-content\/uploads\/2018\/01\/P1080397_thumb.jpg\" width=\"244\" height=\"184\"><\/a><\/p>\n<p><a href=\"https:\/\/volkerontour.de\/wp-content\/uploads\/2018\/01\/P1080400.jpg\"><img loading=\"lazy\" decoding=\"async\" title=\"P1080400\" style=\"border-top: 0px; border-right: 0px; background-image: none; border-bottom: 0px; padding-top: 0px; padding-left: 0px; border-left: 0px; display: inline; padding-right: 0px\" border=\"0\" alt=\"P1080400\" src=\"https:\/\/volkerontour.de\/wp-content\/uploads\/2018\/01\/P1080400_thumb.jpg\" width=\"184\" height=\"244\"><\/a>&nbsp;<a href=\"https:\/\/volkerontour.de\/wp-content\/uploads\/2018\/01\/P1080399.jpg\"><img loading=\"lazy\" decoding=\"async\" title=\"P1080399\" style=\"border-top: 0px; border-right: 0px; background-image: none; border-bottom: 0px; padding-top: 0px; padding-left: 0px; border-left: 0px; display: inline; padding-right: 0px\" border=\"0\" alt=\"P1080399\" src=\"https:\/\/volkerontour.de\/wp-content\/uploads\/2018\/01\/P1080399_thumb.jpg\" width=\"244\" height=\"184\"><\/a><\/p>\n<p>Den R\u00fcckweg zum Hotel traten wir in einem \u201cleicht\u201d \u00fcberf\u00fcllten Linienbus an. Hier wurde die das maximale Fassungsverm\u00f6gen definitiv deutlich \u00fcberschritten.<\/p>\n<p>Nach einem kleinen Strandlauf und einem \u201cAnbaden\u201d im Hotelpool nahmen wir unser Dinner dann im Hotel ein. Aufgrund der \u00dcberbuchung wurden wir zu diesem \u201cFischmen\u00fc\u201d eingeladen (3 von 4 G\u00e4ngen enthielten Fisch! Super Sache!)<\/p>\n<p><a href=\"https:\/\/volkerontour.de\/wp-content\/uploads\/2018\/01\/P1080404.jpg\"><img loading=\"lazy\" decoding=\"async\" title=\"P1080404\" style=\"border-top: 0px; border-right: 0px; background-image: none; border-bottom: 0px; padding-top: 0px; padding-left: 0px; border-left: 0px; display: inline; padding-right: 0px\" border=\"0\" alt=\"P1080404\" src=\"https:\/\/volkerontour.de\/wp-content\/uploads\/2018\/01\/P1080404_thumb.jpg\" width=\"244\" height=\"184\"><\/a><\/p>\n<p>Morgen starten wir dann direkt unsere erste gr\u00f6\u00dfere Umgebungstour. Nach einem etwas holprigen Start heute freuen wir uns auf die kommenden Tage!<\/p>\n<p>Erste Gr\u00fcsse von den Seychellen und bis morgen <img decoding=\"async\" class=\"wlEmoticon wlEmoticon-smile\" style=\"border-top-style: none; border-left-style: none; border-bottom-style: none; border-right-style: none\" alt=\"Smiley\" src=\"https:\/\/volkerontour.de\/wp-content\/uploads\/2018\/01\/wlEmoticon-smile.png\"><\/p>\n","protected":false},"excerpt":{"rendered":"<p>Montag, 01.01.2018: Erst einmal w\u00fcnsche ich Euch allen ein frohes neues Jahr 2018 und hoffe Ihr seid gut reingekommen. F\u00fcr uns ging es bereits am Silvestertag los Richtung Seychellen. Wie immer brachte uns der Karli zuverl\u00e4ssig zum Flughafen. Der&nbsp; dazugeh\u00f6rige &hellip; <a href=\"https:\/\/volkerontour.de\/?p=19795\">Weiterlesen <span class=\"meta-nav\">&rarr;<\/span><\/a><\/p>\n","protected":false},"author":3,"featured_media":0,"comment_status":"closed","ping_status":"open","sticky":false,"template":"","format":"standard","meta":{"footnotes":""},"categories":[21],"tags":[],"class_list":["post-19795","post","type-post","status-publish","format-standard","hentry","category-seychellen-2018"],"_links":{"self":[{"href":"https:\/\/volkerontour.de\/index.php?rest_route=\/wp\/v2\/posts\/19795","targetHints":{"allow":["GET"]}}],"collection":[{"href":"https:\/\/volkerontour.de\/index.php?rest_route=\/wp\/v2\/posts"}],"about":[{"href":"https:\/\/volkerontour.de\/index.php?rest_route=\/wp\/v2\/types\/post"}],"author":[{"embeddable":true,"href":"https:\/\/volkerontour.de\/index.php?rest_route=\/wp\/v2\/users\/3"}],"replies":[{"embeddable":true,"href":"https:\/\/volkerontour.de\/index.php?rest_route=%2Fwp%2Fv2%2Fcomments&post=19795"}],"version-history":[{"count":1,"href":"https:\/\/volkerontour.de\/index.php?rest_route=\/wp\/v2\/posts\/19795\/revisions"}],"predecessor-version":[{"id":19796,"href":"https:\/\/volkerontour.de\/index.php?rest_route=\/wp\/v2\/posts\/19795\/revisions\/19796"}],"wp:attachment":[{"href":"https:\/\/volkerontour.de\/index.php?rest_route=%2Fwp%2Fv2%2Fmedia&parent=19795"}],"wp:term":[{"taxonomy":"category","embeddable":true,"href":"https:\/\/volkerontour.de\/index.php?rest_route=%2Fwp%2Fv2%2Fcategories&post=19795"},{"taxonomy":"post_tag","embeddable":true,"href":"https:\/\/volkerontour.de\/index.php?rest_route=%2Fwp%2Fv2%2Ftags&post=19795"}],"curies":[{"name":"wp","href":"https:\/\/api.w.org\/{rel}","templated":true}]}}