{"id":19945,"date":"2018-01-03T19:18:32","date_gmt":"2018-01-03T19:18:32","guid":{"rendered":"http:\/\/volkerontour.de\/?p=19945"},"modified":"2018-01-03T19:18:32","modified_gmt":"2018-01-03T19:18:32","slug":"tag-3-das-vallee-de-mai","status":"publish","type":"post","link":"https:\/\/volkerontour.de\/?p=19945","title":{"rendered":"Tag 3: Das Vallee de Mai"},"content":{"rendered":"<p>Mittwoch, 03.01.: Auch heute Morgen schauten wir wieder in strahlend blauen Himmel und Sonnenschein. Von der Regenzeit ist hier (gl\u00fccklicherweise) also immernoch nichts zu sehen. <\/p>\n<p><a href=\"https:\/\/volkerontour.de\/wp-content\/uploads\/2018\/01\/P1080469.jpg\"><img loading=\"lazy\" decoding=\"async\" title=\"P1080469\" style=\"border-top: 0px; border-right: 0px; background-image: none; border-bottom: 0px; padding-top: 0px; padding-left: 0px; border-left: 0px; display: inline; padding-right: 0px\" border=\"0\" alt=\"P1080469\" src=\"https:\/\/volkerontour.de\/wp-content\/uploads\/2018\/01\/P1080469_thumb.jpg\" width=\"244\" height=\"184\"><\/a>&nbsp;<a href=\"https:\/\/volkerontour.de\/wp-content\/uploads\/2018\/01\/P1080470.jpg\"><img loading=\"lazy\" decoding=\"async\" title=\"P1080470\" style=\"border-top: 0px; border-right: 0px; background-image: none; border-bottom: 0px; padding-top: 0px; padding-left: 0px; border-left: 0px; display: inline; padding-right: 0px\" border=\"0\" alt=\"P1080470\" src=\"https:\/\/volkerontour.de\/wp-content\/uploads\/2018\/01\/P1080470_thumb.jpg\" width=\"244\" height=\"184\"><\/a><\/p>\n<p>Nach dem Fr\u00fchst\u00fcck am Strand (das hier im Hotel deutlich besser war als im Britannia den Tag zuvor) starteten wir direkt per Public Bus (heute Morgen gar nicht so \u00fcberf\u00fcllt wie sonst) zum \u201cValle de Mai\u201d, dem Nationalpark Praslins. Seit 1983 geh\u00f6rt dieser \u00fcbrigens zum UNESCO Welterbe.<\/p>\n<p><a href=\"https:\/\/volkerontour.de\/wp-content\/uploads\/2018\/01\/IMG_1016.jpg\"><img loading=\"lazy\" decoding=\"async\" title=\"IMG_1016\" style=\"border-top: 0px; border-right: 0px; background-image: none; border-bottom: 0px; padding-top: 0px; padding-left: 0px; border-left: 0px; display: inline; padding-right: 0px\" border=\"0\" alt=\"IMG_1016\" src=\"https:\/\/volkerontour.de\/wp-content\/uploads\/2018\/01\/IMG_1016_thumb.jpg\" width=\"244\" height=\"184\"><\/a>&nbsp;<a href=\"https:\/\/volkerontour.de\/wp-content\/uploads\/2018\/01\/IMG_1018.jpg\"><img loading=\"lazy\" decoding=\"async\" title=\"IMG_1018\" style=\"border-top: 0px; border-right: 0px; background-image: none; border-bottom: 0px; padding-top: 0px; padding-left: 0px; border-left: 0px; display: inline; padding-right: 0px\" border=\"0\" alt=\"IMG_1018\" src=\"https:\/\/volkerontour.de\/wp-content\/uploads\/2018\/01\/IMG_1018_thumb.jpg\" width=\"244\" height=\"184\"><\/a><\/p>\n<p>Die Hauptattraktion dieses dschungel\u00e4hnlichen Parks sind zweifelsfrei die etwa 6000 Coco-de-Mer-Palmen. Einige dieser B\u00e4ume sind 800-1000 Jahre alt. Alles an diesen Palmen ist \u00fcberdimensional, so auch die Coco de Mer (Kokosnuss). Sie kann bis zu 25 Kilogramm wiegen. M\u00f6chte man eine dieser Fr\u00fcchte als Souvenir k\u00e4uflich erwerben m\u00fcsste etwa 200\u20ac zahlen.<\/p>\n<p><a href=\"https:\/\/volkerontour.de\/wp-content\/uploads\/2018\/01\/IMG_1017.jpg\"><img loading=\"lazy\" decoding=\"async\" title=\"IMG_1017\" style=\"border-top: 0px; border-right: 0px; background-image: none; border-bottom: 0px; padding-top: 0px; padding-left: 0px; border-left: 0px; display: inline; padding-right: 0px\" border=\"0\" alt=\"IMG_1017\" src=\"https:\/\/volkerontour.de\/wp-content\/uploads\/2018\/01\/IMG_1017_thumb.jpg\" width=\"244\" height=\"184\"><\/a>&nbsp;<a href=\"https:\/\/volkerontour.de\/wp-content\/uploads\/2018\/01\/IMG_1023.jpg\"><img loading=\"lazy\" decoding=\"async\" title=\"IMG_1023\" style=\"border-top: 0px; border-right: 0px; background-image: none; border-bottom: 0px; padding-top: 0px; padding-left: 0px; border-left: 0px; display: inline; padding-right: 0px\" border=\"0\" alt=\"IMG_1023\" src=\"https:\/\/volkerontour.de\/wp-content\/uploads\/2018\/01\/IMG_1023_thumb.jpg\" width=\"184\" height=\"244\"><\/a><\/p>\n<p><a href=\"https:\/\/volkerontour.de\/wp-content\/uploads\/2018\/01\/IMG_1026.jpg\"><img loading=\"lazy\" decoding=\"async\" title=\"IMG_1026\" style=\"border-top: 0px; border-right: 0px; background-image: none; border-bottom: 0px; padding-top: 0px; padding-left: 0px; border-left: 0px; display: inline; padding-right: 0px\" border=\"0\" alt=\"IMG_1026\" src=\"https:\/\/volkerontour.de\/wp-content\/uploads\/2018\/01\/IMG_1026_thumb.jpg\" width=\"184\" height=\"244\"><\/a>&nbsp;<a href=\"https:\/\/volkerontour.de\/wp-content\/uploads\/2018\/01\/IMG_1029.jpg\"><img loading=\"lazy\" decoding=\"async\" title=\"IMG_1029\" style=\"border-top: 0px; border-right: 0px; background-image: none; border-bottom: 0px; padding-top: 0px; padding-left: 0px; border-left: 0px; display: inline; padding-right: 0px\" border=\"0\" alt=\"IMG_1029\" src=\"https:\/\/volkerontour.de\/wp-content\/uploads\/2018\/01\/IMG_1029_thumb.jpg\" width=\"184\" height=\"244\"><\/a><\/p>\n<p>Insgesamt beherbergt der Park 43 Pflanzenarten, darunter alle Palmenarten der Seychellen (inklusive 6 endemischer).<\/p>\n<p>\u00dcber mehrere Rundwege hat man die M\u00f6glichkeit den Park zu erkunden. Wir entschieden uns f\u00fcr den etwa zweist\u00fcndigen Circular Path.<\/p>\n<p><a href=\"https:\/\/volkerontour.de\/wp-content\/uploads\/2018\/01\/IMG_1032.jpg\"><img loading=\"lazy\" decoding=\"async\" title=\"IMG_1032\" style=\"border-top: 0px; border-right: 0px; background-image: none; border-bottom: 0px; padding-top: 0px; padding-left: 0px; border-left: 0px; display: inline; padding-right: 0px\" border=\"0\" alt=\"IMG_1032\" src=\"https:\/\/volkerontour.de\/wp-content\/uploads\/2018\/01\/IMG_1032_thumb.jpg\" width=\"184\" height=\"244\"><\/a>&nbsp;<a href=\"https:\/\/volkerontour.de\/wp-content\/uploads\/2018\/01\/IMG_1043.jpg\"><img loading=\"lazy\" decoding=\"async\" title=\"IMG_1043\" style=\"border-top: 0px; border-right: 0px; background-image: none; border-bottom: 0px; padding-top: 0px; padding-left: 0px; border-left: 0px; display: inline; padding-right: 0px\" border=\"0\" alt=\"IMG_1043\" src=\"https:\/\/volkerontour.de\/wp-content\/uploads\/2018\/01\/IMG_1043_thumb.jpg\" width=\"184\" height=\"244\"><\/a><\/p>\n<p><a href=\"https:\/\/volkerontour.de\/wp-content\/uploads\/2018\/01\/IMG_1045.jpg\"><img loading=\"lazy\" decoding=\"async\" title=\"IMG_1045\" style=\"border-top: 0px; border-right: 0px; background-image: none; border-bottom: 0px; padding-top: 0px; padding-left: 0px; border-left: 0px; display: inline; padding-right: 0px\" border=\"0\" alt=\"IMG_1045\" src=\"https:\/\/volkerontour.de\/wp-content\/uploads\/2018\/01\/IMG_1045_thumb.jpg\" width=\"184\" height=\"244\"><\/a>&nbsp;<a href=\"https:\/\/volkerontour.de\/wp-content\/uploads\/2018\/01\/IMG_1030.jpg\"><img loading=\"lazy\" decoding=\"async\" title=\"IMG_1030\" style=\"border-top: 0px; border-right: 0px; background-image: none; border-bottom: 0px; padding-top: 0px; padding-left: 0px; border-left: 0px; display: inline; padding-right: 0px\" border=\"0\" alt=\"IMG_1030\" src=\"https:\/\/volkerontour.de\/wp-content\/uploads\/2018\/01\/IMG_1030_thumb.jpg\" width=\"184\" height=\"244\"><\/a><\/p>\n<p>Etwa in der Mitte des Wanderweges hatte man dann auf einer kleinen Anh\u00f6he einen \u00dcberblick \u00fcber den Park.<\/p>\n<p><a href=\"https:\/\/volkerontour.de\/wp-content\/uploads\/2018\/01\/IMG_1053.jpg\"><img loading=\"lazy\" decoding=\"async\" title=\"IMG_1053\" style=\"border-top: 0px; border-right: 0px; background-image: none; border-bottom: 0px; padding-top: 0px; padding-left: 0px; border-left: 0px; display: inline; padding-right: 0px\" border=\"0\" alt=\"IMG_1053\" src=\"https:\/\/volkerontour.de\/wp-content\/uploads\/2018\/01\/IMG_1053_thumb.jpg\" width=\"244\" height=\"184\"><\/a>&nbsp;<a href=\"https:\/\/volkerontour.de\/wp-content\/uploads\/2018\/01\/IMG_1052.jpg\"><img loading=\"lazy\" decoding=\"async\" title=\"IMG_1052\" style=\"border-top: 0px; border-right: 0px; background-image: none; border-bottom: 0px; padding-top: 0px; padding-left: 0px; border-left: 0px; display: inline; padding-right: 0px\" border=\"0\" alt=\"IMG_1052\" src=\"https:\/\/volkerontour.de\/wp-content\/uploads\/2018\/01\/IMG_1052_thumb.jpg\" width=\"244\" height=\"184\"><\/a><\/p>\n<p>Neben einigen Frosch- und Schlangenarten lebt auch das Seychellen-Cham\u00e4leon im Vallee de Mai. Leider blieben uns heute alle diese Tiere fern. Au\u00dfer ein paar kleinen Echsen und V\u00f6geln war nicht viel von der Fauna des Parks zu sehen <img decoding=\"async\" class=\"wlEmoticon wlEmoticon-sadsmile\" style=\"border-top-style: none; border-left-style: none; border-bottom-style: none; border-right-style: none\" alt=\"Trauriges Smiley\" src=\"https:\/\/volkerontour.de\/wp-content\/uploads\/2018\/01\/wlEmoticon-sadsmile-1.png\"><\/p>\n<p><a href=\"https:\/\/volkerontour.de\/wp-content\/uploads\/2018\/01\/IMG_1044.jpg\"><img loading=\"lazy\" decoding=\"async\" title=\"IMG_1044\" style=\"border-top: 0px; border-right: 0px; background-image: none; border-bottom: 0px; padding-top: 0px; padding-left: 0px; border-left: 0px; display: inline; padding-right: 0px\" border=\"0\" alt=\"IMG_1044\" src=\"https:\/\/volkerontour.de\/wp-content\/uploads\/2018\/01\/IMG_1044_thumb.jpg\" width=\"244\" height=\"184\"><\/a>&nbsp;<a href=\"https:\/\/volkerontour.de\/wp-content\/uploads\/2018\/01\/IMG_1067.jpg\"><img loading=\"lazy\" decoding=\"async\" title=\"IMG_1067\" style=\"border-top: 0px; border-right: 0px; background-image: none; border-bottom: 0px; padding-top: 0px; padding-left: 0px; border-left: 0px; display: inline; padding-right: 0px\" border=\"0\" alt=\"IMG_1067\" src=\"https:\/\/volkerontour.de\/wp-content\/uploads\/2018\/01\/IMG_1067_thumb.jpg\" width=\"244\" height=\"184\"><\/a><\/p>\n<p><a href=\"https:\/\/volkerontour.de\/wp-content\/uploads\/2018\/01\/IMG_1060.jpg\"><img loading=\"lazy\" decoding=\"async\" title=\"IMG_1060\" style=\"border-top: 0px; border-right: 0px; background-image: none; border-bottom: 0px; padding-top: 0px; padding-left: 0px; border-left: 0px; display: inline; padding-right: 0px\" border=\"0\" alt=\"IMG_1060\" src=\"https:\/\/volkerontour.de\/wp-content\/uploads\/2018\/01\/IMG_1060_thumb.jpg\" width=\"184\" height=\"244\"><\/a>&nbsp;<a href=\"https:\/\/volkerontour.de\/wp-content\/uploads\/2018\/01\/IMG_1050.jpg\"><img loading=\"lazy\" decoding=\"async\" title=\"IMG_1050\" style=\"border-top: 0px; border-right: 0px; background-image: none; border-bottom: 0px; padding-top: 0px; padding-left: 0px; border-left: 0px; display: inline; padding-right: 0px\" border=\"0\" alt=\"IMG_1050\" src=\"https:\/\/volkerontour.de\/wp-content\/uploads\/2018\/01\/IMG_1050_thumb.jpg\" width=\"184\" height=\"244\"><\/a><\/p>\n<p>Auf dem Weg zur Bushaltestelle nahmen wir noch diesen idyllischen Wasserfall mit <img decoding=\"async\" class=\"wlEmoticon wlEmoticon-winkingsmile\" style=\"border-top-style: none; border-left-style: none; border-bottom-style: none; border-right-style: none\" alt=\"Zwinkerndes Smiley\" src=\"https:\/\/volkerontour.de\/wp-content\/uploads\/2018\/01\/wlEmoticon-winkingsmile-2.png\"><\/p>\n<p><a href=\"https:\/\/volkerontour.de\/wp-content\/uploads\/2018\/01\/IMG_1062.jpg\"><img loading=\"lazy\" decoding=\"async\" title=\"IMG_1062\" style=\"border-top: 0px; border-right: 0px; background-image: none; border-bottom: 0px; padding-top: 0px; padding-left: 0px; border-left: 0px; display: inline; padding-right: 0px\" border=\"0\" alt=\"IMG_1062\" src=\"https:\/\/volkerontour.de\/wp-content\/uploads\/2018\/01\/IMG_1062_thumb.jpg\" width=\"184\" height=\"244\"><\/a><\/p>\n<p>Gegen 13 Uhr hatten wir dann also das Vallee de Mai einmal umrundet, und jeden einzelnen, der 6000 Coco-de-mer-Palme gesehen <img decoding=\"async\" class=\"wlEmoticon wlEmoticon-winkingsmile\" style=\"border-top-style: none; border-left-style: none; border-bottom-style: none; border-right-style: none\" alt=\"Zwinkerndes Smiley\" src=\"https:\/\/volkerontour.de\/wp-content\/uploads\/2018\/01\/wlEmoticon-winkingsmile-2.png\"> Eigentlich planten wir im Anschluss noch den \u201cFond Ferdinand Nature Park\u201d im S\u00fcden der Insel zu besichtigen (und wurden auch zum selbigen per Privattaxi chauffiert), doch leider hatte der Park bereits geschlossen, so dass wir noch ein bisschen Zeit am nahegelegenen und schicken Strand \u201cAnse Marie Louise\u201d verbrachten.<\/p>\n<p><a href=\"https:\/\/volkerontour.de\/wp-content\/uploads\/2018\/01\/IMG_1069.jpg\"><img loading=\"lazy\" decoding=\"async\" title=\"IMG_1069\" style=\"border-top: 0px; border-right: 0px; background-image: none; border-bottom: 0px; padding-top: 0px; padding-left: 0px; border-left: 0px; display: inline; padding-right: 0px\" border=\"0\" alt=\"IMG_1069\" src=\"https:\/\/volkerontour.de\/wp-content\/uploads\/2018\/01\/IMG_1069_thumb.jpg\" width=\"244\" height=\"184\"><\/a>&nbsp;<a href=\"https:\/\/volkerontour.de\/wp-content\/uploads\/2018\/01\/IMG_1070.jpg\"><img loading=\"lazy\" decoding=\"async\" title=\"IMG_1070\" style=\"border-top: 0px; border-right: 0px; background-image: none; border-bottom: 0px; padding-top: 0px; padding-left: 0px; border-left: 0px; display: inline; padding-right: 0px\" border=\"0\" alt=\"IMG_1070\" src=\"https:\/\/volkerontour.de\/wp-content\/uploads\/2018\/01\/IMG_1070_thumb.jpg\" width=\"244\" height=\"184\"><\/a><\/p>\n<p><a href=\"https:\/\/volkerontour.de\/wp-content\/uploads\/2018\/01\/IMG_1071.jpg\"><img loading=\"lazy\" decoding=\"async\" title=\"IMG_1071\" style=\"border-top: 0px; border-right: 0px; background-image: none; border-bottom: 0px; padding-top: 0px; padding-left: 0px; border-left: 0px; display: inline; padding-right: 0px\" border=\"0\" alt=\"IMG_1071\" src=\"https:\/\/volkerontour.de\/wp-content\/uploads\/2018\/01\/IMG_1071_thumb.jpg\" width=\"244\" height=\"184\"><\/a>&nbsp;<a href=\"https:\/\/volkerontour.de\/wp-content\/uploads\/2018\/01\/IMG_1073.jpg\"><img loading=\"lazy\" decoding=\"async\" title=\"IMG_1073\" style=\"border-top: 0px; border-right: 0px; background-image: none; border-bottom: 0px; padding-top: 0px; padding-left: 0px; border-left: 0px; display: inline; padding-right: 0px\" border=\"0\" alt=\"IMG_1073\" src=\"https:\/\/volkerontour.de\/wp-content\/uploads\/2018\/01\/IMG_1073_thumb.jpg\" width=\"184\" height=\"244\"><\/a><\/p>\n<p>Nach der R\u00fcckkehr zum Hotel verbrachten wir den Rest des Nachmittages bis zum Sonnenuntergang an unserem sch\u00f6nen Hotelstrand. Dieser (wie auch das komplette Hotel) ist wirklich sehr ruhig gelegen. Manchmal fragt man sich wo die ganzen G\u00e4ste sind, so ruhig ist es im Hotel. Nur beim Fr\u00fchst\u00fcck ahnt man, dass hier noch andere G\u00e4ste wohnen.<\/p>\n<p><a href=\"https:\/\/volkerontour.de\/wp-content\/uploads\/2018\/01\/P1080472.jpg\"><img loading=\"lazy\" decoding=\"async\" title=\"P1080472\" style=\"border-top: 0px; border-right: 0px; background-image: none; border-bottom: 0px; padding-top: 0px; padding-left: 0px; border-left: 0px; margin: 0px; display: inline; padding-right: 0px\" border=\"0\" alt=\"P1080472\" src=\"https:\/\/volkerontour.de\/wp-content\/uploads\/2018\/01\/P1080472_thumb.jpg\" width=\"244\" height=\"184\"><\/a>&nbsp;<a href=\"https:\/\/volkerontour.de\/wp-content\/uploads\/2018\/01\/P1080473.jpg\"><img loading=\"lazy\" decoding=\"async\" title=\"P1080473\" style=\"border-top: 0px; border-right: 0px; background-image: none; border-bottom: 0px; padding-top: 0px; padding-left: 0px; border-left: 0px; display: inline; padding-right: 0px\" border=\"0\" alt=\"P1080473\" src=\"https:\/\/volkerontour.de\/wp-content\/uploads\/2018\/01\/P1080473_thumb.jpg\" width=\"244\" height=\"184\"><\/a><\/p>\n<p>Im Restaurant \u201cParadisier\u201d um die Ecke gab es tolle Pizza aus dem Steinofen in entspanntem Ambiente. Ab und zu lief die ein oder andere Krabbe durch das Restaurant und sorgte f\u00fcr Belustigung unter den G\u00e4sten.<\/p>\n<p><a href=\"https:\/\/volkerontour.de\/wp-content\/uploads\/2018\/01\/P1080476.jpg\"><img loading=\"lazy\" decoding=\"async\" title=\"P1080476\" style=\"border-top: 0px; border-right: 0px; background-image: none; border-bottom: 0px; padding-top: 0px; padding-left: 0px; border-left: 0px; display: inline; padding-right: 0px\" border=\"0\" alt=\"P1080476\" src=\"https:\/\/volkerontour.de\/wp-content\/uploads\/2018\/01\/P1080476_thumb.jpg\" width=\"244\" height=\"184\"><\/a>&nbsp;<a href=\"https:\/\/volkerontour.de\/wp-content\/uploads\/2018\/01\/P1080479.jpg\"><img loading=\"lazy\" decoding=\"async\" title=\"P1080479\" style=\"border-top: 0px; border-right: 0px; background-image: none; border-bottom: 0px; padding-top: 0px; padding-left: 0px; border-left: 0px; display: inline; padding-right: 0px\" border=\"0\" alt=\"P1080479\" src=\"https:\/\/volkerontour.de\/wp-content\/uploads\/2018\/01\/P1080479_thumb.jpg\" width=\"244\" height=\"184\"><\/a><\/p>\n<p>Gegen 9 Uhr waren wir dann wieder am Hotel zur\u00fcck und entspannten noch ein wenig am Pool\u2026<\/p>\n<p>\u00dcbrigens: So viele Sorten Fanta wie hier habe ich noch nie gesehen: Von Lychee \u00fcber gr\u00fcner Apfel, Traube bis Erdbeere gibts hier alles. Teilweise vom Geschmack her etwas k\u00fcnstlich, dennoch superlecker <img decoding=\"async\" class=\"wlEmoticon wlEmoticon-smile\" style=\"border-top-style: none; border-left-style: none; border-bottom-style: none; border-right-style: none\" alt=\"Smiley\" src=\"https:\/\/volkerontour.de\/wp-content\/uploads\/2018\/01\/wlEmoticon-smile-2.png\"><\/p>\n<p><a href=\"https:\/\/volkerontour.de\/wp-content\/uploads\/2018\/01\/P1080482.jpg\"><img loading=\"lazy\" decoding=\"async\" title=\"P1080482\" style=\"border-top: 0px; border-right: 0px; background-image: none; border-bottom: 0px; padding-top: 0px; padding-left: 0px; border-left: 0px; display: inline; padding-right: 0px\" border=\"0\" alt=\"P1080482\" src=\"https:\/\/volkerontour.de\/wp-content\/uploads\/2018\/01\/P1080482_thumb.jpg\" width=\"244\" height=\"184\"><\/a>&nbsp;<\/p>\n<p>Auf den Seychellen bezahlt man mit Rupien. Ein Euro sind in etwa 15 Rupien. Auf allen Scheinen der Landesw\u00e4hrung befindet sich ein einheimisches Tier. Dabei schaute man offensichtlich nicht nach der Sch\u00f6nheit der Tiere: Auch eine Schnecke oder ein h\u00e4sslicher K\u00e4fer sind auf den Geldscheinen abgebildet. Auch interessant: Anstatt einer 20er-Note existiert ein 25-Rupie-Schein. Habe ich bisher auch noch nie gesehen\u2026<\/p>\n<p><a href=\"https:\/\/volkerontour.de\/wp-content\/uploads\/2018\/01\/P1080483.jpg\"><img loading=\"lazy\" decoding=\"async\" title=\"P1080483\" style=\"border-top: 0px; border-right: 0px; background-image: none; border-bottom: 0px; padding-top: 0px; padding-left: 0px; border-left: 0px; display: inline; padding-right: 0px\" border=\"0\" alt=\"P1080483\" src=\"https:\/\/volkerontour.de\/wp-content\/uploads\/2018\/01\/P1080483_thumb.jpg\" width=\"244\" height=\"184\"><\/a><\/p>\n<p>So, morgen steht also schon der letzte Tag auf Praslin an, bevor es dann schon weitergeht nach La Dique\u2026<\/p>\n<p>Mal wieder Gr\u00fcssle aus dem S\u00fcden und gute Nacht. <img decoding=\"async\" class=\"wlEmoticon wlEmoticon-smile\" style=\"border-top-style: none; border-left-style: none; border-bottom-style: none; border-right-style: none\" alt=\"Smiley\" src=\"https:\/\/volkerontour.de\/wp-content\/uploads\/2018\/01\/wlEmoticon-smile-2.png\"><\/p>\n","protected":false},"excerpt":{"rendered":"<p>Mittwoch, 03.01.: Auch heute Morgen schauten wir wieder in strahlend blauen Himmel und Sonnenschein. Von der Regenzeit ist hier (gl\u00fccklicherweise) also immernoch nichts zu sehen. &nbsp; Nach dem Fr\u00fchst\u00fcck am Strand (das hier im Hotel deutlich besser war als im &hellip; <a href=\"https:\/\/volkerontour.de\/?p=19945\">Weiterlesen <span class=\"meta-nav\">&rarr;<\/span><\/a><\/p>\n","protected":false},"author":3,"featured_media":0,"comment_status":"closed","ping_status":"open","sticky":false,"template":"","format":"standard","meta":{"footnotes":""},"categories":[21],"tags":[],"class_list":["post-19945","post","type-post","status-publish","format-standard","hentry","category-seychellen-2018"],"_links":{"self":[{"href":"https:\/\/volkerontour.de\/index.php?rest_route=\/wp\/v2\/posts\/19945","targetHints":{"allow":["GET"]}}],"collection":[{"href":"https:\/\/volkerontour.de\/index.php?rest_route=\/wp\/v2\/posts"}],"about":[{"href":"https:\/\/volkerontour.de\/index.php?rest_route=\/wp\/v2\/types\/post"}],"author":[{"embeddable":true,"href":"https:\/\/volkerontour.de\/index.php?rest_route=\/wp\/v2\/users\/3"}],"replies":[{"embeddable":true,"href":"https:\/\/volkerontour.de\/index.php?rest_route=%2Fwp%2Fv2%2Fcomments&post=19945"}],"version-history":[{"count":1,"href":"https:\/\/volkerontour.de\/index.php?rest_route=\/wp\/v2\/posts\/19945\/revisions"}],"predecessor-version":[{"id":19946,"href":"https:\/\/volkerontour.de\/index.php?rest_route=\/wp\/v2\/posts\/19945\/revisions\/19946"}],"wp:attachment":[{"href":"https:\/\/volkerontour.de\/index.php?rest_route=%2Fwp%2Fv2%2Fmedia&parent=19945"}],"wp:term":[{"taxonomy":"category","embeddable":true,"href":"https:\/\/volkerontour.de\/index.php?rest_route=%2Fwp%2Fv2%2Fcategories&post=19945"},{"taxonomy":"post_tag","embeddable":true,"href":"https:\/\/volkerontour.de\/index.php?rest_route=%2Fwp%2Fv2%2Ftags&post=19945"}],"curies":[{"name":"wp","href":"https:\/\/api.w.org\/{rel}","templated":true}]}}