{"id":20000,"date":"2018-01-04T18:52:25","date_gmt":"2018-01-04T18:52:25","guid":{"rendered":"http:\/\/volkerontour.de\/?p=20000"},"modified":"2018-01-04T18:52:25","modified_gmt":"2018-01-04T18:52:25","slug":"tag-4-anse-lazio","status":"publish","type":"post","link":"https:\/\/volkerontour.de\/?p=20000","title":{"rendered":"Tag 4: Anse Lazio"},"content":{"rendered":"<p>Donnerstag, 04.01.: Auch den heutigen Eintrag m\u00f6chte ich mit zwei Bildern unseres Strandes bei tollem Wetter beginnen. So ungef\u00e4hr ist auch der Ausblick, den man beim Fr\u00fchst\u00fcck hat. \u00dcberhaupt sind wir mit unserer Unterkunft wirklich restlos zufrieden. Tolle, ruhige Lage am Strand, sch\u00f6ne Wohneinheiten mit Terrasse (und davon nicht zu viele), sehr gepflegt und auch das Essen ist wirklich immer lecker.<\/p>\n<p><a href=\"https:\/\/volkerontour.de\/wp-content\/uploads\/2018\/01\/P1080484.jpg\"><img loading=\"lazy\" decoding=\"async\" title=\"P1080484\" style=\"border-top: 0px; border-right: 0px; background-image: none; border-bottom: 0px; padding-top: 0px; padding-left: 0px; border-left: 0px; display: inline; padding-right: 0px\" border=\"0\" alt=\"P1080484\" src=\"https:\/\/volkerontour.de\/wp-content\/uploads\/2018\/01\/P1080484_thumb.jpg\" width=\"244\" height=\"184\"><\/a>&nbsp;<a href=\"https:\/\/volkerontour.de\/wp-content\/uploads\/2018\/01\/P1080485.jpg\"><img loading=\"lazy\" decoding=\"async\" title=\"P1080485\" style=\"border-top: 0px; border-right: 0px; background-image: none; border-bottom: 0px; padding-top: 0px; padding-left: 0px; border-left: 0px; display: inline; padding-right: 0px\" border=\"0\" alt=\"P1080485\" src=\"https:\/\/volkerontour.de\/wp-content\/uploads\/2018\/01\/P1080485_thumb.jpg\" width=\"244\" height=\"184\"><\/a><\/p>\n<p>Lange \u00fcberlegten wir was wir an unserem letzten Tag auf Praslin machen sollten. Die (im Nachhinein v\u00f6llig richtige) Entscheidung fiel auf den Besuch des sch\u00f6nsten Strandes der Insel. Daf\u00fcr nahmen wir auch eine einst\u00fcndige Busfahrt sowie eine 20-min\u00fctige Wanderung auf uns.<\/p>\n<p>Der Anse Lazio liegt am nordwestlichen Zipfel der Insel und ist mit seinem wei\u00dfen Sand, den Palmen und den f\u00fcr die Seychellen typischen Granitfelsen ein wahrer Traumstrand.<\/p>\n<p><a href=\"https:\/\/volkerontour.de\/wp-content\/uploads\/2018\/01\/P1080488.jpg\"><img loading=\"lazy\" decoding=\"async\" title=\"P1080488\" style=\"border-top: 0px; border-right: 0px; background-image: none; border-bottom: 0px; padding-top: 0px; padding-left: 0px; border-left: 0px; display: inline; padding-right: 0px\" border=\"0\" alt=\"P1080488\" src=\"https:\/\/volkerontour.de\/wp-content\/uploads\/2018\/01\/P1080488_thumb.jpg\" width=\"244\" height=\"184\"><\/a>&nbsp;<a href=\"https:\/\/volkerontour.de\/wp-content\/uploads\/2018\/01\/P1080491.jpg\"><img loading=\"lazy\" decoding=\"async\" title=\"P1080491\" style=\"border-top: 0px; border-right: 0px; background-image: none; border-bottom: 0px; padding-top: 0px; padding-left: 0px; border-left: 0px; display: inline; padding-right: 0px\" border=\"0\" alt=\"P1080491\" src=\"https:\/\/volkerontour.de\/wp-content\/uploads\/2018\/01\/P1080491_thumb.jpg\" width=\"244\" height=\"184\"><\/a><\/p>\n<p><a href=\"https:\/\/volkerontour.de\/wp-content\/uploads\/2018\/01\/P1080494.jpg\"><img loading=\"lazy\" decoding=\"async\" title=\"P1080494\" style=\"border-top: 0px; border-right: 0px; background-image: none; border-bottom: 0px; padding-top: 0px; padding-left: 0px; border-left: 0px; display: inline; padding-right: 0px\" border=\"0\" alt=\"P1080494\" src=\"https:\/\/volkerontour.de\/wp-content\/uploads\/2018\/01\/P1080494_thumb.jpg\" width=\"244\" height=\"184\"><\/a>&nbsp;<a href=\"https:\/\/volkerontour.de\/wp-content\/uploads\/2018\/01\/P1080496.jpg\"><img loading=\"lazy\" decoding=\"async\" title=\"P1080496\" style=\"border-top: 0px; border-right: 0px; background-image: none; border-bottom: 0px; padding-top: 0px; padding-left: 0px; border-left: 0px; display: inline; padding-right: 0px\" border=\"0\" alt=\"P1080496\" src=\"https:\/\/volkerontour.de\/wp-content\/uploads\/2018\/01\/P1080496_thumb.jpg\" width=\"244\" height=\"184\"><\/a><\/p>\n<p>Etwa um 11:30 Uhr kamen wir am Strand an. Zu diesem Zeitpunkt waren schon einige Leute da, wenngleich es den ganzen Tag nicht \u00fcberf\u00fcllt war.<\/p>\n<p><a href=\"https:\/\/volkerontour.de\/wp-content\/uploads\/2018\/01\/P1080524.jpg\"><img loading=\"lazy\" decoding=\"async\" title=\"P1080524\" style=\"border-top: 0px; border-right: 0px; background-image: none; border-bottom: 0px; padding-top: 0px; padding-left: 0px; border-left: 0px; display: inline; padding-right: 0px\" border=\"0\" alt=\"P1080524\" src=\"https:\/\/volkerontour.de\/wp-content\/uploads\/2018\/01\/P1080524_thumb.jpg\" width=\"244\" height=\"184\"><\/a>&nbsp;<a href=\"https:\/\/volkerontour.de\/wp-content\/uploads\/2018\/01\/P1080588.jpg\"><img loading=\"lazy\" decoding=\"async\" title=\"P1080588\" style=\"border-top: 0px; border-right: 0px; background-image: none; border-bottom: 0px; padding-top: 0px; padding-left: 0px; border-left: 0px; display: inline; padding-right: 0px\" border=\"0\" alt=\"P1080588\" src=\"https:\/\/volkerontour.de\/wp-content\/uploads\/2018\/01\/P1080588_thumb.jpg\" width=\"244\" height=\"184\"><\/a><\/p>\n<p>Wie es mein schlauer Marco Polo-Reisef\u00fchrer beschrieb fanden wir alles andere als ein ruhiges Meer vor, sondern teilweise meterhohe Wellen <img decoding=\"async\" class=\"wlEmoticon wlEmoticon-smile\" style=\"border-top-style: none; border-left-style: none; border-bottom-style: none; border-right-style: none\" alt=\"Smiley\" src=\"https:\/\/volkerontour.de\/wp-content\/uploads\/2018\/01\/wlEmoticon-smile-3.png\"><\/p>\n<p><a href=\"https:\/\/volkerontour.de\/wp-content\/uploads\/2018\/01\/P1080542.jpg\"><img loading=\"lazy\" decoding=\"async\" title=\"P1080542\" style=\"border-top: 0px; border-right: 0px; background-image: none; border-bottom: 0px; padding-top: 0px; padding-left: 0px; border-left: 0px; display: inline; padding-right: 0px\" border=\"0\" alt=\"P1080542\" src=\"https:\/\/volkerontour.de\/wp-content\/uploads\/2018\/01\/P1080542_thumb.jpg\" width=\"244\" height=\"184\"><\/a>&nbsp;<a href=\"https:\/\/volkerontour.de\/wp-content\/uploads\/2018\/01\/P1080547.jpg\"><img loading=\"lazy\" decoding=\"async\" title=\"P1080547\" style=\"border-top: 0px; border-right: 0px; background-image: none; border-bottom: 0px; padding-top: 0px; padding-left: 0px; border-left: 0px; display: inline; padding-right: 0px\" border=\"0\" alt=\"P1080547\" src=\"https:\/\/volkerontour.de\/wp-content\/uploads\/2018\/01\/P1080547_thumb.jpg\" width=\"244\" height=\"184\"><\/a>&nbsp;<\/p>\n<p><a href=\"https:\/\/volkerontour.de\/wp-content\/uploads\/2018\/01\/P1080577.jpg\"><img loading=\"lazy\" decoding=\"async\" title=\"P1080577\" style=\"border-top: 0px; border-right: 0px; background-image: none; border-bottom: 0px; padding-top: 0px; padding-left: 0px; border-left: 0px; display: inline; padding-right: 0px\" border=\"0\" alt=\"P1080577\" src=\"https:\/\/volkerontour.de\/wp-content\/uploads\/2018\/01\/P1080577_thumb.jpg\" width=\"244\" height=\"184\"><\/a>&nbsp;<a href=\"https:\/\/volkerontour.de\/wp-content\/uploads\/2018\/01\/P1080573.jpg\"><img loading=\"lazy\" decoding=\"async\" title=\"P1080573\" style=\"border-top: 0px; border-right: 0px; background-image: none; border-bottom: 0px; padding-top: 0px; padding-left: 0px; border-left: 0px; display: inline; padding-right: 0px\" border=\"0\" alt=\"P1080573\" src=\"https:\/\/volkerontour.de\/wp-content\/uploads\/2018\/01\/P1080573_thumb.jpg\" width=\"244\" height=\"184\"><\/a><\/p>\n<p>Die Granitfelswand im \u00f6stlichen Teil des Strandes wurde uns zus\u00e4tzlich als toller Ort zum Schnorcheln empfohlen. Dieses Mal hatten wir auch mit dem Wetter mehr Gl\u00fcck. Ein bisschen weiter draussen war die See ruhiger, und (durch die permanente Sonneneinstrahlung) die Sicht optimal.&nbsp; <a href=\"https:\/\/volkerontour.de\/wp-content\/uploads\/2018\/01\/P1080593.jpg\"><img loading=\"lazy\" decoding=\"async\" title=\"P1080593\" style=\"border-top: 0px; border-right: 0px; background-image: none; border-bottom: 0px; padding-top: 0px; padding-left: 0px; border-left: 0px; display: inline; padding-right: 0px\" border=\"0\" alt=\"P1080593\" src=\"https:\/\/volkerontour.de\/wp-content\/uploads\/2018\/01\/P1080593_thumb.jpg\" width=\"244\" height=\"184\"><\/a>&nbsp;<a href=\"https:\/\/volkerontour.de\/wp-content\/uploads\/2018\/01\/P1080597.jpg\"><img loading=\"lazy\" decoding=\"async\" title=\"P1080597\" style=\"border-top: 0px; border-right: 0px; background-image: none; border-bottom: 0px; padding-top: 0px; padding-left: 0px; border-left: 0px; display: inline; padding-right: 0px\" border=\"0\" alt=\"P1080597\" src=\"https:\/\/volkerontour.de\/wp-content\/uploads\/2018\/01\/P1080597_thumb.jpg\" width=\"244\" height=\"184\"><\/a><\/p>\n<p><a href=\"https:\/\/volkerontour.de\/wp-content\/uploads\/2018\/01\/P1080628.jpg\"><img loading=\"lazy\" decoding=\"async\" title=\"P1080628\" style=\"border-top: 0px; border-right: 0px; background-image: none; border-bottom: 0px; padding-top: 0px; padding-left: 0px; border-left: 0px; display: inline; padding-right: 0px\" border=\"0\" alt=\"P1080628\" src=\"https:\/\/volkerontour.de\/wp-content\/uploads\/2018\/01\/P1080628_thumb.jpg\" width=\"244\" height=\"184\"><\/a>&nbsp;<a href=\"https:\/\/volkerontour.de\/wp-content\/uploads\/2018\/01\/P1080629.jpg\"><img loading=\"lazy\" decoding=\"async\" title=\"P1080629\" style=\"border-top: 0px; border-right: 0px; background-image: none; border-bottom: 0px; padding-top: 0px; padding-left: 0px; border-left: 0px; display: inline; padding-right: 0px\" border=\"0\" alt=\"P1080629\" src=\"https:\/\/volkerontour.de\/wp-content\/uploads\/2018\/01\/P1080629_thumb.jpg\" width=\"244\" height=\"184\"><\/a><\/p>\n<p><a href=\"https:\/\/volkerontour.de\/wp-content\/uploads\/2018\/01\/P1080631.jpg\"><img loading=\"lazy\" decoding=\"async\" title=\"P1080631\" style=\"border-top: 0px; border-right: 0px; background-image: none; border-bottom: 0px; padding-top: 0px; padding-left: 0px; border-left: 0px; display: inline; padding-right: 0px\" border=\"0\" alt=\"P1080631\" src=\"https:\/\/volkerontour.de\/wp-content\/uploads\/2018\/01\/P1080631_thumb.jpg\" width=\"244\" height=\"184\"><\/a>&nbsp;<a href=\"https:\/\/volkerontour.de\/wp-content\/uploads\/2018\/01\/P1080630.jpg\"><img loading=\"lazy\" decoding=\"async\" title=\"P1080630\" style=\"border-top: 0px; border-right: 0px; background-image: none; border-bottom: 0px; padding-top: 0px; padding-left: 0px; border-left: 0px; display: inline; padding-right: 0px\" border=\"0\" alt=\"P1080630\" src=\"https:\/\/volkerontour.de\/wp-content\/uploads\/2018\/01\/P1080630_thumb.jpg\" width=\"244\" height=\"184\"><\/a><\/p>\n<p>Auch eine Wasserschildkr\u00f6te bekamen wir im flachen Wasser noch zu sehen\u2026<\/p>\n<p><a href=\"https:\/\/volkerontour.de\/wp-content\/uploads\/2018\/01\/P1080638.jpg\"><img loading=\"lazy\" decoding=\"async\" title=\"P1080638\" style=\"border-top: 0px; border-right: 0px; background-image: none; border-bottom: 0px; padding-top: 0px; padding-left: 0px; border-left: 0px; margin: 0px; display: inline; padding-right: 0px\" border=\"0\" alt=\"P1080638\" src=\"https:\/\/volkerontour.de\/wp-content\/uploads\/2018\/01\/P1080638_thumb.jpg\" width=\"244\" height=\"184\"><\/a>&nbsp;<a href=\"https:\/\/volkerontour.de\/wp-content\/uploads\/2018\/01\/P1080619.jpg\"><img loading=\"lazy\" decoding=\"async\" title=\"P1080619\" style=\"border-top: 0px; border-right: 0px; background-image: none; border-bottom: 0px; padding-top: 0px; padding-left: 0px; border-left: 0px; display: inline; padding-right: 0px\" border=\"0\" alt=\"P1080619\" src=\"https:\/\/volkerontour.de\/wp-content\/uploads\/2018\/01\/P1080619_thumb.jpg\" width=\"244\" height=\"184\"><\/a><\/p>\n<p>Am sp\u00e4ten Nachmittag brachen wir dann auf Richtung Hotel und verlie\u00dfen den Traumstrand \u201cAnse Lazio\u201d.<\/p>\n<p><a href=\"https:\/\/volkerontour.de\/wp-content\/uploads\/2018\/01\/P1080644.jpg\"><img loading=\"lazy\" decoding=\"async\" title=\"P1080644\" style=\"border-top: 0px; border-right: 0px; background-image: none; border-bottom: 0px; padding-top: 0px; padding-left: 0px; border-left: 0px; display: inline; padding-right: 0px\" border=\"0\" alt=\"P1080644\" src=\"https:\/\/volkerontour.de\/wp-content\/uploads\/2018\/01\/P1080644_thumb.jpg\" width=\"244\" height=\"184\"><\/a>&nbsp;<a href=\"https:\/\/volkerontour.de\/wp-content\/uploads\/2018\/01\/P1080646.jpg\"><img loading=\"lazy\" decoding=\"async\" title=\"P1080646\" style=\"border-top: 0px; border-right: 0px; background-image: none; border-bottom: 0px; padding-top: 0px; padding-left: 0px; border-left: 0px; display: inline; padding-right: 0px\" border=\"0\" alt=\"P1080646\" src=\"https:\/\/volkerontour.de\/wp-content\/uploads\/2018\/01\/P1080646_thumb.jpg\" width=\"244\" height=\"184\"><\/a><\/p>\n<p>Die Busfahrt zur\u00fcck zu den \u201cVillas de mer\u201d war dann wieder ein echtes Highlight. Man muss schon vollstes Vertrauen in die fahrerischen F\u00e4higkeiten und in die Ortskenntnis der Busfahrer haben, wenn man nicht st\u00e4ndigen Panikattacken ausgesetzt werden m\u00f6chte. Die Stra\u00dfen sind eng, die Kurven erst recht\u2026 zumeist gibt es keine Leitplanke\u2026 Trotzdem geben die Fahrer ordentlich Gas. Unserem heutigen \u201cChauffeur\u201d war es im Bus wohl noch ein wenig warm, so dass er teilweise auch bei der Fahrt einfach mal die T\u00fcr offen lie\u00df. <\/p>\n<p><a href=\"https:\/\/volkerontour.de\/wp-content\/uploads\/2018\/01\/P1080647.jpg\"><img loading=\"lazy\" decoding=\"async\" title=\"P1080647\" style=\"border-top: 0px; border-right: 0px; background-image: none; border-bottom: 0px; padding-top: 0px; padding-left: 0px; border-left: 0px; display: inline; padding-right: 0px\" border=\"0\" alt=\"P1080647\" src=\"https:\/\/volkerontour.de\/wp-content\/uploads\/2018\/01\/P1080647_thumb.jpg\" width=\"184\" height=\"244\"><\/a>&nbsp;<a href=\"https:\/\/volkerontour.de\/wp-content\/uploads\/2018\/01\/P1080648.jpg\"><img loading=\"lazy\" decoding=\"async\" title=\"P1080648\" style=\"border-top: 0px; border-right: 0px; background-image: none; border-bottom: 0px; padding-top: 0px; padding-left: 0px; border-left: 0px; display: inline; padding-right: 0px\" border=\"0\" alt=\"P1080648\" src=\"https:\/\/volkerontour.de\/wp-content\/uploads\/2018\/01\/P1080648_thumb.jpg\" width=\"244\" height=\"184\"><\/a><\/p>\n<p>W\u00e4hrend man in Deutschland zur entsprechenden Saison aufpassen muss, dass man keine Fr\u00f6sche \u00fcberf\u00e4hrt, sind es auf den Seychellen die Krabben, die gegen Abend seitlichen Ganges die Stra\u00dfen \u00fcberqueren. Die meisten schaffen es sicher auf die andere Seite, einige werden allerdings auch Opfer einen Public Busses oder eines angemieteten Autos.<\/p>\n<p><a href=\"https:\/\/volkerontour.de\/wp-content\/uploads\/2018\/01\/P1080650.jpg\"><img loading=\"lazy\" decoding=\"async\" title=\"P1080650\" style=\"border-top: 0px; border-right: 0px; background-image: none; border-bottom: 0px; padding-top: 0px; padding-left: 0px; border-left: 0px; display: inline; padding-right: 0px\" border=\"0\" alt=\"P1080650\" src=\"https:\/\/volkerontour.de\/wp-content\/uploads\/2018\/01\/P1080650_thumb.jpg\" width=\"244\" height=\"184\"><\/a><\/p>\n<p>Das Abendessen nahmen wir mal wieder bei uns im Hotel ein\u2026 Aufgrund der \u00dcberbuchung wurden wir noch einmal eingeladen <img decoding=\"async\" class=\"wlEmoticon wlEmoticon-smile\" style=\"border-top-style: none; border-left-style: none; border-bottom-style: none; border-right-style: none\" alt=\"Smiley\" src=\"https:\/\/volkerontour.de\/wp-content\/uploads\/2018\/01\/wlEmoticon-smile-3.png\"><\/p>\n<p><a href=\"https:\/\/volkerontour.de\/wp-content\/uploads\/2018\/01\/P1080653.jpg\"><img loading=\"lazy\" decoding=\"async\" title=\"P1080653\" style=\"border-top: 0px; border-right: 0px; background-image: none; border-bottom: 0px; padding-top: 0px; padding-left: 0px; border-left: 0px; display: inline; padding-right: 0px\" border=\"0\" alt=\"P1080653\" src=\"https:\/\/volkerontour.de\/wp-content\/uploads\/2018\/01\/P1080653_thumb.jpg\" width=\"244\" height=\"184\"><\/a><\/p>\n<p>Morgen fr\u00fch geht es f\u00fcr uns schon weitere nach La Digue, wo wir die n\u00e4chste vier N\u00e4chte verbringen. <img decoding=\"async\" class=\"wlEmoticon wlEmoticon-smile\" style=\"border-top-style: none; border-left-style: none; border-bottom-style: none; border-right-style: none\" alt=\"Smiley\" src=\"https:\/\/volkerontour.de\/wp-content\/uploads\/2018\/01\/wlEmoticon-smile-3.png\"><\/p>\n<p>Zum Grusse und bis morgen.<\/p>\n","protected":false},"excerpt":{"rendered":"<p>Donnerstag, 04.01.: Auch den heutigen Eintrag m\u00f6chte ich mit zwei Bildern unseres Strandes bei tollem Wetter beginnen. So ungef\u00e4hr ist auch der Ausblick, den man beim Fr\u00fchst\u00fcck hat. \u00dcberhaupt sind wir mit unserer Unterkunft wirklich restlos zufrieden. Tolle, ruhige Lage &hellip; <a href=\"https:\/\/volkerontour.de\/?p=20000\">Weiterlesen <span class=\"meta-nav\">&rarr;<\/span><\/a><\/p>\n","protected":false},"author":3,"featured_media":0,"comment_status":"closed","ping_status":"open","sticky":false,"template":"","format":"standard","meta":{"footnotes":""},"categories":[21],"tags":[],"class_list":["post-20000","post","type-post","status-publish","format-standard","hentry","category-seychellen-2018"],"_links":{"self":[{"href":"https:\/\/volkerontour.de\/index.php?rest_route=\/wp\/v2\/posts\/20000","targetHints":{"allow":["GET"]}}],"collection":[{"href":"https:\/\/volkerontour.de\/index.php?rest_route=\/wp\/v2\/posts"}],"about":[{"href":"https:\/\/volkerontour.de\/index.php?rest_route=\/wp\/v2\/types\/post"}],"author":[{"embeddable":true,"href":"https:\/\/volkerontour.de\/index.php?rest_route=\/wp\/v2\/users\/3"}],"replies":[{"embeddable":true,"href":"https:\/\/volkerontour.de\/index.php?rest_route=%2Fwp%2Fv2%2Fcomments&post=20000"}],"version-history":[{"count":1,"href":"https:\/\/volkerontour.de\/index.php?rest_route=\/wp\/v2\/posts\/20000\/revisions"}],"predecessor-version":[{"id":20001,"href":"https:\/\/volkerontour.de\/index.php?rest_route=\/wp\/v2\/posts\/20000\/revisions\/20001"}],"wp:attachment":[{"href":"https:\/\/volkerontour.de\/index.php?rest_route=%2Fwp%2Fv2%2Fmedia&parent=20000"}],"wp:term":[{"taxonomy":"category","embeddable":true,"href":"https:\/\/volkerontour.de\/index.php?rest_route=%2Fwp%2Fv2%2Fcategories&post=20000"},{"taxonomy":"post_tag","embeddable":true,"href":"https:\/\/volkerontour.de\/index.php?rest_route=%2Fwp%2Fv2%2Ftags&post=20000"}],"curies":[{"name":"wp","href":"https:\/\/api.w.org\/{rel}","templated":true}]}}