{"id":20066,"date":"2018-01-05T18:54:57","date_gmt":"2018-01-05T18:54:57","guid":{"rendered":"http:\/\/volkerontour.de\/?p=20066"},"modified":"2018-01-05T18:54:57","modified_gmt":"2018-01-05T18:54:57","slug":"tag-5-la-digue","status":"publish","type":"post","link":"https:\/\/volkerontour.de\/?p=20066","title":{"rendered":"Tag 5: La Digue"},"content":{"rendered":"<p>Freitag, 05.01.: Unser letzter Morgen auf Praslin begann nat\u00fcrlich wieder mit einem Fr\u00fchst\u00fcck am Strand. Das werden wir wirklich vermissen. Mal wieder keine Wolke am Himmel <img decoding=\"async\" class=\"wlEmoticon wlEmoticon-smile\" style=\"border-top-style: none; border-left-style: none; border-bottom-style: none; border-right-style: none\" alt=\"Smiley\" src=\"https:\/\/volkerontour.de\/wp-content\/uploads\/2018\/01\/wlEmoticon-smile-4.png\"><\/p>\n<p><a href=\"https:\/\/volkerontour.de\/wp-content\/uploads\/2018\/01\/P1080655.jpg\"><img loading=\"lazy\" decoding=\"async\" title=\"P1080655\" style=\"border-top: 0px; border-right: 0px; background-image: none; border-bottom: 0px; padding-top: 0px; padding-left: 0px; border-left: 0px; display: inline; padding-right: 0px\" border=\"0\" alt=\"P1080655\" src=\"https:\/\/volkerontour.de\/wp-content\/uploads\/2018\/01\/P1080655_thumb.jpg\" width=\"244\" height=\"184\"><\/a><\/p>\n<p>Kurze Zeit sp\u00e4ter wurden wir dann abgeholt und zur F\u00e4hre gebracht.<\/p>\n<p><a href=\"https:\/\/volkerontour.de\/wp-content\/uploads\/2018\/01\/P1080656.jpg\"><img loading=\"lazy\" decoding=\"async\" title=\"P1080656\" style=\"border-top: 0px; border-right: 0px; background-image: none; border-bottom: 0px; padding-top: 0px; padding-left: 0px; border-left: 0px; display: inline; padding-right: 0px\" border=\"0\" alt=\"P1080656\" src=\"https:\/\/volkerontour.de\/wp-content\/uploads\/2018\/01\/P1080656_thumb.jpg\" width=\"244\" height=\"184\"><\/a>&nbsp;<a href=\"https:\/\/volkerontour.de\/wp-content\/uploads\/2018\/01\/P1080657.jpg\"><img loading=\"lazy\" decoding=\"async\" title=\"P1080657\" style=\"border-top: 0px; border-right: 0px; background-image: none; border-bottom: 0px; padding-top: 0px; padding-left: 0px; border-left: 0px; display: inline; padding-right: 0px\" border=\"0\" alt=\"P1080657\" src=\"https:\/\/volkerontour.de\/wp-content\/uploads\/2018\/01\/P1080657_thumb.jpg\" width=\"244\" height=\"184\"><\/a><\/p>\n<p>Bis La Digue waren es nur wenige Kilometer, so dass wir bereits um 10:30 Uhr unser Hotel f\u00fcr die n\u00e4chsten vier Tage beziehen konnten. Die La Digue Island Lodge ist eine wirklich sch\u00f6ne und gut gepflegte Bungalowanlage mit traumhaftem Strand. Hier werden wir uns garantiert wohlf\u00fchlen. <img decoding=\"async\" class=\"wlEmoticon wlEmoticon-smile\" style=\"border-top-style: none; border-left-style: none; border-bottom-style: none; border-right-style: none\" alt=\"Smiley\" src=\"https:\/\/volkerontour.de\/wp-content\/uploads\/2018\/01\/wlEmoticon-smile-4.png\"><\/p>\n<p><a href=\"https:\/\/volkerontour.de\/wp-content\/uploads\/2018\/01\/P1080663.jpg\"><img loading=\"lazy\" decoding=\"async\" title=\"P1080663\" style=\"border-top: 0px; border-right: 0px; background-image: none; border-bottom: 0px; padding-top: 0px; padding-left: 0px; border-left: 0px; display: inline; padding-right: 0px\" border=\"0\" alt=\"P1080663\" src=\"https:\/\/volkerontour.de\/wp-content\/uploads\/2018\/01\/P1080663_thumb.jpg\" width=\"244\" height=\"184\"><\/a>&nbsp;<a href=\"https:\/\/volkerontour.de\/wp-content\/uploads\/2018\/01\/P1080662.jpg\"><img loading=\"lazy\" decoding=\"async\" title=\"P1080662\" style=\"border-top: 0px; border-right: 0px; background-image: none; border-bottom: 0px; padding-top: 0px; padding-left: 0px; border-left: 0px; display: inline; padding-right: 0px\" border=\"0\" alt=\"P1080662\" src=\"https:\/\/volkerontour.de\/wp-content\/uploads\/2018\/01\/P1080662_thumb.jpg\" width=\"244\" height=\"184\"><\/a><\/p>\n<p><a href=\"https:\/\/volkerontour.de\/wp-content\/uploads\/2018\/01\/P1080664.jpg\"><img loading=\"lazy\" decoding=\"async\" title=\"P1080664\" style=\"border-top: 0px; border-right: 0px; background-image: none; border-bottom: 0px; padding-top: 0px; padding-left: 0px; border-left: 0px; display: inline; padding-right: 0px\" border=\"0\" alt=\"P1080664\" src=\"https:\/\/volkerontour.de\/wp-content\/uploads\/2018\/01\/P1080664_thumb.jpg\" width=\"244\" height=\"184\"><\/a>&nbsp;<a href=\"https:\/\/volkerontour.de\/wp-content\/uploads\/2018\/01\/P1080670.jpg\"><img loading=\"lazy\" decoding=\"async\" title=\"P1080670\" style=\"border-top: 0px; border-right: 0px; background-image: none; border-bottom: 0px; padding-top: 0px; padding-left: 0px; border-left: 0px; display: inline; padding-right: 0px\" border=\"0\" alt=\"P1080670\" src=\"https:\/\/volkerontour.de\/wp-content\/uploads\/2018\/01\/P1080670_thumb.jpg\" width=\"244\" height=\"184\"><\/a><\/p>\n<p><a href=\"https:\/\/volkerontour.de\/wp-content\/uploads\/2018\/01\/P1080668.jpg\"><img loading=\"lazy\" decoding=\"async\" title=\"P1080668\" style=\"border-top: 0px; border-right: 0px; background-image: none; border-bottom: 0px; padding-top: 0px; padding-left: 0px; border-left: 0px; display: inline; padding-right: 0px\" border=\"0\" alt=\"P1080668\" src=\"https:\/\/volkerontour.de\/wp-content\/uploads\/2018\/01\/P1080668_thumb.jpg\" width=\"244\" height=\"184\"><\/a>&nbsp;<a href=\"https:\/\/volkerontour.de\/wp-content\/uploads\/2018\/01\/P1080667.jpg\"><img loading=\"lazy\" decoding=\"async\" title=\"P1080667\" style=\"border-top: 0px; border-right: 0px; background-image: none; border-bottom: 0px; padding-top: 0px; padding-left: 0px; border-left: 0px; display: inline; padding-right: 0px\" border=\"0\" alt=\"P1080667\" src=\"https:\/\/volkerontour.de\/wp-content\/uploads\/2018\/01\/P1080667_thumb.jpg\" width=\"244\" height=\"184\"><\/a><\/p>\n<p>Mit etwa 10km\u00b2 ist La Digue die viertrg\u00f6sste Seychelleninsel. Insgesamt 2200 Menschen leben hier. Au\u00dfer ein paar LKW`s und Busse der Hotelanlagen sieht man auf der ganzen Insel keine Autos. Jeder ist zu Fuss oder mit dem Fahrrad unterwegs. Also liehen wir uns f\u00fcr kleines Geld ebenfalls zwei R\u00e4der aus um am Nachmittag die Insel zu erkunden.<\/p>\n<p><a href=\"https:\/\/volkerontour.de\/wp-content\/uploads\/2018\/01\/P1080672.jpg\"><img loading=\"lazy\" decoding=\"async\" title=\"P1080672\" style=\"border-top: 0px; border-right: 0px; background-image: none; border-bottom: 0px; padding-top: 0px; padding-left: 0px; border-left: 0px; margin: 0px; display: inline; padding-right: 0px\" border=\"0\" alt=\"P1080672\" src=\"https:\/\/volkerontour.de\/wp-content\/uploads\/2018\/01\/P1080672_thumb.jpg\" width=\"244\" height=\"184\"><\/a>&nbsp;<a href=\"https:\/\/volkerontour.de\/wp-content\/uploads\/2018\/01\/P1080674.jpg\"><img loading=\"lazy\" decoding=\"async\" title=\"P1080674\" style=\"border-top: 0px; border-right: 0px; background-image: none; border-bottom: 0px; padding-top: 0px; padding-left: 0px; border-left: 0px; display: inline; padding-right: 0px\" border=\"0\" alt=\"P1080674\" src=\"https:\/\/volkerontour.de\/wp-content\/uploads\/2018\/01\/P1080674_thumb.jpg\" width=\"244\" height=\"184\"><\/a><\/p>\n<p>Unser erster \u201cPoint of interest\u201d war dabei das \u201cNid D`Aigle (Adlernest), mit stattlichen 333m H\u00f6he der gr\u00f6sste \u201cBerg\u201d der Insel. Laut meinem Reisef\u00fchrer sollte man von oben einen tollen Rundumblick haben. Bei \u00fcber 30 Grad im Schatten wurde uns allerdings schnell klar, dass dies kein Spass werden w\u00fcrde. Die serpentinenartigen Stra\u00dfen waren so steil (und wurden immer steiler), dass an ein Hinauffahren keinesfalls zu denken war. Kurze Zeit sp\u00e4ter entschieden wir uns dann dazu die R\u00e4der komplett stehen zu lassen, da auch das Schieben deutlich zu anstrengend war. Die letzte Dreiviertelstunde f\u00fchrte uns dann \u00fcber einen unbefestigten \u201cPfad\u201d, wobei wir uns mehrfach fragten, ob dieser \u00fcberhaupt als Pfad durchgeht. Oft zweifelten wir auch an der Richtigkeit der Strecke, da man den \u201cWeg\u201d quasi suchen musste. Es ging also ziemlich steil durch Dickicht hindurch \u00fcber Felsen und \u00c4ste\u2026 Mit dieser Art schwieriger \u201cBergwanderung\u201d hatten wir wirklich nicht gerechnet, da die Route laut meinem Reisef\u00fchrer eine sehr h\u00e4ufig genutzte und sehenswerte Tour ist. Entsprechend waren wir mit Flip Flops und einer Strandtasche auch komplett falsch ausger\u00fcstet.<\/p>\n<p><a href=\"https:\/\/volkerontour.de\/wp-content\/uploads\/2018\/01\/P1080675.jpg\"><img loading=\"lazy\" decoding=\"async\" title=\"P1080675\" style=\"border-top: 0px; border-right: 0px; background-image: none; border-bottom: 0px; padding-top: 0px; padding-left: 0px; border-left: 0px; display: inline; padding-right: 0px\" border=\"0\" alt=\"P1080675\" src=\"https:\/\/volkerontour.de\/wp-content\/uploads\/2018\/01\/P1080675_thumb.jpg\" width=\"244\" height=\"184\"><\/a>&nbsp;<a href=\"https:\/\/volkerontour.de\/wp-content\/uploads\/2018\/01\/P1080678.jpg\"><img loading=\"lazy\" decoding=\"async\" title=\"P1080678\" style=\"border-top: 0px; border-right: 0px; background-image: none; border-bottom: 0px; padding-top: 0px; padding-left: 0px; border-left: 0px; display: inline; padding-right: 0px\" border=\"0\" alt=\"P1080678\" src=\"https:\/\/volkerontour.de\/wp-content\/uploads\/2018\/01\/P1080678_thumb.jpg\" width=\"244\" height=\"184\"><\/a><\/p>\n<p>&nbsp;<a href=\"https:\/\/volkerontour.de\/wp-content\/uploads\/2018\/01\/P1080677.jpg\"><img loading=\"lazy\" decoding=\"async\" title=\"P1080677\" style=\"border-top: 0px; border-right: 0px; background-image: none; border-bottom: 0px; padding-top: 0px; padding-left: 0px; border-left: 0px; margin: 0px; display: inline; padding-right: 0px\" border=\"0\" alt=\"P1080677\" src=\"https:\/\/volkerontour.de\/wp-content\/uploads\/2018\/01\/P1080677_thumb.jpg\" width=\"184\" height=\"244\"><\/a>&nbsp;<a href=\"https:\/\/volkerontour.de\/wp-content\/uploads\/2018\/01\/P1080679.jpg\"><img loading=\"lazy\" decoding=\"async\" title=\"P1080679\" style=\"border-top: 0px; border-right: 0px; background-image: none; border-bottom: 0px; padding-top: 0px; padding-left: 0px; border-left: 0px; display: inline; padding-right: 0px\" border=\"0\" alt=\"P1080679\" src=\"https:\/\/volkerontour.de\/wp-content\/uploads\/2018\/01\/P1080679_thumb.jpg\" width=\"244\" height=\"184\"><\/a><\/p>\n<p>Umdrehen wollten wir allerdings auch nicht, und so erreichten wir gegen 15 Uhr&nbsp; den Gipfel des Nid D\u00b4Aigle. Leider war der Gipfel recht zugewachsen und die Sicht nicht optimal. Bis Praslin konnte man zumindest trotzdem schauen\u2026<\/p>\n<p><a href=\"https:\/\/volkerontour.de\/wp-content\/uploads\/2018\/01\/P1080688.jpg\"><img loading=\"lazy\" decoding=\"async\" title=\"P1080688\" style=\"border-top: 0px; border-right: 0px; background-image: none; border-bottom: 0px; padding-top: 0px; padding-left: 0px; border-left: 0px; display: inline; padding-right: 0px\" border=\"0\" alt=\"P1080688\" src=\"https:\/\/volkerontour.de\/wp-content\/uploads\/2018\/01\/P1080688_thumb.jpg\" width=\"244\" height=\"184\"><\/a>&nbsp;<a href=\"https:\/\/volkerontour.de\/wp-content\/uploads\/2018\/01\/P1080684.jpg\"><img loading=\"lazy\" decoding=\"async\" title=\"P1080684\" style=\"border-top: 0px; border-right: 0px; background-image: none; border-bottom: 0px; padding-top: 0px; padding-left: 0px; border-left: 0px; display: inline; padding-right: 0px\" border=\"0\" alt=\"P1080684\" src=\"https:\/\/volkerontour.de\/wp-content\/uploads\/2018\/01\/P1080684_thumb.jpg\" width=\"244\" height=\"184\"><\/a><\/p>\n<p>Der Abstieg ging dann gl\u00fccklicherweise ein wenig schneller, auch wenn sich hier das Fehlen vern\u00fcnftiger Wanderschuhe noch deutlicher gezeigt hat.<\/p>\n<p><a href=\"https:\/\/volkerontour.de\/wp-content\/uploads\/2018\/01\/P1080686.jpg\"><img loading=\"lazy\" decoding=\"async\" title=\"P1080686\" style=\"border-top: 0px; border-right: 0px; background-image: none; border-bottom: 0px; padding-top: 0px; padding-left: 0px; border-left: 0px; display: inline; padding-right: 0px\" border=\"0\" alt=\"P1080686\" src=\"https:\/\/volkerontour.de\/wp-content\/uploads\/2018\/01\/P1080686_thumb.jpg\" width=\"244\" height=\"184\"><\/a>&nbsp;<a href=\"https:\/\/volkerontour.de\/wp-content\/uploads\/2018\/01\/P1080687.jpg\"><img loading=\"lazy\" decoding=\"async\" title=\"P1080687\" style=\"border-top: 0px; border-right: 0px; background-image: none; border-bottom: 0px; padding-top: 0px; padding-left: 0px; border-left: 0px; display: inline; padding-right: 0px\" border=\"0\" alt=\"P1080687\" src=\"https:\/\/volkerontour.de\/wp-content\/uploads\/2018\/01\/P1080687_thumb.jpg\" width=\"184\" height=\"244\"><\/a><\/p>\n<p>Ein wenig ersch\u00f6pft machten wir auf dem Weg nach unten Rast im Restaurant Bellevue. Dabei lie\u00df ich mir von dem netten Rasta-Barkeeper noch einmal die Richtigkeit unserer Route und des Gipfels best\u00e4tigen. Wie unser Reisef\u00fchrer meinte auch er, dass vor allem morgens sehr viele Leute den Berg besteigen, teilweise auch \u00e4ltere (was f\u00fcr uns unvorstellbar war)\u2026<\/p>\n<p><a href=\"https:\/\/volkerontour.de\/wp-content\/uploads\/2018\/01\/P1080690.jpg\"><img loading=\"lazy\" decoding=\"async\" title=\"P1080690\" style=\"border-top: 0px; border-right: 0px; background-image: none; border-bottom: 0px; padding-top: 0px; padding-left: 0px; border-left: 0px; display: inline; padding-right: 0px\" border=\"0\" alt=\"P1080690\" src=\"https:\/\/volkerontour.de\/wp-content\/uploads\/2018\/01\/P1080690_thumb.jpg\" width=\"244\" height=\"184\"><\/a>&nbsp;<a href=\"https:\/\/volkerontour.de\/wp-content\/uploads\/2018\/01\/P1080689.jpg\"><img loading=\"lazy\" decoding=\"async\" title=\"P1080689\" style=\"border-top: 0px; border-right: 0px; background-image: none; border-bottom: 0px; padding-top: 0px; padding-left: 0px; border-left: 0px; display: inline; padding-right: 0px\" border=\"0\" alt=\"P1080689\" src=\"https:\/\/volkerontour.de\/wp-content\/uploads\/2018\/01\/P1080689_thumb.jpg\" width=\"244\" height=\"184\"><\/a><\/p>\n<p>Zur\u00fcck auf \u201cSealevel\u201d starteten wir noch eine kleine Radtour um die Nordspitze der Insel\u2026 der entsprechende Radweg f\u00fchrte direkt an der K\u00fcste entlang.<\/p>\n<p><a href=\"https:\/\/volkerontour.de\/wp-content\/uploads\/2018\/01\/P1080691.jpg\"><img loading=\"lazy\" decoding=\"async\" title=\"P1080691\" style=\"border-top: 0px; border-right: 0px; background-image: none; border-bottom: 0px; padding-top: 0px; padding-left: 0px; border-left: 0px; display: inline; padding-right: 0px\" border=\"0\" alt=\"P1080691\" src=\"https:\/\/volkerontour.de\/wp-content\/uploads\/2018\/01\/P1080691_thumb.jpg\" width=\"244\" height=\"184\"><\/a>&nbsp;<a href=\"https:\/\/volkerontour.de\/wp-content\/uploads\/2018\/01\/P1080713.jpg\"><img loading=\"lazy\" decoding=\"async\" title=\"P1080713\" style=\"border-top: 0px; border-right: 0px; background-image: none; border-bottom: 0px; padding-top: 0px; padding-left: 0px; border-left: 0px; display: inline; padding-right: 0px\" border=\"0\" alt=\"P1080713\" src=\"https:\/\/volkerontour.de\/wp-content\/uploads\/2018\/01\/P1080713_thumb.jpg\" width=\"244\" height=\"184\"><\/a><\/p>\n<p>Dabei passierten wir einen Traumstrand nach dem n\u00e4chsten. Und \u00fcberall war es keinesfalls \u00fcberf\u00fcllt. Einige Str\u00e4nde an der Ostseite waren sogar menschenleer. Toll auch, dass hier keine Autos fahren. Das w\u00fcrde \u00fcberhaupt nicht hierher passen. <\/p>\n<p><a href=\"https:\/\/volkerontour.de\/wp-content\/uploads\/2018\/01\/P1080696.jpg\"><img loading=\"lazy\" decoding=\"async\" title=\"P1080696\" style=\"border-top: 0px; border-right: 0px; background-image: none; border-bottom: 0px; padding-top: 0px; padding-left: 0px; border-left: 0px; display: inline; padding-right: 0px\" border=\"0\" alt=\"P1080696\" src=\"https:\/\/volkerontour.de\/wp-content\/uploads\/2018\/01\/P1080696_thumb.jpg\" width=\"244\" height=\"184\"><\/a>&nbsp;<a href=\"https:\/\/volkerontour.de\/wp-content\/uploads\/2018\/01\/P1080701.jpg\"><img loading=\"lazy\" decoding=\"async\" title=\"P1080701\" style=\"border-top: 0px; border-right: 0px; background-image: none; border-bottom: 0px; padding-top: 0px; padding-left: 0px; border-left: 0px; display: inline; padding-right: 0px\" border=\"0\" alt=\"P1080701\" src=\"https:\/\/volkerontour.de\/wp-content\/uploads\/2018\/01\/P1080701_thumb.jpg\" width=\"244\" height=\"184\"><\/a><\/p>\n<p><a href=\"https:\/\/volkerontour.de\/wp-content\/uploads\/2018\/01\/P1080705.jpg\"><img loading=\"lazy\" decoding=\"async\" title=\"P1080705\" style=\"border-top: 0px; border-right: 0px; background-image: none; border-bottom: 0px; padding-top: 0px; padding-left: 0px; border-left: 0px; display: inline; padding-right: 0px\" border=\"0\" alt=\"P1080705\" src=\"https:\/\/volkerontour.de\/wp-content\/uploads\/2018\/01\/P1080705_thumb.jpg\" width=\"244\" height=\"184\"><\/a>&nbsp;<a href=\"https:\/\/volkerontour.de\/wp-content\/uploads\/2018\/01\/P1080709.jpg\"><img loading=\"lazy\" decoding=\"async\" title=\"P1080709\" style=\"border-top: 0px; border-right: 0px; background-image: none; border-bottom: 0px; padding-top: 0px; padding-left: 0px; border-left: 0px; display: inline; padding-right: 0px\" border=\"0\" alt=\"P1080709\" src=\"https:\/\/volkerontour.de\/wp-content\/uploads\/2018\/01\/P1080709_thumb.jpg\" width=\"244\" height=\"184\"><\/a><\/p>\n<p>Auf unserem R\u00fcckweg begegnete uns am Stra\u00dfenrand noch diese Landschildkr\u00f6te <img decoding=\"async\" class=\"wlEmoticon wlEmoticon-smile\" style=\"border-top-style: none; border-left-style: none; border-bottom-style: none; border-right-style: none\" alt=\"Smiley\" src=\"https:\/\/volkerontour.de\/wp-content\/uploads\/2018\/01\/wlEmoticon-smile-4.png\"> Ganz sch\u00f6n cool, diese Tiere <img decoding=\"async\" class=\"wlEmoticon wlEmoticon-winkingsmile\" style=\"border-top-style: none; border-left-style: none; border-bottom-style: none; border-right-style: none\" alt=\"Zwinkerndes Smiley\" src=\"https:\/\/volkerontour.de\/wp-content\/uploads\/2018\/01\/wlEmoticon-winkingsmile-3.png\"><\/p>\n<p><a href=\"https:\/\/volkerontour.de\/wp-content\/uploads\/2018\/01\/P1080718.jpg\"><img loading=\"lazy\" decoding=\"async\" title=\"P1080718\" style=\"border-top: 0px; border-right: 0px; background-image: none; border-bottom: 0px; padding-top: 0px; padding-left: 0px; border-left: 0px; display: inline; padding-right: 0px\" border=\"0\" alt=\"P1080718\" src=\"https:\/\/volkerontour.de\/wp-content\/uploads\/2018\/01\/P1080718_thumb.jpg\" width=\"244\" height=\"184\"><\/a>&nbsp;<a href=\"https:\/\/volkerontour.de\/wp-content\/uploads\/2018\/01\/P1080717.jpg\"><img loading=\"lazy\" decoding=\"async\" title=\"P1080717\" style=\"border-top: 0px; border-right: 0px; background-image: none; border-bottom: 0px; padding-top: 0px; padding-left: 0px; border-left: 0px; display: inline; padding-right: 0px\" border=\"0\" alt=\"P1080717\" src=\"https:\/\/volkerontour.de\/wp-content\/uploads\/2018\/01\/P1080717_thumb.jpg\" width=\"244\" height=\"184\"><\/a><\/p>\n<p>Bei einem \u201cTake away\u201d-Asiaten nahmen wir dann f\u00fcr 3 Euro pro Nase unser Dinner mit, dass wir p\u00fcnktlich zum Sonnenuntergang an unserem Strand in der Island Lodge einnahmen.<\/p>\n<p><a href=\"https:\/\/volkerontour.de\/wp-content\/uploads\/2018\/01\/P1080719.jpg\"><img loading=\"lazy\" decoding=\"async\" title=\"P1080719\" style=\"border-top: 0px; border-right: 0px; background-image: none; border-bottom: 0px; padding-top: 0px; padding-left: 0px; border-left: 0px; display: inline; padding-right: 0px\" border=\"0\" alt=\"P1080719\" src=\"https:\/\/volkerontour.de\/wp-content\/uploads\/2018\/01\/P1080719_thumb.jpg\" width=\"244\" height=\"184\"><\/a>&nbsp;<a href=\"https:\/\/volkerontour.de\/wp-content\/uploads\/2018\/01\/IMG_1094.jpg\"><img loading=\"lazy\" decoding=\"async\" title=\"IMG_1094\" style=\"border-top: 0px; border-right: 0px; background-image: none; border-bottom: 0px; padding-top: 0px; padding-left: 0px; border-left: 0px; display: inline; padding-right: 0px\" border=\"0\" alt=\"IMG_1094\" src=\"https:\/\/volkerontour.de\/wp-content\/uploads\/2018\/01\/IMG_1094_thumb.jpg\" width=\"244\" height=\"184\"><\/a><\/p>\n<p>Toller Tag heute. Ich glaube, wir haben uns schon jetzt in die Insel verliebt. Wer das Paradies sucht sollte auf La Digue auf jeden Fall f\u00fcndig werden. Wir freuen uns auf jeden Fall auf die n\u00e4chsten Tage hier <img decoding=\"async\" class=\"wlEmoticon wlEmoticon-smile\" style=\"border-top-style: none; border-left-style: none; border-bottom-style: none; border-right-style: none\" alt=\"Smiley\" src=\"https:\/\/volkerontour.de\/wp-content\/uploads\/2018\/01\/wlEmoticon-smile-4.png\"><\/p>\n","protected":false},"excerpt":{"rendered":"<p>Freitag, 05.01.: Unser letzter Morgen auf Praslin begann nat\u00fcrlich wieder mit einem Fr\u00fchst\u00fcck am Strand. Das werden wir wirklich vermissen. Mal wieder keine Wolke am Himmel Kurze Zeit sp\u00e4ter wurden wir dann abgeholt und zur F\u00e4hre gebracht. &nbsp; Bis La &hellip; <a href=\"https:\/\/volkerontour.de\/?p=20066\">Weiterlesen <span class=\"meta-nav\">&rarr;<\/span><\/a><\/p>\n","protected":false},"author":3,"featured_media":0,"comment_status":"closed","ping_status":"open","sticky":false,"template":"","format":"standard","meta":{"footnotes":""},"categories":[21],"tags":[],"class_list":["post-20066","post","type-post","status-publish","format-standard","hentry","category-seychellen-2018"],"_links":{"self":[{"href":"https:\/\/volkerontour.de\/index.php?rest_route=\/wp\/v2\/posts\/20066","targetHints":{"allow":["GET"]}}],"collection":[{"href":"https:\/\/volkerontour.de\/index.php?rest_route=\/wp\/v2\/posts"}],"about":[{"href":"https:\/\/volkerontour.de\/index.php?rest_route=\/wp\/v2\/types\/post"}],"author":[{"embeddable":true,"href":"https:\/\/volkerontour.de\/index.php?rest_route=\/wp\/v2\/users\/3"}],"replies":[{"embeddable":true,"href":"https:\/\/volkerontour.de\/index.php?rest_route=%2Fwp%2Fv2%2Fcomments&post=20066"}],"version-history":[{"count":1,"href":"https:\/\/volkerontour.de\/index.php?rest_route=\/wp\/v2\/posts\/20066\/revisions"}],"predecessor-version":[{"id":20067,"href":"https:\/\/volkerontour.de\/index.php?rest_route=\/wp\/v2\/posts\/20066\/revisions\/20067"}],"wp:attachment":[{"href":"https:\/\/volkerontour.de\/index.php?rest_route=%2Fwp%2Fv2%2Fmedia&parent=20066"}],"wp:term":[{"taxonomy":"category","embeddable":true,"href":"https:\/\/volkerontour.de\/index.php?rest_route=%2Fwp%2Fv2%2Fcategories&post=20066"},{"taxonomy":"post_tag","embeddable":true,"href":"https:\/\/volkerontour.de\/index.php?rest_route=%2Fwp%2Fv2%2Ftags&post=20066"}],"curies":[{"name":"wp","href":"https:\/\/api.w.org\/{rel}","templated":true}]}}