{"id":204,"date":"2012-07-27T03:09:42","date_gmt":"2012-07-27T03:09:42","guid":{"rendered":"http:\/\/volkerontour.de\/?p=204"},"modified":"2012-07-27T03:09:42","modified_gmt":"2012-07-27T03:09:42","slug":"tag-5-potosi","status":"publish","type":"post","link":"https:\/\/volkerontour.de\/?p=204","title":{"rendered":"Tag 5: Potosi"},"content":{"rendered":"<p>Fr\u00fch morgens am Tag 5 ging es f\u00fcr 14 verschlafene Reisende und eine bestens gelaunte Reiseleiterin auf die dreist\u00fcndige Reise von Sucre nach Potosi, der h\u00f6chstgelegenen Stadt der Welt (4067m \u00fcber Meeresspiegel). Die mal wieder sehr sehenswerte Fahrt f\u00fchrte vorbei an kleinen D\u00f6rfern, abgelegenen Orten und toller Natur\u2026 Je h\u00f6her man kam umso weniger \u201cLeben\u201d sah man\u2026<\/p>\n<p><a href=\"https:\/\/volkerontour.de\/wp-content\/uploads\/2012\/07\/DSC00660.jpg\"><img loading=\"lazy\" decoding=\"async\" style=\"background-image: none; border-bottom: 0px; border-left: 0px; padding-left: 0px; padding-right: 0px; display: inline; border-top: 0px; border-right: 0px; padding-top: 0px\" title=\"DSC00660\" border=\"0\" alt=\"DSC00660\" src=\"https:\/\/volkerontour.de\/wp-content\/uploads\/2012\/07\/DSC00660_thumb.jpg\" width=\"244\" height=\"184\"><\/a>&nbsp;<a href=\"https:\/\/volkerontour.de\/wp-content\/uploads\/2012\/07\/DSC00662.jpg\"><img loading=\"lazy\" decoding=\"async\" style=\"background-image: none; border-bottom: 0px; border-left: 0px; padding-left: 0px; padding-right: 0px; display: inline; border-top: 0px; border-right: 0px; padding-top: 0px\" title=\"DSC00662\" border=\"0\" alt=\"DSC00662\" src=\"https:\/\/volkerontour.de\/wp-content\/uploads\/2012\/07\/DSC00662_thumb.jpg\" width=\"244\" height=\"184\"><\/a><\/p>\n<p>\u2026bis irgendwann (wie aus dem Nichts) auf einem Andenplateau gelegen Potosi auftauchte.<\/p>\n<p><a href=\"https:\/\/volkerontour.de\/wp-content\/uploads\/2012\/07\/DSC00663.jpg\"><img loading=\"lazy\" decoding=\"async\" style=\"background-image: none; border-bottom: 0px; border-left: 0px; padding-left: 0px; padding-right: 0px; display: inline; border-top: 0px; border-right: 0px; padding-top: 0px\" title=\"DSC00663\" border=\"0\" alt=\"DSC00663\" src=\"https:\/\/volkerontour.de\/wp-content\/uploads\/2012\/07\/DSC00663_thumb.jpg\" width=\"244\" height=\"184\"><\/a><\/p>\n<p>Die ehemals reichste Stadt S\u00fcdamerikas beherbergt heute noch etwa 100000 Einwohner und zeichnet sich vor allem durch Ihr Wahrzeichen aus, den \u201cCerro Rico\u201d (reichen H\u00fcgel), aus dessen Mine seit 1545 Silber abgebaut wird und heute noch \u00fcber 15000 Menschen Arbeit bietet\u2026 Der Cerro Rico t\u00fcrmt sich direkt neben der Stadt auf und ist quasi von \u00fcberall zu sehen\u2026 <\/p>\n<p><a href=\"https:\/\/volkerontour.de\/wp-content\/uploads\/2012\/07\/DSC00667.jpg\"><img loading=\"lazy\" decoding=\"async\" style=\"background-image: none; border-bottom: 0px; border-left: 0px; padding-left: 0px; padding-right: 0px; display: inline; border-top: 0px; border-right: 0px; padding-top: 0px\" title=\"DSC00667\" border=\"0\" alt=\"DSC00667\" src=\"https:\/\/volkerontour.de\/wp-content\/uploads\/2012\/07\/DSC00667_thumb.jpg\" width=\"184\" height=\"244\"><\/a>&nbsp;<a href=\"https:\/\/volkerontour.de\/wp-content\/uploads\/2012\/07\/DSC00669.jpg\"><img loading=\"lazy\" decoding=\"async\" style=\"background-image: none; border-bottom: 0px; border-left: 0px; padding-left: 0px; padding-right: 0px; display: inline; border-top: 0px; border-right: 0px; padding-top: 0px\" title=\"DSC00669\" border=\"0\" alt=\"DSC00669\" src=\"https:\/\/volkerontour.de\/wp-content\/uploads\/2012\/07\/DSC00669_thumb.jpg\" width=\"244\" height=\"184\"><\/a><\/p>\n<p>Nach dem Check in im Hotel und einem kleinen Lunch entschieden sich 11 von uns die angebotene Besichtigung der Mine wahrzunehmen. Neben des wirklich minimalen \u201cEintrittspreises\u201d ist es erw\u00fcnscht, den Minenarbeitern vom nahegelegenen \u201cMinersmarket\u201d kleine Pr\u00e4sente mitzubringen, quasi als Entsch\u00e4digung daf\u00fcr, dass man sie bei der Arbeit st\u00f6rt\u2026 Neben allt\u00e4glichen Dingen wie Cola oder Zigaretten kann man dort vollkommen legal auch andere unglaubliche Dinge erwerben, wie uns unser Tourguide mit dem typisch bolivianischen Namen \u201cOlga\u201d uns verriet und zeigte\u2026 Ich nahm ein Beutel Kokabl\u00e4tter (auf denen die Arbeiter gerne rumkauen), und eine Stange Dynamit mit Z\u00fcndschnur f\u00fcr g\u00fcnstige 2,50\u20ac mit (kein Spass!), einfach so, vollkommen legal! Olga meinte sp\u00e4ter zu mir, dass die Menge Dynamit, die ich da auf dem Foto in meiner Hand halte, gut genug w\u00e4re um bis zu 10 Tonnen Gestein wegzusprengen\u2026<\/p>\n<p><a href=\"https:\/\/volkerontour.de\/wp-content\/uploads\/2012\/07\/DSC00675.jpg\"><img loading=\"lazy\" decoding=\"async\" style=\"background-image: none; border-bottom: 0px; border-left: 0px; padding-left: 0px; padding-right: 0px; display: inline; border-top: 0px; border-right: 0px; padding-top: 0px\" title=\"DSC00675\" border=\"0\" alt=\"DSC00675\" src=\"https:\/\/volkerontour.de\/wp-content\/uploads\/2012\/07\/DSC00675_thumb.jpg\" width=\"184\" height=\"244\"><\/a>&nbsp;<a href=\"https:\/\/volkerontour.de\/wp-content\/uploads\/2012\/07\/DSC00678.jpg\"><img loading=\"lazy\" decoding=\"async\" style=\"background-image: none; border-bottom: 0px; border-left: 0px; margin: 0px; padding-left: 0px; padding-right: 0px; display: inline; border-top: 0px; border-right: 0px; padding-top: 0px\" title=\"DSC00678\" border=\"0\" alt=\"DSC00678\" src=\"https:\/\/volkerontour.de\/wp-content\/uploads\/2012\/07\/DSC00678_thumb.jpg\" width=\"184\" height=\"244\"><\/a><\/p>\n<p>Bevor wir zur Mine weiterfuhren wurden wir nat\u00fcrlich noch mit entsprechender Schutzkleidung versehen, sie sich sp\u00e4ter als absolut notwendig erweisen sollte\u2026<\/p>\n<p><a href=\"https:\/\/volkerontour.de\/wp-content\/uploads\/2012\/07\/DSC00680.jpg\"><img loading=\"lazy\" decoding=\"async\" style=\"background-image: none; border-bottom: 0px; border-left: 0px; margin: 0px; padding-left: 0px; padding-right: 0px; display: inline; border-top: 0px; border-right: 0px; padding-top: 0px\" title=\"DSC00680\" border=\"0\" alt=\"DSC00680\" src=\"https:\/\/volkerontour.de\/wp-content\/uploads\/2012\/07\/DSC00680_thumb.jpg\" width=\"244\" height=\"184\"><\/a>&nbsp;<a href=\"https:\/\/volkerontour.de\/wp-content\/uploads\/2012\/07\/DSC00685.jpg\"><img loading=\"lazy\" decoding=\"async\" style=\"background-image: none; border-bottom: 0px; border-left: 0px; margin: 0px; padding-left: 0px; padding-right: 0px; display: inline; border-top: 0px; border-right: 0px; padding-top: 0px\" title=\"DSC00685\" border=\"0\" alt=\"DSC00685\" src=\"https:\/\/volkerontour.de\/wp-content\/uploads\/2012\/07\/DSC00685_thumb.jpg\" width=\"184\" height=\"244\"><\/a><\/p>\n<p><a href=\"https:\/\/volkerontour.de\/wp-content\/uploads\/2012\/07\/DSC00686.jpg\"><img loading=\"lazy\" decoding=\"async\" style=\"background-image: none; border-bottom: 0px; border-left: 0px; padding-left: 0px; padding-right: 0px; display: inline; border-top: 0px; border-right: 0px; padding-top: 0px\" title=\"DSC00686\" border=\"0\" alt=\"DSC00686\" src=\"https:\/\/volkerontour.de\/wp-content\/uploads\/2012\/07\/DSC00686_thumb.jpg\" width=\"244\" height=\"184\"><\/a><\/p>\n<p>Nach einer kurzen Einweisung von Olga gings dann los, etwa 100m in den Berg hinein\u2026 alles sehr eng, teilweise musste man durch den Matsch krabbeln weil die Decke so niedrig war,und immer wieder musste man Platz f\u00fcr die Minenarbeiter machen, die nat\u00fcrlich weiter ihren Job verrichteten. So ein bisschen erinnerte das alles an so alte Indianer- und Cowboyfilme\u2026 <img decoding=\"async\" style=\"border-bottom-style: none; border-left-style: none; border-top-style: none; border-right-style: none\" class=\"wlEmoticon wlEmoticon-smile\" alt=\"Smiley\" src=\"https:\/\/volkerontour.de\/wp-content\/uploads\/2012\/07\/wlEmoticon-smile6.png\"><\/p>\n<p><a href=\"https:\/\/volkerontour.de\/wp-content\/uploads\/2012\/07\/DSC00693.jpg\"><img loading=\"lazy\" decoding=\"async\" style=\"background-image: none; border-bottom: 0px; border-left: 0px; padding-left: 0px; padding-right: 0px; display: inline; border-top: 0px; border-right: 0px; padding-top: 0px\" title=\"DSC00693\" border=\"0\" alt=\"DSC00693\" src=\"https:\/\/volkerontour.de\/wp-content\/uploads\/2012\/07\/DSC00693_thumb.jpg\" width=\"244\" height=\"184\"><\/a>&nbsp;<a href=\"https:\/\/volkerontour.de\/wp-content\/uploads\/2012\/07\/DSC00692.jpg\"><img loading=\"lazy\" decoding=\"async\" style=\"background-image: none; border-bottom: 0px; border-left: 0px; padding-left: 0px; padding-right: 0px; display: inline; border-top: 0px; border-right: 0px; padding-top: 0px\" title=\"DSC00692\" border=\"0\" alt=\"DSC00692\" src=\"https:\/\/volkerontour.de\/wp-content\/uploads\/2012\/07\/DSC00692_thumb.jpg\" width=\"244\" height=\"184\"><\/a><\/p>\n<p>\u2026t\u00e4uscht jetzt auch n bissl durch den Blitz und unsere Lichter an den Helmen: Da drin war es stockdunkel! W\u00e4hrend sieben Teilnehmern die 100m des Level eins gen\u00fcgten wagten sich Eddy, Collin, Anna und ich noch ins Level zwei vor. 80m tiefer mit leichten Kletter- und vielen Kriechpassagen\u2026 hat sich aber gelohnt, war wirklich interessant und spektakul\u00e4r\u2026<\/p>\n<p><a href=\"https:\/\/volkerontour.de\/wp-content\/uploads\/2012\/07\/DSC00697.jpg\"><img loading=\"lazy\" decoding=\"async\" style=\"background-image: none; border-bottom: 0px; border-left: 0px; padding-left: 0px; padding-right: 0px; display: inline; border-top: 0px; border-right: 0px; padding-top: 0px\" title=\"DSC00697\" border=\"0\" alt=\"DSC00697\" src=\"https:\/\/volkerontour.de\/wp-content\/uploads\/2012\/07\/DSC00697_thumb.jpg\" width=\"244\" height=\"184\"><\/a>&nbsp;<a href=\"https:\/\/volkerontour.de\/wp-content\/uploads\/2012\/07\/DSC00699.jpg\"><img loading=\"lazy\" decoding=\"async\" style=\"background-image: none; border-bottom: 0px; border-left: 0px; padding-left: 0px; padding-right: 0px; display: inline; border-top: 0px; border-right: 0px; padding-top: 0px\" title=\"DSC00699\" border=\"0\" alt=\"DSC00699\" src=\"https:\/\/volkerontour.de\/wp-content\/uploads\/2012\/07\/DSC00699_thumb.jpg\" width=\"184\" height=\"244\"><\/a><\/p>\n<p><a href=\"https:\/\/volkerontour.de\/wp-content\/uploads\/2012\/07\/DSC00700.jpg\"><img loading=\"lazy\" decoding=\"async\" style=\"background-image: none; border-bottom: 0px; border-left: 0px; margin: 0px; padding-left: 0px; padding-right: 0px; display: inline; border-top: 0px; border-right: 0px; padding-top: 0px\" title=\"DSC00700\" border=\"0\" alt=\"DSC00700\" src=\"https:\/\/volkerontour.de\/wp-content\/uploads\/2012\/07\/DSC00700_thumb.jpg\" width=\"244\" height=\"184\"><\/a>&nbsp;<a href=\"https:\/\/volkerontour.de\/wp-content\/uploads\/2012\/07\/DSC00702.jpg\"><img loading=\"lazy\" decoding=\"async\" style=\"background-image: none; border-bottom: 0px; border-left: 0px; padding-left: 0px; padding-right: 0px; display: inline; border-top: 0px; border-right: 0px; padding-top: 0px\" title=\"DSC00702\" border=\"0\" alt=\"DSC00702\" src=\"https:\/\/volkerontour.de\/wp-content\/uploads\/2012\/07\/DSC00702_thumb.jpg\" width=\"244\" height=\"184\"><\/a><\/p>\n<p>Insgesamt gibt es in der Mine wohl mehr als sechs Ebenen, die bis \u00fcber 300m in den Berg hineinragen\u2026 War toll, mal sowas gesehen zu haben\u2026<\/p>\n<p>Unser Abendessen war heute mal typisch bolivianisch: Stoned Soup\u2026 Eine Gem\u00fcsesuppe, in deren Mitte sich ein heisser Stein befindet, der daf\u00fcr sorgt, dass die Suppe nicht so schnell abk\u00fchlt\u2026 im Gegenteil: Noch Minuten nach dem Servieren kocht sie auf dem Tisch\u2026 und lecker ist sie auch <img decoding=\"async\" style=\"border-bottom-style: none; border-left-style: none; border-top-style: none; border-right-style: none\" class=\"wlEmoticon wlEmoticon-smile\" alt=\"Smiley\" src=\"https:\/\/volkerontour.de\/wp-content\/uploads\/2012\/07\/wlEmoticon-smile6.png\"><\/p>\n<p><a href=\"https:\/\/volkerontour.de\/wp-content\/uploads\/2012\/07\/DSC00703.jpg\"><img loading=\"lazy\" decoding=\"async\" style=\"background-image: none; border-bottom: 0px; border-left: 0px; padding-left: 0px; padding-right: 0px; display: inline; border-top: 0px; border-right: 0px; padding-top: 0px\" title=\"DSC00703\" border=\"0\" alt=\"DSC00703\" src=\"https:\/\/volkerontour.de\/wp-content\/uploads\/2012\/07\/DSC00703_thumb.jpg\" width=\"244\" height=\"184\"><\/a>&nbsp;<a href=\"https:\/\/volkerontour.de\/wp-content\/uploads\/2012\/07\/DSC00704.jpg\"><img loading=\"lazy\" decoding=\"async\" style=\"background-image: none; border-bottom: 0px; border-left: 0px; padding-left: 0px; padding-right: 0px; display: inline; border-top: 0px; border-right: 0px; padding-top: 0px\" title=\"DSC00704\" border=\"0\" alt=\"DSC00704\" src=\"https:\/\/volkerontour.de\/wp-content\/uploads\/2012\/07\/DSC00704_thumb.jpg\" width=\"244\" height=\"184\"><\/a><\/p>\n<p>Und zum Ende des Tages hat es auch meine Tasche bis nach Potosi geschafft, obwohl ich sie vor lauter Schildern und Aufklebern kaum erkannt habe\u2026 endlich ist sie da!!!!<\/p>\n<p><a href=\"https:\/\/volkerontour.de\/wp-content\/uploads\/2012\/07\/DSC00705.jpg\"><img loading=\"lazy\" decoding=\"async\" style=\"background-image: none; border-bottom: 0px; border-left: 0px; padding-left: 0px; padding-right: 0px; display: inline; border-top: 0px; border-right: 0px; padding-top: 0px\" title=\"DSC00705\" border=\"0\" alt=\"DSC00705\" src=\"https:\/\/volkerontour.de\/wp-content\/uploads\/2012\/07\/DSC00705_thumb.jpg\" width=\"244\" height=\"184\"><\/a>&nbsp;<a href=\"https:\/\/volkerontour.de\/wp-content\/uploads\/2012\/07\/DSC00707.jpg\"><img loading=\"lazy\" decoding=\"async\" style=\"background-image: none; border-bottom: 0px; border-left: 0px; padding-left: 0px; padding-right: 0px; display: inline; border-top: 0px; border-right: 0px; padding-top: 0px\" title=\"DSC00707\" border=\"0\" alt=\"DSC00707\" src=\"https:\/\/volkerontour.de\/wp-content\/uploads\/2012\/07\/DSC00707_thumb.jpg\" width=\"244\" height=\"184\"><\/a><\/p>\n<p>Sooooo, das wars f\u00fcr heute\u2026 morgen in Uyuni k\u00f6nnte eventuell nochmal n Blogeintrag gehen. Danach bin ich f\u00fcr drei Tage auf Allradtour durch die Salzseen, fernab jeglichen W-Lan-Hotspots\u2026 ich werde nat\u00fcrlich trotzdem fleissig fotografieren und tippseln\u2026 geht dann halt erst in drei Tagen online\u2026<\/p>\n<p>Also, Gute Nacht aus 4000m H\u00f6he, ganz sch\u00f6n d\u00fc\u00fc\u00fc\u00fcnnn, die Luft hier oben\u2026 <img decoding=\"async\" style=\"border-bottom-style: none; border-left-style: none; border-top-style: none; border-right-style: none\" class=\"wlEmoticon wlEmoticon-smile\" alt=\"Smiley\" src=\"https:\/\/volkerontour.de\/wp-content\/uploads\/2012\/07\/wlEmoticon-smile6.png\"><\/p>\n","protected":false},"excerpt":{"rendered":"<p>Fr\u00fch morgens am Tag 5 ging es f\u00fcr 14 verschlafene Reisende und eine bestens gelaunte Reiseleiterin auf die dreist\u00fcndige Reise von Sucre nach Potosi, der h\u00f6chstgelegenen Stadt der Welt (4067m \u00fcber Meeresspiegel). Die mal wieder sehr sehenswerte Fahrt f\u00fchrte vorbei &hellip; <a href=\"https:\/\/volkerontour.de\/?p=204\">Weiterlesen <span class=\"meta-nav\">&rarr;<\/span><\/a><\/p>\n","protected":false},"author":3,"featured_media":0,"comment_status":"closed","ping_status":"open","sticky":false,"template":"","format":"standard","meta":{"footnotes":""},"categories":[1],"tags":[],"class_list":["post-204","post","type-post","status-publish","format-standard","hentry","category-uncategorized"],"_links":{"self":[{"href":"https:\/\/volkerontour.de\/index.php?rest_route=\/wp\/v2\/posts\/204","targetHints":{"allow":["GET"]}}],"collection":[{"href":"https:\/\/volkerontour.de\/index.php?rest_route=\/wp\/v2\/posts"}],"about":[{"href":"https:\/\/volkerontour.de\/index.php?rest_route=\/wp\/v2\/types\/post"}],"author":[{"embeddable":true,"href":"https:\/\/volkerontour.de\/index.php?rest_route=\/wp\/v2\/users\/3"}],"replies":[{"embeddable":true,"href":"https:\/\/volkerontour.de\/index.php?rest_route=%2Fwp%2Fv2%2Fcomments&post=204"}],"version-history":[{"count":0,"href":"https:\/\/volkerontour.de\/index.php?rest_route=\/wp\/v2\/posts\/204\/revisions"}],"wp:attachment":[{"href":"https:\/\/volkerontour.de\/index.php?rest_route=%2Fwp%2Fv2%2Fmedia&parent=204"}],"wp:term":[{"taxonomy":"category","embeddable":true,"href":"https:\/\/volkerontour.de\/index.php?rest_route=%2Fwp%2Fv2%2Fcategories&post=204"},{"taxonomy":"post_tag","embeddable":true,"href":"https:\/\/volkerontour.de\/index.php?rest_route=%2Fwp%2Fv2%2Ftags&post=204"}],"curies":[{"name":"wp","href":"https:\/\/api.w.org\/{rel}","templated":true}]}}