{"id":26001,"date":"2019-12-25T20:42:07","date_gmt":"2019-12-25T20:42:07","guid":{"rendered":"http:\/\/volkerontour.de\/?p=26001"},"modified":"2019-12-25T20:42:07","modified_gmt":"2019-12-25T20:42:07","slug":"tag-6-entspannter-erster-feiertag","status":"publish","type":"post","link":"https:\/\/volkerontour.de\/?p=26001","title":{"rendered":"Tag 6: Entspannter erster Feiertag"},"content":{"rendered":"<p>Mittwoch, 25.12.: Da wir gestern doch noch ein Weilchen in der hoteleigenen Disco \u201cabhingen\u201d, kamen wir auch heute Morgen nur schwer aus dem Bett. Gl\u00fccklicherweise gab es eine Stunde l\u00e4nger Fr\u00fchst\u00fcck, hier \u201cChristmas-Brunch genannt.<\/p>\n<p>Am Strand war es heute ein bisschen frischer, weshalb ich gegen Mittag auch alleine zum Schnorcheln bin\u2026<\/p>\n<p><a href=\"https:\/\/volkerontour.de\/wp-content\/uploads\/2019\/12\/P1130170.jpg\"><img loading=\"lazy\" decoding=\"async\" title=\"P1130170\" style=\"border-top: 0px; border-right: 0px; background-image: none; border-bottom: 0px; padding-top: 0px; padding-left: 0px; border-left: 0px; display: inline; padding-right: 0px\" border=\"0\" alt=\"P1130170\" src=\"https:\/\/volkerontour.de\/wp-content\/uploads\/2019\/12\/P1130170_thumb.jpg\" width=\"244\" height=\"184\"><\/a>&nbsp;<a href=\"https:\/\/volkerontour.de\/wp-content\/uploads\/2019\/12\/P1130180.jpg\"><img loading=\"lazy\" decoding=\"async\" title=\"P1130180\" style=\"border-top: 0px; border-right: 0px; background-image: none; border-bottom: 0px; padding-top: 0px; padding-left: 0px; border-left: 0px; display: inline; padding-right: 0px\" border=\"0\" alt=\"P1130180\" src=\"https:\/\/volkerontour.de\/wp-content\/uploads\/2019\/12\/P1130180_thumb.jpg\" width=\"244\" height=\"184\"><\/a><\/p>\n<p><a href=\"https:\/\/volkerontour.de\/wp-content\/uploads\/2019\/12\/P1130187.jpg\"><img loading=\"lazy\" decoding=\"async\" title=\"P1130187\" style=\"border-top: 0px; border-right: 0px; background-image: none; border-bottom: 0px; padding-top: 0px; padding-left: 0px; border-left: 0px; display: inline; padding-right: 0px\" border=\"0\" alt=\"P1130187\" src=\"https:\/\/volkerontour.de\/wp-content\/uploads\/2019\/12\/P1130187_thumb.jpg\" width=\"244\" height=\"184\"><\/a>&nbsp;<a href=\"https:\/\/volkerontour.de\/wp-content\/uploads\/2019\/12\/P1130184.jpg\"><img loading=\"lazy\" decoding=\"async\" title=\"P1130184\" style=\"border-top: 0px; border-right: 0px; background-image: none; border-bottom: 0px; padding-top: 0px; padding-left: 0px; border-left: 0px; display: inline; padding-right: 0px\" border=\"0\" alt=\"P1130184\" src=\"https:\/\/volkerontour.de\/wp-content\/uploads\/2019\/12\/P1130184_thumb.jpg\" width=\"244\" height=\"184\"><\/a><\/p>\n<p><a href=\"https:\/\/volkerontour.de\/wp-content\/uploads\/2019\/12\/P1130182.jpg\"><img loading=\"lazy\" decoding=\"async\" title=\"P1130182\" style=\"border-top: 0px; border-right: 0px; background-image: none; border-bottom: 0px; padding-top: 0px; padding-left: 0px; border-left: 0px; display: inline; padding-right: 0px\" border=\"0\" alt=\"P1130182\" src=\"https:\/\/volkerontour.de\/wp-content\/uploads\/2019\/12\/P1130182_thumb.jpg\" width=\"244\" height=\"184\"><\/a>&nbsp;<a href=\"https:\/\/volkerontour.de\/wp-content\/uploads\/2019\/12\/P1130179.jpg\"><img loading=\"lazy\" decoding=\"async\" title=\"P1130179\" style=\"border-top: 0px; border-right: 0px; background-image: none; border-bottom: 0px; padding-top: 0px; padding-left: 0px; border-left: 0px; display: inline; padding-right: 0px\" border=\"0\" alt=\"P1130179\" src=\"https:\/\/volkerontour.de\/wp-content\/uploads\/2019\/12\/P1130179_thumb.jpg\" width=\"244\" height=\"184\"><\/a><\/p>\n<p><a href=\"https:\/\/volkerontour.de\/wp-content\/uploads\/2019\/12\/P1130174.jpg\"><img loading=\"lazy\" decoding=\"async\" title=\"P1130174\" style=\"border-top: 0px; border-right: 0px; background-image: none; border-bottom: 0px; padding-top: 0px; padding-left: 0px; border-left: 0px; display: inline; padding-right: 0px\" border=\"0\" alt=\"P1130174\" src=\"https:\/\/volkerontour.de\/wp-content\/uploads\/2019\/12\/P1130174_thumb.jpg\" width=\"244\" height=\"184\"><\/a>&nbsp;<a href=\"https:\/\/volkerontour.de\/wp-content\/uploads\/2019\/12\/P1130169.jpg\"><img loading=\"lazy\" decoding=\"async\" title=\"P1130169\" style=\"border-top: 0px; border-right: 0px; background-image: none; border-bottom: 0px; padding-top: 0px; padding-left: 0px; border-left: 0px; display: inline; padding-right: 0px\" border=\"0\" alt=\"P1130169\" src=\"https:\/\/volkerontour.de\/wp-content\/uploads\/2019\/12\/P1130169_thumb.jpg\" width=\"244\" height=\"184\"><\/a><\/p>\n<p>Am sp\u00e4ten Nachmittag testeten wir dann mal den Wellnessbereich des Hotels, den G\u00e4ste zwischen 17 und 19 Uhr kostenfrei nutzen k\u00f6nnen. Die drei Saunen und der Whirlpool werden wohl nur in den Wintermonaten frequentiert. Schwer vorstellbar, dass G\u00e4ste bei 40 Grad Au\u00dfentemperatur im Sommer und Herbst am Nachmittag noch in die Sauna gehen m\u00f6chten. Nach einem frischen Tag am Strand (der Wind blies ordentlich) wie heute hat das allerdings ganz gut gepasst. Zudem ist es ja auch hier bereits um 17 Uhr fast stockdunkel.<\/p>\n<p><a href=\"https:\/\/volkerontour.de\/wp-content\/uploads\/2019\/12\/P1130189.jpg\"><img loading=\"lazy\" decoding=\"async\" title=\"P1130189\" style=\"border-top: 0px; border-right: 0px; background-image: none; border-bottom: 0px; padding-top: 0px; padding-left: 0px; border-left: 0px; display: inline; padding-right: 0px\" border=\"0\" alt=\"P1130189\" src=\"https:\/\/volkerontour.de\/wp-content\/uploads\/2019\/12\/P1130189_thumb.jpg\" width=\"244\" height=\"184\"><\/a><\/p>\n<p>Wie bereits geschrieben ist das Hotel allgemein sehr gut ausgestattet (was Sport- und Freizeitm\u00f6glichkeiten angeht). Auch das bereits angesprochene (gut ausgestattete) Fitnessstudio nutzen wir regelm\u00e4ssig <img decoding=\"async\" class=\"wlEmoticon wlEmoticon-smile\" style=\"border-top-style: none; border-left-style: none; border-bottom-style: none; border-right-style: none\" alt=\"Smiley\" src=\"https:\/\/volkerontour.de\/wp-content\/uploads\/2019\/12\/wlEmoticon-smile-7.png\"><\/p>\n<p><a href=\"https:\/\/volkerontour.de\/wp-content\/uploads\/2019\/12\/P1130190.jpg\"><img loading=\"lazy\" decoding=\"async\" title=\"P1130190\" style=\"border-top: 0px; border-right: 0px; background-image: none; border-bottom: 0px; padding-top: 0px; padding-left: 0px; border-left: 0px; display: inline; padding-right: 0px\" border=\"0\" alt=\"P1130190\" src=\"https:\/\/volkerontour.de\/wp-content\/uploads\/2019\/12\/P1130190_thumb.jpg\" width=\"244\" height=\"184\"><\/a>&nbsp;<a href=\"https:\/\/volkerontour.de\/wp-content\/uploads\/2019\/12\/P1130191.jpg\"><img loading=\"lazy\" decoding=\"async\" title=\"P1130191\" style=\"border-top: 0px; border-right: 0px; background-image: none; border-bottom: 0px; padding-top: 0px; padding-left: 0px; border-left: 0px; display: inline; padding-right: 0px\" border=\"0\" alt=\"P1130191\" src=\"https:\/\/volkerontour.de\/wp-content\/uploads\/2019\/12\/P1130191_thumb.jpg\" width=\"244\" height=\"184\"><\/a><\/p>\n<p>Nach dem zweiten Weihnachts-Gala-Dinner (dass heute allerdings etwas kleiner ausgefallen ist) war ich dann f\u00fcr den Rest des Abends \u201cabgemeldet\u201d <img decoding=\"async\" class=\"wlEmoticon wlEmoticon-winkingsmile\" style=\"border-top-style: none; border-left-style: none; border-bottom-style: none; border-right-style: none\" alt=\"Zwinkerndes Smiley\" src=\"https:\/\/volkerontour.de\/wp-content\/uploads\/2019\/12\/wlEmoticon-winkingsmile-4.png\"> , da Sindy als gro\u00dfer Helene Fischer-Fan nat\u00fcrlich die Weihnachtsshow sehen wollte. Immerhin ARD, ZDF und RTL2 empfangen wir hier im Zimmer.<\/p>\n<p><a href=\"https:\/\/volkerontour.de\/wp-content\/uploads\/2019\/12\/P1130195.jpg\"><img loading=\"lazy\" decoding=\"async\" title=\"P1130195\" style=\"border-top: 0px; border-right: 0px; background-image: none; border-bottom: 0px; padding-top: 0px; padding-left: 0px; border-left: 0px; display: inline; padding-right: 0px\" border=\"0\" alt=\"P1130195\" src=\"https:\/\/volkerontour.de\/wp-content\/uploads\/2019\/12\/P1130195_thumb.jpg\" width=\"244\" height=\"184\"><\/a>&nbsp;<a href=\"https:\/\/volkerontour.de\/wp-content\/uploads\/2019\/12\/P1130198.jpg\"><img loading=\"lazy\" decoding=\"async\" title=\"P1130198\" style=\"border-top: 0px; border-right: 0px; background-image: none; border-bottom: 0px; padding-top: 0px; padding-left: 0px; border-left: 0px; display: inline; padding-right: 0px\" border=\"0\" alt=\"P1130198\" src=\"https:\/\/volkerontour.de\/wp-content\/uploads\/2019\/12\/P1130198_thumb.jpg\" width=\"244\" height=\"184\"><\/a><\/p>\n<p>Ich hoffe mal, dass der Abend schnell rumgeht <img decoding=\"async\" class=\"wlEmoticon wlEmoticon-winkingsmile\" style=\"border-top-style: none; border-left-style: none; border-bottom-style: none; border-right-style: none\" alt=\"Zwinkerndes Smiley\" src=\"https:\/\/volkerontour.de\/wp-content\/uploads\/2019\/12\/wlEmoticon-winkingsmile-4.png\"> und verabschiede mich bis morgen <img decoding=\"async\" class=\"wlEmoticon wlEmoticon-smile\" style=\"border-top-style: none; border-left-style: none; border-bottom-style: none; border-right-style: none\" alt=\"Smiley\" src=\"https:\/\/volkerontour.de\/wp-content\/uploads\/2019\/12\/wlEmoticon-smile-7.png\"><\/p>\n","protected":false},"excerpt":{"rendered":"<p>Mittwoch, 25.12.: Da wir gestern doch noch ein Weilchen in der hoteleigenen Disco \u201cabhingen\u201d, kamen wir auch heute Morgen nur schwer aus dem Bett. Gl\u00fccklicherweise gab es eine Stunde l\u00e4nger Fr\u00fchst\u00fcck, hier \u201cChristmas-Brunch genannt. Am Strand war es heute ein &hellip; <a href=\"https:\/\/volkerontour.de\/?p=26001\">Weiterlesen <span class=\"meta-nav\">&rarr;<\/span><\/a><\/p>\n","protected":false},"author":3,"featured_media":0,"comment_status":"closed","ping_status":"open","sticky":false,"template":"","format":"standard","meta":{"footnotes":""},"categories":[40],"tags":[],"class_list":["post-26001","post","type-post","status-publish","format-standard","hentry","category-aegypten-2019-2020"],"_links":{"self":[{"href":"https:\/\/volkerontour.de\/index.php?rest_route=\/wp\/v2\/posts\/26001","targetHints":{"allow":["GET"]}}],"collection":[{"href":"https:\/\/volkerontour.de\/index.php?rest_route=\/wp\/v2\/posts"}],"about":[{"href":"https:\/\/volkerontour.de\/index.php?rest_route=\/wp\/v2\/types\/post"}],"author":[{"embeddable":true,"href":"https:\/\/volkerontour.de\/index.php?rest_route=\/wp\/v2\/users\/3"}],"replies":[{"embeddable":true,"href":"https:\/\/volkerontour.de\/index.php?rest_route=%2Fwp%2Fv2%2Fcomments&post=26001"}],"version-history":[{"count":1,"href":"https:\/\/volkerontour.de\/index.php?rest_route=\/wp\/v2\/posts\/26001\/revisions"}],"predecessor-version":[{"id":26002,"href":"https:\/\/volkerontour.de\/index.php?rest_route=\/wp\/v2\/posts\/26001\/revisions\/26002"}],"wp:attachment":[{"href":"https:\/\/volkerontour.de\/index.php?rest_route=%2Fwp%2Fv2%2Fmedia&parent=26001"}],"wp:term":[{"taxonomy":"category","embeddable":true,"href":"https:\/\/volkerontour.de\/index.php?rest_route=%2Fwp%2Fv2%2Fcategories&post=26001"},{"taxonomy":"post_tag","embeddable":true,"href":"https:\/\/volkerontour.de\/index.php?rest_route=%2Fwp%2Fv2%2Ftags&post=26001"}],"curies":[{"name":"wp","href":"https:\/\/api.w.org\/{rel}","templated":true}]}}