{"id":26106,"date":"2019-12-27T19:27:19","date_gmt":"2019-12-27T19:27:19","guid":{"rendered":"http:\/\/volkerontour.de\/?p=26106"},"modified":"2019-12-27T19:27:19","modified_gmt":"2019-12-27T19:27:19","slug":"tag-8-el-gouna","status":"publish","type":"post","link":"https:\/\/volkerontour.de\/?p=26106","title":{"rendered":"Tag 8: El Gouna"},"content":{"rendered":"<p>Freitag, 27.12.: Heute stand f\u00fcr uns also ein mehr oder weniger spontaner Ausflug in die kleine \u201cSiedlung\u201d El Gouna (etwa 22 km n\u00f6rdlich von Hurghada gelegen) auf dem Programm. Das kleine \u00d6rtchen (etwa 240.000 Einwohner) entstand \u00fcberhaupt erst vor etwa 30 Jahren und wurde quasi komplett auf dem Rei\u00dfbrett entworfen und gebaut. Mit dem alten \u00c4gypten hat El Gouna nicht viel zu tun. Der im Privatbesitz befindliche Ort (eine \u00e4gyptische Milliard\u00e4rsfamilie, die zu den zehn reichsten Familien der Welt geh\u00f6rt) besteht zum Gro\u00dfteil aus teuren Hotelanlagen und pomp\u00f6sen Privatvillen. Die vielen (teilweise k\u00fcnstlich angelegten) Lagunen verliehen El Gouna den bereits gestern angesprochenen Beinamen \u201cDas \u00e4gyptische Venedig\u201d.<\/p>\n<p>Standesgem\u00e4\u00df begann unsere Tour auch beim etwa 350 Boote fassenden Yachthafen. Hier stand auf jeden Fall schonmal da ein oder andere gr\u00f6\u00dfere Schiffchen <img decoding=\"async\" class=\"wlEmoticon wlEmoticon-winkingsmile\" style=\"border-top-style: none; border-left-style: none; border-bottom-style: none; border-right-style: none\" alt=\"Zwinkerndes Smiley\" src=\"https:\/\/volkerontour.de\/wp-content\/uploads\/2019\/12\/wlEmoticon-winkingsmile-6.png\"><\/p>\n<p><a href=\"https:\/\/volkerontour.de\/wp-content\/uploads\/2019\/12\/P1130271.jpg\"><img loading=\"lazy\" decoding=\"async\" title=\"P1130271\" style=\"border-left-width: 0px; border-right-width: 0px; background-image: none; border-bottom-width: 0px; padding-top: 0px; padding-left: 0px; display: inline; padding-right: 0px; border-top-width: 0px\" border=\"0\" alt=\"P1130271\" src=\"https:\/\/volkerontour.de\/wp-content\/uploads\/2019\/12\/P1130271_thumb.jpg\" width=\"244\" height=\"184\"><\/a>&nbsp;<a href=\"https:\/\/volkerontour.de\/wp-content\/uploads\/2019\/12\/P1130268.jpg\"><img loading=\"lazy\" decoding=\"async\" title=\"P1130268\" style=\"border-left-width: 0px; border-right-width: 0px; background-image: none; border-bottom-width: 0px; padding-top: 0px; padding-left: 0px; display: inline; padding-right: 0px; border-top-width: 0px\" border=\"0\" alt=\"P1130268\" src=\"https:\/\/volkerontour.de\/wp-content\/uploads\/2019\/12\/P1130268_thumb.jpg\" width=\"244\" height=\"184\"><\/a><\/p>\n<p><a href=\"https:\/\/volkerontour.de\/wp-content\/uploads\/2019\/12\/P1130276.jpg\"><img loading=\"lazy\" decoding=\"async\" title=\"P1130276\" style=\"border-left-width: 0px; border-right-width: 0px; background-image: none; border-bottom-width: 0px; padding-top: 0px; padding-left: 0px; margin: 0px; display: inline; padding-right: 0px; border-top-width: 0px\" border=\"0\" alt=\"P1130276\" src=\"https:\/\/volkerontour.de\/wp-content\/uploads\/2019\/12\/P1130276_thumb.jpg\" width=\"244\" height=\"184\"><\/a>&nbsp;<a href=\"https:\/\/volkerontour.de\/wp-content\/uploads\/2019\/12\/P1130274.jpg\"><img loading=\"lazy\" decoding=\"async\" title=\"P1130274\" style=\"border-left-width: 0px; border-right-width: 0px; background-image: none; border-bottom-width: 0px; padding-top: 0px; padding-left: 0px; display: inline; padding-right: 0px; border-top-width: 0px\" border=\"0\" alt=\"P1130274\" src=\"https:\/\/volkerontour.de\/wp-content\/uploads\/2019\/12\/P1130274_thumb.jpg\" width=\"244\" height=\"184\"><\/a><\/p>\n<p>Unser Reiseleiter f\u00fcr heute hie\u00df \u00fcbrigens Mina\u2026 Eingefleischte Fussballfans haben ihn sicherlich l\u00e4ngst erkannt: Fr\u00fcher kickte er f\u00fcr Schalke und Bremen und nannte sich \u201cAilton\u201d <img decoding=\"async\" class=\"wlEmoticon wlEmoticon-smilewithtongueout\" style=\"border-top-style: none; border-left-style: none; border-bottom-style: none; border-right-style: none\" alt=\"Smiley mit herausgestreckter Zunge\" src=\"https:\/\/volkerontour.de\/wp-content\/uploads\/2019\/12\/wlEmoticon-smilewithtongueout-2.png\"><\/p>\n<p><a href=\"https:\/\/volkerontour.de\/wp-content\/uploads\/2019\/12\/P1130278.jpg\"><img loading=\"lazy\" decoding=\"async\" title=\"P1130278\" style=\"border-left-width: 0px; border-right-width: 0px; background-image: none; border-bottom-width: 0px; padding-top: 0px; padding-left: 0px; display: inline; padding-right: 0px; border-top-width: 0px\" border=\"0\" alt=\"P1130278\" src=\"https:\/\/volkerontour.de\/wp-content\/uploads\/2019\/12\/P1130278_thumb.jpg\" width=\"244\" height=\"184\"><\/a>&nbsp;<a href=\"https:\/\/volkerontour.de\/wp-content\/uploads\/2019\/12\/th.jpg\"><img loading=\"lazy\" decoding=\"async\" title=\"th\" style=\"border-top: 0px; border-right: 0px; background-image: none; border-bottom: 0px; padding-top: 0px; padding-left: 0px; border-left: 0px; display: inline; padding-right: 0px\" border=\"0\" alt=\"th\" src=\"https:\/\/volkerontour.de\/wp-content\/uploads\/2019\/12\/th_thumb.jpg\" width=\"244\" height=\"164\"><\/a><\/p>\n<p>Downtown El Gouna war heute Morgen so gut wie menschenleer. Sowohl Mina als auch mein Reisef\u00fchrer best\u00e4tigten uns, dass es in \u201cKafr El-Gouna\u201d abends ab 19 Uhr richtig belebt zugehen w\u00fcrde. Etliche Restaurants, Cafes und Gesch\u00e4fte reihen sich hier aneinander.<\/p>\n<p><a href=\"https:\/\/volkerontour.de\/wp-content\/uploads\/2019\/12\/P1130279.jpg\"><img loading=\"lazy\" decoding=\"async\" title=\"P1130279\" style=\"border-left-width: 0px; border-right-width: 0px; background-image: none; border-bottom-width: 0px; padding-top: 0px; padding-left: 0px; display: inline; padding-right: 0px; border-top-width: 0px\" border=\"0\" alt=\"P1130279\" src=\"https:\/\/volkerontour.de\/wp-content\/uploads\/2019\/12\/P1130279_thumb.jpg\" width=\"244\" height=\"184\"><\/a>&nbsp;<a href=\"https:\/\/volkerontour.de\/wp-content\/uploads\/2019\/12\/P1130281.jpg\"><img loading=\"lazy\" decoding=\"async\" title=\"P1130281\" style=\"border-left-width: 0px; border-right-width: 0px; background-image: none; border-bottom-width: 0px; padding-top: 0px; padding-left: 0px; display: inline; padding-right: 0px; border-top-width: 0px\" border=\"0\" alt=\"P1130281\" src=\"https:\/\/volkerontour.de\/wp-content\/uploads\/2019\/12\/P1130281_thumb.jpg\" width=\"244\" height=\"184\"><\/a><\/p>\n<p>Nach einem kurzen Spaziergang durch die Innenstadt stiegen wir dann auf ein Boot um, da so die einzelnen Lagunen besser zu erkunden waren. Insgesamt 18 Hotelanlagen (3-6 Sterne) finden sich in El Gouna. Nur die wenigsten verf\u00fcgen \u00fcber einen direkten Strandzugang. <\/p>\n<p><a href=\"https:\/\/volkerontour.de\/wp-content\/uploads\/2019\/12\/P1130283.jpg\"><img loading=\"lazy\" decoding=\"async\" title=\"P1130283\" style=\"border-left-width: 0px; border-right-width: 0px; background-image: none; border-bottom-width: 0px; padding-top: 0px; padding-left: 0px; display: inline; padding-right: 0px; border-top-width: 0px\" border=\"0\" alt=\"P1130283\" src=\"https:\/\/volkerontour.de\/wp-content\/uploads\/2019\/12\/P1130283_thumb.jpg\" width=\"244\" height=\"184\"><\/a>&nbsp;<a href=\"https:\/\/volkerontour.de\/wp-content\/uploads\/2019\/12\/P1130289.jpg\"><img loading=\"lazy\" decoding=\"async\" title=\"P1130289\" style=\"border-left-width: 0px; border-right-width: 0px; background-image: none; border-bottom-width: 0px; padding-top: 0px; padding-left: 0px; margin: 0px; display: inline; padding-right: 0px; border-top-width: 0px\" border=\"0\" alt=\"P1130289\" src=\"https:\/\/volkerontour.de\/wp-content\/uploads\/2019\/12\/P1130289_thumb.jpg\" width=\"244\" height=\"184\"><\/a><\/p>\n<p><a href=\"https:\/\/volkerontour.de\/wp-content\/uploads\/2019\/12\/P1130286.jpg\"><img loading=\"lazy\" decoding=\"async\" title=\"P1130286\" style=\"border-left-width: 0px; border-right-width: 0px; background-image: none; border-bottom-width: 0px; padding-top: 0px; padding-left: 0px; display: inline; padding-right: 0px; border-top-width: 0px\" border=\"0\" alt=\"P1130286\" src=\"https:\/\/volkerontour.de\/wp-content\/uploads\/2019\/12\/P1130286_thumb.jpg\" width=\"244\" height=\"184\"><\/a>&nbsp;<a href=\"https:\/\/volkerontour.de\/wp-content\/uploads\/2019\/12\/P1130292.jpg\"><img loading=\"lazy\" decoding=\"async\" title=\"P1130292\" style=\"border-left-width: 0px; border-right-width: 0px; background-image: none; border-bottom-width: 0px; padding-top: 0px; padding-left: 0px; display: inline; padding-right: 0px; border-top-width: 0px\" border=\"0\" alt=\"P1130292\" src=\"https:\/\/volkerontour.de\/wp-content\/uploads\/2019\/12\/P1130292_thumb.jpg\" width=\"244\" height=\"184\"><\/a><\/p>\n<p>Auch die \u201cReichen und Sch\u00f6nen\u201d haben dieses Luxus\u00f6rtchen bereits zur Kenntnis genommen. So haben die Ex-Fussballer Lothar Matth\u00e4us (Villa links unten) und Paolo Maldini (aktuell Manager des AC Mailand) ein schickes H\u00e4uschen hier.<\/p>\n<p><a href=\"https:\/\/volkerontour.de\/wp-content\/uploads\/2019\/12\/P1130288.jpg\"><img loading=\"lazy\" decoding=\"async\" title=\"P1130288\" style=\"border-left-width: 0px; border-right-width: 0px; background-image: none; border-bottom-width: 0px; padding-top: 0px; padding-left: 0px; display: inline; padding-right: 0px; border-top-width: 0px\" border=\"0\" alt=\"P1130288\" src=\"https:\/\/volkerontour.de\/wp-content\/uploads\/2019\/12\/P1130288_thumb.jpg\" width=\"244\" height=\"184\"><\/a>&nbsp;<a href=\"https:\/\/volkerontour.de\/wp-content\/uploads\/2019\/12\/P1130295.jpg\"><img loading=\"lazy\" decoding=\"async\" title=\"P1130295\" style=\"border-left-width: 0px; border-right-width: 0px; background-image: none; border-bottom-width: 0px; padding-top: 0px; padding-left: 0px; display: inline; padding-right: 0px; border-top-width: 0px\" border=\"0\" alt=\"P1130295\" src=\"https:\/\/volkerontour.de\/wp-content\/uploads\/2019\/12\/P1130295_thumb.jpg\" width=\"244\" height=\"184\"><\/a><\/p>\n<p>Von einem Aussichtsturm hatte man einen tollen Blick \u00fcber die ganze Stadt und auf dem riesigen 18-Loch-Golfplatz.<\/p>\n<p><a href=\"https:\/\/volkerontour.de\/wp-content\/uploads\/2019\/12\/P1130306.jpg\"><img loading=\"lazy\" decoding=\"async\" title=\"P1130306\" style=\"border-left-width: 0px; border-right-width: 0px; background-image: none; border-bottom-width: 0px; padding-top: 0px; padding-left: 0px; display: inline; padding-right: 0px; border-top-width: 0px\" border=\"0\" alt=\"P1130306\" src=\"https:\/\/volkerontour.de\/wp-content\/uploads\/2019\/12\/P1130306_thumb.jpg\" width=\"184\" height=\"244\"><\/a>&nbsp;<a href=\"https:\/\/volkerontour.de\/wp-content\/uploads\/2019\/12\/P1130300.jpg\"><img loading=\"lazy\" decoding=\"async\" title=\"P1130300\" style=\"border-left-width: 0px; border-right-width: 0px; background-image: none; border-bottom-width: 0px; padding-top: 0px; padding-left: 0px; display: inline; padding-right: 0px; border-top-width: 0px\" border=\"0\" alt=\"P1130300\" src=\"https:\/\/volkerontour.de\/wp-content\/uploads\/2019\/12\/P1130300_thumb.jpg\" width=\"244\" height=\"184\"><\/a><\/p>\n<p><a href=\"https:\/\/volkerontour.de\/wp-content\/uploads\/2019\/12\/P1130301.jpg\"><img loading=\"lazy\" decoding=\"async\" title=\"P1130301\" style=\"border-left-width: 0px; border-right-width: 0px; background-image: none; border-bottom-width: 0px; padding-top: 0px; padding-left: 0px; display: inline; padding-right: 0px; border-top-width: 0px\" border=\"0\" alt=\"P1130301\" src=\"https:\/\/volkerontour.de\/wp-content\/uploads\/2019\/12\/P1130301_thumb.jpg\" width=\"244\" height=\"184\"><\/a>&nbsp;<a href=\"https:\/\/volkerontour.de\/wp-content\/uploads\/2019\/12\/P1130298.jpg\"><img loading=\"lazy\" decoding=\"async\" title=\"P1130298\" style=\"border-left-width: 0px; border-right-width: 0px; background-image: none; border-bottom-width: 0px; padding-top: 0px; padding-left: 0px; display: inline; padding-right: 0px; border-top-width: 0px\" border=\"0\" alt=\"P1130298\" src=\"https:\/\/volkerontour.de\/wp-content\/uploads\/2019\/12\/P1130298_thumb.jpg\" width=\"244\" height=\"184\"><\/a><\/p>\n<p>Nach dem \u201coffiziellen Teil\u201d der Stadtrundfahrt kam dann der kommerzielle <img decoding=\"async\" class=\"wlEmoticon wlEmoticon-sadsmile\" style=\"border-top-style: none; border-left-style: none; border-bottom-style: none; border-right-style: none\" alt=\"Trauriges Smiley\" src=\"https:\/\/volkerontour.de\/wp-content\/uploads\/2019\/12\/wlEmoticon-sadsmile-1.png\"> Scheinbar geht es einfach nicht ohne diese l\u00e4stigen Stopps. Im \u00e4gyptischen Haus am Stadtrand von El Gouna d\u00fcrfen nur Frauen arbeiten (eine Seltenheit in \u00c4gypten, da man als Tourist sonst nur M\u00e4nner zu Gesicht bekommt). Hier werden Textilien aller Art produziert und verkauft\u2026<\/p>\n<p><a href=\"https:\/\/volkerontour.de\/wp-content\/uploads\/2019\/12\/P1130307.jpg\"><img loading=\"lazy\" decoding=\"async\" title=\"P1130307\" style=\"border-left-width: 0px; border-right-width: 0px; background-image: none; border-bottom-width: 0px; padding-top: 0px; padding-left: 0px; display: inline; padding-right: 0px; border-top-width: 0px\" border=\"0\" alt=\"P1130307\" src=\"https:\/\/volkerontour.de\/wp-content\/uploads\/2019\/12\/P1130307_thumb.jpg\" width=\"244\" height=\"184\"><\/a>&nbsp;<a href=\"https:\/\/volkerontour.de\/wp-content\/uploads\/2019\/12\/P1130308.jpg\"><img loading=\"lazy\" decoding=\"async\" title=\"P1130308\" style=\"border-left-width: 0px; border-right-width: 0px; background-image: none; border-bottom-width: 0px; padding-top: 0px; padding-left: 0px; display: inline; padding-right: 0px; border-top-width: 0px\" border=\"0\" alt=\"P1130308\" src=\"https:\/\/volkerontour.de\/wp-content\/uploads\/2019\/12\/P1130308_thumb.jpg\" width=\"244\" height=\"184\"><\/a><\/p>\n<p>In einer Oase au\u00dferhalb El Gouna`s erz\u00e4hlte uns ein Scheich etwas \u00fcber die nat\u00fcrlichen Medikamente der Beduinen, um danach einigen Touristen diese \u00d6le und S\u00e4fte anzudrehen\u2026<\/p>\n<p><a href=\"https:\/\/volkerontour.de\/wp-content\/uploads\/2019\/12\/P1130316.jpg\"><img loading=\"lazy\" decoding=\"async\" title=\"P1130316\" style=\"border-left-width: 0px; border-right-width: 0px; background-image: none; border-bottom-width: 0px; padding-top: 0px; padding-left: 0px; display: inline; padding-right: 0px; border-top-width: 0px\" border=\"0\" alt=\"P1130316\" src=\"https:\/\/volkerontour.de\/wp-content\/uploads\/2019\/12\/P1130316_thumb.jpg\" width=\"244\" height=\"184\"><\/a>&nbsp;<a href=\"https:\/\/volkerontour.de\/wp-content\/uploads\/2019\/12\/P1130319.jpg\"><img loading=\"lazy\" decoding=\"async\" title=\"P1130319\" style=\"border-left-width: 0px; border-right-width: 0px; background-image: none; border-bottom-width: 0px; padding-top: 0px; padding-left: 0px; display: inline; padding-right: 0px; border-top-width: 0px\" border=\"0\" alt=\"P1130319\" src=\"https:\/\/volkerontour.de\/wp-content\/uploads\/2019\/12\/P1130319_thumb.jpg\" width=\"244\" height=\"184\"><\/a><\/p>\n<p><a href=\"https:\/\/volkerontour.de\/wp-content\/uploads\/2019\/12\/P1130317.jpg\"><img loading=\"lazy\" decoding=\"async\" title=\"P1130317\" style=\"border-left-width: 0px; border-right-width: 0px; background-image: none; border-bottom-width: 0px; padding-top: 0px; padding-left: 0px; display: inline; padding-right: 0px; border-top-width: 0px\" border=\"0\" alt=\"P1130317\" src=\"https:\/\/volkerontour.de\/wp-content\/uploads\/2019\/12\/P1130317_thumb.jpg\" width=\"184\" height=\"244\"><\/a>&nbsp;<a href=\"https:\/\/volkerontour.de\/wp-content\/uploads\/2019\/12\/P1130315.jpg\"><img loading=\"lazy\" decoding=\"async\" title=\"P1130315\" style=\"border-left-width: 0px; border-right-width: 0px; background-image: none; border-bottom-width: 0px; padding-top: 0px; padding-left: 0px; display: inline; padding-right: 0px; border-top-width: 0px\" border=\"0\" alt=\"P1130315\" src=\"https:\/\/volkerontour.de\/wp-content\/uploads\/2019\/12\/P1130315_thumb.jpg\" width=\"244\" height=\"184\"><\/a><\/p>\n<p>Auch wenn wir die letzten beiden Programmpunkte sicherlich nicht so spannend fanden, hat sich die Tour trotzdem gelohnt. Ist ein sch\u00f6nes \u00d6rtchen, dieses El Gouna.<\/p>\n<p>Zur\u00fcck im Hotel gingen wir gleich zum Sportprogramm \u00fcber\u2026 ganz sch\u00f6n windig war es heute bei unserem L\u00e4ufchen.<\/p>\n<p><a href=\"https:\/\/volkerontour.de\/wp-content\/uploads\/2019\/12\/IMG_0309.jpg\"><img loading=\"lazy\" decoding=\"async\" title=\"IMG_0309\" style=\"border-top: 0px; border-right: 0px; background-image: none; border-bottom: 0px; padding-top: 0px; padding-left: 0px; border-left: 0px; display: inline; padding-right: 0px\" border=\"0\" alt=\"IMG_0309\" src=\"https:\/\/volkerontour.de\/wp-content\/uploads\/2019\/12\/IMG_0309_thumb.jpg\" width=\"244\" height=\"184\"><\/a><\/p>\n<p>Einen kurzen Abstecher machten wir dann noch (wie eigentlich immer in den letzten Tagen) in den Whirlpool, bevor wir etwas sp\u00e4ter dinierten\u2026<\/p>\n<p>Wir werden jetzt noch ein, zwei Getr\u00e4nke im Hotelpub zu uns nehmen, und dann nicht so sp\u00e4t schlafen\u2026<\/p>\n<p>Gr\u00fc\u00dfe nach Deutschland und bis morgen <img decoding=\"async\" class=\"wlEmoticon wlEmoticon-smile\" style=\"border-top-style: none; border-left-style: none; border-bottom-style: none; border-right-style: none\" alt=\"Smiley\" src=\"https:\/\/volkerontour.de\/wp-content\/uploads\/2019\/12\/wlEmoticon-smile-9.png\"><\/p>\n","protected":false},"excerpt":{"rendered":"<p>Freitag, 27.12.: Heute stand f\u00fcr uns also ein mehr oder weniger spontaner Ausflug in die kleine \u201cSiedlung\u201d El Gouna (etwa 22 km n\u00f6rdlich von Hurghada gelegen) auf dem Programm. Das kleine \u00d6rtchen (etwa 240.000 Einwohner) entstand \u00fcberhaupt erst vor etwa &hellip; <a href=\"https:\/\/volkerontour.de\/?p=26106\">Weiterlesen <span class=\"meta-nav\">&rarr;<\/span><\/a><\/p>\n","protected":false},"author":3,"featured_media":0,"comment_status":"closed","ping_status":"open","sticky":false,"template":"","format":"standard","meta":{"footnotes":""},"categories":[40],"tags":[],"class_list":["post-26106","post","type-post","status-publish","format-standard","hentry","category-aegypten-2019-2020"],"_links":{"self":[{"href":"https:\/\/volkerontour.de\/index.php?rest_route=\/wp\/v2\/posts\/26106","targetHints":{"allow":["GET"]}}],"collection":[{"href":"https:\/\/volkerontour.de\/index.php?rest_route=\/wp\/v2\/posts"}],"about":[{"href":"https:\/\/volkerontour.de\/index.php?rest_route=\/wp\/v2\/types\/post"}],"author":[{"embeddable":true,"href":"https:\/\/volkerontour.de\/index.php?rest_route=\/wp\/v2\/users\/3"}],"replies":[{"embeddable":true,"href":"https:\/\/volkerontour.de\/index.php?rest_route=%2Fwp%2Fv2%2Fcomments&post=26106"}],"version-history":[{"count":1,"href":"https:\/\/volkerontour.de\/index.php?rest_route=\/wp\/v2\/posts\/26106\/revisions"}],"predecessor-version":[{"id":26107,"href":"https:\/\/volkerontour.de\/index.php?rest_route=\/wp\/v2\/posts\/26106\/revisions\/26107"}],"wp:attachment":[{"href":"https:\/\/volkerontour.de\/index.php?rest_route=%2Fwp%2Fv2%2Fmedia&parent=26106"}],"wp:term":[{"taxonomy":"category","embeddable":true,"href":"https:\/\/volkerontour.de\/index.php?rest_route=%2Fwp%2Fv2%2Fcategories&post=26106"},{"taxonomy":"post_tag","embeddable":true,"href":"https:\/\/volkerontour.de\/index.php?rest_route=%2Fwp%2Fv2%2Ftags&post=26106"}],"curies":[{"name":"wp","href":"https:\/\/api.w.org\/{rel}","templated":true}]}}