{"id":26251,"date":"2019-12-31T14:08:35","date_gmt":"2019-12-31T14:08:35","guid":{"rendered":"http:\/\/volkerontour.de\/?p=26251"},"modified":"2019-12-31T14:08:35","modified_gmt":"2019-12-31T14:08:35","slug":"tag-11-kairo","status":"publish","type":"post","link":"https:\/\/volkerontour.de\/?p=26251","title":{"rendered":"Tag 11: Kairo"},"content":{"rendered":"<p>Montag, 30.12.: Hallo zusammen <img decoding=\"async\" class=\"wlEmoticon wlEmoticon-smile\" style=\"border-top-style: none; border-left-style: none; border-bottom-style: none; border-right-style: none\" alt=\"Smiley\" src=\"https:\/\/volkerontour.de\/wp-content\/uploads\/2019\/12\/wlEmoticon-smile-11.png\"> Allen regelm\u00e4\u00dfigen Lesern ist sicherlich aufgefallen, dass ich nichts vom gestrigen Tag geschrieben habe, was daran lag, dass es vom gestrigen Tag einfach nicht viel zu schreiben gab.<\/p>\n<p>Daf\u00fcr war unser Tag heute sehr lang und vollgepackt mit \u201cerz\u00e4hlenswerten\u201d Ereignissen. <\/p>\n<p>Zur unmenschlich fr\u00fchen Zeit um 4:20 Uhr wurden wir bereits am Hotel abgeholt, da unser Flugzeug um 5:45 Uhr Richtung Kairo startete.<\/p>\n<p><a href=\"https:\/\/volkerontour.de\/wp-content\/uploads\/2019\/12\/P1130380.jpg\"><img loading=\"lazy\" decoding=\"async\" title=\"P1130380\" style=\"border-left-width: 0px; border-right-width: 0px; background-image: none; border-bottom-width: 0px; padding-top: 0px; padding-left: 0px; display: inline; padding-right: 0px; border-top-width: 0px\" border=\"0\" alt=\"P1130380\" src=\"https:\/\/volkerontour.de\/wp-content\/uploads\/2019\/12\/P1130380_thumb.jpg\" width=\"244\" height=\"184\"><\/a>&nbsp;<a href=\"https:\/\/volkerontour.de\/wp-content\/uploads\/2019\/12\/P1130382.jpg\"><img loading=\"lazy\" decoding=\"async\" title=\"P1130382\" style=\"border-left-width: 0px; border-right-width: 0px; background-image: none; border-bottom-width: 0px; padding-top: 0px; padding-left: 0px; display: inline; padding-right: 0px; border-top-width: 0px\" border=\"0\" alt=\"P1130382\" src=\"https:\/\/volkerontour.de\/wp-content\/uploads\/2019\/12\/P1130382_thumb.jpg\" width=\"244\" height=\"184\"><\/a><\/p>\n<p>In der Hauptstadt \u00c4gyptens angekommen ber\u00fcsste uns sogleich unser gut gelaunter und sehr mitteilungsbed\u00fcrftiger Reiseleiter Adam (Ich finde, er hat ein wenig \u00c4hnlichkeit mit \u201cMorpheus\u201d aus der Matrix-Trilogie <img decoding=\"async\" class=\"wlEmoticon wlEmoticon-smile\" style=\"border-top-style: none; border-left-style: none; border-bottom-style: none; border-right-style: none\" alt=\"Smiley\" src=\"https:\/\/volkerontour.de\/wp-content\/uploads\/2019\/12\/wlEmoticon-smile-11.png\">). Adam hatte Germanistik studiert und brachte uns mit einer sehr eigenen Mimik und Gestik den ganzen Tag in fast perfektem Deutsch die Highlights Kairo`s n\u00e4her.<\/p>\n<p><a href=\"https:\/\/volkerontour.de\/wp-content\/uploads\/2019\/12\/P1130383.jpg\"><img loading=\"lazy\" decoding=\"async\" title=\"P1130383\" style=\"border-left-width: 0px; border-right-width: 0px; background-image: none; border-bottom-width: 0px; padding-top: 0px; padding-left: 0px; display: inline; padding-right: 0px; border-top-width: 0px\" border=\"0\" alt=\"P1130383\" src=\"https:\/\/volkerontour.de\/wp-content\/uploads\/2019\/12\/P1130383_thumb.jpg\" width=\"244\" height=\"184\"><\/a><\/p>\n<p>Unser st\u00e4ndiger Begleiter war ein sehr netter Herr mit Anzug. Eigentlich machte er einen sehr harmlosen Eindruck, aber unter seinem Anzug blitzte hier und da ein stattliches Maschinengewehr hervor. \u201cIt`s only decoration!\u201d rechtfertigte Adam diese polizeiliche Pr\u00e4senz. Die Wahrheit dazu ist recht simpel. Nach den Terroranschl\u00e4gen in Kairo vor vielen Jahren wurde \u00c4gypten als Reiseland jahrelang gemieden. Die Branche erlebte einen wahren Einbruch. Um dies zu vermeiden und Kriminelle von Vornherein anzuschrecken wird jede Touristengruppe von der Polizei eskortiert. Alle Reiseleiter und Einheimische versicherten uns allerdings, dass \u00c4gypten (wieder) absolut sicher sei. Unser pers\u00f6nlicher Eindruck deckte sich damit. Wir hatten in der Zeit hier nie den Eindruck, dass es besonders unsicher ist\u2026 auch ohne unseren netten Polizisten. <\/p>\n<p><a href=\"https:\/\/volkerontour.de\/wp-content\/uploads\/2019\/12\/IMG_1597.jpg\"><img loading=\"lazy\" decoding=\"async\" title=\"IMG_1597\" style=\"border-left-width: 0px; border-right-width: 0px; background-image: none; border-bottom-width: 0px; padding-top: 0px; padding-left: 0px; display: inline; padding-right: 0px; border-top-width: 0px\" border=\"0\" alt=\"IMG_1597\" src=\"https:\/\/volkerontour.de\/wp-content\/uploads\/2019\/12\/IMG_1597_thumb.jpg\" width=\"244\" height=\"184\"><\/a><\/p>\n<p>Unsere Kairo-Tour startete mit einem kurzen Spaziergang durch die (zu diesem Zeitpunkt noch sehr leere) Altstadt. Die \u201cAl-Mu`izz\u201d-Stra\u00dfe stellt in Alt-Kairo hier das Zentrum dar. In ihr finden sich unz\u00e4hlige Moscheen (insgesamt gibt es \u00fcber 300 davon in Kairo), Gesch\u00e4fte, Restaurants und Stra\u00dfencafe`s in denen ausschlie\u00dflich M\u00e4nner Ihren Mokka oder Schwarztee mit Minze bereits am fr\u00fchen Morgen geniessen.<\/p>\n<p><a href=\"https:\/\/volkerontour.de\/wp-content\/uploads\/2019\/12\/IMG_1552.jpg\"><img loading=\"lazy\" decoding=\"async\" title=\"IMG_1552\" style=\"border-left-width: 0px; border-right-width: 0px; background-image: none; border-bottom-width: 0px; padding-top: 0px; padding-left: 0px; display: inline; padding-right: 0px; border-top-width: 0px\" border=\"0\" alt=\"IMG_1552\" src=\"https:\/\/volkerontour.de\/wp-content\/uploads\/2019\/12\/IMG_1552_thumb.jpg\" width=\"244\" height=\"184\"><\/a>&nbsp;<a href=\"https:\/\/volkerontour.de\/wp-content\/uploads\/2019\/12\/IMG_1557.jpg\"><img loading=\"lazy\" decoding=\"async\" title=\"IMG_1557\" style=\"border-left-width: 0px; border-right-width: 0px; background-image: none; border-bottom-width: 0px; padding-top: 0px; padding-left: 0px; display: inline; padding-right: 0px; border-top-width: 0px\" border=\"0\" alt=\"IMG_1557\" src=\"https:\/\/volkerontour.de\/wp-content\/uploads\/2019\/12\/IMG_1557_thumb.jpg\" width=\"244\" height=\"184\"><\/a><\/p>\n<p><a href=\"https:\/\/volkerontour.de\/wp-content\/uploads\/2019\/12\/IMG_1555.jpg\"><img loading=\"lazy\" decoding=\"async\" title=\"IMG_1555\" style=\"border-left-width: 0px; border-right-width: 0px; background-image: none; border-bottom-width: 0px; padding-top: 0px; padding-left: 0px; display: inline; padding-right: 0px; border-top-width: 0px\" border=\"0\" alt=\"IMG_1555\" src=\"https:\/\/volkerontour.de\/wp-content\/uploads\/2019\/12\/IMG_1555_thumb.jpg\" width=\"244\" height=\"184\"><\/a>&nbsp;<a href=\"https:\/\/volkerontour.de\/wp-content\/uploads\/2019\/12\/IMG_1565.jpg\"><img loading=\"lazy\" decoding=\"async\" title=\"IMG_1565\" style=\"border-left-width: 0px; border-right-width: 0px; background-image: none; border-bottom-width: 0px; padding-top: 0px; padding-left: 0px; display: inline; padding-right: 0px; border-top-width: 0px\" border=\"0\" alt=\"IMG_1565\" src=\"https:\/\/volkerontour.de\/wp-content\/uploads\/2019\/12\/IMG_1565_thumb.jpg\" width=\"244\" height=\"184\"><\/a><\/p>\n<p><a href=\"https:\/\/volkerontour.de\/wp-content\/uploads\/2019\/12\/IMG_1574.jpg\"><img loading=\"lazy\" decoding=\"async\" title=\"IMG_1574\" style=\"border-left-width: 0px; border-right-width: 0px; background-image: none; border-bottom-width: 0px; padding-top: 0px; padding-left: 0px; display: inline; padding-right: 0px; border-top-width: 0px\" border=\"0\" alt=\"IMG_1574\" src=\"https:\/\/volkerontour.de\/wp-content\/uploads\/2019\/12\/IMG_1574_thumb.jpg\" width=\"244\" height=\"184\"><\/a>&nbsp;<a href=\"https:\/\/volkerontour.de\/wp-content\/uploads\/2019\/12\/IMG_1564.jpg\"><img loading=\"lazy\" decoding=\"async\" title=\"IMG_1564\" style=\"border-left-width: 0px; border-right-width: 0px; background-image: none; border-bottom-width: 0px; padding-top: 0px; padding-left: 0px; display: inline; padding-right: 0px; border-top-width: 0px\" border=\"0\" alt=\"IMG_1564\" src=\"https:\/\/volkerontour.de\/wp-content\/uploads\/2019\/12\/IMG_1564_thumb.jpg\" width=\"244\" height=\"184\"><\/a><\/p>\n<p>Sehr begehrt bei den \u00c4gyptern ist \u00fcbrigens die Kamelwurst (Bild unten links). Adam riet uns Touristen allerdings davon ab diese zu kosten. Sie w\u00fcrde erheblichen \u201cDurchefalle\u201d nach sich ziehen.<\/p>\n<p><a href=\"https:\/\/volkerontour.de\/wp-content\/uploads\/2019\/12\/IMG_1556.jpg\"><img loading=\"lazy\" decoding=\"async\" title=\"IMG_1556\" style=\"border-left-width: 0px; border-right-width: 0px; background-image: none; border-bottom-width: 0px; padding-top: 0px; padding-left: 0px; display: inline; padding-right: 0px; border-top-width: 0px\" border=\"0\" alt=\"IMG_1556\" src=\"https:\/\/volkerontour.de\/wp-content\/uploads\/2019\/12\/IMG_1556_thumb.jpg\" width=\"244\" height=\"184\"><\/a>&nbsp;<a href=\"https:\/\/volkerontour.de\/wp-content\/uploads\/2019\/12\/IMG_1568.jpg\"><img loading=\"lazy\" decoding=\"async\" title=\"IMG_1568\" style=\"border-left-width: 0px; border-right-width: 0px; background-image: none; border-bottom-width: 0px; padding-top: 0px; padding-left: 0px; display: inline; padding-right: 0px; border-top-width: 0px\" border=\"0\" alt=\"IMG_1568\" src=\"https:\/\/volkerontour.de\/wp-content\/uploads\/2019\/12\/IMG_1568_thumb.jpg\" width=\"244\" height=\"184\"><\/a><\/p>\n<p>Bis auf die vielen fliegenden H\u00e4ndler (die teilweise wirklich sehr aufdringlich werden k\u00f6nnen) erlebten wir die meisten Einheimischen als sehr gastfreundlich. Meist ist es auch kein Problem ein Foto zu bekommen\u2026<\/p>\n<p><a href=\"https:\/\/volkerontour.de\/wp-content\/uploads\/2019\/12\/IMG_1562.jpg\"><img loading=\"lazy\" decoding=\"async\" title=\"IMG_1562\" style=\"border-left-width: 0px; border-right-width: 0px; background-image: none; border-bottom-width: 0px; padding-top: 0px; padding-left: 0px; display: inline; padding-right: 0px; border-top-width: 0px\" border=\"0\" alt=\"IMG_1562\" src=\"https:\/\/volkerontour.de\/wp-content\/uploads\/2019\/12\/IMG_1562_thumb.jpg\" width=\"244\" height=\"184\"><\/a>&nbsp;<a href=\"https:\/\/volkerontour.de\/wp-content\/uploads\/2019\/12\/IMG_1572.jpg\"><img loading=\"lazy\" decoding=\"async\" title=\"IMG_1572\" style=\"border-left-width: 0px; border-right-width: 0px; background-image: none; border-bottom-width: 0px; padding-top: 0px; padding-left: 0px; display: inline; padding-right: 0px; border-top-width: 0px\" border=\"0\" alt=\"IMG_1572\" src=\"https:\/\/volkerontour.de\/wp-content\/uploads\/2019\/12\/IMG_1572_thumb.jpg\" width=\"244\" height=\"184\"><\/a><\/p>\n<p><a href=\"https:\/\/volkerontour.de\/wp-content\/uploads\/2019\/12\/IMG_1567.jpg\"><img loading=\"lazy\" decoding=\"async\" title=\"IMG_1567\" style=\"border-left-width: 0px; border-right-width: 0px; background-image: none; border-bottom-width: 0px; padding-top: 0px; padding-left: 0px; display: inline; padding-right: 0px; border-top-width: 0px\" border=\"0\" alt=\"IMG_1567\" src=\"https:\/\/volkerontour.de\/wp-content\/uploads\/2019\/12\/IMG_1567_thumb.jpg\" width=\"184\" height=\"244\"><\/a>&nbsp;<a href=\"https:\/\/volkerontour.de\/wp-content\/uploads\/2019\/12\/IMG_1570.jpg\"><img loading=\"lazy\" decoding=\"async\" title=\"IMG_1570\" style=\"border-left-width: 0px; border-right-width: 0px; background-image: none; border-bottom-width: 0px; padding-top: 0px; padding-left: 0px; display: inline; padding-right: 0px; border-top-width: 0px\" border=\"0\" alt=\"IMG_1570\" src=\"https:\/\/volkerontour.de\/wp-content\/uploads\/2019\/12\/IMG_1570_thumb.jpg\" width=\"184\" height=\"244\"><\/a><\/p>\n<p>Weiter ging die Fahrt nun Richtung \u00c4gyptisches Museum. Die sehenswerte Tour mit dem Bus lie\u00df uns nur im Ansatz die Dimension dieser Megametropole erahnen: In Kairo selbst leben inzwischen \u00fcber 22 Millionen Menschen. Nimmt man den kompletten Gro\u00dfraum der Stadt noch hinzu sind es gar 38 Millionen, was die Stadt (nach Tokio und Mexico Stadt) zur drittgr\u00f6\u00dften Metropole der Welt macht. \u00dcber ein Drittel aller \u00c4gypter leben somit mehr oder weniger in Kario oder um Kairo herum. Neben 70 Armenvierteln wird aktuell an einem neuen Stadtteil namens \u201cNew Cairo\u201d gearbeitet. Hier sollten vor allem die Reichen und Wohlhabenden in zahlreichen Villen fernab der versmogten Innenstadt ein neues Zu Hause finden.<\/p>\n<p>\u00dcberhaupt spielt sich das leben der \u00c4gypter (mal abgesehen von einigen Oasen in der W\u00fcste) grunds\u00e4tzlich rund um den Nil ab. Etwa 96% der Fl\u00e4che des Landes ist komplett unbewohnt (da W\u00fcste). Alle gr\u00f6\u00dferen Orte und St\u00e4dte befinden sich in unmittelbarer N\u00e4he des Nils. Das ist im \u00fcbrigen auch der Grund warum so viele Touristen hier Nil-Kreuzfahrten buchen\u2026 <\/p>\n<p>Am Nationalmuseum angekommen hiess es erstmal sich durch die Massen an Menschen durchzuk\u00e4mpfen, die die selbe Idee wie wir hatten, n\u00e4mlich ins Museum hinein zu gelangen\u2026<\/p>\n<p><a href=\"https:\/\/volkerontour.de\/wp-content\/uploads\/2019\/12\/IMG_1575.jpg\"><img loading=\"lazy\" decoding=\"async\" title=\"IMG_1575\" style=\"border-left-width: 0px; border-right-width: 0px; background-image: none; border-bottom-width: 0px; padding-top: 0px; padding-left: 0px; display: inline; padding-right: 0px; border-top-width: 0px\" border=\"0\" alt=\"IMG_1575\" src=\"https:\/\/volkerontour.de\/wp-content\/uploads\/2019\/12\/IMG_1575_thumb.jpg\" width=\"244\" height=\"184\"><\/a>&nbsp;<a href=\"https:\/\/volkerontour.de\/wp-content\/uploads\/2019\/12\/IMG_1577.jpg\"><img loading=\"lazy\" decoding=\"async\" title=\"IMG_1577\" style=\"border-left-width: 0px; border-right-width: 0px; background-image: none; border-bottom-width: 0px; padding-top: 0px; padding-left: 0px; display: inline; padding-right: 0px; border-top-width: 0px\" border=\"0\" alt=\"IMG_1577\" src=\"https:\/\/volkerontour.de\/wp-content\/uploads\/2019\/12\/IMG_1577_thumb.jpg\" width=\"244\" height=\"184\"><\/a><\/p>\n<p>Im Inneren befinden sich \u00fcber 160.000 (zumeist gut erhaltene) Exponate aus der Zeit der Pharaonen. Statuen, S\u00e4rge, Mumien, Per\u00fccken, Schrifttafeln usw\u2026 hier findet man alles was sich jeder Hobbyarch\u00e4ologe w\u00fcnscht.<\/p>\n<p><a href=\"https:\/\/volkerontour.de\/wp-content\/uploads\/2019\/12\/IMG_1581.jpg\"><img loading=\"lazy\" decoding=\"async\" title=\"IMG_1581\" style=\"border-left-width: 0px; border-right-width: 0px; background-image: none; border-bottom-width: 0px; padding-top: 0px; padding-left: 0px; display: inline; padding-right: 0px; border-top-width: 0px\" border=\"0\" alt=\"IMG_1581\" src=\"https:\/\/volkerontour.de\/wp-content\/uploads\/2019\/12\/IMG_1581_thumb.jpg\" width=\"244\" height=\"184\"><\/a>&nbsp;<a href=\"https:\/\/volkerontour.de\/wp-content\/uploads\/2019\/12\/IMG_1582.jpg\"><img loading=\"lazy\" decoding=\"async\" title=\"IMG_1582\" style=\"border-left-width: 0px; border-right-width: 0px; background-image: none; border-bottom-width: 0px; padding-top: 0px; padding-left: 0px; display: inline; padding-right: 0px; border-top-width: 0px\" border=\"0\" alt=\"IMG_1582\" src=\"https:\/\/volkerontour.de\/wp-content\/uploads\/2019\/12\/IMG_1582_thumb.jpg\" width=\"244\" height=\"184\"><\/a><\/p>\n<p><a href=\"https:\/\/volkerontour.de\/wp-content\/uploads\/2019\/12\/IMG_1584.jpg\"><img loading=\"lazy\" decoding=\"async\" title=\"IMG_1584\" style=\"border-left-width: 0px; border-right-width: 0px; background-image: none; border-bottom-width: 0px; padding-top: 0px; padding-left: 0px; display: inline; padding-right: 0px; border-top-width: 0px\" border=\"0\" alt=\"IMG_1584\" src=\"https:\/\/volkerontour.de\/wp-content\/uploads\/2019\/12\/IMG_1584_thumb.jpg\" width=\"244\" height=\"184\"><\/a>&nbsp;<a href=\"https:\/\/volkerontour.de\/wp-content\/uploads\/2019\/12\/IMG_1583.jpg\"><img loading=\"lazy\" decoding=\"async\" title=\"IMG_1583\" style=\"border-left-width: 0px; border-right-width: 0px; background-image: none; border-bottom-width: 0px; padding-top: 0px; padding-left: 0px; display: inline; padding-right: 0px; border-top-width: 0px\" border=\"0\" alt=\"IMG_1583\" src=\"https:\/\/volkerontour.de\/wp-content\/uploads\/2019\/12\/IMG_1583_thumb.jpg\" width=\"244\" height=\"184\"><\/a><\/p>\n<p>Highlights der Ausstellung sind sicherlich die beiden Mumiens\u00e4le sowie die Grabbeigaben Tut-ench-Amuns. Sein Innensarg (225kg pures Gold) und seine Totenmaske sind wirklich sehenswert (leider durfte man hier nicht fotografieren).<\/p>\n<p><a href=\"https:\/\/volkerontour.de\/wp-content\/uploads\/2019\/12\/IMG_1586.jpg\"><img loading=\"lazy\" decoding=\"async\" title=\"IMG_1586\" style=\"border-left-width: 0px; border-right-width: 0px; background-image: none; border-bottom-width: 0px; padding-top: 0px; padding-left: 0px; display: inline; padding-right: 0px; border-top-width: 0px\" border=\"0\" alt=\"IMG_1586\" src=\"https:\/\/volkerontour.de\/wp-content\/uploads\/2019\/12\/IMG_1586_thumb.jpg\" width=\"244\" height=\"184\"><\/a>&nbsp;<a href=\"https:\/\/volkerontour.de\/wp-content\/uploads\/2019\/12\/IMG_1590.jpg\"><img loading=\"lazy\" decoding=\"async\" title=\"IMG_1590\" style=\"border-left-width: 0px; border-right-width: 0px; background-image: none; border-bottom-width: 0px; padding-top: 0px; padding-left: 0px; display: inline; padding-right: 0px; border-top-width: 0px\" border=\"0\" alt=\"IMG_1590\" src=\"https:\/\/volkerontour.de\/wp-content\/uploads\/2019\/12\/IMG_1590_thumb.jpg\" width=\"244\" height=\"184\"><\/a><\/p>\n<p><a href=\"https:\/\/volkerontour.de\/wp-content\/uploads\/2019\/12\/IMG_1595.jpg\"><img loading=\"lazy\" decoding=\"async\" title=\"IMG_1595\" style=\"border-left-width: 0px; border-right-width: 0px; background-image: none; border-bottom-width: 0px; padding-top: 0px; padding-left: 0px; display: inline; padding-right: 0px; border-top-width: 0px\" border=\"0\" alt=\"IMG_1595\" src=\"https:\/\/volkerontour.de\/wp-content\/uploads\/2019\/12\/IMG_1595_thumb.jpg\" width=\"184\" height=\"244\"><\/a>&nbsp;<a href=\"https:\/\/volkerontour.de\/wp-content\/uploads\/2019\/12\/IMG_1596.jpg\"><img loading=\"lazy\" decoding=\"async\" title=\"IMG_1596\" style=\"border-left-width: 0px; border-right-width: 0px; background-image: none; border-bottom-width: 0px; padding-top: 0px; padding-left: 0px; display: inline; padding-right: 0px; border-top-width: 0px\" border=\"0\" alt=\"IMG_1596\" src=\"https:\/\/volkerontour.de\/wp-content\/uploads\/2019\/12\/IMG_1596_thumb.jpg\" width=\"184\" height=\"244\"><\/a><\/p>\n<p>Der Bau eines neuen, etwa 10 mal so gro\u00dfen Nationalmuseums ist bereits in vollem Gange. 2022 soll dieses, nahe der Pyramiden gelegenes Geb\u00e4ude, eingeweiht werden.<\/p>\n<p>Nach unserem zweist\u00fcndigen Aufenthalt im Museum stand eine kurze Mittagspause in einem Restaurant nahe der Pyramiden auf dem Programm. Hier hatten wir dann auch den ersten Blick auf das letzte erhaltene Weltwunder der Antike. Wie auf dem Bild zu sehen ist es leider so, dass im Laufe der Jahre die Stadt Kairo immer weiter zu den Pyramiden \u201cvorgedrungen\u201d ist\u2026 fr\u00fcher lagen diese komplett in der W\u00fcste.<\/p>\n<p><a href=\"https:\/\/volkerontour.de\/wp-content\/uploads\/2019\/12\/IMG_1598.jpg\"><img loading=\"lazy\" decoding=\"async\" title=\"IMG_1598\" style=\"border-left-width: 0px; border-right-width: 0px; background-image: none; border-bottom-width: 0px; padding-top: 0px; padding-left: 0px; display: inline; padding-right: 0px; border-top-width: 0px\" border=\"0\" alt=\"IMG_1598\" src=\"https:\/\/volkerontour.de\/wp-content\/uploads\/2019\/12\/IMG_1598_thumb.jpg\" width=\"244\" height=\"184\"><\/a>&nbsp;<a href=\"https:\/\/volkerontour.de\/wp-content\/uploads\/2019\/12\/IMG_1599.jpg\"><img loading=\"lazy\" decoding=\"async\" title=\"IMG_1599\" style=\"border-left-width: 0px; border-right-width: 0px; background-image: none; border-bottom-width: 0px; padding-top: 0px; padding-left: 0px; display: inline; padding-right: 0px; border-top-width: 0px\" border=\"0\" alt=\"IMG_1599\" src=\"https:\/\/volkerontour.de\/wp-content\/uploads\/2019\/12\/IMG_1599_thumb.jpg\" width=\"244\" height=\"184\"><\/a><\/p>\n<p>Die gr\u00f6\u00dfte und bekannteste ist sicherlich die \u201cCheops-Pyramide\u201d. Im Schnitt etwa 2,5 Tonnen wiegt jeder der 2,3 Millionen Steine, der sich bis auf 137m auft\u00fcrmenden und \u00fcber 4500 Jahre alten Pyramide. Noch heute ist es den Forschern ein R\u00e4tsel wie es die \u00c4gypter schafften, diese vielen und schweren Steine in einer relativ kurzen Bauzeit (etwa 30 Jahre) so pr\u00e4zise zu positionieren und \u00fcberhaupt so weit nach oben zu transportieren. <\/p>\n<p><a href=\"https:\/\/volkerontour.de\/wp-content\/uploads\/2019\/12\/IMG_1601.jpg\"><img loading=\"lazy\" decoding=\"async\" title=\"IMG_1601\" style=\"border-left-width: 0px; border-right-width: 0px; background-image: none; border-bottom-width: 0px; padding-top: 0px; padding-left: 0px; display: inline; padding-right: 0px; border-top-width: 0px\" border=\"0\" alt=\"IMG_1601\" src=\"https:\/\/volkerontour.de\/wp-content\/uploads\/2019\/12\/IMG_1601_thumb.jpg\" width=\"244\" height=\"184\"><\/a>&nbsp;<a href=\"https:\/\/volkerontour.de\/wp-content\/uploads\/2019\/12\/IMG_1604.jpg\"><img loading=\"lazy\" decoding=\"async\" title=\"IMG_1604\" style=\"border-left-width: 0px; border-right-width: 0px; background-image: none; border-bottom-width: 0px; padding-top: 0px; padding-left: 0px; display: inline; padding-right: 0px; border-top-width: 0px\" border=\"0\" alt=\"IMG_1604\" src=\"https:\/\/volkerontour.de\/wp-content\/uploads\/2019\/12\/IMG_1604_thumb.jpg\" width=\"244\" height=\"184\"><\/a><\/p>\n<p><a href=\"https:\/\/volkerontour.de\/wp-content\/uploads\/2019\/12\/IMG_1607.jpg\"><img loading=\"lazy\" decoding=\"async\" title=\"IMG_1607\" style=\"border-left-width: 0px; border-right-width: 0px; background-image: none; border-bottom-width: 0px; padding-top: 0px; padding-left: 0px; display: inline; padding-right: 0px; border-top-width: 0px\" border=\"0\" alt=\"IMG_1607\" src=\"https:\/\/volkerontour.de\/wp-content\/uploads\/2019\/12\/IMG_1607_thumb.jpg\" width=\"244\" height=\"184\"><\/a>&nbsp;<a href=\"https:\/\/volkerontour.de\/wp-content\/uploads\/2019\/12\/IMG_1611.jpg\"><img loading=\"lazy\" decoding=\"async\" title=\"IMG_1611\" style=\"border-left-width: 0px; border-right-width: 0px; background-image: none; border-bottom-width: 0px; padding-top: 0px; padding-left: 0px; display: inline; padding-right: 0px; border-top-width: 0px\" border=\"0\" alt=\"IMG_1611\" src=\"https:\/\/volkerontour.de\/wp-content\/uploads\/2019\/12\/IMG_1611_thumb.jpg\" width=\"244\" height=\"184\"><\/a><\/p>\n<p><a href=\"https:\/\/volkerontour.de\/wp-content\/uploads\/2019\/12\/IMG_1613.jpg\"><img loading=\"lazy\" decoding=\"async\" title=\"IMG_1613\" style=\"border-left-width: 0px; border-right-width: 0px; background-image: none; border-bottom-width: 0px; padding-top: 0px; padding-left: 0px; display: inline; padding-right: 0px; border-top-width: 0px\" border=\"0\" alt=\"IMG_1613\" src=\"https:\/\/volkerontour.de\/wp-content\/uploads\/2019\/12\/IMG_1613_thumb.jpg\" width=\"244\" height=\"184\"><\/a>&nbsp;<a href=\"https:\/\/volkerontour.de\/wp-content\/uploads\/2019\/12\/IMG_1620.jpg\"><img loading=\"lazy\" decoding=\"async\" title=\"IMG_1620\" style=\"border-left-width: 0px; border-right-width: 0px; background-image: none; border-bottom-width: 0px; padding-top: 0px; padding-left: 0px; display: inline; padding-right: 0px; border-top-width: 0px\" border=\"0\" alt=\"IMG_1620\" src=\"https:\/\/volkerontour.de\/wp-content\/uploads\/2019\/12\/IMG_1620_thumb.jpg\" width=\"244\" height=\"184\"><\/a><\/p>\n<p>An zwei Pyramiden haben Besucher die M\u00f6glichkeit die (nat\u00fcrlich leeren) Grabkammern zu besichtigen. Nichts f\u00fcr Menschen mit Platzangst, da die G\u00e4nge nach unten wirklich sehr, sehr eng sind\u2026<\/p>\n<p><a href=\"https:\/\/volkerontour.de\/wp-content\/uploads\/2019\/12\/IMG_1616.jpg\"><img loading=\"lazy\" decoding=\"async\" title=\"IMG_1616\" style=\"border-left-width: 0px; border-right-width: 0px; background-image: none; border-bottom-width: 0px; padding-top: 0px; padding-left: 0px; display: inline; padding-right: 0px; border-top-width: 0px\" border=\"0\" alt=\"IMG_1616\" src=\"https:\/\/volkerontour.de\/wp-content\/uploads\/2019\/12\/IMG_1616_thumb.jpg\" width=\"244\" height=\"184\"><\/a>&nbsp;<a href=\"https:\/\/volkerontour.de\/wp-content\/uploads\/2019\/12\/IMG_1617.jpg\"><img loading=\"lazy\" decoding=\"async\" title=\"IMG_1617\" style=\"border-left-width: 0px; border-right-width: 0px; background-image: none; border-bottom-width: 0px; padding-top: 0px; padding-left: 0px; display: inline; padding-right: 0px; border-top-width: 0px\" border=\"0\" alt=\"IMG_1617\" src=\"https:\/\/volkerontour.de\/wp-content\/uploads\/2019\/12\/IMG_1617_thumb.jpg\" width=\"244\" height=\"184\"><\/a><\/p>\n<p><a href=\"https:\/\/volkerontour.de\/wp-content\/uploads\/2019\/12\/IMG_1619.jpg\"><img loading=\"lazy\" decoding=\"async\" title=\"IMG_1619\" style=\"border-left-width: 0px; border-right-width: 0px; background-image: none; border-bottom-width: 0px; padding-top: 0px; padding-left: 0px; display: inline; padding-right: 0px; border-top-width: 0px\" border=\"0\" alt=\"IMG_1619\" src=\"https:\/\/volkerontour.de\/wp-content\/uploads\/2019\/12\/IMG_1619_thumb.jpg\" width=\"244\" height=\"184\"><\/a>&nbsp;<a href=\"https:\/\/volkerontour.de\/wp-content\/uploads\/2019\/12\/IMG_1618.jpg\"><img loading=\"lazy\" decoding=\"async\" title=\"IMG_1618\" style=\"border-left-width: 0px; border-right-width: 0px; background-image: none; border-bottom-width: 0px; padding-top: 0px; padding-left: 0px; display: inline; padding-right: 0px; border-top-width: 0px\" border=\"0\" alt=\"IMG_1618\" src=\"https:\/\/volkerontour.de\/wp-content\/uploads\/2019\/12\/IMG_1618_thumb.jpg\" width=\"244\" height=\"184\"><\/a><\/p>\n<p>Auf einer kleinen Anh\u00f6he s\u00fcdwestliche des Gel\u00e4ndes hatte man einen sch\u00f6nen Blick auf alle drei Pyramiden\u2026<\/p>\n<p><a href=\"https:\/\/volkerontour.de\/wp-content\/uploads\/2019\/12\/IMG_1624.jpg\"><img loading=\"lazy\" decoding=\"async\" title=\"IMG_1624\" style=\"border-left-width: 0px; border-right-width: 0px; background-image: none; border-bottom-width: 0px; padding-top: 0px; padding-left: 0px; display: inline; padding-right: 0px; border-top-width: 0px\" border=\"0\" alt=\"IMG_1624\" src=\"https:\/\/volkerontour.de\/wp-content\/uploads\/2019\/12\/IMG_1624_thumb.jpg\" width=\"244\" height=\"184\"><\/a>&nbsp;<a href=\"https:\/\/volkerontour.de\/wp-content\/uploads\/2019\/12\/IMG_1625.jpg\"><img loading=\"lazy\" decoding=\"async\" title=\"IMG_1625\" style=\"border-left-width: 0px; border-right-width: 0px; background-image: none; border-bottom-width: 0px; padding-top: 0px; padding-left: 0px; display: inline; padding-right: 0px; border-top-width: 0px\" border=\"0\" alt=\"IMG_1625\" src=\"https:\/\/volkerontour.de\/wp-content\/uploads\/2019\/12\/IMG_1625_thumb.jpg\" width=\"244\" height=\"184\"><\/a><\/p>\n<p>Unterhalb bewacht der 20 Meter hohe Sphinx das Reich der Toten. Die ber\u00fchmte Statue mit dem L\u00f6wenk\u00f6rper und dem Menschenkopf heisst \u00fcbersetzt Vater des Schreckens. Auch an ihm ist das Alter nicht spurlos vorbeigegangen\u2026 Leider sind gro\u00dfe Teile des Gesichts schon sehr verfallen\u2026<\/p>\n<p>&nbsp;<a href=\"https:\/\/volkerontour.de\/wp-content\/uploads\/2019\/12\/IMG_1632.jpg\"><img loading=\"lazy\" decoding=\"async\" title=\"IMG_1632\" style=\"border-left-width: 0px; border-right-width: 0px; background-image: none; border-bottom-width: 0px; padding-top: 0px; padding-left: 0px; display: inline; padding-right: 0px; border-top-width: 0px\" border=\"0\" alt=\"IMG_1632\" src=\"https:\/\/volkerontour.de\/wp-content\/uploads\/2019\/12\/IMG_1632_thumb.jpg\" width=\"244\" height=\"184\"><\/a>&nbsp;<a href=\"https:\/\/volkerontour.de\/wp-content\/uploads\/2019\/12\/IMG_1649.jpg\"><img loading=\"lazy\" decoding=\"async\" title=\"IMG_1649\" style=\"border-left-width: 0px; border-right-width: 0px; background-image: none; border-bottom-width: 0px; padding-top: 0px; padding-left: 0px; display: inline; padding-right: 0px; border-top-width: 0px\" border=\"0\" alt=\"IMG_1649\" src=\"https:\/\/volkerontour.de\/wp-content\/uploads\/2019\/12\/IMG_1649_thumb.jpg\" width=\"184\" height=\"244\"><\/a><\/p>\n<p><a href=\"https:\/\/volkerontour.de\/wp-content\/uploads\/2019\/12\/IMG_1634.jpg\"><img loading=\"lazy\" decoding=\"async\" title=\"IMG_1634\" style=\"border-left-width: 0px; border-right-width: 0px; background-image: none; border-bottom-width: 0px; padding-top: 0px; padding-left: 0px; display: inline; padding-right: 0px; border-top-width: 0px\" border=\"0\" alt=\"IMG_1634\" src=\"https:\/\/volkerontour.de\/wp-content\/uploads\/2019\/12\/IMG_1634_thumb.jpg\" width=\"244\" height=\"184\"><\/a>&nbsp;<a href=\"https:\/\/volkerontour.de\/wp-content\/uploads\/2019\/12\/IMG_1646.jpg\"><img loading=\"lazy\" decoding=\"async\" title=\"IMG_1646\" style=\"border-left-width: 0px; border-right-width: 0px; background-image: none; border-bottom-width: 0px; padding-top: 0px; padding-left: 0px; display: inline; padding-right: 0px; border-top-width: 0px\" border=\"0\" alt=\"IMG_1646\" src=\"https:\/\/volkerontour.de\/wp-content\/uploads\/2019\/12\/IMG_1646_thumb.jpg\" width=\"244\" height=\"184\"><\/a><\/p>\n<p><a href=\"https:\/\/volkerontour.de\/wp-content\/uploads\/2019\/12\/IMG_1660.jpg\"><img loading=\"lazy\" decoding=\"async\" title=\"IMG_1660\" style=\"border-left-width: 0px; border-right-width: 0px; background-image: none; border-bottom-width: 0px; padding-top: 0px; padding-left: 0px; display: inline; padding-right: 0px; border-top-width: 0px\" border=\"0\" alt=\"IMG_1660\" src=\"https:\/\/volkerontour.de\/wp-content\/uploads\/2019\/12\/IMG_1660_thumb.jpg\" width=\"184\" height=\"244\"><\/a>&nbsp;<a href=\"https:\/\/volkerontour.de\/wp-content\/uploads\/2019\/12\/IMG_1653.jpg\"><img loading=\"lazy\" decoding=\"async\" title=\"IMG_1653\" style=\"border-left-width: 0px; border-right-width: 0px; background-image: none; border-bottom-width: 0px; padding-top: 0px; padding-left: 0px; display: inline; padding-right: 0px; border-top-width: 0px\" border=\"0\" alt=\"IMG_1653\" src=\"https:\/\/volkerontour.de\/wp-content\/uploads\/2019\/12\/IMG_1653_thumb.jpg\" width=\"184\" height=\"244\"><\/a><\/p>\n<p>Kurz vor Sonnenuntergang wurden wir dann \u201crausgeworfen\u201d. Adam hatte sich mal wieder rhetorisch, mimisch und gestisch selbst \u00fcbertroffen, und bei seinen Erl\u00e4uterungen zum Sphinx v\u00f6llig die Zeit vergessen, so dass wir nur noch ein paar Minuten hatten um Fotos zu machen\u2026<\/p>\n<p><a href=\"https:\/\/volkerontour.de\/wp-content\/uploads\/2019\/12\/IMG_1661.jpg\"><img loading=\"lazy\" decoding=\"async\" title=\"IMG_1661\" style=\"border-left-width: 0px; border-right-width: 0px; background-image: none; border-bottom-width: 0px; padding-top: 0px; padding-left: 0px; display: inline; padding-right: 0px; border-top-width: 0px\" border=\"0\" alt=\"IMG_1661\" src=\"https:\/\/volkerontour.de\/wp-content\/uploads\/2019\/12\/IMG_1661_thumb.jpg\" width=\"244\" height=\"184\"><\/a><\/p>\n<p>Unser letzter Stopp des Tages (es war inzwischen schon 18 Uhr) machten wir bei einer Galerie, wo man uns zeigte, wie noch heute Papyrus hergestellt wird\u2026 Nat\u00fcrlich wollte man im Anschluss auch das ein oder andere Bild an den Mann bzw. die Frau bringen (was auch klappte). Ging aber alles recht fix, so dass uns dies nicht zu sehr gest\u00f6rt hat.<\/p>\n<p><a href=\"https:\/\/volkerontour.de\/wp-content\/uploads\/2019\/12\/P1130387.jpg\"><img loading=\"lazy\" decoding=\"async\" title=\"P1130387\" style=\"border-left-width: 0px; border-right-width: 0px; background-image: none; border-bottom-width: 0px; padding-top: 0px; padding-left: 0px; display: inline; padding-right: 0px; border-top-width: 0px\" border=\"0\" alt=\"P1130387\" src=\"https:\/\/volkerontour.de\/wp-content\/uploads\/2019\/12\/P1130387_thumb.jpg\" width=\"244\" height=\"184\"><\/a>&nbsp;<a href=\"https:\/\/volkerontour.de\/wp-content\/uploads\/2019\/12\/P1130384.jpg\"><img loading=\"lazy\" decoding=\"async\" title=\"P1130384\" style=\"border-left-width: 0px; border-right-width: 0px; background-image: none; border-bottom-width: 0px; padding-top: 0px; padding-left: 0px; display: inline; padding-right: 0px; border-top-width: 0px\" border=\"0\" alt=\"P1130384\" src=\"https:\/\/volkerontour.de\/wp-content\/uploads\/2019\/12\/P1130384_thumb.jpg\" width=\"244\" height=\"184\"><\/a><\/p>\n<p><a href=\"https:\/\/volkerontour.de\/wp-content\/uploads\/2019\/12\/P1130386.jpg\"><img loading=\"lazy\" decoding=\"async\" title=\"P1130386\" style=\"border-left-width: 0px; border-right-width: 0px; background-image: none; border-bottom-width: 0px; padding-top: 0px; padding-left: 0px; display: inline; padding-right: 0px; border-top-width: 0px\" border=\"0\" alt=\"P1130386\" src=\"https:\/\/volkerontour.de\/wp-content\/uploads\/2019\/12\/P1130386_thumb.jpg\" width=\"244\" height=\"184\"><\/a>&nbsp;<a href=\"https:\/\/volkerontour.de\/wp-content\/uploads\/2019\/12\/P1130385.jpg\"><img loading=\"lazy\" decoding=\"async\" title=\"P1130385\" style=\"border-left-width: 0px; border-right-width: 0px; background-image: none; border-bottom-width: 0px; padding-top: 0px; padding-left: 0px; display: inline; padding-right: 0px; border-top-width: 0px\" border=\"0\" alt=\"P1130385\" src=\"https:\/\/volkerontour.de\/wp-content\/uploads\/2019\/12\/P1130385_thumb.jpg\" width=\"244\" height=\"184\"><\/a><\/p>\n<p>Da unser R\u00fcckflug erst um 21 Uhr ging, waren wir nach 23 Uhr ziemlich m\u00fcde wieder im Hotel zur\u00fcck. <\/p>\n<p>War ein sch\u00f6ner Ausflug\u2026 Kairo und die Pyramiden sollte sicherlich jeder mal gesehen haben\u2026 <img decoding=\"async\" class=\"wlEmoticon wlEmoticon-smile\" style=\"border-top-style: none; border-left-style: none; border-bottom-style: none; border-right-style: none\" alt=\"Smiley\" src=\"https:\/\/volkerontour.de\/wp-content\/uploads\/2019\/12\/wlEmoticon-smile-11.png\"><\/p>\n","protected":false},"excerpt":{"rendered":"<p>Montag, 30.12.: Hallo zusammen Allen regelm\u00e4\u00dfigen Lesern ist sicherlich aufgefallen, dass ich nichts vom gestrigen Tag geschrieben habe, was daran lag, dass es vom gestrigen Tag einfach nicht viel zu schreiben gab. Daf\u00fcr war unser Tag heute sehr lang und &hellip; <a href=\"https:\/\/volkerontour.de\/?p=26251\">Weiterlesen <span class=\"meta-nav\">&rarr;<\/span><\/a><\/p>\n","protected":false},"author":3,"featured_media":0,"comment_status":"closed","ping_status":"open","sticky":false,"template":"","format":"standard","meta":{"footnotes":""},"categories":[40],"tags":[],"class_list":["post-26251","post","type-post","status-publish","format-standard","hentry","category-aegypten-2019-2020"],"_links":{"self":[{"href":"https:\/\/volkerontour.de\/index.php?rest_route=\/wp\/v2\/posts\/26251","targetHints":{"allow":["GET"]}}],"collection":[{"href":"https:\/\/volkerontour.de\/index.php?rest_route=\/wp\/v2\/posts"}],"about":[{"href":"https:\/\/volkerontour.de\/index.php?rest_route=\/wp\/v2\/types\/post"}],"author":[{"embeddable":true,"href":"https:\/\/volkerontour.de\/index.php?rest_route=\/wp\/v2\/users\/3"}],"replies":[{"embeddable":true,"href":"https:\/\/volkerontour.de\/index.php?rest_route=%2Fwp%2Fv2%2Fcomments&post=26251"}],"version-history":[{"count":1,"href":"https:\/\/volkerontour.de\/index.php?rest_route=\/wp\/v2\/posts\/26251\/revisions"}],"predecessor-version":[{"id":26252,"href":"https:\/\/volkerontour.de\/index.php?rest_route=\/wp\/v2\/posts\/26251\/revisions\/26252"}],"wp:attachment":[{"href":"https:\/\/volkerontour.de\/index.php?rest_route=%2Fwp%2Fv2%2Fmedia&parent=26251"}],"wp:term":[{"taxonomy":"category","embeddable":true,"href":"https:\/\/volkerontour.de\/index.php?rest_route=%2Fwp%2Fv2%2Fcategories&post=26251"},{"taxonomy":"post_tag","embeddable":true,"href":"https:\/\/volkerontour.de\/index.php?rest_route=%2Fwp%2Fv2%2Ftags&post=26251"}],"curies":[{"name":"wp","href":"https:\/\/api.w.org\/{rel}","templated":true}]}}