{"id":30641,"date":"2022-10-02T19:26:37","date_gmt":"2022-10-02T19:26:37","guid":{"rendered":"http:\/\/volkerontour.de\/?p=30641"},"modified":"2022-10-02T19:26:37","modified_gmt":"2022-10-02T19:26:37","slug":"tag-1-ankunft-und-orientierung-in-amman","status":"publish","type":"post","link":"https:\/\/volkerontour.de\/?p=30641","title":{"rendered":"Tag 1: Ankunft und Orientierung in Amman"},"content":{"rendered":"<p>Sonntag, 02.10.: Soooo, los ging es also nach Jordanien. Mit dem Zug reisten wir bequem zum Frankfurter Flughafen, wo wir dann mit leichter Versp\u00e4tung um 22 Uhr Richtung Amman aufbrachen.<\/p>\n<p><a href=\"https:\/\/volkerontour.de\/wp-content\/uploads\/2022\/10\/PA010002.jpg\"><img loading=\"lazy\" decoding=\"async\" title=\"PA010002\" style=\"border-left-width: 0px; border-right-width: 0px; background-image: none; border-bottom-width: 0px; padding-top: 0px; padding-left: 0px; display: inline; padding-right: 0px; border-top-width: 0px\" border=\"0\" alt=\"PA010002\" src=\"https:\/\/volkerontour.de\/wp-content\/uploads\/2022\/10\/PA010002_thumb.jpg\" width=\"244\" height=\"184\"><\/a><\/p>\n<p>Alle Einreiseformalit\u00e4ten konnten gl\u00fccklicherweise recht fix absolviert werden, so dass wir etwa um 4 Uhr morgens unser sehr ger\u00e4umiges Zimmer im Signature Hotel zu Amman beziehen konnten.<\/p>\n<p><a href=\"https:\/\/volkerontour.de\/wp-content\/uploads\/2022\/10\/PA020003.jpg\"><img loading=\"lazy\" decoding=\"async\" title=\"PA020003\" style=\"border-left-width: 0px; border-right-width: 0px; background-image: none; border-bottom-width: 0px; padding-top: 0px; padding-left: 0px; display: inline; padding-right: 0px; border-top-width: 0px\" border=\"0\" alt=\"PA020003\" src=\"https:\/\/volkerontour.de\/wp-content\/uploads\/2022\/10\/PA020003_thumb.jpg\" width=\"244\" height=\"184\"><\/a>&nbsp;<a href=\"https:\/\/volkerontour.de\/wp-content\/uploads\/2022\/10\/PA020004.jpg\"><img loading=\"lazy\" decoding=\"async\" title=\"PA020004\" style=\"border-left-width: 0px; border-right-width: 0px; background-image: none; border-bottom-width: 0px; padding-top: 0px; padding-left: 0px; display: inline; padding-right: 0px; border-top-width: 0px\" border=\"0\" alt=\"PA020004\" src=\"https:\/\/volkerontour.de\/wp-content\/uploads\/2022\/10\/PA020004_thumb.jpg\" width=\"244\" height=\"184\"><\/a><\/p>\n<p>Heute Morgen waren wir zwar noch ein wenig von der kurzen Nacht gezeichnet, aber freuten uns nat\u00fcrlich auch darauf, die Hauptstadt Jordaniens erkunden zu d\u00fcrfen. <\/p>\n<p>Vielleicht noch kurz vorab ein paar Worte zu dem Land, in dem wir uns f\u00fcr die n\u00e4chsten 9 Tage aufhalten werden. Mit fast 90.000 Quadratkilometern ist Jordanien etwas ein Viertel so gro\u00df wie Deutschland. Von den gut 10 Millionen Einwohnern leben etwa die H\u00e4lfte im Gro\u00dfraum Amman. \u00dcber 95% der Bev\u00f6lkerung geh\u00f6ren dem Islam an, aber es gibt auch einige Christen hier. Verp\u00f6nt sind dagegen Atheisten (wie ich zum Beispiel), weswegen ich daher wohl eher nicht \u00fcber das Thema Religion mit den Einheimischen sprechen werde. <\/p>\n<p>Im Norden grenzt Jordanien an Syrien, daher halten sich auch sehr viele syrische Fl\u00fcchtlinge in Amman auf. F\u00e4hrt man Richtung Osten kommt man in den Irak, im S\u00fcden landet man in Saudi-Arabien. Die komplette Westgrenze besteht zu Israel. Trotz der teilweise angespannten Sicherheitslage in einigen Nachbarl\u00e4ndern gilt Jordanien als ausgesprochen sicheres Reiseland. Amtssprache ist arabisch, auch wenn viele Jordanier inzwischen sehr gut englisch sprechen.<\/p>\n<p>Wir starteten unseren Stadtrundgang mit dem (kurzen) Aufstieg zur Jabal Al-Qualaa, der bekannten Zitadelle von Amman. Das auf einer Anh\u00f6he in Mitten der Stadt gelegene Gel\u00e4nde besteht aus Ruinen verschiedener Epochen. Das Highlight sind sicherlich die \u00dcberreste des im 2. Jahrhundert von Marc Aurel erbauten Herkulestempel. Ein Erdbeben im Jahr 749 sorgte leider f\u00fcr die Zerst\u00f6rung der meisten Bauten.<\/p>\n<p><a href=\"https:\/\/volkerontour.de\/wp-content\/uploads\/2022\/10\/IMG_3381.jpg\"><img loading=\"lazy\" decoding=\"async\" title=\"IMG_3381\" style=\"border-left-width: 0px; border-right-width: 0px; background-image: none; border-bottom-width: 0px; padding-top: 0px; padding-left: 0px; display: inline; padding-right: 0px; border-top-width: 0px\" border=\"0\" alt=\"IMG_3381\" src=\"https:\/\/volkerontour.de\/wp-content\/uploads\/2022\/10\/IMG_3381_thumb.jpg\" width=\"244\" height=\"184\"><\/a>&nbsp;<a href=\"https:\/\/volkerontour.de\/wp-content\/uploads\/2022\/10\/IMG_3389.jpg\"><img loading=\"lazy\" decoding=\"async\" title=\"IMG_3389\" style=\"border-left-width: 0px; border-right-width: 0px; background-image: none; border-bottom-width: 0px; padding-top: 0px; padding-left: 0px; display: inline; padding-right: 0px; border-top-width: 0px\" border=\"0\" alt=\"IMG_3389\" src=\"https:\/\/volkerontour.de\/wp-content\/uploads\/2022\/10\/IMG_3389_thumb.jpg\" width=\"244\" height=\"184\"><\/a><\/p>\n<p><a href=\"https:\/\/volkerontour.de\/wp-content\/uploads\/2022\/10\/IMG_3398.jpg\"><img loading=\"lazy\" decoding=\"async\" title=\"IMG_3398\" style=\"border-left-width: 0px; border-right-width: 0px; background-image: none; border-bottom-width: 0px; padding-top: 0px; padding-left: 0px; display: inline; padding-right: 0px; border-top-width: 0px\" border=\"0\" alt=\"IMG_3398\" src=\"https:\/\/volkerontour.de\/wp-content\/uploads\/2022\/10\/IMG_3398_thumb.jpg\" width=\"244\" height=\"184\"><\/a>&nbsp;<a href=\"https:\/\/volkerontour.de\/wp-content\/uploads\/2022\/10\/IMG_3396.jpg\"><img loading=\"lazy\" decoding=\"async\" title=\"IMG_3396\" style=\"border-left-width: 0px; border-right-width: 0px; background-image: none; border-bottom-width: 0px; padding-top: 0px; padding-left: 0px; display: inline; padding-right: 0px; border-top-width: 0px\" border=\"0\" alt=\"IMG_3396\" src=\"https:\/\/volkerontour.de\/wp-content\/uploads\/2022\/10\/IMG_3396_thumb.jpg\" width=\"244\" height=\"184\"><\/a><\/p>\n<p>Mindestens genauso sehenswert wie die Zitadelle selbst ist der 360-Grad-Ausblick auf die Altstadt Ammans. Auf \u00fcber 1.000m H\u00f6he und liegend erstreckt sich die Stadt \u00fcber viele H\u00fcgel. Eine Rundgang durch Amman ist also im wahrsten Sinne des Wortes ein st\u00e4ndiges \u201cAuf und Ab\u201d.<\/p>\n<p><a href=\"https:\/\/volkerontour.de\/wp-content\/uploads\/2022\/10\/IMG_3386.jpg\"><img loading=\"lazy\" decoding=\"async\" title=\"IMG_3386\" style=\"border-left-width: 0px; border-right-width: 0px; background-image: none; border-bottom-width: 0px; padding-top: 0px; padding-left: 0px; display: inline; padding-right: 0px; border-top-width: 0px\" border=\"0\" alt=\"IMG_3386\" src=\"https:\/\/volkerontour.de\/wp-content\/uploads\/2022\/10\/IMG_3386_thumb.jpg\" width=\"244\" height=\"184\"><\/a>&nbsp;<a href=\"https:\/\/volkerontour.de\/wp-content\/uploads\/2022\/10\/IMG_3390.jpg\"><img loading=\"lazy\" decoding=\"async\" title=\"IMG_3390\" style=\"border-left-width: 0px; border-right-width: 0px; background-image: none; border-bottom-width: 0px; padding-top: 0px; padding-left: 0px; display: inline; padding-right: 0px; border-top-width: 0px\" border=\"0\" alt=\"IMG_3390\" src=\"https:\/\/volkerontour.de\/wp-content\/uploads\/2022\/10\/IMG_3390_thumb.jpg\" width=\"244\" height=\"184\"><\/a><\/p>\n<p><a href=\"https:\/\/volkerontour.de\/wp-content\/uploads\/2022\/10\/IMG_3382.jpg\"><img loading=\"lazy\" decoding=\"async\" title=\"IMG_3382\" style=\"border-left-width: 0px; border-right-width: 0px; background-image: none; border-bottom-width: 0px; padding-top: 0px; padding-left: 0px; display: inline; padding-right: 0px; border-top-width: 0px\" border=\"0\" alt=\"IMG_3382\" src=\"https:\/\/volkerontour.de\/wp-content\/uploads\/2022\/10\/IMG_3382_thumb.jpg\" width=\"244\" height=\"184\"><\/a>&nbsp;<a href=\"https:\/\/volkerontour.de\/wp-content\/uploads\/2022\/10\/IMG_3393.jpg\"><img loading=\"lazy\" decoding=\"async\" title=\"IMG_3393\" style=\"border-left-width: 0px; border-right-width: 0px; background-image: none; border-bottom-width: 0px; padding-top: 0px; padding-left: 0px; display: inline; padding-right: 0px; border-top-width: 0px\" border=\"0\" alt=\"IMG_3393\" src=\"https:\/\/volkerontour.de\/wp-content\/uploads\/2022\/10\/IMG_3393_thumb.jpg\" width=\"244\" height=\"184\"><\/a><\/p>\n<p>Bis zu 6.000 Zuschauer fanden fr\u00fcher im sehr gut erhaltenen R\u00f6mischen Theater Platz. Das im 2. Jahrhundert erbaute Theater wird auch heute noch regelm\u00e4\u00dfig f\u00fcr Konzerte und andere Veranstaltungen genutzt.<\/p>\n<p><a href=\"https:\/\/volkerontour.de\/wp-content\/uploads\/2022\/10\/IMG_3407.jpg\"><img loading=\"lazy\" decoding=\"async\" title=\"IMG_3407\" style=\"border-left-width: 0px; border-right-width: 0px; background-image: none; border-bottom-width: 0px; padding-top: 0px; padding-left: 0px; display: inline; padding-right: 0px; border-top-width: 0px\" border=\"0\" alt=\"IMG_3407\" src=\"https:\/\/volkerontour.de\/wp-content\/uploads\/2022\/10\/IMG_3407_thumb.jpg\" width=\"244\" height=\"184\"><\/a>&nbsp;<a href=\"https:\/\/volkerontour.de\/wp-content\/uploads\/2022\/10\/IMG_3413.jpg\"><img loading=\"lazy\" decoding=\"async\" title=\"IMG_3413\" style=\"border-left-width: 0px; border-right-width: 0px; background-image: none; border-bottom-width: 0px; padding-top: 0px; padding-left: 0px; display: inline; padding-right: 0px; border-top-width: 0px\" border=\"0\" alt=\"IMG_3413\" src=\"https:\/\/volkerontour.de\/wp-content\/uploads\/2022\/10\/IMG_3413_thumb.jpg\" width=\"244\" height=\"184\"><\/a><\/p>\n<p>Zu Fu\u00df durchquerten wir weiter die sehr belebte Altstadt, vorbei an zahlreichen kleinen Gesch\u00e4ften, Restaurants und M\u00e4rkten\u2026<\/p>\n<p><a href=\"https:\/\/volkerontour.de\/wp-content\/uploads\/2022\/10\/IMG_3415.jpg\"><img loading=\"lazy\" decoding=\"async\" title=\"IMG_3415\" style=\"border-left-width: 0px; border-right-width: 0px; background-image: none; border-bottom-width: 0px; padding-top: 0px; padding-left: 0px; display: inline; padding-right: 0px; border-top-width: 0px\" border=\"0\" alt=\"IMG_3415\" src=\"https:\/\/volkerontour.de\/wp-content\/uploads\/2022\/10\/IMG_3415_thumb.jpg\" width=\"244\" height=\"184\"><\/a>&nbsp;<a href=\"https:\/\/volkerontour.de\/wp-content\/uploads\/2022\/10\/IMG_3417.jpg\"><img loading=\"lazy\" decoding=\"async\" title=\"IMG_3417\" style=\"border-left-width: 0px; border-right-width: 0px; background-image: none; border-bottom-width: 0px; padding-top: 0px; padding-left: 0px; display: inline; padding-right: 0px; border-top-width: 0px\" border=\"0\" alt=\"IMG_3417\" src=\"https:\/\/volkerontour.de\/wp-content\/uploads\/2022\/10\/IMG_3417_thumb.jpg\" width=\"244\" height=\"184\"><\/a><\/p>\n<p>Das sehr moderne jordanische Museum erz\u00e4hlt dem Besucher viel \u00fcber die Geschichte des Landes. Ein gro\u00dfes Problem ist hier zum Beispiel die Wasserversorgung, da es nur sehr selten regnet. Dazu werde ich in den n\u00e4chsten Tagen sicherlich noch ein bisschen mehr schreiben.<\/p>\n<p><a href=\"https:\/\/volkerontour.de\/wp-content\/uploads\/2022\/10\/IMG_3428.jpg\"><img loading=\"lazy\" decoding=\"async\" title=\"IMG_3428\" style=\"border-left-width: 0px; border-right-width: 0px; background-image: none; border-bottom-width: 0px; padding-top: 0px; padding-left: 0px; display: inline; padding-right: 0px; border-top-width: 0px\" border=\"0\" alt=\"IMG_3428\" src=\"https:\/\/volkerontour.de\/wp-content\/uploads\/2022\/10\/IMG_3428_thumb.jpg\" width=\"244\" height=\"184\"><\/a>&nbsp;<a href=\"https:\/\/volkerontour.de\/wp-content\/uploads\/2022\/10\/IMG_3420.jpg\"><img loading=\"lazy\" decoding=\"async\" title=\"IMG_3420\" style=\"border-left-width: 0px; border-right-width: 0px; background-image: none; border-bottom-width: 0px; padding-top: 0px; padding-left: 0px; display: inline; padding-right: 0px; border-top-width: 0px\" border=\"0\" alt=\"IMG_3420\" src=\"https:\/\/volkerontour.de\/wp-content\/uploads\/2022\/10\/IMG_3420_thumb.jpg\" width=\"244\" height=\"184\"><\/a><\/p>\n<p><a href=\"https:\/\/volkerontour.de\/wp-content\/uploads\/2022\/10\/IMG_3421.jpg\"><img loading=\"lazy\" decoding=\"async\" title=\"IMG_3421\" style=\"border-left-width: 0px; border-right-width: 0px; background-image: none; border-bottom-width: 0px; padding-top: 0px; padding-left: 0px; display: inline; padding-right: 0px; border-top-width: 0px\" border=\"0\" alt=\"IMG_3421\" src=\"https:\/\/volkerontour.de\/wp-content\/uploads\/2022\/10\/IMG_3421_thumb.jpg\" width=\"244\" height=\"184\"><\/a>&nbsp;<a href=\"https:\/\/volkerontour.de\/wp-content\/uploads\/2022\/10\/IMG_3424.jpg\"><img loading=\"lazy\" decoding=\"async\" title=\"IMG_3424\" style=\"border-left-width: 0px; border-right-width: 0px; background-image: none; border-bottom-width: 0px; padding-top: 0px; padding-left: 0px; display: inline; padding-right: 0px; border-top-width: 0px\" border=\"0\" alt=\"IMG_3424\" src=\"https:\/\/volkerontour.de\/wp-content\/uploads\/2022\/10\/IMG_3424_thumb.jpg\" width=\"244\" height=\"184\"><\/a><\/p>\n<p>Bereits vor ein paar Jahren (als ich die gro\u00dfe Moschee in Abu Dhabi besuchte) habe ich Euch ja meine Freundin Aische vorgestellt. Auch beim Besuch der \u201cBlue Mosque\u201d begleitete sie mich heute wieder <img decoding=\"async\" class=\"wlEmoticon wlEmoticon-winkingsmile\" style=\"border-top-style: none; border-left-style: none; border-bottom-style: none; border-right-style: none\" alt=\"Zwinkerndes Smiley\" src=\"https:\/\/volkerontour.de\/wp-content\/uploads\/2022\/10\/wlEmoticon-winkingsmile.png\"> Wie Ihr sicherlich schon den Bildern entnehmen k\u00f6nnt hat die Moschee ihren Namen von der gro\u00dfen blauen Kuppel.<\/p>\n<p><a href=\"https:\/\/volkerontour.de\/wp-content\/uploads\/2022\/10\/IMG_3435.jpg\"><img loading=\"lazy\" decoding=\"async\" title=\"IMG_3435\" style=\"border-left-width: 0px; border-right-width: 0px; background-image: none; border-bottom-width: 0px; padding-top: 0px; padding-left: 0px; display: inline; padding-right: 0px; border-top-width: 0px\" border=\"0\" alt=\"IMG_3435\" src=\"https:\/\/volkerontour.de\/wp-content\/uploads\/2022\/10\/IMG_3435_thumb.jpg\" width=\"244\" height=\"184\"><\/a>&nbsp;<a href=\"https:\/\/volkerontour.de\/wp-content\/uploads\/2022\/10\/IMG_3429.jpg\"><img loading=\"lazy\" decoding=\"async\" title=\"IMG_3429\" style=\"border-left-width: 0px; border-right-width: 0px; background-image: none; border-bottom-width: 0px; padding-top: 0px; padding-left: 0px; display: inline; padding-right: 0px; border-top-width: 0px\" border=\"0\" alt=\"IMG_3429\" src=\"https:\/\/volkerontour.de\/wp-content\/uploads\/2022\/10\/IMG_3429_thumb.jpg\" width=\"184\" height=\"244\"><\/a><\/p>\n<p><a href=\"https:\/\/volkerontour.de\/wp-content\/uploads\/2022\/10\/IMG_3431.jpg\"><img loading=\"lazy\" decoding=\"async\" title=\"IMG_3431\" style=\"border-left-width: 0px; border-right-width: 0px; background-image: none; border-bottom-width: 0px; padding-top: 0px; padding-left: 0px; display: inline; padding-right: 0px; border-top-width: 0px\" border=\"0\" alt=\"IMG_3431\" src=\"https:\/\/volkerontour.de\/wp-content\/uploads\/2022\/10\/IMG_3431_thumb.jpg\" width=\"244\" height=\"184\"><\/a>&nbsp;<a href=\"https:\/\/volkerontour.de\/wp-content\/uploads\/2022\/10\/IMG_3434.jpg\"><img loading=\"lazy\" decoding=\"async\" title=\"IMG_3434\" style=\"border-left-width: 0px; border-right-width: 0px; background-image: none; border-bottom-width: 0px; padding-top: 0px; padding-left: 0px; display: inline; padding-right: 0px; border-top-width: 0px\" border=\"0\" alt=\"IMG_3434\" src=\"https:\/\/volkerontour.de\/wp-content\/uploads\/2022\/10\/IMG_3434_thumb.jpg\" width=\"244\" height=\"184\"><\/a><\/p>\n<p>In einer nahegelegenen riesigen Shoppingmall war Zeit f\u00fcr einen Kaffee ein paar Souvenirk\u00e4ufe.<\/p>\n<p><a href=\"https:\/\/volkerontour.de\/wp-content\/uploads\/2022\/10\/IMG_3437.jpg\"><img loading=\"lazy\" decoding=\"async\" title=\"IMG_3437\" style=\"border-top: 0px; border-right: 0px; background-image: none; border-bottom: 0px; padding-top: 0px; padding-left: 0px; border-left: 0px; display: inline; padding-right: 0px\" border=\"0\" alt=\"IMG_3437\" src=\"https:\/\/volkerontour.de\/wp-content\/uploads\/2022\/10\/IMG_3437_thumb.jpg\" width=\"244\" height=\"184\"><\/a>&nbsp;<a href=\"https:\/\/volkerontour.de\/wp-content\/uploads\/2022\/10\/IMG_3439.jpg\"><img loading=\"lazy\" decoding=\"async\" title=\"IMG_3439\" style=\"border-top: 0px; border-right: 0px; background-image: none; border-bottom: 0px; padding-top: 0px; padding-left: 0px; border-left: 0px; display: inline; padding-right: 0px\" border=\"0\" alt=\"IMG_3439\" src=\"https:\/\/volkerontour.de\/wp-content\/uploads\/2022\/10\/IMG_3439_thumb.jpg\" width=\"244\" height=\"184\"><\/a><\/p>\n<p>Nach einer kurzen Pause im Hotel wollten wir uns am Abend noch einmal die sehr sch\u00f6n beleuchtete Zitadelle und die Altstadt von oben ansehen\u2026 doch leider waren wir ein bisschen zu sp\u00e4t dran, und standen vor verschlossenen T\u00fcren <img decoding=\"async\" class=\"wlEmoticon wlEmoticon-sadsmile\" style=\"border-top-style: none; border-left-style: none; border-bottom-style: none; border-right-style: none\" alt=\"Trauriges Smiley\" src=\"https:\/\/volkerontour.de\/wp-content\/uploads\/2022\/10\/wlEmoticon-sadsmile.png\"><\/p>\n<p><a href=\"https:\/\/volkerontour.de\/wp-content\/uploads\/2022\/10\/PA020002.jpg\"><img loading=\"lazy\" decoding=\"async\" title=\"PA020002\" style=\"border-top: 0px; border-right: 0px; background-image: none; border-bottom: 0px; padding-top: 0px; padding-left: 0px; border-left: 0px; display: inline; padding-right: 0px\" border=\"0\" alt=\"PA020002\" src=\"https:\/\/volkerontour.de\/wp-content\/uploads\/2022\/10\/PA020002_thumb.jpg\" width=\"244\" height=\"184\"><\/a>&nbsp;<a href=\"https:\/\/volkerontour.de\/wp-content\/uploads\/2022\/10\/PA020001.jpg\"><img loading=\"lazy\" decoding=\"async\" title=\"PA020001\" style=\"border-top: 0px; border-right: 0px; background-image: none; border-bottom: 0px; padding-top: 0px; padding-left: 0px; border-left: 0px; display: inline; padding-right: 0px\" border=\"0\" alt=\"PA020001\" src=\"https:\/\/volkerontour.de\/wp-content\/uploads\/2022\/10\/PA020001_thumb.jpg\" width=\"244\" height=\"184\"><\/a><\/p>\n<p><a href=\"https:\/\/volkerontour.de\/wp-content\/uploads\/2022\/10\/PA020003-2.jpg\"><img loading=\"lazy\" decoding=\"async\" title=\"PA020003 2\" style=\"border-top: 0px; border-right: 0px; background-image: none; border-bottom: 0px; padding-top: 0px; padding-left: 0px; border-left: 0px; display: inline; padding-right: 0px\" border=\"0\" alt=\"PA020003 2\" src=\"https:\/\/volkerontour.de\/wp-content\/uploads\/2022\/10\/PA020003-2_thumb.jpg\" width=\"244\" height=\"184\"><\/a>&nbsp;<a href=\"https:\/\/volkerontour.de\/wp-content\/uploads\/2022\/10\/PA020005.jpg\"><img loading=\"lazy\" decoding=\"async\" title=\"PA020005\" style=\"border-top: 0px; border-right: 0px; background-image: none; border-bottom: 0px; padding-top: 0px; padding-left: 0px; border-left: 0px; display: inline; padding-right: 0px\" border=\"0\" alt=\"PA020005\" src=\"https:\/\/volkerontour.de\/wp-content\/uploads\/2022\/10\/PA020005_thumb.jpg\" width=\"244\" height=\"184\"><\/a><\/p>\n<p>Sowohl unser gestriger Fahrer, als auch das Hotelpersonal empfahlen uns w\u00e4rmstens das Hashem Restaurant nicht weit vom Hotel entfernt. \u201cThey serve good traditional food.\u201d war die einhellige Meinung. Gef\u00fchlt probierten war fast alles aus, was die sehr kleine Speisekarte hergab: Humus mit Fleisch, Falafel, irgendein fettiger K\u00e4se mit \u00f6l, verschiedene Gem\u00fcse, Pommes und Fladenbrot. Geschmacklich war hier doch einiges sehr gew\u00f6hnungsbed\u00fcrftig, aber sicherlich mal eine Erfahrung wert. Mit dem Thema Tischdeko hat man es im Hashem-Restaurant nicht so. Als Tischdecke fungiert eine Art \u00fcberdimensionierte Plastikt\u00fcte, die beim Abr\u00e4umen des Tisches als M\u00fcllt\u00fcte genutzt wird. Man schnappt sich einfach die vier Enden der Plastikfolie und hat den Tisch samt Essensresten, Geschirr, Servietten, Flaschen usw. in einem Rutsch aufger\u00e4umt. Warum solle man denn auch alles einzeln abr\u00e4umen und trennen? Besteck braucht man zum Essen hier \u00fcbrigens auch nicht wirklich. Ein richtig gebogenes St\u00fcck Fladenbrot dient als L\u00f6ffel oder Greifzange, Saucen werden mit Pommes oder Falafel gedippt. Wie geschrieben, es war eine Erfahrung wert.<\/p>\n<p><a href=\"https:\/\/volkerontour.de\/wp-content\/uploads\/2022\/10\/PA020006.jpg\"><img loading=\"lazy\" decoding=\"async\" title=\"PA020006\" style=\"border-top: 0px; border-right: 0px; background-image: none; border-bottom: 0px; padding-top: 0px; padding-left: 0px; border-left: 0px; display: inline; padding-right: 0px\" border=\"0\" alt=\"PA020006\" src=\"https:\/\/volkerontour.de\/wp-content\/uploads\/2022\/10\/PA020006_thumb.jpg\" width=\"244\" height=\"184\"><\/a>&nbsp;<a href=\"https:\/\/volkerontour.de\/wp-content\/uploads\/2022\/10\/PA020007.jpg\"><img loading=\"lazy\" decoding=\"async\" title=\"PA020007\" style=\"border-top: 0px; border-right: 0px; background-image: none; border-bottom: 0px; padding-top: 0px; padding-left: 0px; border-left: 0px; display: inline; padding-right: 0px\" border=\"0\" alt=\"PA020007\" src=\"https:\/\/volkerontour.de\/wp-content\/uploads\/2022\/10\/PA020007_thumb.jpg\" width=\"244\" height=\"184\"><\/a><\/p>\n<p>Ansonsten war in der Stadt noch die H\u00f6lle los, und das an einem Samstag Abend. Hier geht die Arbeitswoche \u00fcbrigens von Sonntag bis Donnerstag, d.h. morgen m\u00fcssen die meisten wieder Geld verdienen.<\/p>\n<p><a href=\"https:\/\/volkerontour.de\/wp-content\/uploads\/2022\/10\/PA020008.jpg\"><img loading=\"lazy\" decoding=\"async\" title=\"PA020008\" style=\"border-top: 0px; border-right: 0px; background-image: none; border-bottom: 0px; padding-top: 0px; padding-left: 0px; border-left: 0px; display: inline; padding-right: 0px\" border=\"0\" alt=\"PA020008\" src=\"https:\/\/volkerontour.de\/wp-content\/uploads\/2022\/10\/PA020008_thumb.jpg\" width=\"244\" height=\"184\"><\/a><\/p>\n<p>Nach einem abwechslungsreichen Tag auf den Beinen sind wir nun froh den Abend gem\u00fctlich im Hotel ausklingen zu lassen. Den morgigen Tag werden wir noch f\u00fcr einen kleinen Ausflug nutzen, bevor wir am Abend auf unsere Gruppe treffen werden und es richtig losgeht mit unserer Rundreise.<\/p>\n<p>Erste Gr\u00fc\u00dfe aus Jordanien und gute Nacht <img decoding=\"async\" class=\"wlEmoticon wlEmoticon-smile\" style=\"border-top-style: none; border-left-style: none; border-bottom-style: none; border-right-style: none\" alt=\"Smiley\" src=\"https:\/\/volkerontour.de\/wp-content\/uploads\/2022\/10\/wlEmoticon-smile.png\"><\/p>\n","protected":false},"excerpt":{"rendered":"<p>Sonntag, 02.10.: Soooo, los ging es also nach Jordanien. Mit dem Zug reisten wir bequem zum Frankfurter Flughafen, wo wir dann mit leichter Versp\u00e4tung um 22 Uhr Richtung Amman aufbrachen. Alle Einreiseformalit\u00e4ten konnten gl\u00fccklicherweise recht fix absolviert werden, so dass &hellip; <a href=\"https:\/\/volkerontour.de\/?p=30641\">Weiterlesen <span class=\"meta-nav\">&rarr;<\/span><\/a><\/p>\n","protected":false},"author":3,"featured_media":0,"comment_status":"closed","ping_status":"closed","sticky":false,"template":"","format":"standard","meta":{"footnotes":""},"categories":[48],"tags":[],"class_list":["post-30641","post","type-post","status-publish","format-standard","hentry","category-jordanien-2022"],"_links":{"self":[{"href":"https:\/\/volkerontour.de\/index.php?rest_route=\/wp\/v2\/posts\/30641","targetHints":{"allow":["GET"]}}],"collection":[{"href":"https:\/\/volkerontour.de\/index.php?rest_route=\/wp\/v2\/posts"}],"about":[{"href":"https:\/\/volkerontour.de\/index.php?rest_route=\/wp\/v2\/types\/post"}],"author":[{"embeddable":true,"href":"https:\/\/volkerontour.de\/index.php?rest_route=\/wp\/v2\/users\/3"}],"replies":[{"embeddable":true,"href":"https:\/\/volkerontour.de\/index.php?rest_route=%2Fwp%2Fv2%2Fcomments&post=30641"}],"version-history":[{"count":1,"href":"https:\/\/volkerontour.de\/index.php?rest_route=\/wp\/v2\/posts\/30641\/revisions"}],"predecessor-version":[{"id":30642,"href":"https:\/\/volkerontour.de\/index.php?rest_route=\/wp\/v2\/posts\/30641\/revisions\/30642"}],"wp:attachment":[{"href":"https:\/\/volkerontour.de\/index.php?rest_route=%2Fwp%2Fv2%2Fmedia&parent=30641"}],"wp:term":[{"taxonomy":"category","embeddable":true,"href":"https:\/\/volkerontour.de\/index.php?rest_route=%2Fwp%2Fv2%2Fcategories&post=30641"},{"taxonomy":"post_tag","embeddable":true,"href":"https:\/\/volkerontour.de\/index.php?rest_route=%2Fwp%2Fv2%2Ftags&post=30641"}],"curies":[{"name":"wp","href":"https:\/\/api.w.org\/{rel}","templated":true}]}}