{"id":30797,"date":"2022-10-04T19:35:19","date_gmt":"2022-10-04T19:35:19","guid":{"rendered":"http:\/\/volkerontour.de\/?p=30797"},"modified":"2022-10-04T19:35:19","modified_gmt":"2022-10-04T19:35:19","slug":"wadi-rum-teil-1","status":"publish","type":"post","link":"https:\/\/volkerontour.de\/?p=30797","title":{"rendered":"Wadi Rum Teil 1"},"content":{"rendered":"<p>Dienstag, 04.10.: Heute Morgen starteten wir also mit dem Bus Richtung S\u00fcden. Etwa 4 Stunden waren es bis Wadi Rum. Dass unser Bus leicht \u00fcberdimensioniert war (es waren genau 14 von gesch\u00e4tzt 50 Pl\u00e4tzen besetzt) st\u00f6rte niemanden. So hatten wir eben ein bisschen mehr Komfort <img decoding=\"async\" class=\"wlEmoticon wlEmoticon-smile\" style=\"border-top-style: none; border-left-style: none; border-bottom-style: none; border-right-style: none\" alt=\"Smiley\" src=\"https:\/\/volkerontour.de\/wp-content\/uploads\/2022\/10\/wlEmoticon-smile-2.png\"><\/p>\n<p><a href=\"https:\/\/volkerontour.de\/wp-content\/uploads\/2022\/10\/PA040006.jpg\"><img loading=\"lazy\" decoding=\"async\" title=\"PA040006\" style=\"border-left-width: 0px; border-right-width: 0px; background-image: none; border-bottom-width: 0px; padding-top: 0px; padding-left: 0px; display: inline; padding-right: 0px; border-top-width: 0px\" border=\"0\" alt=\"PA040006\" src=\"https:\/\/volkerontour.de\/wp-content\/uploads\/2022\/10\/PA040006_thumb.jpg\" width=\"244\" height=\"184\"><\/a><\/p>\n<p>Viele Z\u00fcge fahren in Jordanien nicht. Einen Teil des Weges begleitete uns heute eine nicht mehr genutzte Bahnstrecke, die urspr\u00fcnglich von Damaskus in Syrien, \u00fcber Jordanien bis nach Saudi-Arabien f\u00fchrte. Die letzten Reste der Lokomotiven und Wagons finden sich in einer Art kleinem Zugfriedhof kurz vor Wadi Rum.<\/p>\n<p><a href=\"https:\/\/volkerontour.de\/wp-content\/uploads\/2022\/10\/PA040010.jpg\"><img loading=\"lazy\" decoding=\"async\" title=\"PA040010\" style=\"border-left-width: 0px; border-right-width: 0px; background-image: none; border-bottom-width: 0px; padding-top: 0px; padding-left: 0px; display: inline; padding-right: 0px; border-top-width: 0px\" border=\"0\" alt=\"PA040010\" src=\"https:\/\/volkerontour.de\/wp-content\/uploads\/2022\/10\/PA040010_thumb.jpg\" width=\"244\" height=\"184\"><\/a>&nbsp;<a href=\"https:\/\/volkerontour.de\/wp-content\/uploads\/2022\/10\/PA040011.jpg\"><img loading=\"lazy\" decoding=\"async\" title=\"PA040011\" style=\"border-left-width: 0px; border-right-width: 0px; background-image: none; border-bottom-width: 0px; padding-top: 0px; padding-left: 0px; display: inline; padding-right: 0px; border-top-width: 0px\" border=\"0\" alt=\"PA040011\" src=\"https:\/\/volkerontour.de\/wp-content\/uploads\/2022\/10\/PA040011_thumb.jpg\" width=\"244\" height=\"184\"><\/a><\/p>\n<p>Kurze Zeit sp\u00e4ter hatten wir das Besucherzentrum erreicht, von dem aus man bereits die \u201csieben S\u00e4ulen der Weisheit\u201d (Bild unten rechts) bestaunen konnte. <\/p>\n<p><a href=\"https:\/\/volkerontour.de\/wp-content\/uploads\/2022\/10\/PA040013.jpg\"><img loading=\"lazy\" decoding=\"async\" title=\"PA040013\" style=\"border-left-width: 0px; border-right-width: 0px; background-image: none; border-bottom-width: 0px; padding-top: 0px; padding-left: 0px; display: inline; padding-right: 0px; border-top-width: 0px\" border=\"0\" alt=\"PA040013\" src=\"https:\/\/volkerontour.de\/wp-content\/uploads\/2022\/10\/PA040013_thumb.jpg\" width=\"244\" height=\"184\"><\/a>&nbsp;<a href=\"https:\/\/volkerontour.de\/wp-content\/uploads\/2022\/10\/PA040012.jpg\"><img loading=\"lazy\" decoding=\"async\" title=\"PA040012\" style=\"border-left-width: 0px; border-right-width: 0px; background-image: none; border-bottom-width: 0px; padding-top: 0px; padding-left: 0px; display: inline; padding-right: 0px; border-top-width: 0px\" border=\"0\" alt=\"PA040012\" src=\"https:\/\/volkerontour.de\/wp-content\/uploads\/2022\/10\/PA040012_thumb.jpg\" width=\"244\" height=\"184\"><\/a><\/p>\n<p>Unser ger\u00e4umiger Bus wurde nun gegen drei weniger ger\u00e4umige Allradfahrzeuge eingetauscht mit denen wir dann auf Erkundungstour durch Wadi Rum gingen.<\/p>\n<p><a href=\"https:\/\/volkerontour.de\/wp-content\/uploads\/2022\/10\/IMG_3442.jpg\"><img loading=\"lazy\" decoding=\"async\" title=\"IMG_3442\" style=\"border-left-width: 0px; border-right-width: 0px; background-image: none; border-bottom-width: 0px; padding-top: 0px; padding-left: 0px; display: inline; padding-right: 0px; border-top-width: 0px\" border=\"0\" alt=\"IMG_3442\" src=\"https:\/\/volkerontour.de\/wp-content\/uploads\/2022\/10\/IMG_3442_thumb.jpg\" width=\"244\" height=\"184\"><\/a>&nbsp;<a href=\"https:\/\/volkerontour.de\/wp-content\/uploads\/2022\/10\/IMG_3443.jpg\"><img loading=\"lazy\" decoding=\"async\" title=\"IMG_3443\" style=\"border-left-width: 0px; border-right-width: 0px; background-image: none; border-bottom-width: 0px; padding-top: 0px; padding-left: 0px; display: inline; padding-right: 0px; border-top-width: 0px\" border=\"0\" alt=\"IMG_3443\" src=\"https:\/\/volkerontour.de\/wp-content\/uploads\/2022\/10\/IMG_3443_thumb.jpg\" width=\"244\" height=\"184\"><\/a><\/p>\n<p><a href=\"https:\/\/volkerontour.de\/wp-content\/uploads\/2022\/10\/IMG_3446.jpg\"><img loading=\"lazy\" decoding=\"async\" title=\"IMG_3446\" style=\"border-left-width: 0px; border-right-width: 0px; background-image: none; border-bottom-width: 0px; padding-top: 0px; padding-left: 0px; display: inline; padding-right: 0px; border-top-width: 0px\" border=\"0\" alt=\"IMG_3446\" src=\"https:\/\/volkerontour.de\/wp-content\/uploads\/2022\/10\/IMG_3446_thumb.jpg\" width=\"244\" height=\"184\"><\/a>&nbsp;<a href=\"https:\/\/volkerontour.de\/wp-content\/uploads\/2022\/10\/IMG_3444.jpg\"><img loading=\"lazy\" decoding=\"async\" title=\"IMG_3444\" style=\"border-left-width: 0px; border-right-width: 0px; background-image: none; border-bottom-width: 0px; padding-top: 0px; padding-left: 0px; display: inline; padding-right: 0px; border-top-width: 0px\" border=\"0\" alt=\"IMG_3444\" src=\"https:\/\/volkerontour.de\/wp-content\/uploads\/2022\/10\/IMG_3444_thumb.jpg\" width=\"244\" height=\"184\"><\/a><\/p>\n<p>Sie Sand- und Felsenw\u00fcste erstreckt sich im S\u00fcden Jordaniens \u00fcber eine Gesamtfl\u00e4che von etwa 740 Quadratkilometern. Wie S\u00e4ulen oder Pfeile ragen die teilweise spektakul\u00e4ren Gesteine aus der Erde. Die meisten Formationen sind \u00fcber 30 Millionen Jahre alt. Durch die extreme Erosion aufgrund der gro\u00dfen Temperaturunterschiede zwischen Tag und Nacht wurde das Massiv weiter zerkl\u00fcftet und zu fantastischen Formen aufgesprengt. Die Felsw\u00e4nde bestehen zumeist aus Sandstein, aber auch aus Granit. 2011 wurde das Schutzgebiet in die Welterbeliste der UNESCO aufgenommen.<\/p>\n<p><a href=\"https:\/\/volkerontour.de\/wp-content\/uploads\/2022\/10\/IMG_3447.jpg\"><img loading=\"lazy\" decoding=\"async\" title=\"IMG_3447\" style=\"border-left-width: 0px; border-right-width: 0px; background-image: none; border-bottom-width: 0px; padding-top: 0px; padding-left: 0px; display: inline; padding-right: 0px; border-top-width: 0px\" border=\"0\" alt=\"IMG_3447\" src=\"https:\/\/volkerontour.de\/wp-content\/uploads\/2022\/10\/IMG_3447_thumb.jpg\" width=\"244\" height=\"184\"><\/a>&nbsp;<a href=\"https:\/\/volkerontour.de\/wp-content\/uploads\/2022\/10\/IMG_3449.jpg\"><img loading=\"lazy\" decoding=\"async\" title=\"IMG_3449\" style=\"border-left-width: 0px; border-right-width: 0px; background-image: none; border-bottom-width: 0px; padding-top: 0px; padding-left: 0px; display: inline; padding-right: 0px; border-top-width: 0px\" border=\"0\" alt=\"IMG_3449\" src=\"https:\/\/volkerontour.de\/wp-content\/uploads\/2022\/10\/IMG_3449_thumb.jpg\" width=\"244\" height=\"184\"><\/a><\/p>\n<p><a href=\"https:\/\/volkerontour.de\/wp-content\/uploads\/2022\/10\/IMG_3454.jpg\"><img loading=\"lazy\" decoding=\"async\" title=\"IMG_3454\" style=\"border-left-width: 0px; border-right-width: 0px; background-image: none; border-bottom-width: 0px; padding-top: 0px; padding-left: 0px; display: inline; padding-right: 0px; border-top-width: 0px\" border=\"0\" alt=\"IMG_3454\" src=\"https:\/\/volkerontour.de\/wp-content\/uploads\/2022\/10\/IMG_3454_thumb.jpg\" width=\"244\" height=\"184\"><\/a>&nbsp;<a href=\"https:\/\/volkerontour.de\/wp-content\/uploads\/2022\/10\/IMG_3455.jpg\"><img loading=\"lazy\" decoding=\"async\" title=\"IMG_3455\" style=\"border-left-width: 0px; border-right-width: 0px; background-image: none; border-bottom-width: 0px; padding-top: 0px; padding-left: 0px; display: inline; padding-right: 0px; border-top-width: 0px\" border=\"0\" alt=\"IMG_3455\" src=\"https:\/\/volkerontour.de\/wp-content\/uploads\/2022\/10\/IMG_3455_thumb.jpg\" width=\"244\" height=\"184\"><\/a><\/p>\n<p><a href=\"https:\/\/volkerontour.de\/wp-content\/uploads\/2022\/10\/IMG_3457.jpg\"><img loading=\"lazy\" decoding=\"async\" title=\"IMG_3457\" style=\"border-left-width: 0px; border-right-width: 0px; background-image: none; border-bottom-width: 0px; padding-top: 0px; padding-left: 0px; display: inline; padding-right: 0px; border-top-width: 0px\" border=\"0\" alt=\"IMG_3457\" src=\"https:\/\/volkerontour.de\/wp-content\/uploads\/2022\/10\/IMG_3457_thumb.jpg\" width=\"244\" height=\"184\"><\/a>&nbsp;<a href=\"https:\/\/volkerontour.de\/wp-content\/uploads\/2022\/10\/IMG_3476.jpg\"><img loading=\"lazy\" decoding=\"async\" title=\"IMG_3476\" style=\"border-left-width: 0px; border-right-width: 0px; background-image: none; border-bottom-width: 0px; padding-top: 0px; padding-left: 0px; display: inline; padding-right: 0px; border-top-width: 0px\" border=\"0\" alt=\"IMG_3476\" src=\"https:\/\/volkerontour.de\/wp-content\/uploads\/2022\/10\/IMG_3476_thumb.jpg\" width=\"244\" height=\"184\"><\/a><\/p>\n<p>Neben den unz\u00e4hligen hohen roten Sandsteinfelsen (die teilweise recht einfach zu besteigen sind) bietet Wadi rum aber noch einige andere sehenswerte Highlights. \u00c4hnlich wie beim Wadi Mujib (den wir gestern besucht hatten) fanden wir auch heute eine sehenswerte Felsenschlucht, mit pr\u00e4historischen Innenschriften.<\/p>\n<p><a href=\"https:\/\/volkerontour.de\/wp-content\/uploads\/2022\/10\/IMG_3460.jpg\"><img loading=\"lazy\" decoding=\"async\" title=\"IMG_3460\" style=\"border-left-width: 0px; border-right-width: 0px; background-image: none; border-bottom-width: 0px; padding-top: 0px; padding-left: 0px; display: inline; padding-right: 0px; border-top-width: 0px\" border=\"0\" alt=\"IMG_3460\" src=\"https:\/\/volkerontour.de\/wp-content\/uploads\/2022\/10\/IMG_3460_thumb.jpg\" width=\"244\" height=\"184\"><\/a>&nbsp;<a href=\"https:\/\/volkerontour.de\/wp-content\/uploads\/2022\/10\/IMG_3462.jpg\"><img loading=\"lazy\" decoding=\"async\" title=\"IMG_3462\" style=\"border-left-width: 0px; border-right-width: 0px; background-image: none; border-bottom-width: 0px; padding-top: 0px; padding-left: 0px; display: inline; padding-right: 0px; border-top-width: 0px\" border=\"0\" alt=\"IMG_3462\" src=\"https:\/\/volkerontour.de\/wp-content\/uploads\/2022\/10\/IMG_3462_thumb.jpg\" width=\"184\" height=\"244\"><\/a><\/p>\n<p>Die Burdah-Felsenbr\u00fccke sowie der Umm Frouth sind nur zwei von vielen kleinen oder gro\u00dfen Fels\u00f6chern oder Br\u00fccken, die man teilweise recht einfach erklimmen konnte.<\/p>\n<p><a href=\"https:\/\/volkerontour.de\/wp-content\/uploads\/2022\/10\/IMG_3471.jpg\"><img loading=\"lazy\" decoding=\"async\" title=\"IMG_3471\" style=\"border-left-width: 0px; border-right-width: 0px; background-image: none; border-bottom-width: 0px; padding-top: 0px; padding-left: 0px; display: inline; padding-right: 0px; border-top-width: 0px\" border=\"0\" alt=\"IMG_3471\" src=\"https:\/\/volkerontour.de\/wp-content\/uploads\/2022\/10\/IMG_3471_thumb.jpg\" width=\"244\" height=\"184\"><\/a>&nbsp;<a href=\"https:\/\/volkerontour.de\/wp-content\/uploads\/2022\/10\/IMG_3473.jpg\"><img loading=\"lazy\" decoding=\"async\" title=\"IMG_3473\" style=\"border-left-width: 0px; border-right-width: 0px; background-image: none; border-bottom-width: 0px; padding-top: 0px; padding-left: 0px; display: inline; padding-right: 0px; border-top-width: 0px\" border=\"0\" alt=\"IMG_3473\" src=\"https:\/\/volkerontour.de\/wp-content\/uploads\/2022\/10\/IMG_3473_thumb.jpg\" width=\"244\" height=\"184\"><\/a><\/p>\n<p>Die gr\u00f6\u00dfere Burdah-Br\u00fccke durften wir leider nicht besteigen. \u201cGuys, it`s to dangerours to climb!\u201d meinte Laith. Schade eigentlich <img decoding=\"async\" class=\"wlEmoticon wlEmoticon-sadsmile\" style=\"border-top-style: none; border-left-style: none; border-bottom-style: none; border-right-style: none\" alt=\"Trauriges Smiley\" src=\"https:\/\/volkerontour.de\/wp-content\/uploads\/2022\/10\/wlEmoticon-sadsmile-1.png\"><\/p>\n<p><a href=\"https:\/\/volkerontour.de\/wp-content\/uploads\/2022\/10\/IMG_3479.jpg\"><img loading=\"lazy\" decoding=\"async\" title=\"IMG_3479\" style=\"border-left-width: 0px; border-right-width: 0px; background-image: none; border-bottom-width: 0px; padding-top: 0px; padding-left: 0px; display: inline; padding-right: 0px; border-top-width: 0px\" border=\"0\" alt=\"IMG_3479\" src=\"https:\/\/volkerontour.de\/wp-content\/uploads\/2022\/10\/IMG_3479_thumb.jpg\" width=\"244\" height=\"184\"><\/a>&nbsp;<a href=\"https:\/\/volkerontour.de\/wp-content\/uploads\/2022\/10\/IMG_3478.jpg\"><img loading=\"lazy\" decoding=\"async\" title=\"IMG_3478\" style=\"border-left-width: 0px; border-right-width: 0px; background-image: none; border-bottom-width: 0px; padding-top: 0px; padding-left: 0px; display: inline; padding-right: 0px; border-top-width: 0px\" border=\"0\" alt=\"IMG_3478\" src=\"https:\/\/volkerontour.de\/wp-content\/uploads\/2022\/10\/IMG_3478_thumb.jpg\" width=\"244\" height=\"184\"><\/a><\/p>\n<p><a href=\"https:\/\/volkerontour.de\/wp-content\/uploads\/2022\/10\/IMG_3480.jpg\"><img loading=\"lazy\" decoding=\"async\" title=\"IMG_3480\" style=\"border-left-width: 0px; border-right-width: 0px; background-image: none; border-bottom-width: 0px; padding-top: 0px; padding-left: 0px; display: inline; padding-right: 0px; border-top-width: 0px\" border=\"0\" alt=\"IMG_3480\" src=\"https:\/\/volkerontour.de\/wp-content\/uploads\/2022\/10\/IMG_3480_thumb.jpg\" width=\"184\" height=\"244\"><\/a>&nbsp;<a href=\"https:\/\/volkerontour.de\/wp-content\/uploads\/2022\/10\/IMG_3481.jpg\"><img loading=\"lazy\" decoding=\"async\" title=\"IMG_3481\" style=\"border-left-width: 0px; border-right-width: 0px; background-image: none; border-bottom-width: 0px; padding-top: 0px; padding-left: 0px; display: inline; padding-right: 0px; border-top-width: 0px\" border=\"0\" alt=\"IMG_3481\" src=\"https:\/\/volkerontour.de\/wp-content\/uploads\/2022\/10\/IMG_3481_thumb.jpg\" width=\"244\" height=\"184\"><\/a><\/p>\n<p>Gegen 17 Uhr erreichten wir dann unser sehr sch\u00f6n gelegenes Camp mitten im Sand. Von diesen Camps gibt es hier allerdings einige, wie wir auf der Fahrt durch die W\u00fcste sehen durften. Ist schon ein sehr touristisches \u00d6rtchen hier\u2026 leider.<\/p>\n<p><a href=\"https:\/\/volkerontour.de\/wp-content\/uploads\/2022\/10\/IMG_3483.jpg\"><img loading=\"lazy\" decoding=\"async\" title=\"IMG_3483\" style=\"border-left-width: 0px; border-right-width: 0px; background-image: none; border-bottom-width: 0px; padding-top: 0px; padding-left: 0px; display: inline; padding-right: 0px; border-top-width: 0px\" border=\"0\" alt=\"IMG_3483\" src=\"https:\/\/volkerontour.de\/wp-content\/uploads\/2022\/10\/IMG_3483_thumb.jpg\" width=\"244\" height=\"184\"><\/a>&nbsp;<a href=\"https:\/\/volkerontour.de\/wp-content\/uploads\/2022\/10\/IMG_3484.jpg\"><img loading=\"lazy\" decoding=\"async\" title=\"IMG_3484\" style=\"border-left-width: 0px; border-right-width: 0px; background-image: none; border-bottom-width: 0px; padding-top: 0px; padding-left: 0px; display: inline; padding-right: 0px; border-top-width: 0px\" border=\"0\" alt=\"IMG_3484\" src=\"https:\/\/volkerontour.de\/wp-content\/uploads\/2022\/10\/IMG_3484_thumb.jpg\" width=\"244\" height=\"184\"><\/a><\/p>\n<p><a href=\"https:\/\/volkerontour.de\/wp-content\/uploads\/2022\/10\/IMG_3485.jpg\"><img loading=\"lazy\" decoding=\"async\" title=\"IMG_3485\" style=\"border-left-width: 0px; border-right-width: 0px; background-image: none; border-bottom-width: 0px; padding-top: 0px; padding-left: 0px; display: inline; padding-right: 0px; border-top-width: 0px\" border=\"0\" alt=\"IMG_3485\" src=\"https:\/\/volkerontour.de\/wp-content\/uploads\/2022\/10\/IMG_3485_thumb.jpg\" width=\"244\" height=\"184\"><\/a>&nbsp;<a href=\"https:\/\/volkerontour.de\/wp-content\/uploads\/2022\/10\/IMG_3486.jpg\"><img loading=\"lazy\" decoding=\"async\" title=\"IMG_3486\" style=\"border-left-width: 0px; border-right-width: 0px; background-image: none; border-bottom-width: 0px; padding-top: 0px; padding-left: 0px; display: inline; padding-right: 0px; border-top-width: 0px\" border=\"0\" alt=\"IMG_3486\" src=\"https:\/\/volkerontour.de\/wp-content\/uploads\/2022\/10\/IMG_3486_thumb.jpg\" width=\"244\" height=\"184\"><\/a><\/p>\n<p>P\u00fcnktlich zum Sonnenuntergang versammelten wir uns auf einem kleinen Aussichtspunkt neben dem Camp\u2026 auch hier waren wir nicht die einzige Gruppe, die diese Idee hatte. War aber trotzdem ein toller Platz f\u00fcr den \u201cSundowner\u201d <img decoding=\"async\" class=\"wlEmoticon wlEmoticon-smile\" style=\"border-top-style: none; border-left-style: none; border-bottom-style: none; border-right-style: none\" alt=\"Smiley\" src=\"https:\/\/volkerontour.de\/wp-content\/uploads\/2022\/10\/wlEmoticon-smile-2.png\"><\/p>\n<p><a href=\"https:\/\/volkerontour.de\/wp-content\/uploads\/2022\/10\/IMG_3488.jpg\"><img loading=\"lazy\" decoding=\"async\" title=\"IMG_3488\" style=\"border-left-width: 0px; border-right-width: 0px; background-image: none; border-bottom-width: 0px; padding-top: 0px; padding-left: 0px; display: inline; padding-right: 0px; border-top-width: 0px\" border=\"0\" alt=\"IMG_3488\" src=\"https:\/\/volkerontour.de\/wp-content\/uploads\/2022\/10\/IMG_3488_thumb.jpg\" width=\"244\" height=\"184\"><\/a>&nbsp;<a href=\"https:\/\/volkerontour.de\/wp-content\/uploads\/2022\/10\/IMG_3487.jpg\"><img loading=\"lazy\" decoding=\"async\" title=\"IMG_3487\" style=\"border-left-width: 0px; border-right-width: 0px; background-image: none; border-bottom-width: 0px; padding-top: 0px; padding-left: 0px; display: inline; padding-right: 0px; border-top-width: 0px\" border=\"0\" alt=\"IMG_3487\" src=\"https:\/\/volkerontour.de\/wp-content\/uploads\/2022\/10\/IMG_3487_thumb.jpg\" width=\"244\" height=\"184\"><\/a><\/p>\n<p><a href=\"https:\/\/volkerontour.de\/wp-content\/uploads\/2022\/10\/IMG_3497.jpg\"><img loading=\"lazy\" decoding=\"async\" title=\"IMG_3497\" style=\"border-left-width: 0px; border-right-width: 0px; background-image: none; border-bottom-width: 0px; padding-top: 0px; padding-left: 0px; display: inline; padding-right: 0px; border-top-width: 0px\" border=\"0\" alt=\"IMG_3497\" src=\"https:\/\/volkerontour.de\/wp-content\/uploads\/2022\/10\/IMG_3497_thumb.jpg\" width=\"244\" height=\"184\"><\/a>&nbsp;<a href=\"https:\/\/volkerontour.de\/wp-content\/uploads\/2022\/10\/IMG_3491.jpg\"><img loading=\"lazy\" decoding=\"async\" title=\"IMG_3491\" style=\"border-left-width: 0px; border-right-width: 0px; background-image: none; border-bottom-width: 0px; padding-top: 0px; padding-left: 0px; display: inline; padding-right: 0px; border-top-width: 0px\" border=\"0\" alt=\"IMG_3491\" src=\"https:\/\/volkerontour.de\/wp-content\/uploads\/2022\/10\/IMG_3491_thumb.jpg\" width=\"244\" height=\"184\"><\/a><\/p>\n<p><a href=\"https:\/\/volkerontour.de\/wp-content\/uploads\/2022\/10\/IMG_3495.jpg\"><img loading=\"lazy\" decoding=\"async\" title=\"IMG_3495\" style=\"border-left-width: 0px; border-right-width: 0px; background-image: none; border-bottom-width: 0px; padding-top: 0px; padding-left: 0px; display: inline; padding-right: 0px; border-top-width: 0px\" border=\"0\" alt=\"IMG_3495\" src=\"https:\/\/volkerontour.de\/wp-content\/uploads\/2022\/10\/IMG_3495_thumb.jpg\" width=\"244\" height=\"184\"><\/a>&nbsp;<a href=\"https:\/\/volkerontour.de\/wp-content\/uploads\/2022\/10\/IMG_3502.jpg\"><img loading=\"lazy\" decoding=\"async\" title=\"IMG_3502\" style=\"border-left-width: 0px; border-right-width: 0px; background-image: none; border-bottom-width: 0px; padding-top: 0px; padding-left: 0px; display: inline; padding-right: 0px; border-top-width: 0px\" border=\"0\" alt=\"IMG_3502\" src=\"https:\/\/volkerontour.de\/wp-content\/uploads\/2022\/10\/IMG_3502_thumb.jpg\" width=\"244\" height=\"184\"><\/a><\/p>\n<p>Unser Abendessen wurde heute im wahrsten Sinne des Wortes \u201causgegraben\u201d. Etwa 4 Stunden vorher wurden einige H\u00e4hnchenteile sowie diverses Gem\u00fcse zum Garen inklusive gl\u00fchender Holzkohle in einem Loch versenkt. Alles schmeckte wirklich k\u00f6stlich <img decoding=\"async\" class=\"wlEmoticon wlEmoticon-smile\" style=\"border-top-style: none; border-left-style: none; border-bottom-style: none; border-right-style: none\" alt=\"Smiley\" src=\"https:\/\/volkerontour.de\/wp-content\/uploads\/2022\/10\/wlEmoticon-smile-2.png\"><\/p>\n<p><a href=\"https:\/\/volkerontour.de\/wp-content\/uploads\/2022\/10\/PA040014.jpg\"><img loading=\"lazy\" decoding=\"async\" title=\"PA040014\" style=\"border-left-width: 0px; border-right-width: 0px; background-image: none; border-bottom-width: 0px; padding-top: 0px; padding-left: 0px; display: inline; padding-right: 0px; border-top-width: 0px\" border=\"0\" alt=\"PA040014\" src=\"https:\/\/volkerontour.de\/wp-content\/uploads\/2022\/10\/PA040014_thumb.jpg\" width=\"244\" height=\"184\"><\/a>&nbsp;<a href=\"https:\/\/volkerontour.de\/wp-content\/uploads\/2022\/10\/PA040015.jpg\"><img loading=\"lazy\" decoding=\"async\" title=\"PA040015\" style=\"border-left-width: 0px; border-right-width: 0px; background-image: none; border-bottom-width: 0px; padding-top: 0px; padding-left: 0px; display: inline; padding-right: 0px; border-top-width: 0px\" border=\"0\" alt=\"PA040015\" src=\"https:\/\/volkerontour.de\/wp-content\/uploads\/2022\/10\/PA040015_thumb.jpg\" width=\"244\" height=\"184\"><\/a><\/p>\n<p><a href=\"https:\/\/volkerontour.de\/wp-content\/uploads\/2022\/10\/PA040016.jpg\"><img loading=\"lazy\" decoding=\"async\" title=\"PA040016\" style=\"border-left-width: 0px; border-right-width: 0px; background-image: none; border-bottom-width: 0px; padding-top: 0px; padding-left: 0px; display: inline; padding-right: 0px; border-top-width: 0px\" border=\"0\" alt=\"PA040016\" src=\"https:\/\/volkerontour.de\/wp-content\/uploads\/2022\/10\/PA040016_thumb.jpg\" width=\"244\" height=\"184\"><\/a>&nbsp;<a href=\"https:\/\/volkerontour.de\/wp-content\/uploads\/2022\/10\/PA040017.jpg\"><img loading=\"lazy\" decoding=\"async\" title=\"PA040017\" style=\"border-left-width: 0px; border-right-width: 0px; background-image: none; border-bottom-width: 0px; padding-top: 0px; padding-left: 0px; display: inline; padding-right: 0px; border-top-width: 0px\" border=\"0\" alt=\"PA040017\" src=\"https:\/\/volkerontour.de\/wp-content\/uploads\/2022\/10\/PA040017_thumb.jpg\" width=\"244\" height=\"184\"><\/a><\/p>\n<p>Mit einem Lagerfeuer im Camp lie\u00dfen wir den ersten sehr sch\u00f6nen Tag in Wadi Rum ausklingen. Da hat noch nicht einmal die etwas gew\u00f6hnungsbed\u00fcrftige jordanische Musik von Laith gest\u00f6rt <img decoding=\"async\" class=\"wlEmoticon wlEmoticon-winkingsmile\" style=\"border-top-style: none; border-left-style: none; border-bottom-style: none; border-right-style: none\" alt=\"Zwinkerndes Smiley\" src=\"https:\/\/volkerontour.de\/wp-content\/uploads\/2022\/10\/wlEmoticon-winkingsmile-2.png\"><\/p>\n<p><a href=\"https:\/\/volkerontour.de\/wp-content\/uploads\/2022\/10\/PA040002.jpg\"><img loading=\"lazy\" decoding=\"async\" title=\"PA040002\" style=\"border-left-width: 0px; border-right-width: 0px; background-image: none; border-bottom-width: 0px; padding-top: 0px; padding-left: 0px; display: inline; padding-right: 0px; border-top-width: 0px\" border=\"0\" alt=\"PA040002\" src=\"https:\/\/volkerontour.de\/wp-content\/uploads\/2022\/10\/PA040002_thumb.jpg\" width=\"244\" height=\"184\"><\/a><\/p>\n<p>Morgen steht am Vormittag eine kleine Wanderung auf dem Programm. Es geht fr\u00fch los, damit wir nicht in die komplette Mittagshitze geraten. Der Nachmittag ist dann zur freien Verf\u00fcgung. Bin mal gespannt was man hier noch so machen kann <img decoding=\"async\" class=\"wlEmoticon wlEmoticon-smile\" style=\"border-top-style: none; border-left-style: none; border-bottom-style: none; border-right-style: none\" alt=\"Smiley\" src=\"https:\/\/volkerontour.de\/wp-content\/uploads\/2022\/10\/wlEmoticon-smile-2.png\"><\/p>\n<p>Inzwischen haben wir uns auch mit einigen aus der Gruppe ein wenig ausgetauscht. Alle sind eher entspannt unterwegs, man k\u00f6nnte auch sagen ruhig. Aber das passt schon.<\/p>\n<p>Die letzte Challenge f\u00fcr heute ist jetzt noch das Hochladen des Blogs. Mitten in der W\u00fcste gibt es sogar einen WLAN-Router, allerdings ist das Signal wohl sehr, sehr langsam. Ich werde es jetzt mal testen. Also vielleicht habe ich ja Gl\u00fcck und kann hier direkt aus unserem Beduinenzelt den heutigen Beitrag schicken. <img decoding=\"async\" class=\"wlEmoticon wlEmoticon-smile\" style=\"border-top-style: none; border-left-style: none; border-bottom-style: none; border-right-style: none\" alt=\"Smiley\" src=\"https:\/\/volkerontour.de\/wp-content\/uploads\/2022\/10\/wlEmoticon-smile-2.png\"><\/p>\n<p>Bis morgen dann!<\/p>\n","protected":false},"excerpt":{"rendered":"<p>Dienstag, 04.10.: Heute Morgen starteten wir also mit dem Bus Richtung S\u00fcden. Etwa 4 Stunden waren es bis Wadi Rum. Dass unser Bus leicht \u00fcberdimensioniert war (es waren genau 14 von gesch\u00e4tzt 50 Pl\u00e4tzen besetzt) st\u00f6rte niemanden. So hatten wir &hellip; <a href=\"https:\/\/volkerontour.de\/?p=30797\">Weiterlesen <span class=\"meta-nav\">&rarr;<\/span><\/a><\/p>\n","protected":false},"author":3,"featured_media":0,"comment_status":"closed","ping_status":"closed","sticky":false,"template":"","format":"standard","meta":{"footnotes":""},"categories":[48],"tags":[],"class_list":["post-30797","post","type-post","status-publish","format-standard","hentry","category-jordanien-2022"],"_links":{"self":[{"href":"https:\/\/volkerontour.de\/index.php?rest_route=\/wp\/v2\/posts\/30797","targetHints":{"allow":["GET"]}}],"collection":[{"href":"https:\/\/volkerontour.de\/index.php?rest_route=\/wp\/v2\/posts"}],"about":[{"href":"https:\/\/volkerontour.de\/index.php?rest_route=\/wp\/v2\/types\/post"}],"author":[{"embeddable":true,"href":"https:\/\/volkerontour.de\/index.php?rest_route=\/wp\/v2\/users\/3"}],"replies":[{"embeddable":true,"href":"https:\/\/volkerontour.de\/index.php?rest_route=%2Fwp%2Fv2%2Fcomments&post=30797"}],"version-history":[{"count":1,"href":"https:\/\/volkerontour.de\/index.php?rest_route=\/wp\/v2\/posts\/30797\/revisions"}],"predecessor-version":[{"id":30798,"href":"https:\/\/volkerontour.de\/index.php?rest_route=\/wp\/v2\/posts\/30797\/revisions\/30798"}],"wp:attachment":[{"href":"https:\/\/volkerontour.de\/index.php?rest_route=%2Fwp%2Fv2%2Fmedia&parent=30797"}],"wp:term":[{"taxonomy":"category","embeddable":true,"href":"https:\/\/volkerontour.de\/index.php?rest_route=%2Fwp%2Fv2%2Fcategories&post=30797"},{"taxonomy":"post_tag","embeddable":true,"href":"https:\/\/volkerontour.de\/index.php?rest_route=%2Fwp%2Fv2%2Ftags&post=30797"}],"curies":[{"name":"wp","href":"https:\/\/api.w.org\/{rel}","templated":true}]}}