{"id":30963,"date":"2022-10-06T21:08:48","date_gmt":"2022-10-06T21:08:48","guid":{"rendered":"http:\/\/volkerontour.de\/?p=30963"},"modified":"2022-10-06T21:08:48","modified_gmt":"2022-10-06T21:08:48","slug":"tag-5-petra-teil-1","status":"publish","type":"post","link":"https:\/\/volkerontour.de\/?p=30963","title":{"rendered":"Tag 5: Petra Teil 1:"},"content":{"rendered":"<p>Donnerstag, 06.10.: Heute Morgen hie\u00df es Abschied nehmen von der W\u00fcste Wadi Rum. Wir verbrachten zwei wirklich tolle Tage in dieser einerseits bizarren, aber andererseits auch wundersch\u00f6nen Landschaft. <\/p>\n<p><a href=\"https:\/\/volkerontour.de\/wp-content\/uploads\/2022\/10\/IMG_3576.jpg\"><img loading=\"lazy\" decoding=\"async\" title=\"IMG_3576\" style=\"border-left-width: 0px; border-right-width: 0px; background-image: none; border-bottom-width: 0px; padding-top: 0px; padding-left: 0px; display: inline; padding-right: 0px; border-top-width: 0px\" border=\"0\" alt=\"IMG_3576\" src=\"https:\/\/volkerontour.de\/wp-content\/uploads\/2022\/10\/IMG_3576_thumb.jpg\" width=\"244\" height=\"184\"><\/a><\/p>\n<p>Am Ausgang des Gebietes stoppten wir noch kurz am Nabat\u00e4er-Tempel, der im ersten Jahrhundert erbaut, und sp\u00e4ter von den R\u00f6mern vergr\u00f6\u00dfert wurde. Inzwischen sind leider nur einige Ruinen \u00fcbrig geblieben\u2026<\/p>\n<p><a href=\"https:\/\/volkerontour.de\/wp-content\/uploads\/2022\/10\/IMG_3577.jpg\"><img loading=\"lazy\" decoding=\"async\" title=\"IMG_3577\" style=\"border-left-width: 0px; border-right-width: 0px; background-image: none; border-bottom-width: 0px; padding-top: 0px; padding-left: 0px; display: inline; padding-right: 0px; border-top-width: 0px\" border=\"0\" alt=\"IMG_3577\" src=\"https:\/\/volkerontour.de\/wp-content\/uploads\/2022\/10\/IMG_3577_thumb.jpg\" width=\"244\" height=\"184\"><\/a>&nbsp;<a href=\"https:\/\/volkerontour.de\/wp-content\/uploads\/2022\/10\/IMG_3579.jpg\"><img loading=\"lazy\" decoding=\"async\" title=\"IMG_3579\" style=\"border-left-width: 0px; border-right-width: 0px; background-image: none; border-bottom-width: 0px; padding-top: 0px; padding-left: 0px; display: inline; padding-right: 0px; border-top-width: 0px\" border=\"0\" alt=\"IMG_3579\" src=\"https:\/\/volkerontour.de\/wp-content\/uploads\/2022\/10\/IMG_3579_thumb.jpg\" width=\"244\" height=\"184\"><\/a><\/p>\n<p>Die Fahrt zu unserem heutigen Tagesziel Petra dauerte etwa 2 Stunden. Gr\u00f6\u00dftenteils legten wir diese Strecke auf der bekanntesten Stra\u00dfe Jordaniens zur\u00fcck, der K\u00f6nigsstra\u00dfe.<\/p>\n<p><a href=\"https:\/\/volkerontour.de\/wp-content\/uploads\/2022\/10\/IMG_3584.jpg\"><img loading=\"lazy\" decoding=\"async\" title=\"IMG_3584\" style=\"border-left-width: 0px; border-right-width: 0px; background-image: none; border-bottom-width: 0px; padding-top: 0px; padding-left: 0px; display: inline; padding-right: 0px; border-top-width: 0px\" border=\"0\" alt=\"IMG_3584\" src=\"https:\/\/volkerontour.de\/wp-content\/uploads\/2022\/10\/IMG_3584_thumb.jpg\" width=\"244\" height=\"184\"><\/a><\/p>\n<p>Da wir noch viele weitere Kilometer auf dieser Stra\u00dfe zur\u00fccklegen werden, halte ich mich mal mit Details zum jetzigen Zeitpunkt zur\u00fcck. Sicherlich bleibt in den n\u00e4chsten Tagen noch genug Zeit um ein bisschen mehr zu dieser landschaftlich sehenswerten Stra\u00dfe zu sagen. Hier aber schonmal ein kleiner Vorgeschmack von einem Aussichtspunkt.<\/p>\n<p><a href=\"https:\/\/volkerontour.de\/wp-content\/uploads\/2022\/10\/IMG_3582.jpg\"><img loading=\"lazy\" decoding=\"async\" title=\"IMG_3582\" style=\"border-left-width: 0px; border-right-width: 0px; background-image: none; border-bottom-width: 0px; padding-top: 0px; padding-left: 0px; display: inline; padding-right: 0px; border-top-width: 0px\" border=\"0\" alt=\"IMG_3582\" src=\"https:\/\/volkerontour.de\/wp-content\/uploads\/2022\/10\/IMG_3582_thumb.jpg\" width=\"244\" height=\"184\"><\/a>&nbsp;<a href=\"https:\/\/volkerontour.de\/wp-content\/uploads\/2022\/10\/IMG_3583.jpg\"><img loading=\"lazy\" decoding=\"async\" title=\"IMG_3583\" style=\"border-left-width: 0px; border-right-width: 0px; background-image: none; border-bottom-width: 0px; padding-top: 0px; padding-left: 0px; display: inline; padding-right: 0px; border-top-width: 0px\" border=\"0\" alt=\"IMG_3583\" src=\"https:\/\/volkerontour.de\/wp-content\/uploads\/2022\/10\/IMG_3583_thumb.jpg\" width=\"244\" height=\"184\"><\/a><\/p>\n<p>In Petra angekommen stand das erste kleine Highlight des Tages auf dem Programm. In einer schnuckligen lokalen B\u00e4ckerei wurden wir eingeladen einheimisches Brot zu backen, und dabei selber mit Hand anzulegen. So weit, so gut.<\/p>\n<p><a href=\"https:\/\/volkerontour.de\/wp-content\/uploads\/2022\/10\/IMG_3585.jpg\"><img loading=\"lazy\" decoding=\"async\" title=\"IMG_3585\" style=\"border-left-width: 0px; border-right-width: 0px; background-image: none; border-bottom-width: 0px; padding-top: 0px; padding-left: 0px; display: inline; padding-right: 0px; border-top-width: 0px\" border=\"0\" alt=\"IMG_3585\" src=\"https:\/\/volkerontour.de\/wp-content\/uploads\/2022\/10\/IMG_3585_thumb.jpg\" width=\"244\" height=\"184\"><\/a>&nbsp;<a href=\"https:\/\/volkerontour.de\/wp-content\/uploads\/2022\/10\/IMG_3587.jpg\"><img loading=\"lazy\" decoding=\"async\" title=\"IMG_3587\" style=\"border-left-width: 0px; border-right-width: 0px; background-image: none; border-bottom-width: 0px; padding-top: 0px; padding-left: 0px; display: inline; padding-right: 0px; border-top-width: 0px\" border=\"0\" alt=\"IMG_3587\" src=\"https:\/\/volkerontour.de\/wp-content\/uploads\/2022\/10\/IMG_3587_thumb.jpg\" width=\"244\" height=\"184\"><\/a><\/p>\n<p>Nachdem wir mit einer Sch\u00fcrze ausgestattet wurden und den \u201cBackraum\u201d betreten hatten, waren wir uns allerdings nicht mehr so sicher, ob wir wirklich in einer B\u00e4ckerei waren, oder in einem getarnten Nachtclub, der bereits am Mittag ge\u00f6ffnet hatte. Laute Musik erklang, und der B\u00e4ckermeister sowie die Angestellten fingen an zu klatschen und zu tanzen\u2026 wir mussten da nat\u00fcrlich mitmachen <img decoding=\"async\" class=\"wlEmoticon wlEmoticon-smile\" style=\"border-top-style: none; border-left-style: none; border-bottom-style: none; border-right-style: none\" alt=\"Smiley\" src=\"https:\/\/volkerontour.de\/wp-content\/uploads\/2022\/10\/wlEmoticon-smile-4.png\"><\/p>\n<p><a href=\"https:\/\/volkerontour.de\/wp-content\/uploads\/2022\/10\/IMG_3589.jpg\"><img loading=\"lazy\" decoding=\"async\" title=\"IMG_3589\" style=\"border-left-width: 0px; border-right-width: 0px; background-image: none; border-bottom-width: 0px; padding-top: 0px; padding-left: 0px; display: inline; padding-right: 0px; border-top-width: 0px\" border=\"0\" alt=\"IMG_3589\" src=\"https:\/\/volkerontour.de\/wp-content\/uploads\/2022\/10\/IMG_3589_thumb.jpg\" width=\"184\" height=\"244\"><\/a>&nbsp;<a href=\"https:\/\/volkerontour.de\/wp-content\/uploads\/2022\/10\/IMG_3593.jpg\"><img loading=\"lazy\" decoding=\"async\" title=\"IMG_3593\" style=\"border-left-width: 0px; border-right-width: 0px; background-image: none; border-bottom-width: 0px; padding-top: 0px; padding-left: 0px; display: inline; padding-right: 0px; border-top-width: 0px\" border=\"0\" alt=\"IMG_3593\" src=\"https:\/\/volkerontour.de\/wp-content\/uploads\/2022\/10\/IMG_3593_thumb.jpg\" width=\"244\" height=\"184\"><\/a><\/p>\n<p><a href=\"https:\/\/volkerontour.de\/wp-content\/uploads\/2022\/10\/IMG_3602.jpg\"><img loading=\"lazy\" decoding=\"async\" title=\"IMG_3602\" style=\"border-left-width: 0px; border-right-width: 0px; background-image: none; border-bottom-width: 0px; padding-top: 0px; padding-left: 0px; display: inline; padding-right: 0px; border-top-width: 0px\" border=\"0\" alt=\"IMG_3602\" src=\"https:\/\/volkerontour.de\/wp-content\/uploads\/2022\/10\/IMG_3602_thumb.jpg\" width=\"244\" height=\"184\"><\/a>&nbsp;<a href=\"https:\/\/volkerontour.de\/wp-content\/uploads\/2022\/10\/IMG_3605.jpg\"><img loading=\"lazy\" decoding=\"async\" title=\"IMG_3605\" style=\"border-left-width: 0px; border-right-width: 0px; background-image: none; border-bottom-width: 0px; padding-top: 0px; padding-left: 0px; display: inline; padding-right: 0px; border-top-width: 0px\" border=\"0\" alt=\"IMG_3605\" src=\"https:\/\/volkerontour.de\/wp-content\/uploads\/2022\/10\/IMG_3605_thumb.jpg\" width=\"244\" height=\"184\"><\/a><\/p>\n<p>Das \u201cMitmachen\u201d bei der Herstellung der Backwaren beschr\u00e4nkte sich dann auf das Ausrollen des Teigs sowie den Transport des selbigen in den Ofen. Egal, wie hatten Spa\u00df <img decoding=\"async\" class=\"wlEmoticon wlEmoticon-winkingsmile\" style=\"border-top-style: none; border-left-style: none; border-bottom-style: none; border-right-style: none\" alt=\"Zwinkerndes Smiley\" src=\"https:\/\/volkerontour.de\/wp-content\/uploads\/2022\/10\/wlEmoticon-winkingsmile-4.png\"><\/p>\n<p>Anschlie\u00dfend wurden wir noch zum traditionellen jordanischen Fr\u00fchst\u00fcck eingeladen (jeder erh\u00e4lt ein St\u00fcck Fladenbrot und dippt dieses in alle m\u00f6glichen s\u00fc\u00dfen und salzigen Sachen), und durften uns ein paar Teile f\u00fcr das Mittagessen einpacken\u2026 Lustiger Laden!<\/p>\n<p><a href=\"https:\/\/volkerontour.de\/wp-content\/uploads\/2022\/10\/IMG_3604.jpg\"><img loading=\"lazy\" decoding=\"async\" title=\"IMG_3604\" style=\"border-left-width: 0px; border-right-width: 0px; background-image: none; border-bottom-width: 0px; padding-top: 0px; padding-left: 0px; display: inline; padding-right: 0px; border-top-width: 0px\" border=\"0\" alt=\"IMG_3604\" src=\"https:\/\/volkerontour.de\/wp-content\/uploads\/2022\/10\/IMG_3604_thumb.jpg\" width=\"244\" height=\"184\"><\/a>&nbsp;<a href=\"https:\/\/volkerontour.de\/wp-content\/uploads\/2022\/10\/IMG_3608.jpg\"><img loading=\"lazy\" decoding=\"async\" title=\"IMG_3608\" style=\"border-left-width: 0px; border-right-width: 0px; background-image: none; border-bottom-width: 0px; padding-top: 0px; padding-left: 0px; display: inline; padding-right: 0px; border-top-width: 0px\" border=\"0\" alt=\"IMG_3608\" src=\"https:\/\/volkerontour.de\/wp-content\/uploads\/2022\/10\/IMG_3608_thumb.jpg\" width=\"244\" height=\"184\"><\/a><\/p>\n<p>Gut ges\u00e4ttigt kamen wir kurze Zeit sp\u00e4ter in unserem Hotel in Petra an. Schnell frisch machen, Rucksack packen und dann ab in die sagenumwobene Felsenstadt Petra. Nach einem Blick auf die Karte im Visitor-Center wurde mir schnell klar, dass die antike Stadt viel gr\u00f6\u00dfer ist als ich dachte. Nicht umsonst soll man mindestens drei Tage in der Stadt einplanen, wenn man alles sehen will.<\/p>\n<p><a href=\"https:\/\/volkerontour.de\/wp-content\/uploads\/2022\/10\/IMG_3609.jpg\"><img loading=\"lazy\" decoding=\"async\" title=\"IMG_3609\" style=\"border-left-width: 0px; border-right-width: 0px; background-image: none; border-bottom-width: 0px; padding-top: 0px; padding-left: 0px; display: inline; padding-right: 0px; border-top-width: 0px\" border=\"0\" alt=\"IMG_3609\" src=\"https:\/\/volkerontour.de\/wp-content\/uploads\/2022\/10\/IMG_3609_thumb.jpg\" width=\"244\" height=\"184\"><\/a>&nbsp;<a href=\"https:\/\/volkerontour.de\/wp-content\/uploads\/2022\/10\/IMG_3610.jpg\"><img loading=\"lazy\" decoding=\"async\" title=\"IMG_3610\" style=\"border-left-width: 0px; border-right-width: 0px; background-image: none; border-bottom-width: 0px; padding-top: 0px; padding-left: 0px; display: inline; padding-right: 0px; border-top-width: 0px\" border=\"0\" alt=\"IMG_3610\" src=\"https:\/\/volkerontour.de\/wp-content\/uploads\/2022\/10\/IMG_3610_thumb.jpg\" width=\"244\" height=\"184\"><\/a>&nbsp;<\/p>\n<p>\u00dcber die Geschichte, die Bedeutung, die Lage usw. gibt es so viel zu erz\u00e4hlen, dass es hier definitiv den Rahmen sprengen w\u00fcrde. Daher schreibe ich im Folgenden vielleicht den einen oder anderen wissenswerten Fakt, und bitte all diejenigen, die noch mehr \u00fcber Petra wissen m\u00f6chten, einfach Google oder Wikipedia zu bem\u00fchen <img decoding=\"async\" class=\"wlEmoticon wlEmoticon-winkingsmile\" style=\"border-top-style: none; border-left-style: none; border-bottom-style: none; border-right-style: none\" alt=\"Zwinkerndes Smiley\" src=\"https:\/\/volkerontour.de\/wp-content\/uploads\/2022\/10\/wlEmoticon-winkingsmile-4.png\"><\/p>\n<p>Man geht davon aus, dass etwa im 3. Jahrhundert vor Christus die Nabat\u00e4er die ersten Bauten Petras errichtet haben. Fass alle Geb\u00e4ude wurden dabei komplett aus den rotbraunen Sandsteinw\u00e4nden herausgeschlagen bzw. gemei\u00dfelt, also mussten keine Baumaterialien beschafft werden. So entstanden im Laufe der Jahrhunderte unz\u00e4hlige prachtvolle und gigantisch dimensionierte Tempel, Schatzkammern, H\u00e4user und Gr\u00e4ber. Durch die versteckte Lage und eine hervorragende Anbindung an das Trinkwassernetz war Petra f\u00fcr die Einwohner immer eine sichere Unterkunft. Zur Hochzeit&nbsp; der Stadt (etwa 20 vor Christus) lebten bis 40.000 Menschen in der Stadt. Woher der Name \u201cPetra\u201d genau stammt ist nicht genau bekannt. W\u00f6rtlich \u00fcbersetzt bedeutet Petra \u00fcbrigens \u201cFels\u201d. Auf einer Fl\u00e4che von etwa 260 Quadratkilometern sind heute noch um die 800 Monumente erhalten.<\/p>\n<p>Touristisch erschlossen ist die Stadt erst etwa seit den 1930er Jahren, da arch\u00e4ologische Ausgrabungen erst kurz vorher begannen. \u00dcber mehrere gut ausgeschilderte Wege kann man die wichtigsten \u201cGeb\u00e4ude\u201d gut zu Fu\u00df erreichen. Allerdings sollte man eine gewisse Grundfitness mitbringen, denn aufgrund der ordentlichen H\u00f6henunterschiede muss man schon die eine oder andere Treppenstufe hinaufsteigen. <\/p>\n<p>Um nach Petra zu gelangen passiert man zun\u00e4chst die \u201cDjinn Blocks\u201d, die hauts\u00e4chlich aus Gr\u00e4bern bestehen.<\/p>\n<p><a href=\"https:\/\/volkerontour.de\/wp-content\/uploads\/2022\/10\/IMG_3611.jpg\"><img loading=\"lazy\" decoding=\"async\" title=\"IMG_3611\" style=\"border-left-width: 0px; border-right-width: 0px; background-image: none; border-bottom-width: 0px; padding-top: 0px; padding-left: 0px; display: inline; padding-right: 0px; border-top-width: 0px\" border=\"0\" alt=\"IMG_3611\" src=\"https:\/\/volkerontour.de\/wp-content\/uploads\/2022\/10\/IMG_3611_thumb.jpg\" width=\"244\" height=\"184\"><\/a>&nbsp;<a href=\"https:\/\/volkerontour.de\/wp-content\/uploads\/2022\/10\/IMG_3613.jpg\"><img loading=\"lazy\" decoding=\"async\" title=\"IMG_3613\" style=\"border-left-width: 0px; border-right-width: 0px; background-image: none; border-bottom-width: 0px; padding-top: 0px; padding-left: 0px; display: inline; padding-right: 0px; border-top-width: 0px\" border=\"0\" alt=\"IMG_3613\" src=\"https:\/\/volkerontour.de\/wp-content\/uploads\/2022\/10\/IMG_3613_thumb.jpg\" width=\"244\" height=\"184\"><\/a><\/p>\n<p>Anschlie\u00dfend passiert man den Siq (\u00fcbersetzt: Schacht), eine enge Felsenklamm, die sich durch 100m hoch aufragende Felsw\u00e4nde schl\u00e4ngelt. Der 1,5km lange Weg zeigt Spuren der fr\u00fchen nabat\u00e4ischen Stra\u00dfenpflasterung (ein ganz grobes Kopfsteinpflaster) und an den W\u00e4nden Reste der Wasserleitungen.<\/p>\n<p><a href=\"https:\/\/volkerontour.de\/wp-content\/uploads\/2022\/10\/IMG_3617.jpg\"><img loading=\"lazy\" decoding=\"async\" title=\"IMG_3617\" style=\"border-left-width: 0px; border-right-width: 0px; background-image: none; border-bottom-width: 0px; padding-top: 0px; padding-left: 0px; display: inline; padding-right: 0px; border-top-width: 0px\" border=\"0\" alt=\"IMG_3617\" src=\"https:\/\/volkerontour.de\/wp-content\/uploads\/2022\/10\/IMG_3617_thumb.jpg\" width=\"184\" height=\"244\"><\/a>&nbsp;<a href=\"https:\/\/volkerontour.de\/wp-content\/uploads\/2022\/10\/IMG_3618.jpg\"><img loading=\"lazy\" decoding=\"async\" title=\"IMG_3618\" style=\"border-left-width: 0px; border-right-width: 0px; background-image: none; border-bottom-width: 0px; padding-top: 0px; padding-left: 0px; display: inline; padding-right: 0px; border-top-width: 0px\" border=\"0\" alt=\"IMG_3618\" src=\"https:\/\/volkerontour.de\/wp-content\/uploads\/2022\/10\/IMG_3618_thumb.jpg\" width=\"184\" height=\"244\"><\/a><\/p>\n<p><a href=\"https:\/\/volkerontour.de\/wp-content\/uploads\/2022\/10\/IMG_3619.jpg\"><img loading=\"lazy\" decoding=\"async\" title=\"IMG_3619\" style=\"border-left-width: 0px; border-right-width: 0px; background-image: none; border-bottom-width: 0px; padding-top: 0px; padding-left: 0px; display: inline; padding-right: 0px; border-top-width: 0px\" border=\"0\" alt=\"IMG_3619\" src=\"https:\/\/volkerontour.de\/wp-content\/uploads\/2022\/10\/IMG_3619_thumb.jpg\" width=\"184\" height=\"244\"><\/a>&nbsp;<a href=\"https:\/\/volkerontour.de\/wp-content\/uploads\/2022\/10\/IMG_3622.jpg\"><img loading=\"lazy\" decoding=\"async\" title=\"IMG_3622\" style=\"border-left-width: 0px; border-right-width: 0px; background-image: none; border-bottom-width: 0px; padding-top: 0px; padding-left: 0px; display: inline; padding-right: 0px; border-top-width: 0px\" border=\"0\" alt=\"IMG_3622\" src=\"https:\/\/volkerontour.de\/wp-content\/uploads\/2022\/10\/IMG_3622_thumb.jpg\" width=\"244\" height=\"184\"><\/a><\/p>\n<p>Schon von Weitem, und durch die Felsklamm hindurch kann das erste echte Highlight Petra`s erkennen, die Schatzkammer.<\/p>\n<p><a href=\"https:\/\/volkerontour.de\/wp-content\/uploads\/2022\/10\/IMG_3624.jpg\"><img loading=\"lazy\" decoding=\"async\" title=\"IMG_3624\" style=\"border-left-width: 0px; border-right-width: 0px; background-image: none; border-bottom-width: 0px; padding-top: 0px; padding-left: 0px; display: inline; padding-right: 0px; border-top-width: 0px\" border=\"0\" alt=\"IMG_3624\" src=\"https:\/\/volkerontour.de\/wp-content\/uploads\/2022\/10\/IMG_3624_thumb.jpg\" width=\"184\" height=\"244\"><\/a>&nbsp;<a href=\"https:\/\/volkerontour.de\/wp-content\/uploads\/2022\/10\/IMG_3628.jpg\"><img loading=\"lazy\" decoding=\"async\" title=\"IMG_3628\" style=\"border-left-width: 0px; border-right-width: 0px; background-image: none; border-bottom-width: 0px; padding-top: 0px; padding-left: 0px; display: inline; padding-right: 0px; border-top-width: 0px\" border=\"0\" alt=\"IMG_3628\" src=\"https:\/\/volkerontour.de\/wp-content\/uploads\/2022\/10\/IMG_3628_thumb.jpg\" width=\"184\" height=\"244\"><\/a><\/p>\n<p>Die 43m hohe beeindruckende Fassade dieses Geb\u00e4udes wurde im ersten Jahrhundert vor Christus errichtet. Hier befand sich das Grabmal f\u00fcr einen nabat\u00e4ischen K\u00f6nig. Die kunstvoll gemei\u00dfelte Fassade zeigt nabat\u00e4ische G\u00f6tter. Seinen Namen verdankt das Geb\u00e4ude der Urne auf seiner Spitze, in der die Beduinen wertvolle Sch\u00e4tze vermuteten.<\/p>\n<p><a href=\"https:\/\/volkerontour.de\/wp-content\/uploads\/2022\/10\/IMG_3630.jpg\"><img loading=\"lazy\" decoding=\"async\" title=\"IMG_3630\" style=\"border-left-width: 0px; border-right-width: 0px; background-image: none; border-bottom-width: 0px; padding-top: 0px; padding-left: 0px; display: inline; padding-right: 0px; border-top-width: 0px\" border=\"0\" alt=\"IMG_3630\" src=\"https:\/\/volkerontour.de\/wp-content\/uploads\/2022\/10\/IMG_3630_thumb.jpg\" width=\"184\" height=\"244\"><\/a>&nbsp;<a href=\"https:\/\/volkerontour.de\/wp-content\/uploads\/2022\/10\/IMG_3633.jpg\"><img loading=\"lazy\" decoding=\"async\" title=\"IMG_3633\" style=\"border-left-width: 0px; border-right-width: 0px; background-image: none; border-bottom-width: 0px; padding-top: 0px; padding-left: 0px; display: inline; padding-right: 0px; border-top-width: 0px\" border=\"0\" alt=\"IMG_3633\" src=\"https:\/\/volkerontour.de\/wp-content\/uploads\/2022\/10\/IMG_3633_thumb.jpg\" width=\"184\" height=\"244\"><\/a><\/p>\n<p><a href=\"https:\/\/volkerontour.de\/wp-content\/uploads\/2022\/10\/IMG_3634.jpg\"><img loading=\"lazy\" decoding=\"async\" title=\"IMG_3634\" style=\"border-left-width: 0px; border-right-width: 0px; background-image: none; border-bottom-width: 0px; padding-top: 0px; padding-left: 0px; display: inline; padding-right: 0px; border-top-width: 0px\" border=\"0\" alt=\"IMG_3634\" src=\"https:\/\/volkerontour.de\/wp-content\/uploads\/2022\/10\/IMG_3634_thumb.jpg\" width=\"184\" height=\"244\"><\/a>&nbsp;<a href=\"https:\/\/volkerontour.de\/wp-content\/uploads\/2022\/10\/IMG_3635.jpg\"><img loading=\"lazy\" decoding=\"async\" title=\"IMG_3635\" style=\"border-left-width: 0px; border-right-width: 0px; background-image: none; border-bottom-width: 0px; padding-top: 0px; padding-left: 0px; display: inline; padding-right: 0px; border-top-width: 0px\" border=\"0\" alt=\"IMG_3635\" src=\"https:\/\/volkerontour.de\/wp-content\/uploads\/2022\/10\/IMG_3635_thumb.jpg\" width=\"244\" height=\"184\"><\/a><\/p>\n<p>Weiter ging es \u00fcber die Fassadenstra\u00dfe mit vielen aneinandergereihten Geb\u00e4uden (die wahrscheinlich Grabmale waren) bis zum \u00fcber 7.000 Personen fassenden Theater.<\/p>\n<p><a href=\"https:\/\/volkerontour.de\/wp-content\/uploads\/2022\/10\/IMG_3636.jpg\"><img loading=\"lazy\" decoding=\"async\" title=\"IMG_3636\" style=\"border-left-width: 0px; border-right-width: 0px; background-image: none; border-bottom-width: 0px; padding-top: 0px; padding-left: 0px; display: inline; padding-right: 0px; border-top-width: 0px\" border=\"0\" alt=\"IMG_3636\" src=\"https:\/\/volkerontour.de\/wp-content\/uploads\/2022\/10\/IMG_3636_thumb.jpg\" width=\"244\" height=\"184\"><\/a>&nbsp;<a href=\"https:\/\/volkerontour.de\/wp-content\/uploads\/2022\/10\/IMG_3638.jpg\"><img loading=\"lazy\" decoding=\"async\" title=\"IMG_3638\" style=\"border-left-width: 0px; border-right-width: 0px; background-image: none; border-bottom-width: 0px; padding-top: 0px; padding-left: 0px; display: inline; padding-right: 0px; border-top-width: 0px\" border=\"0\" alt=\"IMG_3638\" src=\"https:\/\/volkerontour.de\/wp-content\/uploads\/2022\/10\/IMG_3638_thumb.jpg\" width=\"244\" height=\"184\"><\/a><\/p>\n<p><a href=\"https:\/\/volkerontour.de\/wp-content\/uploads\/2022\/10\/IMG_3639.jpg\"><img loading=\"lazy\" decoding=\"async\" title=\"IMG_3639\" style=\"border-left-width: 0px; border-right-width: 0px; background-image: none; border-bottom-width: 0px; padding-top: 0px; padding-left: 0px; display: inline; padding-right: 0px; border-top-width: 0px\" border=\"0\" alt=\"IMG_3639\" src=\"https:\/\/volkerontour.de\/wp-content\/uploads\/2022\/10\/IMG_3639_thumb.jpg\" width=\"244\" height=\"184\"><\/a>&nbsp;<a href=\"https:\/\/volkerontour.de\/wp-content\/uploads\/2022\/10\/IMG_3644.jpg\"><img loading=\"lazy\" decoding=\"async\" title=\"IMG_3644\" style=\"border-left-width: 0px; border-right-width: 0px; background-image: none; border-bottom-width: 0px; padding-top: 0px; padding-left: 0px; display: inline; padding-right: 0px; border-top-width: 0px\" border=\"0\" alt=\"IMG_3644\" src=\"https:\/\/volkerontour.de\/wp-content\/uploads\/2022\/10\/IMG_3644_thumb.jpg\" width=\"244\" height=\"184\"><\/a><\/p>\n<p>Gegen\u00fcber des Theaters befinden sich etwa ein dutzend K\u00f6nigsgr\u00e4ber. Ob hier wirklich K\u00f6nige begraben wurden ist nicht 100%ig nachzuvollziehen. Die Fassaden sehen auf jeden Fall k\u00f6niglich aus. <\/p>\n<p><a href=\"https:\/\/volkerontour.de\/wp-content\/uploads\/2022\/10\/IMG_3645.jpg\"><img loading=\"lazy\" decoding=\"async\" title=\"IMG_3645\" style=\"border-left-width: 0px; border-right-width: 0px; background-image: none; border-bottom-width: 0px; padding-top: 0px; padding-left: 0px; display: inline; padding-right: 0px; border-top-width: 0px\" border=\"0\" alt=\"IMG_3645\" src=\"https:\/\/volkerontour.de\/wp-content\/uploads\/2022\/10\/IMG_3645_thumb.jpg\" width=\"184\" height=\"244\"><\/a>&nbsp;<a href=\"https:\/\/volkerontour.de\/wp-content\/uploads\/2022\/10\/IMG_3646.jpg\"><img loading=\"lazy\" decoding=\"async\" title=\"IMG_3646\" style=\"border-left-width: 0px; border-right-width: 0px; background-image: none; border-bottom-width: 0px; padding-top: 0px; padding-left: 0px; display: inline; padding-right: 0px; border-top-width: 0px\" border=\"0\" alt=\"IMG_3646\" src=\"https:\/\/volkerontour.de\/wp-content\/uploads\/2022\/10\/IMG_3646_thumb.jpg\" width=\"244\" height=\"184\"><\/a><\/p>\n<p><a href=\"https:\/\/volkerontour.de\/wp-content\/uploads\/2022\/10\/IMG_3650.jpg\"><img loading=\"lazy\" decoding=\"async\" title=\"IMG_3650\" style=\"border-left-width: 0px; border-right-width: 0px; background-image: none; border-bottom-width: 0px; padding-top: 0px; padding-left: 0px; display: inline; padding-right: 0px; border-top-width: 0px\" border=\"0\" alt=\"IMG_3650\" src=\"https:\/\/volkerontour.de\/wp-content\/uploads\/2022\/10\/IMG_3650_thumb.jpg\" width=\"244\" height=\"184\"><\/a>&nbsp;<a href=\"https:\/\/volkerontour.de\/wp-content\/uploads\/2022\/10\/IMG_3651.jpg\"><img loading=\"lazy\" decoding=\"async\" title=\"IMG_3651\" style=\"border-left-width: 0px; border-right-width: 0px; background-image: none; border-bottom-width: 0px; padding-top: 0px; padding-left: 0px; display: inline; padding-right: 0px; border-top-width: 0px\" border=\"0\" alt=\"IMG_3651\" src=\"https:\/\/volkerontour.de\/wp-content\/uploads\/2022\/10\/IMG_3651_thumb.jpg\" width=\"244\" height=\"184\"><\/a><\/p>\n<p>Die letzte Station f\u00fcr heute war dann der etwa 7.000 Quadratmeter gro\u00dfe Tempel Petras. Ebenfalls sehr beeindruckend.<\/p>\n<p><a href=\"https:\/\/volkerontour.de\/wp-content\/uploads\/2022\/10\/IMG_3652.jpg\"><img loading=\"lazy\" decoding=\"async\" title=\"IMG_3652\" style=\"border-left-width: 0px; border-right-width: 0px; background-image: none; border-bottom-width: 0px; padding-top: 0px; padding-left: 0px; display: inline; padding-right: 0px; border-top-width: 0px\" border=\"0\" alt=\"IMG_3652\" src=\"https:\/\/volkerontour.de\/wp-content\/uploads\/2022\/10\/IMG_3652_thumb.jpg\" width=\"244\" height=\"184\"><\/a>&nbsp;<a href=\"https:\/\/volkerontour.de\/wp-content\/uploads\/2022\/10\/IMG_3653.jpg\"><img loading=\"lazy\" decoding=\"async\" title=\"IMG_3653\" style=\"border-left-width: 0px; border-right-width: 0px; background-image: none; border-bottom-width: 0px; padding-top: 0px; padding-left: 0px; display: inline; padding-right: 0px; border-top-width: 0px\" border=\"0\" alt=\"IMG_3653\" src=\"https:\/\/volkerontour.de\/wp-content\/uploads\/2022\/10\/IMG_3653_thumb.jpg\" width=\"244\" height=\"184\"><\/a><\/p>\n<p>F\u00fcr den heutigen Tag haben wir also schon einiges gesehen. An unserem freien Tag morgen werden wir wahrscheinlich noch ein bisschen weiter laufen, und ein paar mehr Stufen aufsteigen m\u00fcssen, denn die anderen Attraktionen der Stadt sind ein bisschen weiter entfernt.<\/p>\n<p>Ein Highlight (im wahrsten Sinne des Wortes) stand aber nach dem Abendessen im Hotel doch noch auf dem Programm. Dreimal pro Woche k\u00f6nnen die Besucher \u201cPetra by night\u201d erleben. Dabei werden die Felsklamm und der Platz vor der Schatzkammer mit unz\u00e4hligen Kerzen best\u00fcckt, und sorgen damit f\u00fcr eine tolle Stimmung. Sp\u00e4ter erstrahlt dann auch die Schatzkammer selbst in verschiedenen Farben. <\/p>\n<p><a href=\"https:\/\/volkerontour.de\/wp-content\/uploads\/2022\/10\/IMG_8331.jpg\"><img loading=\"lazy\" decoding=\"async\" title=\"IMG_8331\" style=\"border-top: 0px; border-right: 0px; background-image: none; border-bottom: 0px; padding-top: 0px; padding-left: 0px; border-left: 0px; display: inline; padding-right: 0px\" border=\"0\" alt=\"IMG_8331\" src=\"https:\/\/volkerontour.de\/wp-content\/uploads\/2022\/10\/IMG_8331_thumb.jpg\" width=\"244\" height=\"184\"><\/a>&nbsp;<a href=\"https:\/\/volkerontour.de\/wp-content\/uploads\/2022\/10\/IMG_8335.jpg\"><img loading=\"lazy\" decoding=\"async\" title=\"IMG_8335\" style=\"border-top: 0px; border-right: 0px; background-image: none; border-bottom: 0px; padding-top: 0px; padding-left: 0px; border-left: 0px; display: inline; padding-right: 0px\" border=\"0\" alt=\"IMG_8335\" src=\"https:\/\/volkerontour.de\/wp-content\/uploads\/2022\/10\/IMG_8335_thumb.jpg\" width=\"244\" height=\"184\"><\/a>&nbsp;<a href=\"https:\/\/volkerontour.de\/wp-content\/uploads\/2022\/10\/IMG_8339.jpg\"><img loading=\"lazy\" decoding=\"async\" title=\"IMG_8339\" style=\"border-top: 0px; border-right: 0px; background-image: none; border-bottom: 0px; padding-top: 0px; padding-left: 0px; border-left: 0px; display: inline; padding-right: 0px\" border=\"0\" alt=\"IMG_8339\" src=\"https:\/\/volkerontour.de\/wp-content\/uploads\/2022\/10\/IMG_8339_thumb.jpg\" width=\"184\" height=\"244\"><\/a><a href=\"https:\/\/volkerontour.de\/wp-content\/uploads\/2022\/10\/IMG_8348.jpg\"><img loading=\"lazy\" decoding=\"async\" title=\"IMG_8348\" style=\"border-top: 0px; border-right: 0px; background-image: none; border-bottom: 0px; padding-top: 0px; padding-left: 0px; border-left: 0px; display: inline; padding-right: 0px\" border=\"0\" alt=\"IMG_8348\" src=\"https:\/\/volkerontour.de\/wp-content\/uploads\/2022\/10\/IMG_8348_thumb.jpg\" width=\"184\" height=\"244\"><\/a><\/p>\n<p><a href=\"https:\/\/volkerontour.de\/wp-content\/uploads\/2022\/10\/IMG_8346.jpg\"><img loading=\"lazy\" decoding=\"async\" title=\"IMG_8346\" style=\"border-top: 0px; border-right: 0px; background-image: none; border-bottom: 0px; padding-top: 0px; padding-left: 0px; border-left: 0px; display: inline; padding-right: 0px\" border=\"0\" alt=\"IMG_8346\" src=\"https:\/\/volkerontour.de\/wp-content\/uploads\/2022\/10\/IMG_8346_thumb.jpg\" width=\"244\" height=\"184\"><\/a>&nbsp;<a href=\"https:\/\/volkerontour.de\/wp-content\/uploads\/2022\/10\/IMG_8345.jpg\"><img loading=\"lazy\" decoding=\"async\" title=\"IMG_8345\" style=\"border-top: 0px; border-right: 0px; background-image: none; border-bottom: 0px; padding-top: 0px; padding-left: 0px; border-left: 0px; display: inline; padding-right: 0px\" border=\"0\" alt=\"IMG_8345\" src=\"https:\/\/volkerontour.de\/wp-content\/uploads\/2022\/10\/IMG_8345_thumb.jpg\" width=\"244\" height=\"184\"><\/a><\/p>\n<p>So, nach einem langen Tag freuen wir uns jetzt auf unser Bett. Auch morgen werden wir ja viel auf den Beinen sein.<\/p>\n<p>Eine sch\u00f6ne Randnotiz gab es f\u00fcr mich heute \u00fcbrigens auch: Petra hat mir noch in meiner \u201cTo do\u201d-Liste gefehlt. Denn heute nun kann ich von mir behaupten, alle sieben neuen Weltwunder live gesehen zu haben.<\/p>\n<p>Gute Nacht, und bis morgen <img decoding=\"async\" class=\"wlEmoticon wlEmoticon-smile\" style=\"border-top-style: none; border-left-style: none; border-bottom-style: none; border-right-style: none\" alt=\"Smiley\" src=\"https:\/\/volkerontour.de\/wp-content\/uploads\/2022\/10\/wlEmoticon-smile-4.png\"><\/p>\n","protected":false},"excerpt":{"rendered":"<p>Donnerstag, 06.10.: Heute Morgen hie\u00df es Abschied nehmen von der W\u00fcste Wadi Rum. Wir verbrachten zwei wirklich tolle Tage in dieser einerseits bizarren, aber andererseits auch wundersch\u00f6nen Landschaft. Am Ausgang des Gebietes stoppten wir noch kurz am Nabat\u00e4er-Tempel, der im &hellip; <a href=\"https:\/\/volkerontour.de\/?p=30963\">Weiterlesen <span class=\"meta-nav\">&rarr;<\/span><\/a><\/p>\n","protected":false},"author":3,"featured_media":0,"comment_status":"closed","ping_status":"closed","sticky":false,"template":"","format":"standard","meta":{"footnotes":""},"categories":[48],"tags":[],"class_list":["post-30963","post","type-post","status-publish","format-standard","hentry","category-jordanien-2022"],"_links":{"self":[{"href":"https:\/\/volkerontour.de\/index.php?rest_route=\/wp\/v2\/posts\/30963","targetHints":{"allow":["GET"]}}],"collection":[{"href":"https:\/\/volkerontour.de\/index.php?rest_route=\/wp\/v2\/posts"}],"about":[{"href":"https:\/\/volkerontour.de\/index.php?rest_route=\/wp\/v2\/types\/post"}],"author":[{"embeddable":true,"href":"https:\/\/volkerontour.de\/index.php?rest_route=\/wp\/v2\/users\/3"}],"replies":[{"embeddable":true,"href":"https:\/\/volkerontour.de\/index.php?rest_route=%2Fwp%2Fv2%2Fcomments&post=30963"}],"version-history":[{"count":1,"href":"https:\/\/volkerontour.de\/index.php?rest_route=\/wp\/v2\/posts\/30963\/revisions"}],"predecessor-version":[{"id":30964,"href":"https:\/\/volkerontour.de\/index.php?rest_route=\/wp\/v2\/posts\/30963\/revisions\/30964"}],"wp:attachment":[{"href":"https:\/\/volkerontour.de\/index.php?rest_route=%2Fwp%2Fv2%2Fmedia&parent=30963"}],"wp:term":[{"taxonomy":"category","embeddable":true,"href":"https:\/\/volkerontour.de\/index.php?rest_route=%2Fwp%2Fv2%2Fcategories&post=30963"},{"taxonomy":"post_tag","embeddable":true,"href":"https:\/\/volkerontour.de\/index.php?rest_route=%2Fwp%2Fv2%2Ftags&post=30963"}],"curies":[{"name":"wp","href":"https:\/\/api.w.org\/{rel}","templated":true}]}}