{"id":31047,"date":"2022-10-07T20:06:47","date_gmt":"2022-10-07T20:06:47","guid":{"rendered":"http:\/\/volkerontour.de\/?p=31047"},"modified":"2022-10-07T20:06:47","modified_gmt":"2022-10-07T20:06:47","slug":"tag-6-petra-teil-2","status":"publish","type":"post","link":"https:\/\/volkerontour.de\/?p=31047","title":{"rendered":"Tag 6: Petra Teil 2"},"content":{"rendered":"<p>Freitag, 07.10.: Unser zweiter Tag in Petra begann mal wieder ziemlich fr\u00fch. Um 6:30 Uhr stand bereits das Fr\u00fchst\u00fcck bereit, so dass wir kurze Zeit sp\u00e4ter aufbrechen konnten. Wie bereits gestern geschrieben, hatten wir heute den ganzen Tag zur freien Verf\u00fcgung. Aber nat\u00fcrlich sind alle in die Felsenstadt zur\u00fcckgekehrt und m\u00f6glichst viele bisher noch nicht gesehene Attraktionen zu besuchen. W\u00e4hrend wir gestern die beiden zentralsten Routen liefen, nahmen wir uns f\u00fcr den heutigen Tag die Sehensw\u00fcrdigkeiten vor, die etwas schwieriger zu erreichen waren.<\/p>\n<p>\u00dcber den Haupteingang ging es zun\u00e4chst den bereits gewohnten Weg vor bei an den Djin Blocks und durch den Siq. Die Schatzkammer und das Theater lie\u00dfen wir ebenfalls links liegen.<\/p>\n<p><a href=\"https:\/\/volkerontour.de\/wp-content\/uploads\/2022\/10\/IMG_3655.jpg\"><img loading=\"lazy\" decoding=\"async\" title=\"IMG_3655\" style=\"border-left-width: 0px; border-right-width: 0px; background-image: none; border-bottom-width: 0px; padding-top: 0px; padding-left: 0px; display: inline; padding-right: 0px; border-top-width: 0px\" border=\"0\" alt=\"IMG_3655\" src=\"https:\/\/volkerontour.de\/wp-content\/uploads\/2022\/10\/IMG_3655_thumb.jpg\" width=\"244\" height=\"184\"><\/a>&nbsp;<a href=\"https:\/\/volkerontour.de\/wp-content\/uploads\/2022\/10\/IMG_3656.jpg\"><img loading=\"lazy\" decoding=\"async\" title=\"IMG_3656\" style=\"border-left-width: 0px; border-right-width: 0px; background-image: none; border-bottom-width: 0px; padding-top: 0px; padding-left: 0px; display: inline; padding-right: 0px; border-top-width: 0px\" border=\"0\" alt=\"IMG_3656\" src=\"https:\/\/volkerontour.de\/wp-content\/uploads\/2022\/10\/IMG_3656_thumb.jpg\" width=\"244\" height=\"184\"><\/a>&nbsp;<a href=\"https:\/\/volkerontour.de\/wp-content\/uploads\/2022\/10\/IMG_3660.jpg\"><img loading=\"lazy\" decoding=\"async\" title=\"IMG_3660\" style=\"border-left-width: 0px; border-right-width: 0px; background-image: none; border-bottom-width: 0px; padding-top: 0px; padding-left: 0px; display: inline; padding-right: 0px; border-top-width: 0px\" border=\"0\" alt=\"IMG_3660\" src=\"https:\/\/volkerontour.de\/wp-content\/uploads\/2022\/10\/IMG_3660_thumb.jpg\" width=\"244\" height=\"184\"><\/a>&nbsp;<a href=\"https:\/\/volkerontour.de\/wp-content\/uploads\/2022\/10\/IMG_3661.jpg\"><img loading=\"lazy\" decoding=\"async\" title=\"IMG_3661\" style=\"border-left-width: 0px; border-right-width: 0px; background-image: none; border-bottom-width: 0px; padding-top: 0px; padding-left: 0px; display: inline; padding-right: 0px; border-top-width: 0px\" border=\"0\" alt=\"IMG_3661\" src=\"https:\/\/volkerontour.de\/wp-content\/uploads\/2022\/10\/IMG_3661_thumb.jpg\" width=\"244\" height=\"184\"><\/a><\/p>\n<p>Unser erstes Ziel des Tages war die auf 1.035m H\u00f6he gelegene Opferst\u00e4tte, von der aus man den besten Blick \u00fcber das Tal hatte. Insgesamt \u00fcber 600 Treppenstufen musste man \u00fcberwinden um auf den Gipfel zu kommen. Da wir noch recht fr\u00fch dran waren (gegen 8 Uhr), war es auch noch nicht zu warm und dadurch recht angenehm zu laufen. Der Aufstieg war wirklich traumhaft. Immer wieder passierte man interessante Geb\u00e4ude oder hatte bereits jetzt sch\u00f6ne Ausblicke ins Tal.<\/p>\n<p><a href=\"https:\/\/volkerontour.de\/wp-content\/uploads\/2022\/10\/IMG_3663.jpg\"><img loading=\"lazy\" decoding=\"async\" title=\"IMG_3663\" style=\"border-left-width: 0px; border-right-width: 0px; background-image: none; border-bottom-width: 0px; padding-top: 0px; padding-left: 0px; display: inline; padding-right: 0px; border-top-width: 0px\" border=\"0\" alt=\"IMG_3663\" src=\"https:\/\/volkerontour.de\/wp-content\/uploads\/2022\/10\/IMG_3663_thumb.jpg\" width=\"244\" height=\"184\"><\/a>&nbsp;<a href=\"https:\/\/volkerontour.de\/wp-content\/uploads\/2022\/10\/IMG_3666.jpg\"><img loading=\"lazy\" decoding=\"async\" title=\"IMG_3666\" style=\"border-left-width: 0px; border-right-width: 0px; background-image: none; border-bottom-width: 0px; padding-top: 0px; padding-left: 0px; display: inline; padding-right: 0px; border-top-width: 0px\" border=\"0\" alt=\"IMG_3666\" src=\"https:\/\/volkerontour.de\/wp-content\/uploads\/2022\/10\/IMG_3666_thumb.jpg\" width=\"244\" height=\"184\"><\/a><\/p>\n<p><a href=\"https:\/\/volkerontour.de\/wp-content\/uploads\/2022\/10\/IMG_3670.jpg\"><img loading=\"lazy\" decoding=\"async\" title=\"IMG_3670\" style=\"border-left-width: 0px; border-right-width: 0px; background-image: none; border-bottom-width: 0px; padding-top: 0px; padding-left: 0px; display: inline; padding-right: 0px; border-top-width: 0px\" border=\"0\" alt=\"IMG_3670\" src=\"https:\/\/volkerontour.de\/wp-content\/uploads\/2022\/10\/IMG_3670_thumb.jpg\" width=\"244\" height=\"184\"><\/a>&nbsp;<a href=\"https:\/\/volkerontour.de\/wp-content\/uploads\/2022\/10\/IMG_3668.jpg\"><img loading=\"lazy\" decoding=\"async\" title=\"IMG_3668\" style=\"border-left-width: 0px; border-right-width: 0px; background-image: none; border-bottom-width: 0px; padding-top: 0px; padding-left: 0px; display: inline; padding-right: 0px; border-top-width: 0px\" border=\"0\" alt=\"IMG_3668\" src=\"https:\/\/volkerontour.de\/wp-content\/uploads\/2022\/10\/IMG_3668_thumb.jpg\" width=\"184\" height=\"244\"><\/a><\/p>\n<p>Oben angekommen war der 360-Grad-Blick auf Petra wirklich einmalig (kommt leider auf den Bildern nicht ganz so raus). W\u00e4hrend die beiden Obelisken und der Altar auf dem Gipfel eher unauff\u00e4llig daher kamen, wird man (wie eben beschrieben) mit der Aussicht absolut entsch\u00e4digt.<\/p>\n<p><a href=\"https:\/\/volkerontour.de\/wp-content\/uploads\/2022\/10\/IMG_3680.jpg\"><img loading=\"lazy\" decoding=\"async\" title=\"IMG_3680\" style=\"border-left-width: 0px; border-right-width: 0px; background-image: none; border-bottom-width: 0px; padding-top: 0px; padding-left: 0px; display: inline; padding-right: 0px; border-top-width: 0px\" border=\"0\" alt=\"IMG_3680\" src=\"https:\/\/volkerontour.de\/wp-content\/uploads\/2022\/10\/IMG_3680_thumb.jpg\" width=\"244\" height=\"184\"><\/a>&nbsp;<a href=\"https:\/\/volkerontour.de\/wp-content\/uploads\/2022\/10\/IMG_3693.jpg\"><img loading=\"lazy\" decoding=\"async\" title=\"IMG_3693\" style=\"border-left-width: 0px; border-right-width: 0px; background-image: none; border-bottom-width: 0px; padding-top: 0px; padding-left: 0px; display: inline; padding-right: 0px; border-top-width: 0px\" border=\"0\" alt=\"IMG_3693\" src=\"https:\/\/volkerontour.de\/wp-content\/uploads\/2022\/10\/IMG_3693_thumb.jpg\" width=\"244\" height=\"184\"><\/a><\/p>\n<p><a href=\"https:\/\/volkerontour.de\/wp-content\/uploads\/2022\/10\/IMG_3696.jpg\"><img loading=\"lazy\" decoding=\"async\" title=\"IMG_3696\" style=\"border-left-width: 0px; border-right-width: 0px; background-image: none; border-bottom-width: 0px; padding-top: 0px; padding-left: 0px; display: inline; padding-right: 0px; border-top-width: 0px\" border=\"0\" alt=\"IMG_3696\" src=\"https:\/\/volkerontour.de\/wp-content\/uploads\/2022\/10\/IMG_3696_thumb.jpg\" width=\"244\" height=\"184\"><\/a>&nbsp;<a href=\"https:\/\/volkerontour.de\/wp-content\/uploads\/2022\/10\/IMG_3691.jpg\"><img loading=\"lazy\" decoding=\"async\" title=\"IMG_3691\" style=\"border-left-width: 0px; border-right-width: 0px; background-image: none; border-bottom-width: 0px; padding-top: 0px; padding-left: 0px; display: inline; padding-right: 0px; border-top-width: 0px\" border=\"0\" alt=\"IMG_3691\" src=\"https:\/\/volkerontour.de\/wp-content\/uploads\/2022\/10\/IMG_3691_thumb.jpg\" width=\"244\" height=\"184\"><\/a><\/p>\n<p><a href=\"https:\/\/volkerontour.de\/wp-content\/uploads\/2022\/10\/IMG_3695.jpg\"><img loading=\"lazy\" decoding=\"async\" title=\"IMG_3695\" style=\"border-left-width: 0px; border-right-width: 0px; background-image: none; border-bottom-width: 0px; padding-top: 0px; padding-left: 0px; display: inline; padding-right: 0px; border-top-width: 0px\" border=\"0\" alt=\"IMG_3695\" src=\"https:\/\/volkerontour.de\/wp-content\/uploads\/2022\/10\/IMG_3695_thumb.jpg\" width=\"244\" height=\"184\"><\/a>&nbsp;<a href=\"https:\/\/volkerontour.de\/wp-content\/uploads\/2022\/10\/IMG_3697.jpg\"><img loading=\"lazy\" decoding=\"async\" title=\"IMG_3697\" style=\"border-left-width: 0px; border-right-width: 0px; background-image: none; border-bottom-width: 0px; padding-top: 0px; padding-left: 0px; display: inline; padding-right: 0px; border-top-width: 0px\" border=\"0\" alt=\"IMG_3697\" src=\"https:\/\/volkerontour.de\/wp-content\/uploads\/2022\/10\/IMG_3697_thumb.jpg\" width=\"244\" height=\"184\"><\/a><\/p>\n<p>Nach einer kurzen Pause stiegen wir dann \u00fcber den \u201cWadi al Farasa\u201d Richtung Tal ab. Und auch dieser Abstieg war wirklich sehenswert, denn kaum hatte man das eine tolle Monument fotografiert und wollte ein bisschen weitergehen, tauchte bereits das n\u00e4chste sehenswerte Geb\u00e4ude auf der anderen Seite auf. Dazu waren auf diesem Weg nur ganz wenige Touristen unterwegs, was das Erlebnis noch einzigartiger f\u00fcr uns machte.<\/p>\n<p><a href=\"https:\/\/volkerontour.de\/wp-content\/uploads\/2022\/10\/IMG_3701.jpg\"><img loading=\"lazy\" decoding=\"async\" title=\"IMG_3701\" style=\"border-left-width: 0px; border-right-width: 0px; background-image: none; border-bottom-width: 0px; padding-top: 0px; padding-left: 0px; display: inline; padding-right: 0px; border-top-width: 0px\" border=\"0\" alt=\"IMG_3701\" src=\"https:\/\/volkerontour.de\/wp-content\/uploads\/2022\/10\/IMG_3701_thumb.jpg\" width=\"244\" height=\"184\"><\/a>&nbsp;<a href=\"https:\/\/volkerontour.de\/wp-content\/uploads\/2022\/10\/IMG_3702.jpg\"><img loading=\"lazy\" decoding=\"async\" title=\"IMG_3702\" style=\"border-left-width: 0px; border-right-width: 0px; background-image: none; border-bottom-width: 0px; padding-top: 0px; padding-left: 0px; display: inline; padding-right: 0px; border-top-width: 0px\" border=\"0\" alt=\"IMG_3702\" src=\"https:\/\/volkerontour.de\/wp-content\/uploads\/2022\/10\/IMG_3702_thumb.jpg\" width=\"244\" height=\"184\"><\/a><\/p>\n<p><a href=\"https:\/\/volkerontour.de\/wp-content\/uploads\/2022\/10\/IMG_3712.jpg\"><img loading=\"lazy\" decoding=\"async\" title=\"IMG_3712\" style=\"border-left-width: 0px; border-right-width: 0px; background-image: none; border-bottom-width: 0px; padding-top: 0px; padding-left: 0px; display: inline; padding-right: 0px; border-top-width: 0px\" border=\"0\" alt=\"IMG_3712\" src=\"https:\/\/volkerontour.de\/wp-content\/uploads\/2022\/10\/IMG_3712_thumb.jpg\" width=\"244\" height=\"184\"><\/a>&nbsp;<a href=\"https:\/\/volkerontour.de\/wp-content\/uploads\/2022\/10\/IMG_3711.jpg\"><img loading=\"lazy\" decoding=\"async\" title=\"IMG_3711\" style=\"border-left-width: 0px; border-right-width: 0px; background-image: none; border-bottom-width: 0px; padding-top: 0px; padding-left: 0px; display: inline; padding-right: 0px; border-top-width: 0px\" border=\"0\" alt=\"IMG_3711\" src=\"https:\/\/volkerontour.de\/wp-content\/uploads\/2022\/10\/IMG_3711_thumb.jpg\" width=\"244\" height=\"184\"><\/a><\/p>\n<p>Allgemein ist zu sagen, dass sich die Anzahl der Besucher in den beiden Tagen stark in Grenzen hielt. Ich habe dazu gestern auch mal Laith befragt. Vor Covid waren in Petra monatlich im Schnitt \u00fcber 100.000 Besucher zu verzeichnen, in den letzten beiden Corona-Jahren waren es nur noch etwa ein Zehntel davon. So langsam gehen die Besucherzahlen wohl wieder nach oben, aber sie sind l\u00e4ngst noch nicht auf dem Stand von vor 3 Jahren.<\/p>\n<p>Unsere zweite Route sollte uns zum Kloster Petra`s f\u00fchren. Hierzu nutzten wir den Ad-Deir-Trail. Da das Kloster zu einem der absoluten Highlights Petras geh\u00f6rt ,war auf diesem Weg deutlich mehr los. Nicht fit genug um die 788 Stufen hoch zu gehen, oder einfach keinen Bock? Kein Problem! Gegen ein kleines Entgelt wird man von einem Pferd oder einem Esel den Berg hochgetragen, oft zur Belustigung der \u201cWanderer\u201d <img decoding=\"async\" class=\"wlEmoticon wlEmoticon-winkingsmile\" style=\"border-top-style: none; border-left-style: none; border-bottom-style: none; border-right-style: none\" alt=\"Zwinkerndes Smiley\" src=\"https:\/\/volkerontour.de\/wp-content\/uploads\/2022\/10\/wlEmoticon-winkingsmile-5.png\"><\/p>\n<p><a href=\"https:\/\/volkerontour.de\/wp-content\/uploads\/2022\/10\/IMG_3718.jpg\"><img loading=\"lazy\" decoding=\"async\" title=\"IMG_3718\" style=\"border-left-width: 0px; border-right-width: 0px; background-image: none; border-bottom-width: 0px; padding-top: 0px; padding-left: 0px; display: inline; padding-right: 0px; border-top-width: 0px\" border=\"0\" alt=\"IMG_3718\" src=\"https:\/\/volkerontour.de\/wp-content\/uploads\/2022\/10\/IMG_3718_thumb.jpg\" width=\"244\" height=\"184\"><\/a>&nbsp;<a href=\"https:\/\/volkerontour.de\/wp-content\/uploads\/2022\/10\/IMG_3720.jpg\"><img loading=\"lazy\" decoding=\"async\" title=\"IMG_3720\" style=\"border-left-width: 0px; border-right-width: 0px; background-image: none; border-bottom-width: 0px; padding-top: 0px; padding-left: 0px; display: inline; padding-right: 0px; border-top-width: 0px\" border=\"0\" alt=\"IMG_3720\" src=\"https:\/\/volkerontour.de\/wp-content\/uploads\/2022\/10\/IMG_3720_thumb.jpg\" width=\"244\" height=\"184\"><\/a><\/p>\n<p><a href=\"https:\/\/volkerontour.de\/wp-content\/uploads\/2022\/10\/IMG_3721.jpg\"><img loading=\"lazy\" decoding=\"async\" title=\"IMG_3721\" style=\"border-left-width: 0px; border-right-width: 0px; background-image: none; border-bottom-width: 0px; padding-top: 0px; padding-left: 0px; display: inline; padding-right: 0px; border-top-width: 0px\" border=\"0\" alt=\"IMG_3721\" src=\"https:\/\/volkerontour.de\/wp-content\/uploads\/2022\/10\/IMG_3721_thumb.jpg\" width=\"244\" height=\"184\"><\/a>&nbsp;<a href=\"https:\/\/volkerontour.de\/wp-content\/uploads\/2022\/10\/IMG_3722.jpg\"><img loading=\"lazy\" decoding=\"async\" title=\"IMG_3722\" style=\"border-left-width: 0px; border-right-width: 0px; background-image: none; border-bottom-width: 0px; padding-top: 0px; padding-left: 0px; display: inline; padding-right: 0px; border-top-width: 0px\" border=\"0\" alt=\"IMG_3722\" src=\"https:\/\/volkerontour.de\/wp-content\/uploads\/2022\/10\/IMG_3722_thumb.jpg\" width=\"184\" height=\"244\"><\/a><\/p>\n<p>Wir gingen nat\u00fcrlich zu Fu\u00df, und erreichten ein wenig durchgeschwitzt (inzwischen war es bereits Mittag und entsprechend hei\u00df) das 48m hohe und 47 Meter breite Kloster. Auch dieses wirklich noch gut erhaltene Geb\u00e4ude ist deutlich \u00fcber 2.000 Jahre alt und wurde komplett aus dem roten Sandstein herausgearbeitet. <\/p>\n<p><a href=\"https:\/\/volkerontour.de\/wp-content\/uploads\/2022\/10\/IMG_3723.jpg\"><img loading=\"lazy\" decoding=\"async\" title=\"IMG_3723\" style=\"border-left-width: 0px; border-right-width: 0px; background-image: none; border-bottom-width: 0px; padding-top: 0px; padding-left: 0px; display: inline; padding-right: 0px; border-top-width: 0px\" border=\"0\" alt=\"IMG_3723\" src=\"https:\/\/volkerontour.de\/wp-content\/uploads\/2022\/10\/IMG_3723_thumb.jpg\" width=\"244\" height=\"184\"><\/a>&nbsp;<a href=\"https:\/\/volkerontour.de\/wp-content\/uploads\/2022\/10\/IMG_3726.jpg\"><img loading=\"lazy\" decoding=\"async\" title=\"IMG_3726\" style=\"border-left-width: 0px; border-right-width: 0px; background-image: none; border-bottom-width: 0px; padding-top: 0px; padding-left: 0px; display: inline; padding-right: 0px; border-top-width: 0px\" border=\"0\" alt=\"IMG_3726\" src=\"https:\/\/volkerontour.de\/wp-content\/uploads\/2022\/10\/IMG_3726_thumb.jpg\" width=\"244\" height=\"184\"><\/a>&nbsp;<\/p>\n<p><a href=\"https:\/\/volkerontour.de\/wp-content\/uploads\/2022\/10\/IMG_3735.jpg\"><img loading=\"lazy\" decoding=\"async\" title=\"IMG_3735\" style=\"border-left-width: 0px; border-right-width: 0px; background-image: none; border-bottom-width: 0px; padding-top: 0px; padding-left: 0px; display: inline; padding-right: 0px; border-top-width: 0px\" border=\"0\" alt=\"IMG_3735\" src=\"https:\/\/volkerontour.de\/wp-content\/uploads\/2022\/10\/IMG_3735_thumb.jpg\" width=\"244\" height=\"184\"><\/a>&nbsp;<a href=\"https:\/\/volkerontour.de\/wp-content\/uploads\/2022\/10\/IMG_3724.jpg\"><img loading=\"lazy\" decoding=\"async\" title=\"IMG_3724\" style=\"border-left-width: 0px; border-right-width: 0px; background-image: none; border-bottom-width: 0px; padding-top: 0px; padding-left: 0px; display: inline; padding-right: 0px; border-top-width: 0px\" border=\"0\" alt=\"IMG_3724\" src=\"https:\/\/volkerontour.de\/wp-content\/uploads\/2022\/10\/IMG_3724_thumb.jpg\" width=\"244\" height=\"184\"><\/a><\/p>\n<p>Sogar noch etwas oberhalb des Klosters befand sich ein sch\u00f6ner Aussichtspunkt auf den schwarzen Wadi Araba. Sehr ungew\u00f6hnlich diese schwarzen Felsen zu sehen (kommt leider auf den Bildern auch nicht so raus), da ansonsten alles in der Umgebung mit rotbraunem Sandstein daherkam.<\/p>\n<p><a href=\"https:\/\/volkerontour.de\/wp-content\/uploads\/2022\/10\/IMG_3728.jpg\"><img loading=\"lazy\" decoding=\"async\" title=\"IMG_3728\" style=\"border-top: 0px; border-right: 0px; background-image: none; border-bottom: 0px; padding-top: 0px; padding-left: 0px; border-left: 0px; display: inline; padding-right: 0px\" border=\"0\" alt=\"IMG_3728\" src=\"https:\/\/volkerontour.de\/wp-content\/uploads\/2022\/10\/IMG_3728_thumb.jpg\" width=\"244\" height=\"184\"><\/a>&nbsp;<a href=\"https:\/\/volkerontour.de\/wp-content\/uploads\/2022\/10\/IMG_3729.jpg\"><img loading=\"lazy\" decoding=\"async\" title=\"IMG_3729\" style=\"border-top: 0px; border-right: 0px; background-image: none; border-bottom: 0px; padding-top: 0px; padding-left: 0px; border-left: 0px; display: inline; padding-right: 0px\" border=\"0\" alt=\"IMG_3729\" src=\"https:\/\/volkerontour.de\/wp-content\/uploads\/2022\/10\/IMG_3729_thumb.jpg\" width=\"244\" height=\"184\"><\/a><\/p>\n<p>Zur\u00fcck ins Tal mussten wir leider den selben Weg wieder nehmen (den Ad-Deir-Trail)\u2026 aber der war ja grunds\u00e4tzlich auch ganz nett <img decoding=\"async\" class=\"wlEmoticon wlEmoticon-smile\" style=\"border-top-style: none; border-left-style: none; border-bottom-style: none; border-right-style: none\" alt=\"Smiley\" src=\"https:\/\/volkerontour.de\/wp-content\/uploads\/2022\/10\/wlEmoticon-smile-5.png\"><\/p>\n<p><a href=\"https:\/\/volkerontour.de\/wp-content\/uploads\/2022\/10\/IMG_3740.jpg\"><img loading=\"lazy\" decoding=\"async\" title=\"IMG_3740\" style=\"border-left-width: 0px; border-right-width: 0px; background-image: none; border-bottom-width: 0px; padding-top: 0px; padding-left: 0px; display: inline; padding-right: 0px; border-top-width: 0px\" border=\"0\" alt=\"IMG_3740\" src=\"https:\/\/volkerontour.de\/wp-content\/uploads\/2022\/10\/IMG_3740_thumb.jpg\" width=\"244\" height=\"184\"><\/a>&nbsp;<a href=\"https:\/\/volkerontour.de\/wp-content\/uploads\/2022\/10\/IMG_3741.jpg\"><img loading=\"lazy\" decoding=\"async\" title=\"IMG_3741\" style=\"border-left-width: 0px; border-right-width: 0px; background-image: none; border-bottom-width: 0px; padding-top: 0px; padding-left: 0px; display: inline; padding-right: 0px; border-top-width: 0px\" border=\"0\" alt=\"IMG_3741\" src=\"https:\/\/volkerontour.de\/wp-content\/uploads\/2022\/10\/IMG_3741_thumb.jpg\" width=\"244\" height=\"184\"><\/a><\/p>\n<p>Am Nachmittag entschieden wir uns dann noch \u00fcber den Al-Khubtha-Trail zu einem hoch gelegenen Aussichtspunkt auf die Schatzkammer aufzusteigen. Und wieder diese Treppen\u2026 es m\u00fcssten heute locker \u00fcber 2.000 Stufen gewesen sein, die wir aufgestiegen sind.<\/p>\n<p><a href=\"https:\/\/volkerontour.de\/wp-content\/uploads\/2022\/10\/IMG_3745.jpg\"><img loading=\"lazy\" decoding=\"async\" title=\"IMG_3745\" style=\"border-left-width: 0px; border-right-width: 0px; background-image: none; border-bottom-width: 0px; padding-top: 0px; padding-left: 0px; display: inline; padding-right: 0px; border-top-width: 0px\" border=\"0\" alt=\"IMG_3745\" src=\"https:\/\/volkerontour.de\/wp-content\/uploads\/2022\/10\/IMG_3745_thumb.jpg\" width=\"184\" height=\"244\"><\/a>&nbsp;<a href=\"https:\/\/volkerontour.de\/wp-content\/uploads\/2022\/10\/IMG_3748.jpg\"><img loading=\"lazy\" decoding=\"async\" title=\"IMG_3748\" style=\"border-left-width: 0px; border-right-width: 0px; background-image: none; border-bottom-width: 0px; padding-top: 0px; padding-left: 0px; display: inline; padding-right: 0px; border-top-width: 0px\" border=\"0\" alt=\"IMG_3748\" src=\"https:\/\/volkerontour.de\/wp-content\/uploads\/2022\/10\/IMG_3748_thumb.jpg\" width=\"184\" height=\"244\"><\/a><\/p>\n<p><a href=\"https:\/\/volkerontour.de\/wp-content\/uploads\/2022\/10\/IMG_3752.jpg\"><img loading=\"lazy\" decoding=\"async\" title=\"IMG_3752\" style=\"border-left-width: 0px; border-right-width: 0px; background-image: none; border-bottom-width: 0px; padding-top: 0px; padding-left: 0px; display: inline; padding-right: 0px; border-top-width: 0px\" border=\"0\" alt=\"IMG_3752\" src=\"https:\/\/volkerontour.de\/wp-content\/uploads\/2022\/10\/IMG_3752_thumb.jpg\" width=\"244\" height=\"184\"><\/a>&nbsp;<a href=\"https:\/\/volkerontour.de\/wp-content\/uploads\/2022\/10\/IMG_3754.jpg\"><img loading=\"lazy\" decoding=\"async\" title=\"IMG_3754\" style=\"border-left-width: 0px; border-right-width: 0px; background-image: none; border-bottom-width: 0px; padding-top: 0px; padding-left: 0px; display: inline; padding-right: 0px; border-top-width: 0px\" border=\"0\" alt=\"IMG_3754\" src=\"https:\/\/volkerontour.de\/wp-content\/uploads\/2022\/10\/IMG_3754_thumb.jpg\" width=\"244\" height=\"184\"><\/a><\/p>\n<p>Aber nat\u00fcrlich hatte es sich auch dieses Mal wieder total gelohnt. Ein unglaublicher Blick auf die Schatzkammer von so weit oben. <img decoding=\"async\" class=\"wlEmoticon wlEmoticon-smile\" style=\"border-top-style: none; border-left-style: none; border-bottom-style: none; border-right-style: none\" alt=\"Smiley\" src=\"https:\/\/volkerontour.de\/wp-content\/uploads\/2022\/10\/wlEmoticon-smile-5.png\"><\/p>\n<p><a href=\"https:\/\/volkerontour.de\/wp-content\/uploads\/2022\/10\/IMG_3755.jpg\"><img loading=\"lazy\" decoding=\"async\" title=\"IMG_3755\" style=\"border-left-width: 0px; border-right-width: 0px; background-image: none; border-bottom-width: 0px; padding-top: 0px; padding-left: 0px; display: inline; padding-right: 0px; border-top-width: 0px\" border=\"0\" alt=\"IMG_3755\" src=\"https:\/\/volkerontour.de\/wp-content\/uploads\/2022\/10\/IMG_3755_thumb.jpg\" width=\"244\" height=\"184\"><\/a>&nbsp;<a href=\"https:\/\/volkerontour.de\/wp-content\/uploads\/2022\/10\/IMG_3762.jpg\"><img loading=\"lazy\" decoding=\"async\" title=\"IMG_3762\" style=\"border-left-width: 0px; border-right-width: 0px; background-image: none; border-bottom-width: 0px; padding-top: 0px; padding-left: 0px; display: inline; padding-right: 0px; border-top-width: 0px\" border=\"0\" alt=\"IMG_3762\" src=\"https:\/\/volkerontour.de\/wp-content\/uploads\/2022\/10\/IMG_3762_thumb.jpg\" width=\"244\" height=\"184\"><\/a><\/p>\n<p><a href=\"https:\/\/volkerontour.de\/wp-content\/uploads\/2022\/10\/IMG_8351.jpg\"><img loading=\"lazy\" decoding=\"async\" title=\"IMG_8351\" style=\"border-left-width: 0px; border-right-width: 0px; background-image: none; border-bottom-width: 0px; padding-top: 0px; padding-left: 0px; display: inline; padding-right: 0px; border-top-width: 0px\" border=\"0\" alt=\"IMG_8351\" src=\"https:\/\/volkerontour.de\/wp-content\/uploads\/2022\/10\/IMG_8351_thumb.jpg\" width=\"244\" height=\"184\"><\/a>&nbsp;<a href=\"https:\/\/volkerontour.de\/wp-content\/uploads\/2022\/10\/IMG_3765.jpg\"><img loading=\"lazy\" decoding=\"async\" title=\"IMG_3765\" style=\"border-left-width: 0px; border-right-width: 0px; background-image: none; border-bottom-width: 0px; padding-top: 0px; padding-left: 0px; display: inline; padding-right: 0px; border-top-width: 0px\" border=\"0\" alt=\"IMG_3765\" src=\"https:\/\/volkerontour.de\/wp-content\/uploads\/2022\/10\/IMG_3765_thumb.jpg\" width=\"244\" height=\"184\"><\/a><\/p>\n<p>Insgesamt \u00fcber 21km und 1.100 H\u00f6henmeter haben wir insgesamt heute zur\u00fcckgelegt, und es war jede Stufe wert. Dabei fiel uns erneut die Weitl\u00e4ufigkeit des ganzen Gebietes auf\u2026 Die Stadt ist einfach riesig, und egal wo man sich gerade befindet: Es gibt immer und irgendwo etwas zu sehen und zu fotografieren. Petra hat den Titel \u201cWeltwunder\u201d wahrhaftig verdient.<\/p>\n<p>Am Abend besuchten wir ein nahe gelegenes jordanisches Restaurant. Alles sehr lecker und dazu noch reichlich portioniert!<\/p>\n<p><a href=\"https:\/\/volkerontour.de\/wp-content\/uploads\/2022\/10\/PA070020.jpg\"><img loading=\"lazy\" decoding=\"async\" title=\"PA070020\" style=\"border-top: 0px; border-right: 0px; background-image: none; border-bottom: 0px; padding-top: 0px; padding-left: 0px; border-left: 0px; display: inline; padding-right: 0px\" border=\"0\" alt=\"PA070020\" src=\"https:\/\/volkerontour.de\/wp-content\/uploads\/2022\/10\/PA070020_thumb.jpg\" width=\"244\" height=\"184\"><\/a>&nbsp;<a href=\"https:\/\/volkerontour.de\/wp-content\/uploads\/2022\/10\/PA070021.jpg\"><img loading=\"lazy\" decoding=\"async\" title=\"PA070021\" style=\"border-top: 0px; border-right: 0px; background-image: none; border-bottom: 0px; padding-top: 0px; padding-left: 0px; border-left: 0px; display: inline; padding-right: 0px\" border=\"0\" alt=\"PA070021\" src=\"https:\/\/volkerontour.de\/wp-content\/uploads\/2022\/10\/PA070021_thumb.jpg\" width=\"244\" height=\"184\"><\/a><\/p>\n<p>Nach diese beiden langen Tagen in Petra geht es morgen dann weiter Richtung Norden. Ich werde selbstverst\u00e4ndlich berichten und verabschiede mich zun\u00e4chst mal f\u00fcr heute <img decoding=\"async\" class=\"wlEmoticon wlEmoticon-smile\" style=\"border-top-style: none; border-left-style: none; border-bottom-style: none; border-right-style: none\" alt=\"Smiley\" src=\"https:\/\/volkerontour.de\/wp-content\/uploads\/2022\/10\/wlEmoticon-smile-5.png\"><\/p>\n","protected":false},"excerpt":{"rendered":"<p>Freitag, 07.10.: Unser zweiter Tag in Petra begann mal wieder ziemlich fr\u00fch. Um 6:30 Uhr stand bereits das Fr\u00fchst\u00fcck bereit, so dass wir kurze Zeit sp\u00e4ter aufbrechen konnten. Wie bereits gestern geschrieben, hatten wir heute den ganzen Tag zur freien &hellip; <a href=\"https:\/\/volkerontour.de\/?p=31047\">Weiterlesen <span class=\"meta-nav\">&rarr;<\/span><\/a><\/p>\n","protected":false},"author":3,"featured_media":0,"comment_status":"closed","ping_status":"closed","sticky":false,"template":"","format":"standard","meta":{"footnotes":""},"categories":[48],"tags":[],"class_list":["post-31047","post","type-post","status-publish","format-standard","hentry","category-jordanien-2022"],"_links":{"self":[{"href":"https:\/\/volkerontour.de\/index.php?rest_route=\/wp\/v2\/posts\/31047","targetHints":{"allow":["GET"]}}],"collection":[{"href":"https:\/\/volkerontour.de\/index.php?rest_route=\/wp\/v2\/posts"}],"about":[{"href":"https:\/\/volkerontour.de\/index.php?rest_route=\/wp\/v2\/types\/post"}],"author":[{"embeddable":true,"href":"https:\/\/volkerontour.de\/index.php?rest_route=\/wp\/v2\/users\/3"}],"replies":[{"embeddable":true,"href":"https:\/\/volkerontour.de\/index.php?rest_route=%2Fwp%2Fv2%2Fcomments&post=31047"}],"version-history":[{"count":1,"href":"https:\/\/volkerontour.de\/index.php?rest_route=\/wp\/v2\/posts\/31047\/revisions"}],"predecessor-version":[{"id":31048,"href":"https:\/\/volkerontour.de\/index.php?rest_route=\/wp\/v2\/posts\/31047\/revisions\/31048"}],"wp:attachment":[{"href":"https:\/\/volkerontour.de\/index.php?rest_route=%2Fwp%2Fv2%2Fmedia&parent=31047"}],"wp:term":[{"taxonomy":"category","embeddable":true,"href":"https:\/\/volkerontour.de\/index.php?rest_route=%2Fwp%2Fv2%2Fcategories&post=31047"},{"taxonomy":"post_tag","embeddable":true,"href":"https:\/\/volkerontour.de\/index.php?rest_route=%2Fwp%2Fv2%2Ftags&post=31047"}],"curies":[{"name":"wp","href":"https:\/\/api.w.org\/{rel}","templated":true}]}}