{"id":31383,"date":"2022-11-22T19:30:29","date_gmt":"2022-11-22T19:30:29","guid":{"rendered":"http:\/\/volkerontour.de\/?p=31383"},"modified":"2022-11-22T19:30:29","modified_gmt":"2022-11-22T19:30:29","slug":"tag-2-der-lange-weg-zum-krger-np","status":"publish","type":"post","link":"https:\/\/volkerontour.de\/?p=31383","title":{"rendered":"Tag 2: Der lange Weg zum Kr&uuml;ger NP"},"content":{"rendered":"<p>Samstag, 19.11.: Heute Morgen startete also dann offiziell unsere (hoffentlich) sch\u00f6ne S\u00fcdafrika-Reise. Unsere beiden Reiseleiter h\u00f6ren auf die Namen Max und Colin (siehe Bilder). Weil das Bordmikrofon nicht wirklich gut funktioniert, ist Colin dazu \u00fcbergegangen immer seinen halben Oberk\u00f6rper durch das kleine Verbindungsfenster zum \u201cPassagierraum\u201d zu quetschen, um uns mit allen notwendigen Informationen zu versorgen.<\/p>\n<p>Unser LKW, Bus oder Wohnmobil ist im \u00fcbrigen eine wahre Allzweckwaffe: Komplett als Safarifahrzeug umfunktionierbar befinden sich im hinteren Teil des Fahrzeuges eine K\u00fcche, ein riesiger K\u00fchlschrank, ein gro\u00dfer Wassertank und genug Stauraum f\u00fcr Gep\u00e4ck, Essen f\u00fcr zwei Wochen und eine Sitzgarnitur f\u00fcr bis zu 14 Personen. Sehr praktisch.<\/p>\n<p><a href=\"https:\/\/volkerontour.de\/wp-content\/uploads\/2022\/11\/IMG_3888.jpg\"><img loading=\"lazy\" decoding=\"async\" title=\"IMG_3888\" style=\"border-left-width: 0px; border-right-width: 0px; background-image: none; border-bottom-width: 0px; padding-top: 0px; padding-left: 0px; display: inline; padding-right: 0px; border-top-width: 0px\" border=\"0\" alt=\"IMG_3888\" src=\"https:\/\/volkerontour.de\/wp-content\/uploads\/2022\/11\/IMG_3888_thumb.jpg\" width=\"244\" height=\"184\"><\/a>&nbsp;<a href=\"https:\/\/volkerontour.de\/wp-content\/uploads\/2022\/11\/IMG_3886.jpg\"><img loading=\"lazy\" decoding=\"async\" title=\"IMG_3886\" style=\"border-left-width: 0px; border-right-width: 0px; background-image: none; border-bottom-width: 0px; padding-top: 0px; padding-left: 0px; display: inline; padding-right: 0px; border-top-width: 0px\" border=\"0\" alt=\"IMG_3886\" src=\"https:\/\/volkerontour.de\/wp-content\/uploads\/2022\/11\/IMG_3886_thumb.jpg\" width=\"244\" height=\"184\"><\/a><\/p>\n<p>Den heutigen Tag verbrachten wir dann zum Gro\u00dfteil in unserem Truck, denn es gab etwa 650km Richtung Osten zu bew\u00e4ltigen, und das auf (teilweise) im wahrsten Sinne des Wortes ausbauf\u00e4higen Stra\u00dfen.<\/p>\n<p>Im Moment ist quasi Herbst in S\u00fcdafrika, daher kann es (so wie heute) auch schonmal regnen. Insofern ist auch das (aus meiner Sicht) \u00fcberraschend viele Gr\u00fcn zu erkl\u00e4ren. Da auf den Stra\u00dfen nicht wirklich viel los war (au\u00dfer einer kurzen Pavianblockade), kamen wir recht gut voran.<\/p>\n<p><a href=\"https:\/\/volkerontour.de\/wp-content\/uploads\/2022\/11\/IMG_3891.jpg\"><img loading=\"lazy\" decoding=\"async\" title=\"IMG_3891\" style=\"border-left-width: 0px; border-right-width: 0px; background-image: none; border-bottom-width: 0px; padding-top: 0px; padding-left: 0px; display: inline; padding-right: 0px; border-top-width: 0px\" border=\"0\" alt=\"IMG_3891\" src=\"https:\/\/volkerontour.de\/wp-content\/uploads\/2022\/11\/IMG_3891_thumb.jpg\" width=\"244\" height=\"184\"><\/a>&nbsp;<a href=\"https:\/\/volkerontour.de\/wp-content\/uploads\/2022\/11\/IMG_3892.jpg\"><img loading=\"lazy\" decoding=\"async\" title=\"IMG_3892\" style=\"border-left-width: 0px; border-right-width: 0px; background-image: none; border-bottom-width: 0px; padding-top: 0px; padding-left: 0px; display: inline; padding-right: 0px; border-top-width: 0px\" border=\"0\" alt=\"IMG_3892\" src=\"https:\/\/volkerontour.de\/wp-content\/uploads\/2022\/11\/IMG_3892_thumb.jpg\" width=\"244\" height=\"184\"><\/a><\/p>\n<p><a href=\"https:\/\/volkerontour.de\/wp-content\/uploads\/2022\/11\/IMG_3894.jpg\"><img loading=\"lazy\" decoding=\"async\" title=\"IMG_3894\" style=\"border-left-width: 0px; border-right-width: 0px; background-image: none; border-bottom-width: 0px; padding-top: 0px; padding-left: 0px; display: inline; padding-right: 0px; border-top-width: 0px\" border=\"0\" alt=\"IMG_3894\" src=\"https:\/\/volkerontour.de\/wp-content\/uploads\/2022\/11\/IMG_3894_thumb.jpg\" width=\"244\" height=\"184\"><\/a>&nbsp;<a href=\"https:\/\/volkerontour.de\/wp-content\/uploads\/2022\/11\/IMG_3890.jpg\"><img loading=\"lazy\" decoding=\"async\" title=\"IMG_3890\" style=\"border-left-width: 0px; border-right-width: 0px; background-image: none; border-bottom-width: 0px; padding-top: 0px; padding-left: 0px; display: inline; padding-right: 0px; border-top-width: 0px\" border=\"0\" alt=\"IMG_3890\" src=\"https:\/\/volkerontour.de\/wp-content\/uploads\/2022\/11\/IMG_3890_thumb.jpg\" width=\"244\" height=\"184\"><\/a><\/p>\n<p><a href=\"https:\/\/volkerontour.de\/wp-content\/uploads\/2022\/11\/IMG_3916.jpg\"><img loading=\"lazy\" decoding=\"async\" title=\"IMG_3916\" style=\"border-left-width: 0px; border-right-width: 0px; background-image: none; border-bottom-width: 0px; padding-top: 0px; padding-left: 0px; display: inline; padding-right: 0px; border-top-width: 0px\" border=\"0\" alt=\"IMG_3916\" src=\"https:\/\/volkerontour.de\/wp-content\/uploads\/2022\/11\/IMG_3916_thumb.jpg\" width=\"244\" height=\"184\"><\/a>&nbsp;<a href=\"https:\/\/volkerontour.de\/wp-content\/uploads\/2022\/11\/IMG_3918.jpg\"><img loading=\"lazy\" decoding=\"async\" title=\"IMG_3918\" style=\"border-left-width: 0px; border-right-width: 0px; background-image: none; border-bottom-width: 0px; padding-top: 0px; padding-left: 0px; display: inline; padding-right: 0px; border-top-width: 0px\" border=\"0\" alt=\"IMG_3918\" src=\"https:\/\/volkerontour.de\/wp-content\/uploads\/2022\/11\/IMG_3918_thumb.jpg\" width=\"244\" height=\"184\"><\/a><\/p>\n<p>Am Mittag konnte dann unser \u201cAllzwecktruck\u201d zum ersten mal seine Qualit\u00e4ten unter Beweis stellen. Ruck Zuck war ein Mittagessen (Sandwiches) inklusive Sitzmobiliar hervorgezaubert. <\/p>\n<p>Unsere Reisegruppe besteht \u00fcbrigens aus 6 Damen (alle deutsch sprechend) und mir. Heute Abend bekam ich dann noch \u00f6sterreichische, m\u00e4nnliche Verst\u00e4rkung, so dass wir insgesamt 8 Personen sind.<\/p>\n<p><a href=\"https:\/\/volkerontour.de\/wp-content\/uploads\/2022\/11\/IMG_3895.jpg\"><img loading=\"lazy\" decoding=\"async\" title=\"IMG_3895\" style=\"border-left-width: 0px; border-right-width: 0px; background-image: none; border-bottom-width: 0px; padding-top: 0px; padding-left: 0px; display: inline; padding-right: 0px; border-top-width: 0px\" border=\"0\" alt=\"IMG_3895\" src=\"https:\/\/volkerontour.de\/wp-content\/uploads\/2022\/11\/IMG_3895_thumb.jpg\" width=\"244\" height=\"184\"><\/a>&nbsp;<a href=\"https:\/\/volkerontour.de\/wp-content\/uploads\/2022\/11\/IMG_3896.jpg\"><img loading=\"lazy\" decoding=\"async\" title=\"IMG_3896\" style=\"border-left-width: 0px; border-right-width: 0px; background-image: none; border-bottom-width: 0px; padding-top: 0px; padding-left: 0px; display: inline; padding-right: 0px; border-top-width: 0px\" border=\"0\" alt=\"IMG_3896\" src=\"https:\/\/volkerontour.de\/wp-content\/uploads\/2022\/11\/IMG_3896_thumb.jpg\" width=\"184\" height=\"244\"><\/a><\/p>\n<p>Wir setzten unsere Reise fort, und stoppten kurz am God`s Window, einem sch\u00f6nen Aussichtspunkt, zu dem wir etwa 20 Minuten aufsteigen mussten.<\/p>\n<p><a href=\"https:\/\/volkerontour.de\/wp-content\/uploads\/2022\/11\/IMG_3912.jpg\"><img loading=\"lazy\" decoding=\"async\" title=\"IMG_3912\" style=\"border-left-width: 0px; border-right-width: 0px; background-image: none; border-bottom-width: 0px; padding-top: 0px; padding-left: 0px; display: inline; padding-right: 0px; border-top-width: 0px\" border=\"0\" alt=\"IMG_3912\" src=\"https:\/\/volkerontour.de\/wp-content\/uploads\/2022\/11\/IMG_3912_thumb.jpg\" width=\"244\" height=\"184\"><\/a>&nbsp;<a href=\"https:\/\/volkerontour.de\/wp-content\/uploads\/2022\/11\/IMG_3909.jpg\"><img loading=\"lazy\" decoding=\"async\" title=\"IMG_3909\" style=\"border-left-width: 0px; border-right-width: 0px; background-image: none; border-bottom-width: 0px; padding-top: 0px; padding-left: 0px; display: inline; padding-right: 0px; border-top-width: 0px\" border=\"0\" alt=\"IMG_3909\" src=\"https:\/\/volkerontour.de\/wp-content\/uploads\/2022\/11\/IMG_3909_thumb.jpg\" width=\"244\" height=\"184\"><\/a><\/p>\n<p><a href=\"https:\/\/volkerontour.de\/wp-content\/uploads\/2022\/11\/IMG_3901.jpg\"><img loading=\"lazy\" decoding=\"async\" title=\"IMG_3901\" style=\"border-left-width: 0px; border-right-width: 0px; background-image: none; border-bottom-width: 0px; padding-top: 0px; padding-left: 0px; display: inline; padding-right: 0px; border-top-width: 0px\" border=\"0\" alt=\"IMG_3901\" src=\"https:\/\/volkerontour.de\/wp-content\/uploads\/2022\/11\/IMG_3901_thumb.jpg\" width=\"244\" height=\"184\"><\/a>&nbsp;<a href=\"https:\/\/volkerontour.de\/wp-content\/uploads\/2022\/11\/IMG_3903.jpg\"><img loading=\"lazy\" decoding=\"async\" title=\"IMG_3903\" style=\"border-left-width: 0px; border-right-width: 0px; background-image: none; border-bottom-width: 0px; padding-top: 0px; padding-left: 0px; display: inline; padding-right: 0px; border-top-width: 0px\" border=\"0\" alt=\"IMG_3903\" src=\"https:\/\/volkerontour.de\/wp-content\/uploads\/2022\/11\/IMG_3903_thumb.jpg\" width=\"244\" height=\"184\"><\/a><\/p>\n<p><a href=\"https:\/\/volkerontour.de\/wp-content\/uploads\/2022\/11\/IMG_3911.jpg\"><img loading=\"lazy\" decoding=\"async\" title=\"IMG_3911\" style=\"border-left-width: 0px; border-right-width: 0px; background-image: none; border-bottom-width: 0px; padding-top: 0px; padding-left: 0px; margin: 0px; display: inline; padding-right: 0px; border-top-width: 0px\" border=\"0\" alt=\"IMG_3911\" src=\"https:\/\/volkerontour.de\/wp-content\/uploads\/2022\/11\/IMG_3911_thumb.jpg\" width=\"244\" height=\"184\"><\/a>&nbsp;<a href=\"https:\/\/volkerontour.de\/wp-content\/uploads\/2022\/11\/IMG_3908.jpg\"><img loading=\"lazy\" decoding=\"async\" title=\"IMG_3908\" style=\"border-left-width: 0px; border-right-width: 0px; background-image: none; border-bottom-width: 0px; padding-top: 0px; padding-left: 0px; display: inline; padding-right: 0px; border-top-width: 0px\" border=\"0\" alt=\"IMG_3908\" src=\"https:\/\/volkerontour.de\/wp-content\/uploads\/2022\/11\/IMG_3908_thumb.jpg\" width=\"244\" height=\"184\"><\/a><\/p>\n<p>Leider war es heute etwas diesig, weshalb wir auch die \u201cthree Rondalves\u201d nicht ganz klar sahen. Trotzdem eine tolle Landschaft, wie wir fanden.<\/p>\n<p><a href=\"https:\/\/volkerontour.de\/wp-content\/uploads\/2022\/11\/IMG_3920.jpg\"><img loading=\"lazy\" decoding=\"async\" title=\"IMG_3920\" style=\"border-left-width: 0px; border-right-width: 0px; background-image: none; border-bottom-width: 0px; padding-top: 0px; padding-left: 0px; display: inline; padding-right: 0px; border-top-width: 0px\" border=\"0\" alt=\"IMG_3920\" src=\"https:\/\/volkerontour.de\/wp-content\/uploads\/2022\/11\/IMG_3920_thumb.jpg\" width=\"244\" height=\"184\"><\/a>&nbsp;<a href=\"https:\/\/volkerontour.de\/wp-content\/uploads\/2022\/11\/IMG_3921.jpg\"><img loading=\"lazy\" decoding=\"async\" title=\"IMG_3921\" style=\"border-left-width: 0px; border-right-width: 0px; background-image: none; border-bottom-width: 0px; padding-top: 0px; padding-left: 0px; display: inline; padding-right: 0px; border-top-width: 0px\" border=\"0\" alt=\"IMG_3921\" src=\"https:\/\/volkerontour.de\/wp-content\/uploads\/2022\/11\/IMG_3921_thumb.jpg\" width=\"244\" height=\"184\"><\/a><\/p>\n<p><a href=\"https:\/\/volkerontour.de\/wp-content\/uploads\/2022\/11\/IMG_3924.jpg\"><img loading=\"lazy\" decoding=\"async\" title=\"IMG_3924\" style=\"border-left-width: 0px; border-right-width: 0px; background-image: none; border-bottom-width: 0px; padding-top: 0px; padding-left: 0px; display: inline; padding-right: 0px; border-top-width: 0px\" border=\"0\" alt=\"IMG_3924\" src=\"https:\/\/volkerontour.de\/wp-content\/uploads\/2022\/11\/IMG_3924_thumb.jpg\" width=\"244\" height=\"184\"><\/a>&nbsp;<a href=\"https:\/\/volkerontour.de\/wp-content\/uploads\/2022\/11\/IMG_3923.jpg\"><img loading=\"lazy\" decoding=\"async\" title=\"IMG_3923\" style=\"border-left-width: 0px; border-right-width: 0px; background-image: none; border-bottom-width: 0px; padding-top: 0px; padding-left: 0px; display: inline; padding-right: 0px; border-top-width: 0px\" border=\"0\" alt=\"IMG_3923\" src=\"https:\/\/volkerontour.de\/wp-content\/uploads\/2022\/11\/IMG_3923_thumb.jpg\" width=\"244\" height=\"184\"><\/a><\/p>\n<p>Es war schon fast dunkel als wir gegen 18:45 Uhr unsere sch\u00f6ne Safari Lodge nahe des Kr\u00fcger Nationalparks erreichten. Ich werde auf jeden Fall morgen im Hellen noch ein paar sch\u00f6nere Bilder machen. Die Lodge an sich ist aber wirklich sehr sch\u00f6n. Es ist alles da was man braucht, und wir sind auch die einzigen G\u00e4ste. Das abendliche Drei G\u00e4nge Menu war ebenso sehr lecker, auch wenn wir dieses (aufgrund des abendlichen Stromausfalles) fast im Dunkeln einnehmen mussten.<\/p>\n<p><a href=\"https:\/\/volkerontour.de\/wp-content\/uploads\/2022\/11\/IMG_3928.jpg\"><img loading=\"lazy\" decoding=\"async\" title=\"IMG_3928\" style=\"border-left-width: 0px; border-right-width: 0px; background-image: none; border-bottom-width: 0px; padding-top: 0px; padding-left: 0px; display: inline; padding-right: 0px; border-top-width: 0px\" border=\"0\" alt=\"IMG_3928\" src=\"https:\/\/volkerontour.de\/wp-content\/uploads\/2022\/11\/IMG_3928_thumb.jpg\" width=\"244\" height=\"184\"><\/a>&nbsp;<a href=\"https:\/\/volkerontour.de\/wp-content\/uploads\/2022\/11\/IMG_3930.jpg\"><img loading=\"lazy\" decoding=\"async\" title=\"IMG_3930\" style=\"border-left-width: 0px; border-right-width: 0px; background-image: none; border-bottom-width: 0px; padding-top: 0px; padding-left: 0px; display: inline; padding-right: 0px; border-top-width: 0px\" border=\"0\" alt=\"IMG_3930\" src=\"https:\/\/volkerontour.de\/wp-content\/uploads\/2022\/11\/IMG_3930_thumb.jpg\" width=\"244\" height=\"184\"><\/a><\/p>\n<p>Morgen steht dann schon das erste wirkliche Highlight an, eine Safari im wohl bekanntesten Safari-Park der Welt. Wir sind schon alle voller Vorfreude.<\/p>\n<p>Leider gibt es hier in der Lodge kein WLAN, weshalb ich diesen und den morgigen Eintrag erst in fr\u00fchestens zwei Tagen hochladen kann <img decoding=\"async\" class=\"wlEmoticon wlEmoticon-sadsmile\" style=\"border-top-style: none; border-left-style: none; border-bottom-style: none; border-right-style: none\" alt=\"Trauriges Smiley\" src=\"https:\/\/volkerontour.de\/wp-content\/uploads\/2022\/11\/wlEmoticon-sadsmile-1.png\"> Zumindest gibt es dann bestimmt tolle Tierbilder aus dem Kr\u00fcger Park zu sehen. <img decoding=\"async\" class=\"wlEmoticon wlEmoticon-smile\" style=\"border-top-style: none; border-left-style: none; border-bottom-style: none; border-right-style: none\" alt=\"Smiley\" src=\"https:\/\/volkerontour.de\/wp-content\/uploads\/2022\/11\/wlEmoticon-smile-1.png\"><\/p>\n","protected":false},"excerpt":{"rendered":"<p>Samstag, 19.11.: Heute Morgen startete also dann offiziell unsere (hoffentlich) sch\u00f6ne S\u00fcdafrika-Reise. Unsere beiden Reiseleiter h\u00f6ren auf die Namen Max und Colin (siehe Bilder). Weil das Bordmikrofon nicht wirklich gut funktioniert, ist Colin dazu \u00fcbergegangen immer seinen halben Oberk\u00f6rper durch &hellip; <a href=\"https:\/\/volkerontour.de\/?p=31383\">Weiterlesen <span class=\"meta-nav\">&rarr;<\/span><\/a><\/p>\n","protected":false},"author":3,"featured_media":0,"comment_status":"closed","ping_status":"closed","sticky":false,"template":"","format":"standard","meta":{"footnotes":""},"categories":[49],"tags":[],"class_list":["post-31383","post","type-post","status-publish","format-standard","hentry","category-suedafrika-2022"],"_links":{"self":[{"href":"https:\/\/volkerontour.de\/index.php?rest_route=\/wp\/v2\/posts\/31383","targetHints":{"allow":["GET"]}}],"collection":[{"href":"https:\/\/volkerontour.de\/index.php?rest_route=\/wp\/v2\/posts"}],"about":[{"href":"https:\/\/volkerontour.de\/index.php?rest_route=\/wp\/v2\/types\/post"}],"author":[{"embeddable":true,"href":"https:\/\/volkerontour.de\/index.php?rest_route=\/wp\/v2\/users\/3"}],"replies":[{"embeddable":true,"href":"https:\/\/volkerontour.de\/index.php?rest_route=%2Fwp%2Fv2%2Fcomments&post=31383"}],"version-history":[{"count":1,"href":"https:\/\/volkerontour.de\/index.php?rest_route=\/wp\/v2\/posts\/31383\/revisions"}],"predecessor-version":[{"id":31384,"href":"https:\/\/volkerontour.de\/index.php?rest_route=\/wp\/v2\/posts\/31383\/revisions\/31384"}],"wp:attachment":[{"href":"https:\/\/volkerontour.de\/index.php?rest_route=%2Fwp%2Fv2%2Fmedia&parent=31383"}],"wp:term":[{"taxonomy":"category","embeddable":true,"href":"https:\/\/volkerontour.de\/index.php?rest_route=%2Fwp%2Fv2%2Fcategories&post=31383"},{"taxonomy":"post_tag","embeddable":true,"href":"https:\/\/volkerontour.de\/index.php?rest_route=%2Fwp%2Fv2%2Ftags&post=31383"}],"curies":[{"name":"wp","href":"https:\/\/api.w.org\/{rel}","templated":true}]}}