{"id":31655,"date":"2022-11-27T17:57:58","date_gmt":"2022-11-27T17:57:58","guid":{"rendered":"http:\/\/volkerontour.de\/?p=31655"},"modified":"2022-11-27T17:57:58","modified_gmt":"2022-11-27T17:57:58","slug":"tag-5-bye-bye-krger-np","status":"publish","type":"post","link":"https:\/\/volkerontour.de\/?p=31655","title":{"rendered":"Tag 5. Bye bye Kr&uuml;ger NP"},"content":{"rendered":"<p>Dienstag, 22.11: Unser letzter Tag im Kr\u00fcger Nationalpark begann mit einem sch\u00f6nen Fr\u00fchst\u00fcck vor dem Chalet unserer Reiseleiter bei bestem Wetter\u2026<\/p>\n<p><a href=\"https:\/\/volkerontour.de\/wp-content\/uploads\/2022\/11\/IMG_4247.jpg\"><img loading=\"lazy\" decoding=\"async\" title=\"IMG_4247\" style=\"border-left-width: 0px; border-right-width: 0px; background-image: none; border-bottom-width: 0px; padding-top: 0px; padding-left: 0px; display: inline; padding-right: 0px; border-top-width: 0px\" border=\"0\" alt=\"IMG_4247\" src=\"https:\/\/volkerontour.de\/wp-content\/uploads\/2022\/11\/IMG_4247_thumb.jpg\" width=\"244\" height=\"184\"><\/a>&nbsp;<a href=\"https:\/\/volkerontour.de\/wp-content\/uploads\/2022\/11\/IMG_4248.jpg\"><img loading=\"lazy\" decoding=\"async\" title=\"IMG_4248\" style=\"border-left-width: 0px; border-right-width: 0px; background-image: none; border-bottom-width: 0px; padding-top: 0px; padding-left: 0px; display: inline; padding-right: 0px; border-top-width: 0px\" border=\"0\" alt=\"IMG_4248\" src=\"https:\/\/volkerontour.de\/wp-content\/uploads\/2022\/11\/IMG_4248_thumb.jpg\" width=\"244\" height=\"184\"><\/a><\/p>\n<p>Kurze Zeit sp\u00e4ter brachen wir dann auf Richtung S\u00fcden\u2026 Einige Tierbesichtigungen&nbsp; konnten wir vor Verlassen des Parks allerdings noch machen <img decoding=\"async\" class=\"wlEmoticon wlEmoticon-smile\" style=\"border-top-style: none; border-left-style: none; border-bottom-style: none; border-right-style: none\" alt=\"Smiley\" src=\"https:\/\/volkerontour.de\/wp-content\/uploads\/2022\/11\/wlEmoticon-smile-4.png\"><\/p>\n<p><a href=\"https:\/\/volkerontour.de\/wp-content\/uploads\/2022\/11\/IMG_4267.jpg\"><img loading=\"lazy\" decoding=\"async\" title=\"IMG_4267\" style=\"border-left-width: 0px; border-right-width: 0px; background-image: none; border-bottom-width: 0px; padding-top: 0px; padding-left: 0px; display: inline; padding-right: 0px; border-top-width: 0px\" border=\"0\" alt=\"IMG_4267\" src=\"https:\/\/volkerontour.de\/wp-content\/uploads\/2022\/11\/IMG_4267_thumb.jpg\" width=\"244\" height=\"184\"><\/a>&nbsp;<a href=\"https:\/\/volkerontour.de\/wp-content\/uploads\/2022\/11\/IMG_4272.jpg\"><img loading=\"lazy\" decoding=\"async\" title=\"IMG_4272\" style=\"border-left-width: 0px; border-right-width: 0px; background-image: none; border-bottom-width: 0px; padding-top: 0px; padding-left: 0px; display: inline; padding-right: 0px; border-top-width: 0px\" border=\"0\" alt=\"IMG_4272\" src=\"https:\/\/volkerontour.de\/wp-content\/uploads\/2022\/11\/IMG_4272_thumb.jpg\" width=\"244\" height=\"184\"><\/a><\/p>\n<p><a href=\"https:\/\/volkerontour.de\/wp-content\/uploads\/2022\/11\/IMG_4273.jpg\"><img loading=\"lazy\" decoding=\"async\" title=\"IMG_4273\" style=\"border-left-width: 0px; border-right-width: 0px; background-image: none; border-bottom-width: 0px; padding-top: 0px; padding-left: 0px; display: inline; padding-right: 0px; border-top-width: 0px\" border=\"0\" alt=\"IMG_4273\" src=\"https:\/\/volkerontour.de\/wp-content\/uploads\/2022\/11\/IMG_4273_thumb.jpg\" width=\"244\" height=\"184\"><\/a>&nbsp;<a href=\"https:\/\/volkerontour.de\/wp-content\/uploads\/2022\/11\/IMG_4276.jpg\"><img loading=\"lazy\" decoding=\"async\" title=\"IMG_4276\" style=\"border-left-width: 0px; border-right-width: 0px; background-image: none; border-bottom-width: 0px; padding-top: 0px; padding-left: 0px; display: inline; padding-right: 0px; border-top-width: 0px\" border=\"0\" alt=\"IMG_4276\" src=\"https:\/\/volkerontour.de\/wp-content\/uploads\/2022\/11\/IMG_4276_thumb.jpg\" width=\"244\" height=\"184\"><\/a><\/p>\n<p><a href=\"https:\/\/volkerontour.de\/wp-content\/uploads\/2022\/11\/IMG_4279.jpg\"><img loading=\"lazy\" decoding=\"async\" title=\"IMG_4279\" style=\"border-left-width: 0px; border-right-width: 0px; background-image: none; border-bottom-width: 0px; padding-top: 0px; padding-left: 0px; display: inline; padding-right: 0px; border-top-width: 0px\" border=\"0\" alt=\"IMG_4279\" src=\"https:\/\/volkerontour.de\/wp-content\/uploads\/2022\/11\/IMG_4279_thumb.jpg\" width=\"244\" height=\"184\"><\/a>&nbsp;<a href=\"https:\/\/volkerontour.de\/wp-content\/uploads\/2022\/11\/IMG_4294.jpg\"><img loading=\"lazy\" decoding=\"async\" title=\"IMG_4294\" style=\"border-left-width: 0px; border-right-width: 0px; background-image: none; border-bottom-width: 0px; padding-top: 0px; padding-left: 0px; display: inline; padding-right: 0px; border-top-width: 0px\" border=\"0\" alt=\"IMG_4294\" src=\"https:\/\/volkerontour.de\/wp-content\/uploads\/2022\/11\/IMG_4294_thumb.jpg\" width=\"244\" height=\"184\"><\/a><\/p>\n<p><a href=\"https:\/\/volkerontour.de\/wp-content\/uploads\/2022\/11\/IMG_4286.jpg\"><img loading=\"lazy\" decoding=\"async\" title=\"IMG_4286\" style=\"border-left-width: 0px; border-right-width: 0px; background-image: none; border-bottom-width: 0px; padding-top: 0px; padding-left: 0px; display: inline; padding-right: 0px; border-top-width: 0px\" border=\"0\" alt=\"IMG_4286\" src=\"https:\/\/volkerontour.de\/wp-content\/uploads\/2022\/11\/IMG_4286_thumb.jpg\" width=\"184\" height=\"244\"><\/a>&nbsp;<a href=\"https:\/\/volkerontour.de\/wp-content\/uploads\/2022\/11\/IMG_4293.jpg\"><img loading=\"lazy\" decoding=\"async\" title=\"IMG_4293\" style=\"border-left-width: 0px; border-right-width: 0px; background-image: none; border-bottom-width: 0px; padding-top: 0px; padding-left: 0px; display: inline; padding-right: 0px; border-top-width: 0px\" border=\"0\" alt=\"IMG_4293\" src=\"https:\/\/volkerontour.de\/wp-content\/uploads\/2022\/11\/IMG_4293_thumb.jpg\" width=\"184\" height=\"244\"><\/a><\/p>\n<p><a href=\"https:\/\/volkerontour.de\/wp-content\/uploads\/2022\/11\/IMG_4301.jpg\"><img loading=\"lazy\" decoding=\"async\" title=\"IMG_4301\" style=\"border-left-width: 0px; border-right-width: 0px; background-image: none; border-bottom-width: 0px; padding-top: 0px; padding-left: 0px; display: inline; padding-right: 0px; border-top-width: 0px\" border=\"0\" alt=\"IMG_4301\" src=\"https:\/\/volkerontour.de\/wp-content\/uploads\/2022\/11\/IMG_4301_thumb.jpg\" width=\"244\" height=\"184\"><\/a>&nbsp;<a href=\"https:\/\/volkerontour.de\/wp-content\/uploads\/2022\/11\/IMG_4306.jpg\"><img loading=\"lazy\" decoding=\"async\" title=\"IMG_4306\" style=\"border-left-width: 0px; border-right-width: 0px; background-image: none; border-bottom-width: 0px; padding-top: 0px; padding-left: 0px; display: inline; padding-right: 0px; border-top-width: 0px\" border=\"0\" alt=\"IMG_4306\" src=\"https:\/\/volkerontour.de\/wp-content\/uploads\/2022\/11\/IMG_4306_thumb.jpg\" width=\"244\" height=\"184\"><\/a><\/p>\n<p><a href=\"https:\/\/volkerontour.de\/wp-content\/uploads\/2022\/11\/IMG_4311.jpg\"><img loading=\"lazy\" decoding=\"async\" title=\"IMG_4311\" style=\"border-left-width: 0px; border-right-width: 0px; background-image: none; border-bottom-width: 0px; padding-top: 0px; padding-left: 0px; display: inline; padding-right: 0px; border-top-width: 0px\" border=\"0\" alt=\"IMG_4311\" src=\"https:\/\/volkerontour.de\/wp-content\/uploads\/2022\/11\/IMG_4311_thumb.jpg\" width=\"244\" height=\"184\"><\/a>&nbsp;<a href=\"https:\/\/volkerontour.de\/wp-content\/uploads\/2022\/11\/IMG_4281.jpg\"><img loading=\"lazy\" decoding=\"async\" title=\"IMG_4281\" style=\"border-left-width: 0px; border-right-width: 0px; background-image: none; border-bottom-width: 0px; padding-top: 0px; padding-left: 0px; display: inline; padding-right: 0px; border-top-width: 0px\" border=\"0\" alt=\"IMG_4281\" src=\"https:\/\/volkerontour.de\/wp-content\/uploads\/2022\/11\/IMG_4281_thumb.jpg\" width=\"244\" height=\"184\"><\/a><\/p>\n<p>An dieser Stelle vielleicht schonmal ein kurzes Zwischenfazit zum Kr\u00fcger Park: Wir haben wirklich viele verschiedene Tiere bestaunen d\u00fcrfen, und es war toll diese zu sehen. Wenn ich aber den \u201cweltbekannten\u201d Kr\u00fcger Nationalpark mit meinen beiden vorherigen Afrikareisen (Tansania und Uganda) vergleiche, dann muss ich feststellen, dass sowohl von der Quantit\u00e4t der Tiere, als auch von der Landschaft die Serengeti und Uganda deutlich vorne liegen. Im Kr\u00fcger sahen teilweise f\u00fcr l\u00e4ngere Zeit so gut wie gar keine Tiere, nach einigen mussten wir wirklich sehr lange und genau suchen. Daf\u00fcr gibt es aber immerhin sehr viele Elefanten, und auch L\u00f6wen sahen wir jeden Tag. Trotzdem bleibt es f\u00fcr mich dabei, dass ich in den anderen beiden L\u00e4ndern bessere Safaris erleben durfte (was nichts hei\u00dft, dass es hier nichts zu sehen gab\u2026 wie Ihr in den letzten beiden Tagen mitbekommen habt <img decoding=\"async\" class=\"wlEmoticon wlEmoticon-winkingsmile\" style=\"border-top-style: none; border-left-style: none; border-bottom-style: none; border-right-style: none\" alt=\"Zwinkerndes Smiley\" src=\"https:\/\/volkerontour.de\/wp-content\/uploads\/2022\/11\/wlEmoticon-winkingsmile-3.png\">)<\/p>\n<p>Wir verlie\u00dfen den Park und setzten unseren Weg Richtung S\u00fcden fort. Kurz vor dem Mittag erreichten wir dann die Grenze zu Eswatini (fr\u00fcher Swasiland), wo wir offiziell einreisen durften. Die kleine, und nur an S\u00fcdafrika und Mosambik grenzende Monarchie feierte erst 1968 seine Unabh\u00e4ngigkeit. Seit etwa 5 Jahren wird der neue Name Eswatini genutzt. Unser Mittagessen wurde dann (wie schon gewohnt) aus unserem Safari-Ferrari herausgezaubert <img decoding=\"async\" class=\"wlEmoticon wlEmoticon-smile\" style=\"border-top-style: none; border-left-style: none; border-bottom-style: none; border-right-style: none\" alt=\"Smiley\" src=\"https:\/\/volkerontour.de\/wp-content\/uploads\/2022\/11\/wlEmoticon-smile-4.png\">&nbsp;<\/p>\n<p><a href=\"https:\/\/volkerontour.de\/wp-content\/uploads\/2022\/11\/IMG_4314.jpg\"><img loading=\"lazy\" decoding=\"async\" title=\"IMG_4314\" style=\"border-left-width: 0px; border-right-width: 0px; background-image: none; border-bottom-width: 0px; padding-top: 0px; padding-left: 0px; display: inline; padding-right: 0px; border-top-width: 0px\" border=\"0\" alt=\"IMG_4314\" src=\"https:\/\/volkerontour.de\/wp-content\/uploads\/2022\/11\/IMG_4314_thumb.jpg\" width=\"244\" height=\"184\"><\/a>&nbsp;<a href=\"https:\/\/volkerontour.de\/wp-content\/uploads\/2022\/11\/IMG_4315.jpg\"><img loading=\"lazy\" decoding=\"async\" title=\"IMG_4315\" style=\"border-left-width: 0px; border-right-width: 0px; background-image: none; border-bottom-width: 0px; padding-top: 0px; padding-left: 0px; display: inline; padding-right: 0px; border-top-width: 0px\" border=\"0\" alt=\"IMG_4315\" src=\"https:\/\/volkerontour.de\/wp-content\/uploads\/2022\/11\/IMG_4315_thumb.jpg\" width=\"244\" height=\"184\"><\/a><\/p>\n<p>Eswatini ist mit einer Landfl\u00e4che von knapp \u00fcber 17.000 Quadratkilometern nicht gerade riesig. Etwa 1,2 Millionen Einwohner leben in zum gro\u00dfen Teil h\u00fcgeliger bis bergiger und sehr gr\u00fcner bzw. waldiger Umgebung. So stellt man sich eher das Allg\u00e4u vor, aber eher nicht den S\u00fcden Afrikas.<\/p>\n<p><a href=\"https:\/\/volkerontour.de\/wp-content\/uploads\/2022\/11\/IMG_4318.jpg\"><img loading=\"lazy\" decoding=\"async\" title=\"IMG_4318\" style=\"border-left-width: 0px; border-right-width: 0px; background-image: none; border-bottom-width: 0px; padding-top: 0px; padding-left: 0px; display: inline; padding-right: 0px; border-top-width: 0px\" border=\"0\" alt=\"IMG_4318\" src=\"https:\/\/volkerontour.de\/wp-content\/uploads\/2022\/11\/IMG_4318_thumb.jpg\" width=\"244\" height=\"184\"><\/a>&nbsp;<a href=\"https:\/\/volkerontour.de\/wp-content\/uploads\/2022\/11\/IMG_4319.jpg\"><img loading=\"lazy\" decoding=\"async\" title=\"IMG_4319\" style=\"border-left-width: 0px; border-right-width: 0px; background-image: none; border-bottom-width: 0px; padding-top: 0px; padding-left: 0px; display: inline; padding-right: 0px; border-top-width: 0px\" border=\"0\" alt=\"IMG_4319\" src=\"https:\/\/volkerontour.de\/wp-content\/uploads\/2022\/11\/IMG_4319_thumb.jpg\" width=\"244\" height=\"184\"><\/a><\/p>\n<p>Leider kam mit dem bergigen Eswatini auch der gro\u00dfe Regen und kurz sp\u00e4ter sogar das gro\u00dfe Gewitter, das dann auch so schnell nicht aufh\u00f6ren wollte. Daher fiel unsere eigentlich geplante Wanderung leider im wahrsten Sinne des Wortes ins Wasser, und wir hatten ein bisschen mehr Freizeit in unserer sch\u00f6nen Anlage mit den h\u00fcbschen rustikalen H\u00fctten.<\/p>\n<p><a href=\"https:\/\/volkerontour.de\/wp-content\/uploads\/2022\/11\/IMG_4325.jpg\"><img loading=\"lazy\" decoding=\"async\" title=\"IMG_4325\" style=\"border-left-width: 0px; border-right-width: 0px; background-image: none; border-bottom-width: 0px; padding-top: 0px; padding-left: 0px; display: inline; padding-right: 0px; border-top-width: 0px\" border=\"0\" alt=\"IMG_4325\" src=\"https:\/\/volkerontour.de\/wp-content\/uploads\/2022\/11\/IMG_4325_thumb.jpg\" width=\"244\" height=\"184\"><\/a>&nbsp;<a href=\"https:\/\/volkerontour.de\/wp-content\/uploads\/2022\/11\/IMG_4326.jpg\"><img loading=\"lazy\" decoding=\"async\" title=\"IMG_4326\" style=\"border-left-width: 0px; border-right-width: 0px; background-image: none; border-bottom-width: 0px; padding-top: 0px; padding-left: 0px; display: inline; padding-right: 0px; border-top-width: 0px\" border=\"0\" alt=\"IMG_4326\" src=\"https:\/\/volkerontour.de\/wp-content\/uploads\/2022\/11\/IMG_4326_thumb.jpg\" width=\"244\" height=\"184\"><\/a><\/p>\n<p><a href=\"https:\/\/volkerontour.de\/wp-content\/uploads\/2022\/11\/IMG_4327.jpg\"><img loading=\"lazy\" decoding=\"async\" title=\"IMG_4327\" style=\"border-left-width: 0px; border-right-width: 0px; background-image: none; border-bottom-width: 0px; padding-top: 0px; padding-left: 0px; display: inline; padding-right: 0px; border-top-width: 0px\" border=\"0\" alt=\"IMG_4327\" src=\"https:\/\/volkerontour.de\/wp-content\/uploads\/2022\/11\/IMG_4327_thumb.jpg\" width=\"244\" height=\"184\"><\/a>&nbsp;<a href=\"https:\/\/volkerontour.de\/wp-content\/uploads\/2022\/11\/IMG_4330.jpg\"><img loading=\"lazy\" decoding=\"async\" title=\"IMG_4330\" style=\"border-left-width: 0px; border-right-width: 0px; background-image: none; border-bottom-width: 0px; padding-top: 0px; padding-left: 0px; display: inline; padding-right: 0px; border-top-width: 0px\" border=\"0\" alt=\"IMG_4330\" src=\"https:\/\/volkerontour.de\/wp-content\/uploads\/2022\/11\/IMG_4330_thumb.jpg\" width=\"184\" height=\"244\"><\/a><\/p>\n<p>Im Restaurant mit gem\u00fctlichem Lagerfeuer in der Mitte nahmen wir unser sehr delikates Abendessen ein. Das Briefing von Maxwell f\u00fcr den kommenden Tag beschloss dann den entspannten Abend.<\/p>\n<p><a href=\"https:\/\/volkerontour.de\/wp-content\/uploads\/2022\/11\/IMG_4332.jpg\"><img loading=\"lazy\" decoding=\"async\" title=\"IMG_4332\" style=\"border-left-width: 0px; border-right-width: 0px; background-image: none; border-bottom-width: 0px; padding-top: 0px; padding-left: 0px; display: inline; padding-right: 0px; border-top-width: 0px\" border=\"0\" alt=\"IMG_4332\" src=\"https:\/\/volkerontour.de\/wp-content\/uploads\/2022\/11\/IMG_4332_thumb.jpg\" width=\"244\" height=\"184\"><\/a>&nbsp;<a href=\"https:\/\/volkerontour.de\/wp-content\/uploads\/2022\/11\/IMG_4333.jpg\"><img loading=\"lazy\" decoding=\"async\" title=\"IMG_4333\" style=\"border-left-width: 0px; border-right-width: 0px; background-image: none; border-bottom-width: 0px; padding-top: 0px; padding-left: 0px; display: inline; padding-right: 0px; border-top-width: 0px\" border=\"0\" alt=\"IMG_4333\" src=\"https:\/\/volkerontour.de\/wp-content\/uploads\/2022\/11\/IMG_4333_thumb.jpg\" width=\"244\" height=\"184\"><\/a><\/p>\n<p>F\u00fcr morgen hoffen wir auf besseres Wetter, damit wir die eigentlich f\u00fcr heute geplante Wanderung noch nachholen k\u00f6nnen. Gegen Mittag kehren wir dann wieder nach S\u00fcdafrika zur\u00fcck.<\/p>\n<p>Und wir gehen jetzt mal schlafen <img decoding=\"async\" class=\"wlEmoticon wlEmoticon-smile\" style=\"border-top-style: none; border-left-style: none; border-bottom-style: none; border-right-style: none\" alt=\"Smiley\" src=\"https:\/\/volkerontour.de\/wp-content\/uploads\/2022\/11\/wlEmoticon-smile-4.png\"> Bis morgen dann <img decoding=\"async\" class=\"wlEmoticon wlEmoticon-winkingsmile\" style=\"border-top-style: none; border-left-style: none; border-bottom-style: none; border-right-style: none\" alt=\"Zwinkerndes Smiley\" src=\"https:\/\/volkerontour.de\/wp-content\/uploads\/2022\/11\/wlEmoticon-winkingsmile-3.png\"><\/p>\n","protected":false},"excerpt":{"rendered":"<p>Dienstag, 22.11: Unser letzter Tag im Kr\u00fcger Nationalpark begann mit einem sch\u00f6nen Fr\u00fchst\u00fcck vor dem Chalet unserer Reiseleiter bei bestem Wetter\u2026 &nbsp; Kurze Zeit sp\u00e4ter brachen wir dann auf Richtung S\u00fcden\u2026 Einige Tierbesichtigungen&nbsp; konnten wir vor Verlassen des Parks allerdings &hellip; <a href=\"https:\/\/volkerontour.de\/?p=31655\">Weiterlesen <span class=\"meta-nav\">&rarr;<\/span><\/a><\/p>\n","protected":false},"author":3,"featured_media":0,"comment_status":"closed","ping_status":"closed","sticky":false,"template":"","format":"standard","meta":{"footnotes":""},"categories":[49],"tags":[],"class_list":["post-31655","post","type-post","status-publish","format-standard","hentry","category-suedafrika-2022"],"_links":{"self":[{"href":"https:\/\/volkerontour.de\/index.php?rest_route=\/wp\/v2\/posts\/31655","targetHints":{"allow":["GET"]}}],"collection":[{"href":"https:\/\/volkerontour.de\/index.php?rest_route=\/wp\/v2\/posts"}],"about":[{"href":"https:\/\/volkerontour.de\/index.php?rest_route=\/wp\/v2\/types\/post"}],"author":[{"embeddable":true,"href":"https:\/\/volkerontour.de\/index.php?rest_route=\/wp\/v2\/users\/3"}],"replies":[{"embeddable":true,"href":"https:\/\/volkerontour.de\/index.php?rest_route=%2Fwp%2Fv2%2Fcomments&post=31655"}],"version-history":[{"count":1,"href":"https:\/\/volkerontour.de\/index.php?rest_route=\/wp\/v2\/posts\/31655\/revisions"}],"predecessor-version":[{"id":31656,"href":"https:\/\/volkerontour.de\/index.php?rest_route=\/wp\/v2\/posts\/31655\/revisions\/31656"}],"wp:attachment":[{"href":"https:\/\/volkerontour.de\/index.php?rest_route=%2Fwp%2Fv2%2Fmedia&parent=31655"}],"wp:term":[{"taxonomy":"category","embeddable":true,"href":"https:\/\/volkerontour.de\/index.php?rest_route=%2Fwp%2Fv2%2Fcategories&post=31655"},{"taxonomy":"post_tag","embeddable":true,"href":"https:\/\/volkerontour.de\/index.php?rest_route=%2Fwp%2Fv2%2Ftags&post=31655"}],"curies":[{"name":"wp","href":"https:\/\/api.w.org\/{rel}","templated":true}]}}