{"id":31913,"date":"2022-11-27T18:15:40","date_gmt":"2022-11-27T18:15:40","guid":{"rendered":"http:\/\/volkerontour.de\/?p=31913"},"modified":"2022-11-27T18:15:40","modified_gmt":"2022-11-27T18:15:40","slug":"tag-9-die-drakensberge","status":"publish","type":"post","link":"https:\/\/volkerontour.de\/?p=31913","title":{"rendered":"Tag 9: Die Drakensberge"},"content":{"rendered":"<p>Samstag, 26.11.: F\u00fcr unsere Verh\u00e4ltnisse war heute Ausschlafen angesagt, denn es gab \u201cerst\u201d um 7 Uhr Fr\u00fchst\u00fcck, dass Maxwell und Colin netterweise vorbereitet haben.<\/p>\n<p>Eigentlich wollten wir dann um 8 Uhr los zu unserer Wanderung, aufgrund des doch recht ungem\u00fctlichen Wetters verschoben wir den Start um 30 Minuten nach hinten. Es hatte dann auch fast aufgeh\u00f6rt zu regnen\u2026<\/p>\n<p><a href=\"https:\/\/volkerontour.de\/wp-content\/uploads\/2022\/11\/IMG_4549.jpg\"><img loading=\"lazy\" decoding=\"async\" title=\"IMG_4549\" style=\"border-left-width: 0px; border-right-width: 0px; background-image: none; border-bottom-width: 0px; padding-top: 0px; padding-left: 0px; display: inline; padding-right: 0px; border-top-width: 0px\" border=\"0\" alt=\"IMG_4549\" src=\"https:\/\/volkerontour.de\/wp-content\/uploads\/2022\/11\/IMG_4549_thumb.jpg\" width=\"244\" height=\"184\"><\/a>&nbsp;<a href=\"https:\/\/volkerontour.de\/wp-content\/uploads\/2022\/11\/IMG_4550.jpg\"><img loading=\"lazy\" decoding=\"async\" title=\"IMG_4550\" style=\"border-left-width: 0px; border-right-width: 0px; background-image: none; border-bottom-width: 0px; padding-top: 0px; padding-left: 0px; display: inline; padding-right: 0px; border-top-width: 0px\" border=\"0\" alt=\"IMG_4550\" src=\"https:\/\/volkerontour.de\/wp-content\/uploads\/2022\/11\/IMG_4550_thumb.jpg\" width=\"244\" height=\"184\"><\/a><\/p>\n<p>Eigentlich wollten wir den etwa 12km langen \u201cEmadundwini-Trail\u201d gehen, doch unsere leider nicht ganz ortskundigen Reiseleiter (sie waren beide zum ersten mal hier) verpassten die entsprechende Abzweigung, so dass wir zun\u00e4chst s\u00fcdw\u00e4rts anstatt Richtung Osten wanderten. War aber nicht schlimm, denn der Weg zu den \u201cJacob`s Ladder Waterfalls\u201d war auch sehr sch\u00f6n <img decoding=\"async\" class=\"wlEmoticon wlEmoticon-smile\" style=\"border-top-style: none; border-left-style: none; border-bottom-style: none; border-right-style: none\" alt=\"Smiley\" src=\"https:\/\/volkerontour.de\/wp-content\/uploads\/2022\/11\/wlEmoticon-smile-8.png\"><\/p>\n<p><a href=\"https:\/\/volkerontour.de\/wp-content\/uploads\/2022\/11\/IMG_4551.jpg\"><img loading=\"lazy\" decoding=\"async\" title=\"IMG_4551\" style=\"border-left-width: 0px; border-right-width: 0px; background-image: none; border-bottom-width: 0px; padding-top: 0px; padding-left: 0px; display: inline; padding-right: 0px; border-top-width: 0px\" border=\"0\" alt=\"IMG_4551\" src=\"https:\/\/volkerontour.de\/wp-content\/uploads\/2022\/11\/IMG_4551_thumb.jpg\" width=\"244\" height=\"184\"><\/a>&nbsp;<a href=\"https:\/\/volkerontour.de\/wp-content\/uploads\/2022\/11\/IMG_4556.jpg\"><img loading=\"lazy\" decoding=\"async\" title=\"IMG_4556\" style=\"border-left-width: 0px; border-right-width: 0px; background-image: none; border-bottom-width: 0px; padding-top: 0px; padding-left: 0px; display: inline; padding-right: 0px; border-top-width: 0px\" border=\"0\" alt=\"IMG_4556\" src=\"https:\/\/volkerontour.de\/wp-content\/uploads\/2022\/11\/IMG_4556_thumb.jpg\" width=\"244\" height=\"184\"><\/a><\/p>\n<p><a href=\"https:\/\/volkerontour.de\/wp-content\/uploads\/2022\/11\/IMG_4555.jpg\"><img loading=\"lazy\" decoding=\"async\" title=\"IMG_4555\" style=\"border-left-width: 0px; border-right-width: 0px; background-image: none; border-bottom-width: 0px; padding-top: 0px; padding-left: 0px; display: inline; padding-right: 0px; border-top-width: 0px\" border=\"0\" alt=\"IMG_4555\" src=\"https:\/\/volkerontour.de\/wp-content\/uploads\/2022\/11\/IMG_4555_thumb.jpg\" width=\"244\" height=\"184\"><\/a>&nbsp;<a href=\"https:\/\/volkerontour.de\/wp-content\/uploads\/2022\/11\/IMG_4558.jpg\"><img loading=\"lazy\" decoding=\"async\" title=\"IMG_4558\" style=\"border-left-width: 0px; border-right-width: 0px; background-image: none; border-bottom-width: 0px; padding-top: 0px; padding-left: 0px; display: inline; padding-right: 0px; border-top-width: 0px\" border=\"0\" alt=\"IMG_4558\" src=\"https:\/\/volkerontour.de\/wp-content\/uploads\/2022\/11\/IMG_4558_thumb.jpg\" width=\"244\" height=\"184\"><\/a><\/p>\n<p>Die Drakensberge sind (wie gestern geschrieben) das h\u00f6chste Gebirge im s\u00fcdlichen Afrika. Dabei misst die h\u00f6chste Erhebung, der \u201cSentinel Peak\u201d fast genau 3.000m. Vor allem bei Wanderern ist das Gebirge mit seinen gr\u00fcnen T\u00e4lern, vielen Wasserf\u00e4llen und schroffen Felsen sehr beliebt. Mit \u00fcber 4.000 Quadratkilometern erstreckt es sich \u00fcber die Landesteile Kwazulu-Natal und Eastern Cape. Ein Teil der Drakensberge befindet sich auf um souver\u00e4nen Staat Lesotho, der komplett von s\u00fcdafrikanischem Territorium umgeben ist.<\/p>\n<p><a href=\"https:\/\/volkerontour.de\/wp-content\/uploads\/2022\/11\/IMG_4563.jpg\"><img loading=\"lazy\" decoding=\"async\" title=\"IMG_4563\" style=\"border-left-width: 0px; border-right-width: 0px; background-image: none; border-bottom-width: 0px; padding-top: 0px; padding-left: 0px; display: inline; padding-right: 0px; border-top-width: 0px\" border=\"0\" alt=\"IMG_4563\" src=\"https:\/\/volkerontour.de\/wp-content\/uploads\/2022\/11\/IMG_4563_thumb.jpg\" width=\"244\" height=\"184\"><\/a>&nbsp;<a href=\"https:\/\/volkerontour.de\/wp-content\/uploads\/2022\/11\/IMG_4567.jpg\"><img loading=\"lazy\" decoding=\"async\" title=\"IMG_4567\" style=\"border-left-width: 0px; border-right-width: 0px; background-image: none; border-bottom-width: 0px; padding-top: 0px; padding-left: 0px; display: inline; padding-right: 0px; border-top-width: 0px\" border=\"0\" alt=\"IMG_4567\" src=\"https:\/\/volkerontour.de\/wp-content\/uploads\/2022\/11\/IMG_4567_thumb.jpg\" width=\"244\" height=\"184\"><\/a><\/p>\n<p><a href=\"https:\/\/volkerontour.de\/wp-content\/uploads\/2022\/11\/IMG_4569.jpg\"><img loading=\"lazy\" decoding=\"async\" title=\"IMG_4569\" style=\"border-left-width: 0px; border-right-width: 0px; background-image: none; border-bottom-width: 0px; padding-top: 0px; padding-left: 0px; display: inline; padding-right: 0px; border-top-width: 0px\" border=\"0\" alt=\"IMG_4569\" src=\"https:\/\/volkerontour.de\/wp-content\/uploads\/2022\/11\/IMG_4569_thumb.jpg\" width=\"244\" height=\"184\"><\/a>&nbsp;<a href=\"https:\/\/volkerontour.de\/wp-content\/uploads\/2022\/11\/IMG_4574.jpg\"><img loading=\"lazy\" decoding=\"async\" title=\"IMG_4574\" style=\"border-left-width: 0px; border-right-width: 0px; background-image: none; border-bottom-width: 0px; padding-top: 0px; padding-left: 0px; display: inline; padding-right: 0px; border-top-width: 0px\" border=\"0\" alt=\"IMG_4574\" src=\"https:\/\/volkerontour.de\/wp-content\/uploads\/2022\/11\/IMG_4574_thumb.jpg\" width=\"244\" height=\"184\"><\/a><\/p>\n<p>Nochmal von links nach rechts: Colin (Zimbabwe), Maxwell (Zimbabwe), Sindy (Mittenwalde), Manuela (Magdeburg), Anja (Ruhrpott), Steffi (M\u00fcnchen), Manfred (\u00d6sterreich), Nathalie (Z\u00fcrich), Paula (M\u00fcnchen)<\/p>\n<p><a href=\"https:\/\/volkerontour.de\/wp-content\/uploads\/2022\/11\/IMG_4570.jpg\"><img loading=\"lazy\" decoding=\"async\" title=\"IMG_4570\" style=\"border-left-width: 0px; border-right-width: 0px; background-image: none; border-bottom-width: 0px; padding-top: 0px; padding-left: 0px; display: inline; padding-right: 0px; border-top-width: 0px\" border=\"0\" alt=\"IMG_4570\" src=\"https:\/\/volkerontour.de\/wp-content\/uploads\/2022\/11\/IMG_4570_thumb.jpg\" width=\"244\" height=\"184\"><\/a>&nbsp;<a href=\"https:\/\/volkerontour.de\/wp-content\/uploads\/2022\/11\/IMG_4571.jpg\"><img loading=\"lazy\" decoding=\"async\" title=\"IMG_4571\" style=\"border-left-width: 0px; border-right-width: 0px; background-image: none; border-bottom-width: 0px; padding-top: 0px; padding-left: 0px; display: inline; padding-right: 0px; border-top-width: 0px\" border=\"0\" alt=\"IMG_4571\" src=\"https:\/\/volkerontour.de\/wp-content\/uploads\/2022\/11\/IMG_4571_thumb.jpg\" width=\"244\" height=\"184\"><\/a><\/p>\n<p>Nach etwa einer Stunde erreichten wir den ganz netten Wasserfall\u2026 als hier unser Wanderweg schlagartig in einer Sackgasse endete, wurde dann auch unseren beiden Reiseleitern die Fehlerhaftigkeit der Routenf\u00fchrung bewusst, und wir kehrten um.<\/p>\n<p><a href=\"https:\/\/volkerontour.de\/wp-content\/uploads\/2022\/11\/IMG_4575.jpg\"><img loading=\"lazy\" decoding=\"async\" title=\"IMG_4575\" style=\"border-left-width: 0px; border-right-width: 0px; background-image: none; border-bottom-width: 0px; padding-top: 0px; padding-left: 0px; display: inline; padding-right: 0px; border-top-width: 0px\" border=\"0\" alt=\"IMG_4575\" src=\"https:\/\/volkerontour.de\/wp-content\/uploads\/2022\/11\/IMG_4575_thumb.jpg\" width=\"244\" height=\"184\"><\/a>&nbsp;<a href=\"https:\/\/volkerontour.de\/wp-content\/uploads\/2022\/11\/IMG_4578.jpg\"><img loading=\"lazy\" decoding=\"async\" title=\"IMG_4578\" style=\"border-left-width: 0px; border-right-width: 0px; background-image: none; border-bottom-width: 0px; padding-top: 0px; padding-left: 0px; display: inline; padding-right: 0px; border-top-width: 0px\" border=\"0\" alt=\"IMG_4578\" src=\"https:\/\/volkerontour.de\/wp-content\/uploads\/2022\/11\/IMG_4578_thumb.jpg\" width=\"244\" height=\"184\"><\/a><\/p>\n<p><a href=\"https:\/\/volkerontour.de\/wp-content\/uploads\/2022\/11\/IMG_4579.jpg\"><img loading=\"lazy\" decoding=\"async\" title=\"IMG_4579\" style=\"border-left-width: 0px; border-right-width: 0px; background-image: none; border-bottom-width: 0px; padding-top: 0px; padding-left: 0px; display: inline; padding-right: 0px; border-top-width: 0px\" border=\"0\" alt=\"IMG_4579\" src=\"https:\/\/volkerontour.de\/wp-content\/uploads\/2022\/11\/IMG_4579_thumb.jpg\" width=\"244\" height=\"184\"><\/a>&nbsp;<a href=\"https:\/\/volkerontour.de\/wp-content\/uploads\/2022\/11\/IMG_4581.jpg\"><img loading=\"lazy\" decoding=\"async\" title=\"IMG_4581\" style=\"border-left-width: 0px; border-right-width: 0px; background-image: none; border-bottom-width: 0px; padding-top: 0px; padding-left: 0px; display: inline; padding-right: 0px; border-top-width: 0px\" border=\"0\" alt=\"IMG_4581\" src=\"https:\/\/volkerontour.de\/wp-content\/uploads\/2022\/11\/IMG_4581_thumb.jpg\" width=\"244\" height=\"184\"><\/a><\/p>\n<p>Auf unserm R\u00fcckweg fing es dann ordentlich an zu gewittern, weswegen sich fast alle (au\u00dfer Manfred) dazu entschieden zur\u00fcck in Richtung Unterkunft zu wandern. Da Manfred unbedingt wie geplante Wanderung durchziehen wollte, begleitete Maxwell ihn. Colin ging mit dem Rest von uns zur\u00fcck. Im unserer Unterkunft angekommen hatte sich das Wetter wieder ein bisschen beruhigt, so dass wir uns entschieden eine andere Wanderroute Richtung Norden zu versuchen\u2026 <\/p>\n<p><a href=\"https:\/\/volkerontour.de\/wp-content\/uploads\/2022\/11\/IMG_4619.jpg\"><img loading=\"lazy\" decoding=\"async\" title=\"IMG_4619\" style=\"border-left-width: 0px; border-right-width: 0px; background-image: none; border-bottom-width: 0px; padding-top: 0px; padding-left: 0px; display: inline; padding-right: 0px; border-top-width: 0px\" border=\"0\" alt=\"IMG_4619\" src=\"https:\/\/volkerontour.de\/wp-content\/uploads\/2022\/11\/IMG_4619_thumb.jpg\" width=\"244\" height=\"184\"><\/a>&nbsp;<a href=\"https:\/\/volkerontour.de\/wp-content\/uploads\/2022\/11\/IMG_4583.jpg\"><img loading=\"lazy\" decoding=\"async\" title=\"IMG_4583\" style=\"border-left-width: 0px; border-right-width: 0px; background-image: none; border-bottom-width: 0px; padding-top: 0px; padding-left: 0px; display: inline; padding-right: 0px; border-top-width: 0px\" border=\"0\" alt=\"IMG_4583\" src=\"https:\/\/volkerontour.de\/wp-content\/uploads\/2022\/11\/IMG_4583_thumb.jpg\" width=\"244\" height=\"184\"><\/a><\/p>\n<p><a href=\"https:\/\/volkerontour.de\/wp-content\/uploads\/2022\/11\/IMG_4588.jpg\"><img loading=\"lazy\" decoding=\"async\" title=\"IMG_4588\" style=\"border-left-width: 0px; border-right-width: 0px; background-image: none; border-bottom-width: 0px; padding-top: 0px; padding-left: 0px; display: inline; padding-right: 0px; border-top-width: 0px\" border=\"0\" alt=\"IMG_4588\" src=\"https:\/\/volkerontour.de\/wp-content\/uploads\/2022\/11\/IMG_4588_thumb.jpg\" width=\"244\" height=\"184\"><\/a>&nbsp;<a href=\"https:\/\/volkerontour.de\/wp-content\/uploads\/2022\/11\/IMG_4593.jpg\"><img loading=\"lazy\" decoding=\"async\" title=\"IMG_4593\" style=\"border-left-width: 0px; border-right-width: 0px; background-image: none; border-bottom-width: 0px; padding-top: 0px; padding-left: 0px; display: inline; padding-right: 0px; border-top-width: 0px\" border=\"0\" alt=\"IMG_4593\" src=\"https:\/\/volkerontour.de\/wp-content\/uploads\/2022\/11\/IMG_4593_thumb.jpg\" width=\"244\" height=\"184\"><\/a><\/p>\n<p><a href=\"https:\/\/volkerontour.de\/wp-content\/uploads\/2022\/11\/IMG_4594.jpg\"><img loading=\"lazy\" decoding=\"async\" title=\"IMG_4594\" style=\"border-left-width: 0px; border-right-width: 0px; background-image: none; border-bottom-width: 0px; padding-top: 0px; padding-left: 0px; display: inline; padding-right: 0px; border-top-width: 0px\" border=\"0\" alt=\"IMG_4594\" src=\"https:\/\/volkerontour.de\/wp-content\/uploads\/2022\/11\/IMG_4594_thumb.jpg\" width=\"244\" height=\"184\"><\/a>&nbsp;<a href=\"https:\/\/volkerontour.de\/wp-content\/uploads\/2022\/11\/IMG_4595.jpg\"><img loading=\"lazy\" decoding=\"async\" title=\"IMG_4595\" style=\"border-left-width: 0px; border-right-width: 0px; background-image: none; border-bottom-width: 0px; padding-top: 0px; padding-left: 0px; display: inline; padding-right: 0px; border-top-width: 0px\" border=\"0\" alt=\"IMG_4595\" src=\"https:\/\/volkerontour.de\/wp-content\/uploads\/2022\/11\/IMG_4595_thumb.jpg\" width=\"244\" height=\"184\"><\/a><\/p>\n<p>Laut Colin gibt es hier in der Gegend viele Antilopen und Affen. Antilopen sahen wir keine, aber immerhin ein paar Paviane kreuzten unseren weg\u2026 ansonsten gab es (au\u00dfer ein paar Insekten) tierm\u00e4\u00dfig nicht viel zu sehen <img decoding=\"async\" class=\"wlEmoticon wlEmoticon-sadsmile\" style=\"border-top-style: none; border-left-style: none; border-bottom-style: none; border-right-style: none\" alt=\"Trauriges Smiley\" src=\"https:\/\/volkerontour.de\/wp-content\/uploads\/2022\/11\/wlEmoticon-sadsmile-6.png\"><\/p>\n<p><a href=\"https:\/\/volkerontour.de\/wp-content\/uploads\/2022\/11\/IMG_4587.jpg\"><img loading=\"lazy\" decoding=\"async\" title=\"IMG_4587\" style=\"border-left-width: 0px; border-right-width: 0px; background-image: none; border-bottom-width: 0px; padding-top: 0px; padding-left: 0px; display: inline; padding-right: 0px; border-top-width: 0px\" border=\"0\" alt=\"IMG_4587\" src=\"https:\/\/volkerontour.de\/wp-content\/uploads\/2022\/11\/IMG_4587_thumb.jpg\" width=\"244\" height=\"184\"><\/a>&nbsp;<a href=\"https:\/\/volkerontour.de\/wp-content\/uploads\/2022\/11\/IMG_4590.jpg\"><img loading=\"lazy\" decoding=\"async\" title=\"IMG_4590\" style=\"border-left-width: 0px; border-right-width: 0px; background-image: none; border-bottom-width: 0px; padding-top: 0px; padding-left: 0px; display: inline; padding-right: 0px; border-top-width: 0px\" border=\"0\" alt=\"IMG_4590\" src=\"https:\/\/volkerontour.de\/wp-content\/uploads\/2022\/11\/IMG_4590_thumb.jpg\" width=\"244\" height=\"184\"><\/a><\/p>\n<p>Das Wetter blieb im weiteren Verlauf des Tages ziemlich unbest\u00e4ndig. Oft kamen ein paar Tropfen von Himmel, mal kamen auch ein paar Sonnenstrahlen durch. So richtig gewittert hat es aber zum Gl\u00fcck nicht mehr, so dass wir unsere Wanderung (zumindest die zweite) beenden konnten. <\/p>\n<p><a href=\"https:\/\/volkerontour.de\/wp-content\/uploads\/2022\/11\/IMG_4599.jpg\"><img loading=\"lazy\" decoding=\"async\" title=\"IMG_4599\" style=\"border-left-width: 0px; border-right-width: 0px; background-image: none; border-bottom-width: 0px; padding-top: 0px; padding-left: 0px; display: inline; padding-right: 0px; border-top-width: 0px\" border=\"0\" alt=\"IMG_4599\" src=\"https:\/\/volkerontour.de\/wp-content\/uploads\/2022\/11\/IMG_4599_thumb.jpg\" width=\"244\" height=\"184\"><\/a>&nbsp;<a href=\"https:\/\/volkerontour.de\/wp-content\/uploads\/2022\/11\/IMG_4601.jpg\"><img loading=\"lazy\" decoding=\"async\" title=\"IMG_4601\" style=\"border-left-width: 0px; border-right-width: 0px; background-image: none; border-bottom-width: 0px; padding-top: 0px; padding-left: 0px; display: inline; padding-right: 0px; border-top-width: 0px\" border=\"0\" alt=\"IMG_4601\" src=\"https:\/\/volkerontour.de\/wp-content\/uploads\/2022\/11\/IMG_4601_thumb.jpg\" width=\"244\" height=\"184\"><\/a><\/p>\n<p>Es war wirklich eine sehr sch\u00f6ne Wanderung, durch unber\u00fchrte Natur und eine sehenswerte Landschaft. Dazu waren wir die einzigen Wanderer, die unterwegs waren.<\/p>\n<p><a href=\"https:\/\/volkerontour.de\/wp-content\/uploads\/2022\/11\/IMG_4604.jpg\"><img loading=\"lazy\" decoding=\"async\" title=\"IMG_4604\" style=\"border-left-width: 0px; border-right-width: 0px; background-image: none; border-bottom-width: 0px; padding-top: 0px; padding-left: 0px; display: inline; padding-right: 0px; border-top-width: 0px\" border=\"0\" alt=\"IMG_4604\" src=\"https:\/\/volkerontour.de\/wp-content\/uploads\/2022\/11\/IMG_4604_thumb.jpg\" width=\"184\" height=\"244\"><\/a>&nbsp;<a href=\"https:\/\/volkerontour.de\/wp-content\/uploads\/2022\/11\/IMG_4609.jpg\"><img loading=\"lazy\" decoding=\"async\" title=\"IMG_4609\" style=\"border-left-width: 0px; border-right-width: 0px; background-image: none; border-bottom-width: 0px; padding-top: 0px; padding-left: 0px; display: inline; padding-right: 0px; border-top-width: 0px\" border=\"0\" alt=\"IMG_4609\" src=\"https:\/\/volkerontour.de\/wp-content\/uploads\/2022\/11\/IMG_4609_thumb.jpg\" width=\"244\" height=\"184\"><\/a><\/p>\n<p><a href=\"https:\/\/volkerontour.de\/wp-content\/uploads\/2022\/11\/IMG_4616.jpg\"><img loading=\"lazy\" decoding=\"async\" title=\"IMG_4616\" style=\"border-left-width: 0px; border-right-width: 0px; background-image: none; border-bottom-width: 0px; padding-top: 0px; padding-left: 0px; display: inline; padding-right: 0px; border-top-width: 0px\" border=\"0\" alt=\"IMG_4616\" src=\"https:\/\/volkerontour.de\/wp-content\/uploads\/2022\/11\/IMG_4616_thumb.jpg\" width=\"244\" height=\"184\"><\/a>&nbsp;<a href=\"https:\/\/volkerontour.de\/wp-content\/uploads\/2022\/11\/IMG_4618.jpg\"><img loading=\"lazy\" decoding=\"async\" title=\"IMG_4618\" style=\"border-left-width: 0px; border-right-width: 0px; background-image: none; border-bottom-width: 0px; padding-top: 0px; padding-left: 0px; display: inline; padding-right: 0px; border-top-width: 0px\" border=\"0\" alt=\"IMG_4618\" src=\"https:\/\/volkerontour.de\/wp-content\/uploads\/2022\/11\/IMG_4618_thumb.jpg\" width=\"244\" height=\"184\"><\/a><\/p>\n<p>Gegen 14:30 Uhr waren wir dann nach etwa 5 Stunden und \u00fcber 16 Kilometern wieder zur\u00fcck in unserer Unterkunft und hatten ein bisschen Zeit zu entspannen.<\/p>\n<p>Zum Abendessen wurde gegrillt und anschlie\u00dfend in lustiger Runde der Abend mit ein paar Kartenspielen beschlossen.<\/p>\n<p><a href=\"https:\/\/volkerontour.de\/wp-content\/uploads\/2022\/11\/IMG_4621.jpg\"><img loading=\"lazy\" decoding=\"async\" title=\"IMG_4621\" style=\"border-left-width: 0px; border-right-width: 0px; background-image: none; border-bottom-width: 0px; padding-top: 0px; padding-left: 0px; display: inline; padding-right: 0px; border-top-width: 0px\" border=\"0\" alt=\"IMG_4621\" src=\"https:\/\/volkerontour.de\/wp-content\/uploads\/2022\/11\/IMG_4621_thumb.jpg\" width=\"244\" height=\"184\"><\/a>&nbsp;<a href=\"https:\/\/volkerontour.de\/wp-content\/uploads\/2022\/11\/IMG_4622.jpg\"><img loading=\"lazy\" decoding=\"async\" title=\"IMG_4622\" style=\"border-left-width: 0px; border-right-width: 0px; background-image: none; border-bottom-width: 0px; padding-top: 0px; padding-left: 0px; display: inline; padding-right: 0px; border-top-width: 0px\" border=\"0\" alt=\"IMG_4622\" src=\"https:\/\/volkerontour.de\/wp-content\/uploads\/2022\/11\/IMG_4622_thumb.jpg\" width=\"184\" height=\"244\"><\/a><\/p>\n<p>Morgen haben wir dann mal wieder einen langen Reisetag vor uns. Es geht an die S\u00fcdk\u00fcste, genauer gesagt an die \u201cwild coast\u201d.<\/p>\n","protected":false},"excerpt":{"rendered":"<p>Samstag, 26.11.: F\u00fcr unsere Verh\u00e4ltnisse war heute Ausschlafen angesagt, denn es gab \u201cerst\u201d um 7 Uhr Fr\u00fchst\u00fcck, dass Maxwell und Colin netterweise vorbereitet haben. Eigentlich wollten wir dann um 8 Uhr los zu unserer Wanderung, aufgrund des doch recht ungem\u00fctlichen &hellip; <a href=\"https:\/\/volkerontour.de\/?p=31913\">Weiterlesen <span class=\"meta-nav\">&rarr;<\/span><\/a><\/p>\n","protected":false},"author":3,"featured_media":0,"comment_status":"closed","ping_status":"closed","sticky":false,"template":"","format":"standard","meta":{"footnotes":""},"categories":[49],"tags":[],"class_list":["post-31913","post","type-post","status-publish","format-standard","hentry","category-suedafrika-2022"],"_links":{"self":[{"href":"https:\/\/volkerontour.de\/index.php?rest_route=\/wp\/v2\/posts\/31913","targetHints":{"allow":["GET"]}}],"collection":[{"href":"https:\/\/volkerontour.de\/index.php?rest_route=\/wp\/v2\/posts"}],"about":[{"href":"https:\/\/volkerontour.de\/index.php?rest_route=\/wp\/v2\/types\/post"}],"author":[{"embeddable":true,"href":"https:\/\/volkerontour.de\/index.php?rest_route=\/wp\/v2\/users\/3"}],"replies":[{"embeddable":true,"href":"https:\/\/volkerontour.de\/index.php?rest_route=%2Fwp%2Fv2%2Fcomments&post=31913"}],"version-history":[{"count":1,"href":"https:\/\/volkerontour.de\/index.php?rest_route=\/wp\/v2\/posts\/31913\/revisions"}],"predecessor-version":[{"id":31914,"href":"https:\/\/volkerontour.de\/index.php?rest_route=\/wp\/v2\/posts\/31913\/revisions\/31914"}],"wp:attachment":[{"href":"https:\/\/volkerontour.de\/index.php?rest_route=%2Fwp%2Fv2%2Fmedia&parent=31913"}],"wp:term":[{"taxonomy":"category","embeddable":true,"href":"https:\/\/volkerontour.de\/index.php?rest_route=%2Fwp%2Fv2%2Fcategories&post=31913"},{"taxonomy":"post_tag","embeddable":true,"href":"https:\/\/volkerontour.de\/index.php?rest_route=%2Fwp%2Fv2%2Ftags&post=31913"}],"curies":[{"name":"wp","href":"https:\/\/api.w.org\/{rel}","templated":true}]}}