{"id":31934,"date":"2022-11-27T21:21:32","date_gmt":"2022-11-27T21:21:32","guid":{"rendered":"http:\/\/volkerontour.de\/?p=31934"},"modified":"2022-11-27T21:21:32","modified_gmt":"2022-11-27T21:21:32","slug":"tag-10-eine-sehr-lange-busfahrt","status":"publish","type":"post","link":"https:\/\/volkerontour.de\/?p=31934","title":{"rendered":"Tag 10: Eine sehr lange Busfahrt :-("},"content":{"rendered":"<p>Sonntag, 27.11.: Der heutige Tage ist recht schnell erz\u00e4hlt, denn wir verbrachten ihn fast komplett im Bus (mal wieder <img decoding=\"async\" class=\"wlEmoticon wlEmoticon-sadsmile\" style=\"border-top-style: none; border-left-style: none; border-bottom-style: none; border-right-style: none\" alt=\"Trauriges Smiley\" src=\"https:\/\/volkerontour.de\/wp-content\/uploads\/2022\/11\/wlEmoticon-sadsmile-7.png\">) Es ging \u00fcber 600km heraus aus dem Drakensberg-Gebirge Richtung S\u00fcdwesten an die Wild Coast, wo wir die n\u00e4chsten beiden N\u00e4chte verbringen werden. Auch heute war das Wetter sehr wechselhaft, teilweise hat wieder recht kr\u00e4ftig geregnet.<\/p>\n<p>Ein wenig ausgebremst wurden auf unserer heutigen Reise recht schnell, denn ein gr\u00f6\u00dferer LKW stand quer auf der Stra\u00dfe, und verursachte gleich mal einen kleinen Stau. Da das Abschleppauto bereits vor Ort war, konnte der Sattelschlepper aber recht fix geborgen werden, so dass wir unsere Reise fortsetzen konnten.<\/p>\n<p><a href=\"https:\/\/volkerontour.de\/wp-content\/uploads\/2022\/11\/IMG_4623.jpg\"><img loading=\"lazy\" decoding=\"async\" title=\"IMG_4623\" style=\"border-left-width: 0px; border-right-width: 0px; background-image: none; border-bottom-width: 0px; padding-top: 0px; padding-left: 0px; display: inline; padding-right: 0px; border-top-width: 0px\" border=\"0\" alt=\"IMG_4623\" src=\"https:\/\/volkerontour.de\/wp-content\/uploads\/2022\/11\/IMG_4623_thumb.jpg\" width=\"244\" height=\"184\"><\/a>&nbsp;<a href=\"https:\/\/volkerontour.de\/wp-content\/uploads\/2022\/11\/IMG_4624.jpg\"><img loading=\"lazy\" decoding=\"async\" title=\"IMG_4624\" style=\"border-left-width: 0px; border-right-width: 0px; background-image: none; border-bottom-width: 0px; padding-top: 0px; padding-left: 0px; display: inline; padding-right: 0px; border-top-width: 0px\" border=\"0\" alt=\"IMG_4624\" src=\"https:\/\/volkerontour.de\/wp-content\/uploads\/2022\/11\/IMG_4624_thumb.jpg\" width=\"244\" height=\"184\"><\/a><\/p>\n<p>Im weiteren Verlauf unserer Fahrt passierten wir wieder sehr sch\u00f6ne und haupts\u00e4chlich gr\u00fcne Landschaften. Bei sonnigem Wetter wirken die bestimmt noch einmal ganz anders.<\/p>\n<p><a href=\"https:\/\/volkerontour.de\/wp-content\/uploads\/2022\/11\/IMG_4626.jpg\"><img loading=\"lazy\" decoding=\"async\" title=\"IMG_4626\" style=\"border-left-width: 0px; border-right-width: 0px; background-image: none; border-bottom-width: 0px; padding-top: 0px; padding-left: 0px; display: inline; padding-right: 0px; border-top-width: 0px\" border=\"0\" alt=\"IMG_4626\" src=\"https:\/\/volkerontour.de\/wp-content\/uploads\/2022\/11\/IMG_4626_thumb.jpg\" width=\"244\" height=\"184\"><\/a>&nbsp;<a href=\"https:\/\/volkerontour.de\/wp-content\/uploads\/2022\/11\/IMG_4628.jpg\"><img loading=\"lazy\" decoding=\"async\" title=\"IMG_4628\" style=\"border-left-width: 0px; border-right-width: 0px; background-image: none; border-bottom-width: 0px; padding-top: 0px; padding-left: 0px; display: inline; padding-right: 0px; border-top-width: 0px\" border=\"0\" alt=\"IMG_4628\" src=\"https:\/\/volkerontour.de\/wp-content\/uploads\/2022\/11\/IMG_4628_thumb.jpg\" width=\"244\" height=\"184\"><\/a><\/p>\n<p><a href=\"https:\/\/volkerontour.de\/wp-content\/uploads\/2022\/11\/IMG_4630.jpg\"><img loading=\"lazy\" decoding=\"async\" title=\"IMG_4630\" style=\"border-left-width: 0px; border-right-width: 0px; background-image: none; border-bottom-width: 0px; padding-top: 0px; padding-left: 0px; display: inline; padding-right: 0px; border-top-width: 0px\" border=\"0\" alt=\"IMG_4630\" src=\"https:\/\/volkerontour.de\/wp-content\/uploads\/2022\/11\/IMG_4630_thumb.jpg\" width=\"244\" height=\"184\"><\/a>&nbsp;<a href=\"https:\/\/volkerontour.de\/wp-content\/uploads\/2022\/11\/IMG_4638.jpg\"><img loading=\"lazy\" decoding=\"async\" title=\"IMG_4638\" style=\"border-left-width: 0px; border-right-width: 0px; background-image: none; border-bottom-width: 0px; padding-top: 0px; padding-left: 0px; display: inline; padding-right: 0px; border-top-width: 0px\" border=\"0\" alt=\"IMG_4638\" src=\"https:\/\/volkerontour.de\/wp-content\/uploads\/2022\/11\/IMG_4638_thumb.jpg\" width=\"244\" height=\"184\"><\/a><\/p>\n<p>Es war l\u00e4ngst dunkel als wir unsere Unterkunft an der K\u00fcster erreicht hatten, n\u00e4mlich das \u201cAreena Riverside Resort\u201d. Im Dunkeln schonmal sehr sch\u00f6n. <img decoding=\"async\" class=\"wlEmoticon wlEmoticon-smile\" style=\"border-top-style: none; border-left-style: none; border-bottom-style: none; border-right-style: none\" alt=\"Smiley\" src=\"https:\/\/volkerontour.de\/wp-content\/uploads\/2022\/11\/wlEmoticon-smile-9.png\"><\/p>\n<p><a href=\"https:\/\/volkerontour.de\/wp-content\/uploads\/2022\/11\/IMG_4641.jpg\"><img loading=\"lazy\" decoding=\"async\" title=\"IMG_4641\" style=\"border-left-width: 0px; border-right-width: 0px; background-image: none; border-bottom-width: 0px; padding-top: 0px; padding-left: 0px; display: inline; padding-right: 0px; border-top-width: 0px\" border=\"0\" alt=\"IMG_4641\" src=\"https:\/\/volkerontour.de\/wp-content\/uploads\/2022\/11\/IMG_4641_thumb.jpg\" width=\"244\" height=\"184\"><\/a><\/p>\n<p>Colin und Max kochten zu sp\u00e4ter Stunden nach noch ein kleines Abendmahl, bevor alle ziemlich m\u00fcde ins Bett fielen (nach etwa 13 Stunden Busfahrt). Und viel mehr gibt es dann von heute auch nicht zu erz\u00e4hlen <img decoding=\"async\" class=\"wlEmoticon wlEmoticon-winkingsmile\" style=\"border-top-style: none; border-left-style: none; border-bottom-style: none; border-right-style: none\" alt=\"Zwinkerndes Smiley\" src=\"https:\/\/volkerontour.de\/wp-content\/uploads\/2022\/11\/wlEmoticon-winkingsmile-6.png\"><\/p>\n<p><a href=\"https:\/\/volkerontour.de\/wp-content\/uploads\/2022\/11\/IMG_4644.jpg\"><img loading=\"lazy\" decoding=\"async\" title=\"IMG_4644\" style=\"border-left-width: 0px; border-right-width: 0px; background-image: none; border-bottom-width: 0px; padding-top: 0px; padding-left: 0px; display: inline; padding-right: 0px; border-top-width: 0px\" border=\"0\" alt=\"IMG_4644\" src=\"https:\/\/volkerontour.de\/wp-content\/uploads\/2022\/11\/IMG_4644_thumb.jpg\" width=\"244\" height=\"184\"><\/a><\/p>\n<p>Da der Beitrag von heute aufgrund der entsprechenden Ereignislosigkeit ein bisschen k\u00fcrzer ausfiel, nutze ich die Gelegenheit um ein bisschen was von S\u00fcdafrika zu schreiben (f\u00fcr diejenigen, die es interessiert <img decoding=\"async\" class=\"wlEmoticon wlEmoticon-winkingsmile\" style=\"border-top-style: none; border-left-style: none; border-bottom-style: none; border-right-style: none\" alt=\"Zwinkerndes Smiley\" src=\"https:\/\/volkerontour.de\/wp-content\/uploads\/2022\/11\/wlEmoticon-winkingsmile-6.png\">), wof\u00fcr bisher einfach noch keine Zeit war:<\/p>\n<p>Also, S\u00fcdafrika ist etwa drei mal so gro\u00df wie Deutschland (n\u00e4mlich 1,2 Millionen Quadratkilometer), hat daf\u00fcr aber deutlich weniger Einwohner (58 Millionen). Die Sonne scheint hier im Schnitt etwa 3.000 Stunden pro Jahr, was doppelt so lange ist wie in Deutschland. Neben den Ministaaten Eswartini und Lesotho grenzt S\u00fcdafrika (von Osten nach Westen) an Namibia, Botswana, Zimbabwe und Mosambik. Grunds\u00e4tzlich verst\u00e4ndigt man sich in englisch, es gibt aber noch insgesamt 11 (!!!) weitere offizielle Landessprachen und unz\u00e4hlige Dialekte, die zur Verst\u00e4ndigung genutzt werden. Bezahlt wird in Rand, wobei 18 Rand in etwa einen Euro wert sind. <\/p>\n<p>Die Menschen sind grunds\u00e4tzlich sehr freundlich. Viele l\u00e4cheln und winken uns zu wenn wir mir unserem Safari-Ferrari an Ihnen vorbeifahren. Andererseits ist (wie schon erw\u00e4hnt) die Arbeitslosigkeit auch sehr hoch. Ebenso verh\u00e4lt es sich mit der Kriminalit\u00e4t. Daher achten wir sehr darauf unser Geld und die Reisedokumente immer bei uns zu tragen.<\/p>\n<p>Von der Landschaft her k\u00f6nnte S\u00fcdafrika nicht vielf\u00e4ltiger sein. Tier- und Pflanzenfreunde kommen genauso auf ihre Kosten. Wanderer und Golfer sch\u00e4tzen das Land genauso wie Weinliebhaber. Kurz gesagt: F\u00fcr jeden sollte hier etwa dabei sein <img decoding=\"async\" class=\"wlEmoticon wlEmoticon-smile\" style=\"border-top-style: none; border-left-style: none; border-bottom-style: none; border-right-style: none\" alt=\"Smiley\" src=\"https:\/\/volkerontour.de\/wp-content\/uploads\/2022\/11\/wlEmoticon-smile-9.png\"><\/p>\n<p>Morgen haben wir im \u00fcbrigen einen Tag zur freien Verf\u00fcgung. Ich bin mal gespannt was an optionalen Aktivit\u00e4ten alles geboten wird, und werde selbstverst\u00e4ndlich berichten <img decoding=\"async\" class=\"wlEmoticon wlEmoticon-winkingsmile\" style=\"border-top-style: none; border-left-style: none; border-bottom-style: none; border-right-style: none\" alt=\"Zwinkerndes Smiley\" src=\"https:\/\/volkerontour.de\/wp-content\/uploads\/2022\/11\/wlEmoticon-winkingsmile-6.png\"><\/p>\n","protected":false},"excerpt":{"rendered":"<p>Sonntag, 27.11.: Der heutige Tage ist recht schnell erz\u00e4hlt, denn wir verbrachten ihn fast komplett im Bus (mal wieder ) Es ging \u00fcber 600km heraus aus dem Drakensberg-Gebirge Richtung S\u00fcdwesten an die Wild Coast, wo wir die n\u00e4chsten beiden N\u00e4chte &hellip; <a href=\"https:\/\/volkerontour.de\/?p=31934\">Weiterlesen <span class=\"meta-nav\">&rarr;<\/span><\/a><\/p>\n","protected":false},"author":3,"featured_media":0,"comment_status":"closed","ping_status":"closed","sticky":false,"template":"","format":"standard","meta":{"footnotes":""},"categories":[49],"tags":[],"class_list":["post-31934","post","type-post","status-publish","format-standard","hentry","category-suedafrika-2022"],"_links":{"self":[{"href":"https:\/\/volkerontour.de\/index.php?rest_route=\/wp\/v2\/posts\/31934","targetHints":{"allow":["GET"]}}],"collection":[{"href":"https:\/\/volkerontour.de\/index.php?rest_route=\/wp\/v2\/posts"}],"about":[{"href":"https:\/\/volkerontour.de\/index.php?rest_route=\/wp\/v2\/types\/post"}],"author":[{"embeddable":true,"href":"https:\/\/volkerontour.de\/index.php?rest_route=\/wp\/v2\/users\/3"}],"replies":[{"embeddable":true,"href":"https:\/\/volkerontour.de\/index.php?rest_route=%2Fwp%2Fv2%2Fcomments&post=31934"}],"version-history":[{"count":1,"href":"https:\/\/volkerontour.de\/index.php?rest_route=\/wp\/v2\/posts\/31934\/revisions"}],"predecessor-version":[{"id":31935,"href":"https:\/\/volkerontour.de\/index.php?rest_route=\/wp\/v2\/posts\/31934\/revisions\/31935"}],"wp:attachment":[{"href":"https:\/\/volkerontour.de\/index.php?rest_route=%2Fwp%2Fv2%2Fmedia&parent=31934"}],"wp:term":[{"taxonomy":"category","embeddable":true,"href":"https:\/\/volkerontour.de\/index.php?rest_route=%2Fwp%2Fv2%2Fcategories&post=31934"},{"taxonomy":"post_tag","embeddable":true,"href":"https:\/\/volkerontour.de\/index.php?rest_route=%2Fwp%2Fv2%2Ftags&post=31934"}],"curies":[{"name":"wp","href":"https:\/\/api.w.org\/{rel}","templated":true}]}}