{"id":365,"date":"2012-07-31T22:22:01","date_gmt":"2012-07-31T22:22:01","guid":{"rendered":"http:\/\/volkerontour.de\/?p=365"},"modified":"2012-07-31T22:22:01","modified_gmt":"2012-07-31T22:22:01","slug":"tag-9-allradtour-salt-flats-teil-3","status":"publish","type":"post","link":"https:\/\/volkerontour.de\/?p=365","title":{"rendered":"Tag 9: Allradtour Salt Flats Teil 3"},"content":{"rendered":"<p>Montag, 30.07.: Der bisher wohl h\u00e4rteste Morgen stand auf dem Programm: Aufstehen um 5:30, Abfahrt um 6 Uhr. \u00dcberfl\u00fcssig zu erw\u00e4hnen, dass es \u00fcbelst kalt war, und dazu noch stockdunkel, und das nicht nur draussen\u2026 Mithilfe Eddys Stirnlampe und meiner Taschenlampe packten Collin, Eddy und ich unsere Sachen und fanden dann irgendwie unsere Toyotas, mit denen es um kurz nach sechs Uhr auf die letzte Etappe unseres Allradabenteuers ging\u2026<\/p>\n<p>Eine Stunde lang fuhren wir im Dunkeln durch h\u00fcgliges Gel\u00e4nde\u2026 dabei erreichten wir kurz vor unserem ersten Stopp die gr\u00f6sste H\u00f6he des Trips mit knapp 5100m. Etwa 15 Minuten sp\u00e4ter, und p\u00fcnktlich zum Sonnenaufgang gelangten wir dann zu den auf 4850m H\u00f6he gelegenen Geysieren \u201cSol de Manana\u201d\u2026 Es war so ungef\u00e4hr gegen 7 Uhr und einigen war es so kalt, dass sie nach wenigen Minuten wieder zur\u00fcck ins Auto mussten\u2026 \u201310 bis \u201315 Grad sollte es so etwa gehabt haben\u2026 <\/p>\n<p><a href=\"https:\/\/volkerontour.de\/wp-content\/uploads\/2012\/07\/DSC00904.jpg\"><img loading=\"lazy\" decoding=\"async\" style=\"background-image: none; border-bottom: 0px; border-left: 0px; padding-left: 0px; padding-right: 0px; display: inline; border-top: 0px; border-right: 0px; padding-top: 0px\" title=\"DSC00904\" border=\"0\" alt=\"DSC00904\" src=\"https:\/\/volkerontour.de\/wp-content\/uploads\/2012\/07\/DSC00904_thumb.jpg\" width=\"244\" height=\"184\"><\/a>&nbsp;<a href=\"https:\/\/volkerontour.de\/wp-content\/uploads\/2012\/07\/DSC00909.jpg\"><img loading=\"lazy\" decoding=\"async\" style=\"background-image: none; border-bottom: 0px; border-left: 0px; padding-left: 0px; padding-right: 0px; display: inline; border-top: 0px; border-right: 0px; padding-top: 0px\" title=\"DSC00909\" border=\"0\" alt=\"DSC00909\" src=\"https:\/\/volkerontour.de\/wp-content\/uploads\/2012\/07\/DSC00909_thumb.jpg\" width=\"244\" height=\"184\"><\/a><\/p>\n<p>&nbsp;<a href=\"https:\/\/volkerontour.de\/wp-content\/uploads\/2012\/07\/DSC00913.jpg\"><img loading=\"lazy\" decoding=\"async\" style=\"background-image: none; border-bottom: 0px; border-left: 0px; padding-left: 0px; padding-right: 0px; display: inline; border-top: 0px; border-right: 0px; padding-top: 0px\" title=\"DSC00913\" border=\"0\" alt=\"DSC00913\" src=\"https:\/\/volkerontour.de\/wp-content\/uploads\/2012\/07\/DSC00913_thumb.jpg\" width=\"244\" height=\"184\"><\/a>&nbsp;<a href=\"https:\/\/volkerontour.de\/wp-content\/uploads\/2012\/07\/DSC00915.jpg\"><img loading=\"lazy\" decoding=\"async\" style=\"background-image: none; border-bottom: 0px; border-left: 0px; padding-left: 0px; padding-right: 0px; display: inline; border-top: 0px; border-right: 0px; padding-top: 0px\" title=\"DSC00915\" border=\"0\" alt=\"DSC00915\" src=\"https:\/\/volkerontour.de\/wp-content\/uploads\/2012\/07\/DSC00915_thumb.jpg\" width=\"244\" height=\"184\"><\/a><\/p>\n<p>War aber echt toll, vor allem als dann die \u201cSonne des Morgens\u201d (Sol de Manana) aufging\u2026 <\/p>\n<p><a href=\"https:\/\/volkerontour.de\/wp-content\/uploads\/2012\/07\/DSC00918.jpg\"><img loading=\"lazy\" decoding=\"async\" style=\"background-image: none; border-bottom: 0px; border-left: 0px; padding-left: 0px; padding-right: 0px; display: inline; border-top: 0px; border-right: 0px; padding-top: 0px\" title=\"DSC00918\" border=\"0\" alt=\"DSC00918\" src=\"https:\/\/volkerontour.de\/wp-content\/uploads\/2012\/07\/DSC00918_thumb.jpg\" width=\"244\" height=\"184\"><\/a>&nbsp;<a href=\"https:\/\/volkerontour.de\/wp-content\/uploads\/2012\/07\/DSC00921.jpg\"><img loading=\"lazy\" decoding=\"async\" style=\"background-image: none; border-bottom: 0px; border-left: 0px; padding-left: 0px; padding-right: 0px; display: inline; border-top: 0px; border-right: 0px; padding-top: 0px\" title=\"DSC00921\" border=\"0\" alt=\"DSC00921\" src=\"https:\/\/volkerontour.de\/wp-content\/uploads\/2012\/07\/DSC00921_thumb.jpg\" width=\"244\" height=\"184\"><\/a><\/p>\n<p>Nach diesem im wahrsten Sinne des Wortes ersten \u201cH\u00f6hepunkt\u201d des Tages gelangten wir nach 45 Minuten Fahrt zu den auf 4400m H\u00f6he gelegenen heissen Quellen \u201cTermas de Polques\u201d. Durch die inzwischen h\u00f6her stehende Sonne und die ein wenig tiefer gelegenen Quellen waren die Temperaturen ein wenig ertr\u00e4glicher\u2026 Als wir vor Ort ankamen waren schon einige andere Gruppen anwesend um sich in den etwa 38 Grad heissen Quellen aufzuw\u00e4rmen\u2026 Da durften Collin und ich nat\u00fcrlich nicht fehlen\u2026 <img decoding=\"async\" style=\"border-bottom-style: none; border-left-style: none; border-top-style: none; border-right-style: none\" class=\"wlEmoticon wlEmoticon-smile\" alt=\"Smiley\" src=\"https:\/\/volkerontour.de\/wp-content\/uploads\/2012\/07\/wlEmoticon-smile10.png\"> Man musste wirklich langsam reingehen, sonst wars wirklich viel zu heiss\u2026<\/p>\n<p><a href=\"https:\/\/volkerontour.de\/wp-content\/uploads\/2012\/07\/DSC00926.jpg\"><img loading=\"lazy\" decoding=\"async\" style=\"background-image: none; border-bottom: 0px; border-left: 0px; padding-left: 0px; padding-right: 0px; display: inline; border-top: 0px; border-right: 0px; padding-top: 0px\" title=\"DSC00926\" border=\"0\" alt=\"DSC00926\" src=\"https:\/\/volkerontour.de\/wp-content\/uploads\/2012\/07\/DSC00926_thumb.jpg\" width=\"244\" height=\"184\"><\/a>&nbsp;<a href=\"https:\/\/volkerontour.de\/wp-content\/uploads\/2012\/07\/DSC00928.jpg\"><img loading=\"lazy\" decoding=\"async\" style=\"background-image: none; border-bottom: 0px; border-left: 0px; padding-left: 0px; padding-right: 0px; display: inline; border-top: 0px; border-right: 0px; padding-top: 0px\" title=\"DSC00928\" border=\"0\" alt=\"DSC00928\" src=\"https:\/\/volkerontour.de\/wp-content\/uploads\/2012\/07\/DSC00928_thumb.jpg\" width=\"244\" height=\"184\"><\/a><\/p>\n<p><a href=\"https:\/\/volkerontour.de\/wp-content\/uploads\/2012\/07\/DSC00930.jpg\"><img loading=\"lazy\" decoding=\"async\" style=\"background-image: none; border-bottom: 0px; border-left: 0px; padding-left: 0px; padding-right: 0px; display: inline; border-top: 0px; border-right: 0px; padding-top: 0px\" title=\"DSC00930\" border=\"0\" alt=\"DSC00930\" src=\"https:\/\/volkerontour.de\/wp-content\/uploads\/2012\/07\/DSC00930_thumb.jpg\" width=\"184\" height=\"244\"><\/a>&nbsp;<a href=\"https:\/\/volkerontour.de\/wp-content\/uploads\/2012\/07\/DSC00932.jpg\"><img loading=\"lazy\" decoding=\"async\" style=\"background-image: none; border-bottom: 0px; border-left: 0px; padding-left: 0px; padding-right: 0px; display: inline; border-top: 0px; border-right: 0px; padding-top: 0px\" title=\"DSC00932\" border=\"0\" alt=\"DSC00932\" src=\"https:\/\/volkerontour.de\/wp-content\/uploads\/2012\/07\/DSC00932_thumb.jpg\" width=\"244\" height=\"184\"><\/a><\/p>\n<p>Nach diesem kurzen, aber sehr angenehmen Bad gab es leckere Pancakes zum Fr\u00fchst\u00fcck\u2026<\/p>\n<p><a href=\"https:\/\/volkerontour.de\/wp-content\/uploads\/2012\/07\/DSC00934.jpg\"><img loading=\"lazy\" decoding=\"async\" style=\"background-image: none; border-bottom: 0px; border-left: 0px; padding-left: 0px; padding-right: 0px; display: inline; border-top: 0px; border-right: 0px; padding-top: 0px\" title=\"DSC00934\" border=\"0\" alt=\"DSC00934\" src=\"https:\/\/volkerontour.de\/wp-content\/uploads\/2012\/07\/DSC00934_thumb.jpg\" width=\"244\" height=\"184\"><\/a><\/p>\n<p>\u2026 bevor es dann weiterging zur roten Lagune, die wir ja bereits gestern kurz besichtigten\u2026<\/p>\n<p><a href=\"https:\/\/volkerontour.de\/wp-content\/uploads\/2012\/07\/DSC00937.jpg\"><img loading=\"lazy\" decoding=\"async\" style=\"background-image: none; border-bottom: 0px; border-left: 0px; padding-left: 0px; padding-right: 0px; display: inline; border-top: 0px; border-right: 0px; padding-top: 0px\" title=\"DSC00937\" border=\"0\" alt=\"DSC00937\" src=\"https:\/\/volkerontour.de\/wp-content\/uploads\/2012\/07\/DSC00937_thumb.jpg\" width=\"244\" height=\"184\"><\/a>&nbsp;<a href=\"https:\/\/volkerontour.de\/wp-content\/uploads\/2012\/07\/DSC00938.jpg\"><img loading=\"lazy\" decoding=\"async\" style=\"background-image: none; border-bottom: 0px; border-left: 0px; padding-left: 0px; padding-right: 0px; display: inline; border-top: 0px; border-right: 0px; padding-top: 0px\" title=\"DSC00938\" border=\"0\" alt=\"DSC00938\" src=\"https:\/\/volkerontour.de\/wp-content\/uploads\/2012\/07\/DSC00938_thumb.jpg\" width=\"244\" height=\"184\"><\/a><\/p>\n<p><a href=\"https:\/\/volkerontour.de\/wp-content\/uploads\/2012\/07\/DSC00942.jpg\"><img loading=\"lazy\" decoding=\"async\" style=\"background-image: none; border-bottom: 0px; border-left: 0px; padding-left: 0px; padding-right: 0px; display: inline; border-top: 0px; border-right: 0px; padding-top: 0px\" title=\"DSC00942\" border=\"0\" alt=\"DSC00942\" src=\"https:\/\/volkerontour.de\/wp-content\/uploads\/2012\/07\/DSC00942_thumb.jpg\" width=\"244\" height=\"184\"><\/a>&nbsp;<a href=\"https:\/\/volkerontour.de\/wp-content\/uploads\/2012\/07\/DSC00946.jpg\"><img loading=\"lazy\" decoding=\"async\" style=\"background-image: none; border-bottom: 0px; border-left: 0px; padding-left: 0px; padding-right: 0px; display: inline; border-top: 0px; border-right: 0px; padding-top: 0px\" title=\"DSC00946\" border=\"0\" alt=\"DSC00946\" src=\"https:\/\/volkerontour.de\/wp-content\/uploads\/2012\/07\/DSC00946_thumb.jpg\" width=\"244\" height=\"184\"><\/a><\/p>\n<p>Von dieser Seite aus war die Lagune deutlich interessanter\u2026 Das Wasser war wirklich feuerrot\u2026 Flamingos gabs auch wieder\u2026 und dazu n durchgeknallten Engl\u00e4nder Collin <img decoding=\"async\" style=\"border-bottom-style: none; border-left-style: none; border-top-style: none; border-right-style: none\" class=\"wlEmoticon wlEmoticon-smile\" alt=\"Smiley\" src=\"https:\/\/volkerontour.de\/wp-content\/uploads\/2012\/07\/wlEmoticon-smile10.png\"><\/p>\n<p>Wir machten uns auf den Heimweg Richtung Uyuni\u2026 leider hatte einer der Trucks immer wieder kleinere Probleme mit dem Motor, so dass ab und zu ein kurzer unfreiwilliger Stopp f\u00e4llig war\u2026 Zeit f\u00fcr mich einen (bei der H\u00f6he megaanstrengenden) Kurzsprint einzulegen f\u00fcr ein Abschlussfoto irgendwo auf dem Weg zwischen Chile und Uyuni <img decoding=\"async\" style=\"border-bottom-style: none; border-left-style: none; border-top-style: none; border-right-style: none\" class=\"wlEmoticon wlEmoticon-smile\" alt=\"Smiley\" src=\"https:\/\/volkerontour.de\/wp-content\/uploads\/2012\/07\/wlEmoticon-smile10.png\"><\/p>\n<p><a href=\"https:\/\/volkerontour.de\/wp-content\/uploads\/2012\/07\/DSC00950.jpg\"><img loading=\"lazy\" decoding=\"async\" style=\"background-image: none; border-bottom: 0px; border-left: 0px; padding-left: 0px; padding-right: 0px; display: inline; border-top: 0px; border-right: 0px; padding-top: 0px\" title=\"DSC00950\" border=\"0\" alt=\"DSC00950\" src=\"https:\/\/volkerontour.de\/wp-content\/uploads\/2012\/07\/DSC00950_thumb.jpg\" width=\"244\" height=\"184\"><\/a><\/p>\n<p>Gegen 17 Uhr erreichten wir dann wieder das \u201cEishotel\u201d in Uyuni, wo wir noch eine schnelle Dusche nehmen konnten bevor es auf die lange Nachtfahrt zur\u00fcck Richtung La Paz ging. Kurz vor acht nahmen wir dann in unserem etwas in die Jahre gekommenen, aber trotzdem sehr komfortablen Nachtbus Platz\u2026 Gl\u00fccklicherweise war ich ordentlich m\u00fcde, dass ich gut schlafen konnte\u2026<\/p>\n<p><a href=\"https:\/\/volkerontour.de\/wp-content\/uploads\/2012\/07\/DSC00952.jpg\"><img loading=\"lazy\" decoding=\"async\" style=\"background-image: none; border-bottom: 0px; border-left: 0px; padding-left: 0px; padding-right: 0px; display: inline; border-top: 0px; border-right: 0px; padding-top: 0px\" title=\"DSC00952\" border=\"0\" alt=\"DSC00952\" src=\"https:\/\/volkerontour.de\/wp-content\/uploads\/2012\/07\/DSC00952_thumb.jpg\" width=\"244\" height=\"184\"><\/a><\/p>\n<p>Hier vielleicht noch eine kurze Zusammenfassung zu der Allradtour: Der Ausflug war wirklich einmalig\u2026 h\u00e4tte nicht gedacht, das Bolivien so viel an verschiedener Landschaft zu bieten hat. Und egal wo man war: Man hat immer mehrere schneebedeckte Berggipfel in der N\u00e4he gesehen, die den Ausblick noch spektakul\u00e4rer gemacht haben. Gl\u00fccklicherweise macht alles auch noch einen sehr unber\u00fchrten Eindruck, deswegen ist es zwar f\u00fcr Besucher weniger komfortabel, aber insgesamt trotzdem sinnvoll in diese Natur keine Hotels oder bewirtschaftete Pensionen hinzubauen. Als Besucher muss man sich allerdings vorher bewusst sein, dass Temperaturschwankungen von bis zu 45 Grad Normalit\u00e4t sind, man in absolut primitiven Bedingungen, bei eisigen Temperaturen \u00fcbernachten muss und man hier und da mit der H\u00f6he von bis zu 5000m zu k\u00e4mpfen hat\u2026 daf\u00fcr bekommt man aber Natur und Abenteuer pur geboten\u2026 <\/p>\n","protected":false},"excerpt":{"rendered":"<p>Montag, 30.07.: Der bisher wohl h\u00e4rteste Morgen stand auf dem Programm: Aufstehen um 5:30, Abfahrt um 6 Uhr. \u00dcberfl\u00fcssig zu erw\u00e4hnen, dass es \u00fcbelst kalt war, und dazu noch stockdunkel, und das nicht nur draussen\u2026 Mithilfe Eddys Stirnlampe und meiner &hellip; <a href=\"https:\/\/volkerontour.de\/?p=365\">Weiterlesen <span class=\"meta-nav\">&rarr;<\/span><\/a><\/p>\n","protected":false},"author":3,"featured_media":0,"comment_status":"closed","ping_status":"open","sticky":false,"template":"","format":"standard","meta":{"footnotes":""},"categories":[1],"tags":[],"class_list":["post-365","post","type-post","status-publish","format-standard","hentry","category-uncategorized"],"_links":{"self":[{"href":"https:\/\/volkerontour.de\/index.php?rest_route=\/wp\/v2\/posts\/365","targetHints":{"allow":["GET"]}}],"collection":[{"href":"https:\/\/volkerontour.de\/index.php?rest_route=\/wp\/v2\/posts"}],"about":[{"href":"https:\/\/volkerontour.de\/index.php?rest_route=\/wp\/v2\/types\/post"}],"author":[{"embeddable":true,"href":"https:\/\/volkerontour.de\/index.php?rest_route=\/wp\/v2\/users\/3"}],"replies":[{"embeddable":true,"href":"https:\/\/volkerontour.de\/index.php?rest_route=%2Fwp%2Fv2%2Fcomments&post=365"}],"version-history":[{"count":0,"href":"https:\/\/volkerontour.de\/index.php?rest_route=\/wp\/v2\/posts\/365\/revisions"}],"wp:attachment":[{"href":"https:\/\/volkerontour.de\/index.php?rest_route=%2Fwp%2Fv2%2Fmedia&parent=365"}],"wp:term":[{"taxonomy":"category","embeddable":true,"href":"https:\/\/volkerontour.de\/index.php?rest_route=%2Fwp%2Fv2%2Fcategories&post=365"},{"taxonomy":"post_tag","embeddable":true,"href":"https:\/\/volkerontour.de\/index.php?rest_route=%2Fwp%2Fv2%2Ftags&post=365"}],"curies":[{"name":"wp","href":"https:\/\/api.w.org\/{rel}","templated":true}]}}