{"id":37,"date":"2012-07-22T01:03:44","date_gmt":"2012-07-22T01:03:44","guid":{"rendered":"http:\/\/volkerontour.de\/?p=37"},"modified":"2012-07-22T01:03:44","modified_gmt":"2012-07-22T01:03:44","slug":"die-anreise","status":"publish","type":"post","link":"https:\/\/volkerontour.de\/?p=37","title":{"rendered":"Die Anreise"},"content":{"rendered":"<p>Hallo alle zusammen und ein morgendlicher Gruss (bei mir ist es eher ein abendlicher) aus Lima, wo ich gerade vier Stunden Wartezeit \u00fcberbr\u00fccke\u2026 <\/p>\n<p>Bis hierher habe ich es also schonmal geschafft\u2026 Bei mir ist alles gut,ich hoffe mal bei meinem Gep\u00e4ck auch\u2026 leider hatte n\u00e4mlich mein Verbindungsflug von Frankfurt nach Amsterdam aufgrund des schlechten Wetters und eines vollen Rollfeldes eine kr\u00e4ftige Versp\u00e4tung. Im z\u00fcgigen Ludwigsburger Citylauf-Tempo gings dann f\u00fcr mich quer \u00fcber den ganzen Flughafen von Amsterdam. Den Flug habe ich eigentlich noch recht locker bekommen\u2026 wie gesagt, mein Gep\u00e4ck hoffentlich auch\u2026 aber das werde ich gleich mal in Erfahrung bringen\u2026<\/p>\n<p>Die Fl\u00fcge an sich waren o.k. Die Stunde von Frankfurt nach Amsterdam brach mein Sitznachbar Neill aus Irland alle m\u00f6glichen Alkoholrekorde\u2026 5 Dosen Heineken Bier und einen Gin Tonic\u2026 Erstaunlich, dass die Stewardessen ihm immer wieder was gebracht haben <img decoding=\"async\" style=\"border-bottom-style: none; border-left-style: none; border-top-style: none; border-right-style: none\" class=\"wlEmoticon wlEmoticon-smile\" alt=\"Smiley\" src=\"https:\/\/volkerontour.de\/wp-content\/uploads\/2012\/07\/wlEmoticon-smile.png\"><\/p>\n<p>Der Flug von Amsterdam nach Lima dauerte fast 13 Stunden und die ganze Zeit musste ich mir holl\u00e4ndisch anh\u00f6ren <img decoding=\"async\" style=\"border-bottom-style: none; border-left-style: none; border-top-style: none; border-right-style: none\" class=\"wlEmoticon wlEmoticon-sadsmile\" alt=\"Trauriges Smiley\" src=\"https:\/\/volkerontour.de\/wp-content\/uploads\/2012\/07\/wlEmoticon-sadsmile.png\"> Naja, jetzt sinds nur nochmal drei weitere nach La Paz und dann hab ichs geschafft\u2026<\/p>\n<p>\u00dcbrigens: Bei der Ankunft hier ist man ein wenig irritiert\u2026 nix mit lange hell im Juli\u2026 Bin hier um kurz nach sechs Ortszeit gelandet, da wars schon fast stockdunkel! Etwa 20 Grad hats noch draussen und es ist ordentlich bew\u00f6lkt\u2026<\/p>\n<p>So, ich schau dann nochmal was mein Gep\u00e4ck so macht\u2026 Melde mich wieder wenn ich angekommen und wieder W-Lan habe\u2026<\/p>\n<p>Ps.: Eventuelle Rechtschreibfehler liegen auf jeden Fall an der kleinen Netbooktastatur und nicht an mir <img decoding=\"async\" style=\"border-bottom-style: none; border-left-style: none; border-top-style: none; border-right-style: none\" class=\"wlEmoticon wlEmoticon-smile\" alt=\"Smiley\" src=\"https:\/\/volkerontour.de\/wp-content\/uploads\/2012\/07\/wlEmoticon-smile.png\"><\/p>\n<p>pps.: Kleiner Nachtrag: Nach Gep\u00e4ckcheck alles in Ordnung\u2026 Meine Tasche hat also genauso schnell wie ihr Besitzer den Weg zum richtigen Gate in Amsterdam gefunden. <img decoding=\"async\" style=\"border-bottom-style: none; border-left-style: none; border-top-style: none; border-right-style: none\" class=\"wlEmoticon wlEmoticon-smile\" alt=\"Smiley\" src=\"https:\/\/volkerontour.de\/wp-content\/uploads\/2012\/07\/wlEmoticon-smile.png\"><\/p>\n","protected":false},"excerpt":{"rendered":"<p>Hallo alle zusammen und ein morgendlicher Gruss (bei mir ist es eher ein abendlicher) aus Lima, wo ich gerade vier Stunden Wartezeit \u00fcberbr\u00fccke\u2026 Bis hierher habe ich es also schonmal geschafft\u2026 Bei mir ist alles gut,ich hoffe mal bei meinem &hellip; <a href=\"https:\/\/volkerontour.de\/?p=37\">Weiterlesen <span class=\"meta-nav\">&rarr;<\/span><\/a><\/p>\n","protected":false},"author":3,"featured_media":0,"comment_status":"closed","ping_status":"open","sticky":false,"template":"","format":"standard","meta":{"footnotes":""},"categories":[1],"tags":[],"class_list":["post-37","post","type-post","status-publish","format-standard","hentry","category-uncategorized"],"_links":{"self":[{"href":"https:\/\/volkerontour.de\/index.php?rest_route=\/wp\/v2\/posts\/37","targetHints":{"allow":["GET"]}}],"collection":[{"href":"https:\/\/volkerontour.de\/index.php?rest_route=\/wp\/v2\/posts"}],"about":[{"href":"https:\/\/volkerontour.de\/index.php?rest_route=\/wp\/v2\/types\/post"}],"author":[{"embeddable":true,"href":"https:\/\/volkerontour.de\/index.php?rest_route=\/wp\/v2\/users\/3"}],"replies":[{"embeddable":true,"href":"https:\/\/volkerontour.de\/index.php?rest_route=%2Fwp%2Fv2%2Fcomments&post=37"}],"version-history":[{"count":0,"href":"https:\/\/volkerontour.de\/index.php?rest_route=\/wp\/v2\/posts\/37\/revisions"}],"wp:attachment":[{"href":"https:\/\/volkerontour.de\/index.php?rest_route=%2Fwp%2Fv2%2Fmedia&parent=37"}],"wp:term":[{"taxonomy":"category","embeddable":true,"href":"https:\/\/volkerontour.de\/index.php?rest_route=%2Fwp%2Fv2%2Fcategories&post=37"},{"taxonomy":"post_tag","embeddable":true,"href":"https:\/\/volkerontour.de\/index.php?rest_route=%2Fwp%2Fv2%2Ftags&post=37"}],"curies":[{"name":"wp","href":"https:\/\/api.w.org\/{rel}","templated":true}]}}