{"id":39629,"date":"2024-08-14T15:26:05","date_gmt":"2024-08-14T15:26:05","guid":{"rendered":"https:\/\/volkerontour.de\/?p=39629"},"modified":"2024-08-14T15:26:05","modified_gmt":"2024-08-14T15:26:05","slug":"griechenland-die-bersicht","status":"publish","type":"post","link":"https:\/\/volkerontour.de\/?p=39629","title":{"rendered":"Griechenland, die &Uuml;bersicht"},"content":{"rendered":"<p>Mittwoch, 14.08.: Hallo mal wieder an alle Leser meines kleinen Urlaubsblogs. Die n\u00e4chste Reise steht kurz bevor. Und wie es der Titel schon verr\u00e4t, geht es nach Griechenland, genauer gesagt von Athen aus auf einige Kykladeninseln bis hinunter nach Santorin. Zum ersten Mal wird mich mein Neffe Finn (genannt: Finno) begleiten. Vor der Tour haben wir noch zwei Tage lang die M\u00f6glichkeit die griechische Hauptstadt auf eigene Faust zu erkunden, bevor wir dann den Rest der Tour (wie gewohnt) mit einer Gruppe unterwegs sein werden. Am 21.08. geht`s los. Ich bin gespannt und freue mich schon. <img decoding=\"async\" class=\"wlEmoticon wlEmoticon-smile\" style=\"\" alt=\"Smile\" src=\"https:\/\/volkerontour.de\/wp-content\/uploads\/2024\/08\/wlEmoticon-smile.png\"><\/p>\n<p>Und nun noch die Karte der Reise, sowie die \u201cTag-f\u00fcr-Tag\u201d-\u00dcbersicht:<\/p>\n<p><\/p>\n<p><img decoding=\"async\" alt=\"Karte der Route f&uuml;r Highlights der griechischen Inseln\" src=\"https:\/\/media.gadventures.com\/media-server\/cache\/ee\/de\/eede781081ac35081b83614d43a5d76c.png\"><\/p>\n<h5>Tag 1: Athen<\/h5>\n<p>Ankunft in Athen zu jeder Zeit. Nach dem abendlichen Begr\u00fc\u00dfungstreffen, bei dem du CEO und Mitreisende kennenlernst, k\u00f6nnt ihr als Gruppe Abendessen gehen.<\/p>\n<h5>Tag 2: Athen nach Tinos<\/h5>\n<p>Nutze einen vollen freien Tag auf Tinos nach Lust und Laune aus. Auf dieser mit gro\u00dfartigem Essen, wilder Natursch\u00f6nheit und fantastischen M\u00f6glichkeiten zum Surfen und Wandern willst du deine Zeit bestimmt nicht verschwenden. Steige auf die H\u00fcgel und lass den Blick \u00fcber das tiefblaue Meer und die traumhaften Str\u00e4nde schweifen.<\/p>\n<h5>Tag 3: Day trip to Mykonos<\/h5>\n<p>Heute geht es weiter zum gro\u00dfartigen Mykonos. Genie\u00dfe die Zeit auf dieser beliebten Insel, besuche die Windm\u00fchlen und schl\u00fcrfe vielleicht einen Cocktail mit Blick aufs Meer. Abends geht es mit der F\u00e4hre zur\u00fcck nach Tinos.<\/p>\n<h5>Tag 4: T\u00ednos<\/h5>\n<p>Nach der Ankunft gibt es eine sechsst\u00fcndige Tour der Insel mit einem lokalen Guide. Dabei besucht ihr Highlights wie das Dorf Dio Choria, das atemberaubende Volax, das ber\u00fchmte Dorf Pirgos und das Marmormuseum. Danach kannst du an einem freien Abend Tinos auf eigene Faust weiter erkunden.<\/p>\n<h5>Tag 5: Tinos nach Naxos<\/h5>\n<p>Von Tinos geht es mit der F\u00e4hre weiter nach Naxos. Nach einer CEO-gef\u00fchrten Orientierungs-Tour von Naxos besuchst du den Apollon-Tempel und hast danach freie Zeit. Du k\u00f6nntest den Dimitra-Tempel, eine lokale Mikrobrauerei oder die Kirche Panagia Drosiani mit Wandgem\u00e4lden aus dem 6. Jahrhundert besuchen. Lass von der Zas-H\u00f6hle aus den Blick auf den gleichnamigen Berg schweifen und geh in einer Taverne essen vor dem Abend am Strand Apollonas.<\/p>\n<h5>Tag 6: Naxos<\/h5>\n<p>Nutze heute einen ganzen freien Tag auf Naxos. Vielleicht willst du ja die von den Venezianern 1207 erbaute Burg auf dem H\u00fcgel mit ihrem arch\u00e4ologischen Museum besuchen. Du kannst auch den Zas besteigen und den Panoramablick \u00fcber Naxos genie\u00dfen und nebenbei auch noch von dir behaupten, dass du am h\u00f6chsten Punkt der Kykladen gestanden bist. Die Wanderung ist insgesamt 7 km lang, mit 300 H\u00f6henmetern. Du k\u00f6nntest auch durch die idyllischen D\u00f6rfer auf den H\u00fcgeln von Naxos schlendern oder den Tag in Gesch\u00e4ften, Caf\u00e9s oder am Strand verbringen.<\/p>\n<h5>Tag 7: Naxos nach Santorin<\/h5>\n<p>Mit der F\u00e4hre geht es zur Insel Santorin. Nach der Ankunft gibt es eine vom CEO gef\u00fchrte, 11 km lange Wanderung entlang des Randes der Caldera zwischen Fira und Oia. Danach kannst du am letzten Abend in Santorin nochmal mit der Gruppe Abendessen gehen.<\/p>\n<h5>Tag 8: Santorin<\/h5>\n<p>Abreise jederzeit m\u00f6glich.<\/p>\n<p>Ich w\u00fcnsche schon jetzt viel Spa\u00df beim Mitreisen!<\/p>\n<p>Gr\u00fc\u00dfe vom Bloginhaber<\/p>\n<p>Volker <img decoding=\"async\" class=\"wlEmoticon wlEmoticon-smile\" style=\"\" alt=\"Smile\" src=\"https:\/\/volkerontour.de\/wp-content\/uploads\/2024\/08\/wlEmoticon-smile.png\"><\/p>\n","protected":false},"excerpt":{"rendered":"<p>Mittwoch, 14.08.: Hallo mal wieder an alle Leser meines kleinen Urlaubsblogs. Die n\u00e4chste Reise steht kurz bevor. Und wie es der Titel schon verr\u00e4t, geht es nach Griechenland, genauer gesagt von Athen aus auf einige Kykladeninseln bis hinunter nach Santorin. &hellip; <a href=\"https:\/\/volkerontour.de\/?p=39629\">Weiterlesen <span class=\"meta-nav\">&rarr;<\/span><\/a><\/p>\n","protected":false},"author":3,"featured_media":0,"comment_status":"closed","ping_status":"closed","sticky":false,"template":"","format":"standard","meta":{"footnotes":""},"categories":[58],"tags":[],"class_list":["post-39629","post","type-post","status-publish","format-standard","hentry","category-griechenland-2024"],"_links":{"self":[{"href":"https:\/\/volkerontour.de\/index.php?rest_route=\/wp\/v2\/posts\/39629","targetHints":{"allow":["GET"]}}],"collection":[{"href":"https:\/\/volkerontour.de\/index.php?rest_route=\/wp\/v2\/posts"}],"about":[{"href":"https:\/\/volkerontour.de\/index.php?rest_route=\/wp\/v2\/types\/post"}],"author":[{"embeddable":true,"href":"https:\/\/volkerontour.de\/index.php?rest_route=\/wp\/v2\/users\/3"}],"replies":[{"embeddable":true,"href":"https:\/\/volkerontour.de\/index.php?rest_route=%2Fwp%2Fv2%2Fcomments&post=39629"}],"version-history":[{"count":1,"href":"https:\/\/volkerontour.de\/index.php?rest_route=\/wp\/v2\/posts\/39629\/revisions"}],"predecessor-version":[{"id":39630,"href":"https:\/\/volkerontour.de\/index.php?rest_route=\/wp\/v2\/posts\/39629\/revisions\/39630"}],"wp:attachment":[{"href":"https:\/\/volkerontour.de\/index.php?rest_route=%2Fwp%2Fv2%2Fmedia&parent=39629"}],"wp:term":[{"taxonomy":"category","embeddable":true,"href":"https:\/\/volkerontour.de\/index.php?rest_route=%2Fwp%2Fv2%2Fcategories&post=39629"},{"taxonomy":"post_tag","embeddable":true,"href":"https:\/\/volkerontour.de\/index.php?rest_route=%2Fwp%2Fv2%2Ftags&post=39629"}],"curies":[{"name":"wp","href":"https:\/\/api.w.org\/{rel}","templated":true}]}}