{"id":39876,"date":"2024-08-24T20:32:28","date_gmt":"2024-08-24T20:32:28","guid":{"rendered":"https:\/\/volkerontour.de\/?p=39876"},"modified":"2024-08-24T20:32:28","modified_gmt":"2024-08-24T20:32:28","slug":"tag-3-tinos","status":"publish","type":"post","link":"https:\/\/volkerontour.de\/?p=39876","title":{"rendered":"Tag 3: Tinos"},"content":{"rendered":"<p>Samstag, 24.08. Wie bereits gestern angedeutet, wurden wir heute Morgen (bzw. Nacht) um 5:45 Uhr abgeholt. Der physische und psychische Zustand von Finno war entsprechend <img decoding=\"async\" class=\"wlEmoticon wlEmoticon-winkingsmile\" style=\"\" alt=\"Winking smile\" src=\"https:\/\/volkerontour.de\/wp-content\/uploads\/2024\/08\/wlEmoticon-winkingsmile-2.png\"><\/p>\n<p><a href=\"https:\/\/volkerontour.de\/wp-content\/uploads\/2024\/08\/IMG_4726.jpg\"><img loading=\"lazy\" decoding=\"async\" width=\"184\" height=\"244\" title=\"IMG_4726\" style=\"display: inline; background-image: none;\" alt=\"IMG_4726\" src=\"https:\/\/volkerontour.de\/wp-content\/uploads\/2024\/08\/IMG_4726_thumb.jpg\" border=\"0\"><\/a>&nbsp;<a href=\"https:\/\/volkerontour.de\/wp-content\/uploads\/2024\/08\/IMG_4727.jpg\"><img loading=\"lazy\" decoding=\"async\" width=\"244\" height=\"184\" title=\"IMG_4727\" style=\"display: inline; background-image: none;\" alt=\"IMG_4727\" src=\"https:\/\/volkerontour.de\/wp-content\/uploads\/2024\/08\/IMG_4727_thumb.jpg\" border=\"0\"><\/a><\/p>\n<p>Eine gute Stunde sp\u00e4ter bestiegen wir dann die F\u00e4hre Richtung Tinos. Ganz sch\u00f6n gro\u00dfe Schiffe lagen da im Hafen. T\u00e4glich legen \u00fcbrigens F\u00e4hren zu 70 verschiedenen Inseln der \u00c4g\u00e4is, den Kykladeninseln und den Dodekans von Athen aus ab.<\/p>\n<p><a href=\"https:\/\/volkerontour.de\/wp-content\/uploads\/2024\/08\/IMG_4729.jpg\"><img loading=\"lazy\" decoding=\"async\" width=\"244\" height=\"184\" title=\"IMG_4729\" style=\"display: inline; background-image: none;\" alt=\"IMG_4729\" src=\"https:\/\/volkerontour.de\/wp-content\/uploads\/2024\/08\/IMG_4729_thumb.jpg\" border=\"0\"><\/a>&nbsp;<a href=\"https:\/\/volkerontour.de\/wp-content\/uploads\/2024\/08\/IMG_4730.jpg\"><img loading=\"lazy\" decoding=\"async\" width=\"244\" height=\"184\" title=\"IMG_4730\" style=\"display: inline; background-image: none;\" alt=\"IMG_4730\" src=\"https:\/\/volkerontour.de\/wp-content\/uploads\/2024\/08\/IMG_4730_thumb.jpg\" border=\"0\"><\/a><\/p>\n<p><a href=\"https:\/\/volkerontour.de\/wp-content\/uploads\/2024\/08\/IMG_4731.jpg\"><img loading=\"lazy\" decoding=\"async\" width=\"244\" height=\"184\" title=\"IMG_4731\" style=\"display: inline; background-image: none;\" alt=\"IMG_4731\" src=\"https:\/\/volkerontour.de\/wp-content\/uploads\/2024\/08\/IMG_4731_thumb.jpg\" border=\"0\"><\/a>&nbsp;<a href=\"https:\/\/volkerontour.de\/wp-content\/uploads\/2024\/08\/IMG_4733.jpg\"><img loading=\"lazy\" decoding=\"async\" width=\"244\" height=\"184\" title=\"IMG_4733\" style=\"display: inline; background-image: none;\" alt=\"IMG_4733\" src=\"https:\/\/volkerontour.de\/wp-content\/uploads\/2024\/08\/IMG_4733_thumb.jpg\" border=\"0\"><\/a><\/p>\n<p>P\u00fcnktlich zum Sonnenaufgang ging es dann los, gute 4 Stunden Richtung Tinos.<\/p>\n<p><a href=\"https:\/\/volkerontour.de\/wp-content\/uploads\/2024\/08\/IMG_4737.jpg\"><img loading=\"lazy\" decoding=\"async\" width=\"244\" height=\"184\" title=\"IMG_4737\" style=\"display: inline; background-image: none;\" alt=\"IMG_4737\" src=\"https:\/\/volkerontour.de\/wp-content\/uploads\/2024\/08\/IMG_4737_thumb.jpg\" border=\"0\"><\/a>&nbsp;<a href=\"https:\/\/volkerontour.de\/wp-content\/uploads\/2024\/08\/IMG_4736.jpg\"><img loading=\"lazy\" decoding=\"async\" width=\"244\" height=\"184\" title=\"IMG_4736\" style=\"display: inline; background-image: none;\" alt=\"IMG_4736\" src=\"https:\/\/volkerontour.de\/wp-content\/uploads\/2024\/08\/IMG_4736_thumb.jpg\" border=\"0\"><\/a><\/p>\n<p>F\u00fcr schlanke zwei Euro Aufpreis durften wir auf bequemen Businessseats sitzen. Der Finno bekam von der Fahrt allerdings nicht allzu viel mit, denn er schlief fast die kompletten vier Stunden durch.<\/p>\n<p><a href=\"https:\/\/volkerontour.de\/wp-content\/uploads\/2024\/08\/IMG_4741.jpg\"><img loading=\"lazy\" decoding=\"async\" width=\"244\" height=\"184\" title=\"IMG_4741\" style=\"display: inline; background-image: none;\" alt=\"IMG_4741\" src=\"https:\/\/volkerontour.de\/wp-content\/uploads\/2024\/08\/IMG_4741_thumb.jpg\" border=\"0\"><\/a>&nbsp;<a href=\"https:\/\/volkerontour.de\/wp-content\/uploads\/2024\/08\/IMG_4742.jpg\"><img loading=\"lazy\" decoding=\"async\" width=\"244\" height=\"184\" title=\"IMG_4742\" style=\"display: inline; background-image: none;\" alt=\"IMG_4742\" src=\"https:\/\/volkerontour.de\/wp-content\/uploads\/2024\/08\/IMG_4742_thumb.jpg\" border=\"0\"><\/a><\/p>\n<p>Einen kurzen Zwischenstopp legte die F\u00e4hre auf \u201cAndros\u201d ein, bevor es dann noch etwa eine Stunde nach Tinos weiterging.<\/p>\n<p><a href=\"https:\/\/volkerontour.de\/wp-content\/uploads\/2024\/08\/IMG_5029.jpg\"><img loading=\"lazy\" decoding=\"async\" width=\"244\" height=\"184\" title=\"IMG_5029\" style=\"display: inline; background-image: none;\" alt=\"IMG_5029\" src=\"https:\/\/volkerontour.de\/wp-content\/uploads\/2024\/08\/IMG_5029_thumb.jpg\" border=\"0\"><\/a>&nbsp;<a href=\"https:\/\/volkerontour.de\/wp-content\/uploads\/2024\/08\/IMG_5031.jpg\"><img loading=\"lazy\" decoding=\"async\" width=\"244\" height=\"184\" title=\"IMG_5031\" style=\"display: inline; background-image: none;\" alt=\"IMG_5031\" src=\"https:\/\/volkerontour.de\/wp-content\/uploads\/2024\/08\/IMG_5031_thumb.jpg\" border=\"0\"><\/a><\/p>\n<p>Da wir die n\u00e4chsten Tage auf verschiedenen griechischen Inseln verbringen werden, hier vielleicht noch ein paar kurze allgemeine Informationen:<\/p>\n<p>Zu Griechenland geh\u00f6ren insgesamt 3.054 Inseln (damit sind etwa 82% aller Mittelmeerinseln griechisch), wovon aber nur 167 st\u00e4ndig oder zweitweise bewohnt sind. Die meisten Inseln sind in Gruppen unterteilt (siehe Bild unten). <\/p>\n<p><a href=\"https:\/\/volkerontour.de\/wp-content\/uploads\/2024\/08\/IMG_4756.jpg\"><img loading=\"lazy\" decoding=\"async\" width=\"244\" height=\"211\" title=\"IMG_4756\" style=\"display: inline; background-image: none;\" alt=\"IMG_4756\" src=\"https:\/\/volkerontour.de\/wp-content\/uploads\/2024\/08\/IMG_4756_thumb.jpg\" border=\"0\"><\/a><\/p>\n<p>Sowohl von der Fl\u00e4che her (8.261 Quadratkilometer), als auch von den Einwohnern (622.000) ist Kreta mit Abstand die gr\u00f6\u00dfte griechische Insel. Wie Ihr wisst, sind wir diese Woche auf den Kykladen-Inseln unterwegs. Diese umfassen mehr als 30 Inseln. Die bekanntesten sind hierbei sicherlich Mykonos, Paros und Santorin.<\/p>\n<p>Heute steuerten wir also zun\u00e4chst Tinos an. Schon bei der Ankunft fiel uns direkt die klassische kykladische Bauweise der H\u00e4user auf. Grundfarbe wei\u00df, Fenster(L\u00e4den), T\u00fcren und andere kleine Bemalungen sind in einem hellen Blauton gehalten. Auch unser sch\u00f6nes Hotel f\u00fcr die n\u00e4chsten drei Tage pr\u00e4sentierte sich in diesen Farben.<\/p>\n<p><a href=\"https:\/\/volkerontour.de\/wp-content\/uploads\/2024\/08\/IMG_5036.jpg\"><img loading=\"lazy\" decoding=\"async\" width=\"244\" height=\"184\" title=\"IMG_5036\" style=\"display: inline; background-image: none;\" alt=\"IMG_5036\" src=\"https:\/\/volkerontour.de\/wp-content\/uploads\/2024\/08\/IMG_5036_thumb.jpg\" border=\"0\"><\/a>&nbsp;<a href=\"https:\/\/volkerontour.de\/wp-content\/uploads\/2024\/08\/IMG_5037.jpg\"><img loading=\"lazy\" decoding=\"async\" width=\"244\" height=\"184\" title=\"IMG_5037\" style=\"display: inline; background-image: none;\" alt=\"IMG_5037\" src=\"https:\/\/volkerontour.de\/wp-content\/uploads\/2024\/08\/IMG_5037_thumb.jpg\" border=\"0\"><\/a><\/p>\n<p>Zun\u00e4chst stand ein kurzer \u201cOrientierungsspaziergang\u201d durch Tinos-Stadt auf dem Programm. Neben dem kleinen und belebten Hafen bewegt man sich vor allem durch viele sch\u00f6ne und schmale Gassen. Alles ist mit viel Liebe zum Details gestaltet. Es gibt keine 0815-Gesch\u00e4fte oder Restaurants. Alles ist h\u00fcbsch hergerichtet und dekoriert, dazu pieksauber.<\/p>\n<p><a href=\"https:\/\/volkerontour.de\/wp-content\/uploads\/2024\/08\/IMG_5035.jpg\"><img loading=\"lazy\" decoding=\"async\" width=\"244\" height=\"184\" title=\"IMG_5035\" style=\"display: inline; background-image: none;\" alt=\"IMG_5035\" src=\"https:\/\/volkerontour.de\/wp-content\/uploads\/2024\/08\/IMG_5035_thumb.jpg\" border=\"0\"><\/a>&nbsp;<a href=\"https:\/\/volkerontour.de\/wp-content\/uploads\/2024\/08\/IMG_5038.jpg\"><img loading=\"lazy\" decoding=\"async\" width=\"184\" height=\"244\" title=\"IMG_5038\" style=\"display: inline; background-image: none;\" alt=\"IMG_5038\" src=\"https:\/\/volkerontour.de\/wp-content\/uploads\/2024\/08\/IMG_5038_thumb.jpg\" border=\"0\"><\/a><\/p>\n<p><a href=\"https:\/\/volkerontour.de\/wp-content\/uploads\/2024\/08\/IMG_5039.jpg\"><img loading=\"lazy\" decoding=\"async\" width=\"184\" height=\"244\" title=\"IMG_5039\" style=\"display: inline; background-image: none;\" alt=\"IMG_5039\" src=\"https:\/\/volkerontour.de\/wp-content\/uploads\/2024\/08\/IMG_5039_thumb.jpg\" border=\"0\"><\/a>&nbsp;<a href=\"https:\/\/volkerontour.de\/wp-content\/uploads\/2024\/08\/IMG_5040.jpg\"><img loading=\"lazy\" decoding=\"async\" width=\"184\" height=\"244\" title=\"IMG_5040\" style=\"display: inline; background-image: none;\" alt=\"IMG_5040\" src=\"https:\/\/volkerontour.de\/wp-content\/uploads\/2024\/08\/IMG_5040_thumb.jpg\" border=\"0\"><\/a><\/p>\n<p>Bevor der Tourismus die kleine 8.600 Einwohner z\u00e4hlende Insel erreichte, kamen zumeist nur Pilger nach Tinos, um die Wallfahrtskirche der Panagia zu besuchen. Und auch heute versammelten sich zahlreiche Gl\u00e4ubige vor dem Eingang um nach einiger Wartezeit in die Kirche zu gelangen.<\/p>\n<p><a href=\"https:\/\/volkerontour.de\/wp-content\/uploads\/2024\/08\/IMG_5045.jpg\"><img loading=\"lazy\" decoding=\"async\" width=\"244\" height=\"184\" title=\"IMG_5045\" style=\"display: inline; background-image: none;\" alt=\"IMG_5045\" src=\"https:\/\/volkerontour.de\/wp-content\/uploads\/2024\/08\/IMG_5045_thumb.jpg\" border=\"0\"><\/a>&nbsp;<a href=\"https:\/\/volkerontour.de\/wp-content\/uploads\/2024\/08\/IMG_5044.jpg\"><img loading=\"lazy\" decoding=\"async\" width=\"244\" height=\"184\" title=\"IMG_5044\" style=\"display: inline; background-image: none;\" alt=\"IMG_5044\" src=\"https:\/\/volkerontour.de\/wp-content\/uploads\/2024\/08\/IMG_5044_thumb.jpg\" border=\"0\"><\/a><\/p>\n<p>Das zweite mal in Folge gab es heute traditionelles griechisches Essen. Meatballs mit Tomatensauce <img decoding=\"async\" class=\"wlEmoticon wlEmoticon-smile\" style=\"\" alt=\"Smile\" src=\"https:\/\/volkerontour.de\/wp-content\/uploads\/2024\/08\/wlEmoticon-smile-3.png\"><\/p>\n<p><a href=\"https:\/\/volkerontour.de\/wp-content\/uploads\/2024\/08\/IMG_5050.jpg\"><img loading=\"lazy\" decoding=\"async\" width=\"244\" height=\"184\" title=\"IMG_5050\" style=\"display: inline; background-image: none;\" alt=\"IMG_5050\" src=\"https:\/\/volkerontour.de\/wp-content\/uploads\/2024\/08\/IMG_5050_thumb.jpg\" border=\"0\"><\/a>&nbsp;<a href=\"https:\/\/volkerontour.de\/wp-content\/uploads\/2024\/08\/IMG_5049.jpg\"><img loading=\"lazy\" decoding=\"async\" width=\"244\" height=\"184\" title=\"IMG_5049\" style=\"display: inline; background-image: none;\" alt=\"IMG_5049\" src=\"https:\/\/volkerontour.de\/wp-content\/uploads\/2024\/08\/IMG_5049_thumb.jpg\" border=\"0\"><\/a><\/p>\n<p>Da der Strand etwa 15 Minuten von unserem Hotel entfernt lag, wurden wir am sp\u00e4ten Nachmittag mit dem Bus gefahren. Genauer gesagt hatte uns Christos ein paar sch\u00f6ne \u201cDaybeds\u201d in einer Strandbar organisiert. Die Loungemusik (es war sogar ein DJ vor Ort) war super, h\u00e4tte aber ein, zwei Dezibel leiser sein k\u00f6nnen. Ansonsten war das ein sehr sch\u00f6ner Platz.<\/p>\n<p><a href=\"https:\/\/volkerontour.de\/wp-content\/uploads\/2024\/08\/IMG_5051.jpg\"><img loading=\"lazy\" decoding=\"async\" width=\"244\" height=\"184\" title=\"IMG_5051\" style=\"display: inline; background-image: none;\" alt=\"IMG_5051\" src=\"https:\/\/volkerontour.de\/wp-content\/uploads\/2024\/08\/IMG_5051_thumb.jpg\" border=\"0\"><\/a>&nbsp;<a href=\"https:\/\/volkerontour.de\/wp-content\/uploads\/2024\/08\/IMG_5056.jpg\"><img loading=\"lazy\" decoding=\"async\" width=\"244\" height=\"184\" title=\"IMG_5056\" style=\"display: inline; background-image: none;\" alt=\"IMG_5056\" src=\"https:\/\/volkerontour.de\/wp-content\/uploads\/2024\/08\/IMG_5056_thumb.jpg\" border=\"0\"><\/a><\/p>\n<p>Der Finno hatte glaube ich auch seinen Spass. Man hat ihn kaum aus dem Wasser rausbekommen <img decoding=\"async\" class=\"wlEmoticon wlEmoticon-smile\" style=\"\" alt=\"Smile\" src=\"https:\/\/volkerontour.de\/wp-content\/uploads\/2024\/08\/wlEmoticon-smile-3.png\"><\/p>\n<p><a href=\"https:\/\/volkerontour.de\/wp-content\/uploads\/2024\/08\/IMG_5055.jpg\"><img loading=\"lazy\" decoding=\"async\" width=\"244\" height=\"184\" title=\"IMG_5055\" style=\"display: inline; background-image: none;\" alt=\"IMG_5055\" src=\"https:\/\/volkerontour.de\/wp-content\/uploads\/2024\/08\/IMG_5055_thumb.jpg\" border=\"0\"><\/a>&nbsp;<a href=\"https:\/\/volkerontour.de\/wp-content\/uploads\/2024\/08\/IMG_5069.jpg\"><img loading=\"lazy\" decoding=\"async\" width=\"244\" height=\"184\" title=\"IMG_5069\" style=\"display: inline; background-image: none;\" alt=\"IMG_5069\" src=\"https:\/\/volkerontour.de\/wp-content\/uploads\/2024\/08\/IMG_5069_thumb.jpg\" border=\"0\"><\/a><\/p>\n<p><a href=\"https:\/\/volkerontour.de\/wp-content\/uploads\/2024\/08\/IMG_5074.jpg\"><img loading=\"lazy\" decoding=\"async\" width=\"184\" height=\"244\" title=\"IMG_5074\" style=\"display: inline; background-image: none;\" alt=\"IMG_5074\" src=\"https:\/\/volkerontour.de\/wp-content\/uploads\/2024\/08\/IMG_5074_thumb.jpg\" border=\"0\"><\/a>&nbsp;<a href=\"https:\/\/volkerontour.de\/wp-content\/uploads\/2024\/08\/IMG_5079.jpg\"><img loading=\"lazy\" decoding=\"async\" width=\"244\" height=\"184\" title=\"IMG_5079\" style=\"display: inline; background-image: none;\" alt=\"IMG_5079\" src=\"https:\/\/volkerontour.de\/wp-content\/uploads\/2024\/08\/IMG_5079_thumb.jpg\" border=\"0\"><\/a><\/p>\n<p>Brook, Amanda, Deborah und ich starteten sp\u00e4ter noch zu einer kleinen Wanderung um den nahegelegenen H\u00fcgel herum, mit guter Aussicht auf unsere, aber auch die benachbarte Bucht. <\/p>\n<p><a href=\"https:\/\/volkerontour.de\/wp-content\/uploads\/2024\/08\/IMG_5059.jpg\"><img loading=\"lazy\" decoding=\"async\" width=\"244\" height=\"184\" title=\"IMG_5059\" style=\"display: inline; background-image: none;\" alt=\"IMG_5059\" src=\"https:\/\/volkerontour.de\/wp-content\/uploads\/2024\/08\/IMG_5059_thumb.jpg\" border=\"0\"><\/a>&nbsp;<a href=\"https:\/\/volkerontour.de\/wp-content\/uploads\/2024\/08\/IMG_5060.jpg\"><img loading=\"lazy\" decoding=\"async\" width=\"244\" height=\"184\" title=\"IMG_5060\" style=\"display: inline; background-image: none;\" alt=\"IMG_5060\" src=\"https:\/\/volkerontour.de\/wp-content\/uploads\/2024\/08\/IMG_5060_thumb.jpg\" border=\"0\"><\/a><\/p>\n<p><a href=\"https:\/\/volkerontour.de\/wp-content\/uploads\/2024\/08\/IMG_5061.jpg\"><img loading=\"lazy\" decoding=\"async\" width=\"244\" height=\"184\" title=\"IMG_5061\" style=\"display: inline; background-image: none;\" alt=\"IMG_5061\" src=\"https:\/\/volkerontour.de\/wp-content\/uploads\/2024\/08\/IMG_5061_thumb.jpg\" border=\"0\"><\/a>&nbsp;<a href=\"https:\/\/volkerontour.de\/wp-content\/uploads\/2024\/08\/IMG_5063.jpg\"><img loading=\"lazy\" decoding=\"async\" width=\"244\" height=\"184\" title=\"IMG_5063\" style=\"display: inline; background-image: none;\" alt=\"IMG_5063\" src=\"https:\/\/volkerontour.de\/wp-content\/uploads\/2024\/08\/IMG_5063_thumb.jpg\" border=\"0\"><\/a><\/p>\n<p>Wir blieben bis zum Sonnenuntergang und nahmen dort auch unser Abendessen (sehr, sehr gro\u00dfe Burger) ein.<\/p>\n<p><a href=\"https:\/\/volkerontour.de\/wp-content\/uploads\/2024\/08\/IMG_4748.jpg\"><img loading=\"lazy\" decoding=\"async\" width=\"244\" height=\"184\" title=\"IMG_4748\" style=\"display: inline; background-image: none;\" alt=\"IMG_4748\" src=\"https:\/\/volkerontour.de\/wp-content\/uploads\/2024\/08\/IMG_4748_thumb.jpg\" border=\"0\"><\/a>&nbsp;<a href=\"https:\/\/volkerontour.de\/wp-content\/uploads\/2024\/08\/IMG_4751.jpg\"><img loading=\"lazy\" decoding=\"async\" width=\"244\" height=\"184\" title=\"IMG_4751\" style=\"display: inline; background-image: none;\" alt=\"IMG_4751\" src=\"https:\/\/volkerontour.de\/wp-content\/uploads\/2024\/08\/IMG_4751_thumb.jpg\" border=\"0\"><\/a><\/p>\n<p>Zur\u00fcck in Tinos suchten wir zum Dessert noch die (laut Christos) beste Eisdiele des Ortes auf.<\/p>\n<p><a href=\"https:\/\/volkerontour.de\/wp-content\/uploads\/2024\/08\/IMG_4752.jpg\"><img loading=\"lazy\" decoding=\"async\" width=\"244\" height=\"184\" title=\"IMG_4752\" style=\"display: inline; background-image: none;\" alt=\"IMG_4752\" src=\"https:\/\/volkerontour.de\/wp-content\/uploads\/2024\/08\/IMG_4752_thumb.jpg\" border=\"0\"><\/a>&nbsp;<a href=\"https:\/\/volkerontour.de\/wp-content\/uploads\/2024\/08\/IMG_4753.jpg\"><img loading=\"lazy\" decoding=\"async\" width=\"244\" height=\"184\" title=\"IMG_4753\" style=\"display: inline; background-image: none;\" alt=\"IMG_4753\" src=\"https:\/\/volkerontour.de\/wp-content\/uploads\/2024\/08\/IMG_4753_thumb.jpg\" border=\"0\"><\/a><\/p>\n<p>Sch\u00f6n beleuchtet und sehr gem\u00fctlich kommt der Ort auch in der Dunkelheit daher. Sch\u00f6n, dass wir hier noch ein bisschen bleiben <img decoding=\"async\" class=\"wlEmoticon wlEmoticon-smile\" style=\"\" alt=\"Smile\" src=\"https:\/\/volkerontour.de\/wp-content\/uploads\/2024\/08\/wlEmoticon-smile-3.png\"><\/p>\n<p><a href=\"https:\/\/volkerontour.de\/wp-content\/uploads\/2024\/08\/IMG_4754.jpg\"><img loading=\"lazy\" decoding=\"async\" width=\"184\" height=\"244\" title=\"IMG_4754\" style=\"display: inline; background-image: none;\" alt=\"IMG_4754\" src=\"https:\/\/volkerontour.de\/wp-content\/uploads\/2024\/08\/IMG_4754_thumb.jpg\" border=\"0\"><\/a>&nbsp;<a href=\"https:\/\/volkerontour.de\/wp-content\/uploads\/2024\/08\/IMG_4755.jpg\"><img loading=\"lazy\" decoding=\"async\" width=\"244\" height=\"184\" title=\"IMG_4755\" style=\"display: inline; background-image: none;\" alt=\"IMG_4755\" src=\"https:\/\/volkerontour.de\/wp-content\/uploads\/2024\/08\/IMG_4755_thumb.jpg\" border=\"0\"><\/a><\/p>\n<p>Morgen gehts dann f\u00fcr ein paar Stunden r\u00fcber nach Mykonos. Leider haben wir dort nicht ganz so viel Zeit. Wir freuen uns aber trotzdem darauf einen Eindruck von einer der bekanntesten Kykladeninseln zu erhalten.<\/p>\n<p>So, ich werd jetzt mal schlafen. Schlie\u00dflich sind wir ja schon seit 5 Uhr wach.<\/p>\n","protected":false},"excerpt":{"rendered":"<p>Samstag, 24.08. Wie bereits gestern angedeutet, wurden wir heute Morgen (bzw. Nacht) um 5:45 Uhr abgeholt. Der physische und psychische Zustand von Finno war entsprechend &nbsp; Eine gute Stunde sp\u00e4ter bestiegen wir dann die F\u00e4hre Richtung Tinos. Ganz sch\u00f6n gro\u00dfe &hellip; <a href=\"https:\/\/volkerontour.de\/?p=39876\">Weiterlesen <span class=\"meta-nav\">&rarr;<\/span><\/a><\/p>\n","protected":false},"author":3,"featured_media":0,"comment_status":"closed","ping_status":"closed","sticky":false,"template":"","format":"standard","meta":{"footnotes":""},"categories":[58],"tags":[],"class_list":["post-39876","post","type-post","status-publish","format-standard","hentry","category-griechenland-2024"],"_links":{"self":[{"href":"https:\/\/volkerontour.de\/index.php?rest_route=\/wp\/v2\/posts\/39876","targetHints":{"allow":["GET"]}}],"collection":[{"href":"https:\/\/volkerontour.de\/index.php?rest_route=\/wp\/v2\/posts"}],"about":[{"href":"https:\/\/volkerontour.de\/index.php?rest_route=\/wp\/v2\/types\/post"}],"author":[{"embeddable":true,"href":"https:\/\/volkerontour.de\/index.php?rest_route=\/wp\/v2\/users\/3"}],"replies":[{"embeddable":true,"href":"https:\/\/volkerontour.de\/index.php?rest_route=%2Fwp%2Fv2%2Fcomments&post=39876"}],"version-history":[{"count":1,"href":"https:\/\/volkerontour.de\/index.php?rest_route=\/wp\/v2\/posts\/39876\/revisions"}],"predecessor-version":[{"id":39877,"href":"https:\/\/volkerontour.de\/index.php?rest_route=\/wp\/v2\/posts\/39876\/revisions\/39877"}],"wp:attachment":[{"href":"https:\/\/volkerontour.de\/index.php?rest_route=%2Fwp%2Fv2%2Fmedia&parent=39876"}],"wp:term":[{"taxonomy":"category","embeddable":true,"href":"https:\/\/volkerontour.de\/index.php?rest_route=%2Fwp%2Fv2%2Fcategories&post=39876"},{"taxonomy":"post_tag","embeddable":true,"href":"https:\/\/volkerontour.de\/index.php?rest_route=%2Fwp%2Fv2%2Ftags&post=39876"}],"curies":[{"name":"wp","href":"https:\/\/api.w.org\/{rel}","templated":true}]}}