{"id":39959,"date":"2024-08-25T21:14:46","date_gmt":"2024-08-25T21:14:46","guid":{"rendered":"https:\/\/volkerontour.de\/?p=39959"},"modified":"2024-08-25T21:14:46","modified_gmt":"2024-08-25T21:14:46","slug":"tag-4-mykonos","status":"publish","type":"post","link":"https:\/\/volkerontour.de\/?p=39959","title":{"rendered":"Tag 4: Mykonos"},"content":{"rendered":"<p>Sonntag, 25.08.: Da wir heute erst um 10:30 Uhr Richtung Mykonos starteten, war am Morgen noch ein kleines L\u00e4ufchen drin. Eigentlich wollte der Finno auch mitkommen, aber\u2026<\/p>\n<p><a href=\"https:\/\/volkerontour.de\/wp-content\/uploads\/2024\/08\/IMG_4759.jpg\"><img loading=\"lazy\" decoding=\"async\" width=\"244\" height=\"184\" title=\"IMG_4759\" style=\"display: inline; background-image: none;\" alt=\"IMG_4759\" src=\"https:\/\/volkerontour.de\/wp-content\/uploads\/2024\/08\/IMG_4759_thumb.jpg\" border=\"0\"><\/a>&nbsp;<a href=\"https:\/\/volkerontour.de\/wp-content\/uploads\/2024\/08\/IMG_4761.jpg\"><img loading=\"lazy\" decoding=\"async\" width=\"244\" height=\"184\" title=\"IMG_4761\" style=\"display: inline; background-image: none;\" alt=\"IMG_4761\" src=\"https:\/\/volkerontour.de\/wp-content\/uploads\/2024\/08\/IMG_4761_thumb.jpg\" border=\"0\"><\/a><\/p>\n<p><a href=\"https:\/\/volkerontour.de\/wp-content\/uploads\/2024\/08\/IMG_4762.jpg\"><img loading=\"lazy\" decoding=\"async\" width=\"244\" height=\"184\" title=\"IMG_4762\" style=\"display: inline; background-image: none;\" alt=\"IMG_4762\" src=\"https:\/\/volkerontour.de\/wp-content\/uploads\/2024\/08\/IMG_4762_thumb.jpg\" border=\"0\"><\/a>&nbsp;<a href=\"https:\/\/volkerontour.de\/wp-content\/uploads\/2024\/08\/IMG_4763.jpg\"><img loading=\"lazy\" decoding=\"async\" width=\"244\" height=\"184\" title=\"IMG_4763\" style=\"display: inline; background-image: none;\" alt=\"IMG_4763\" src=\"https:\/\/volkerontour.de\/wp-content\/uploads\/2024\/08\/IMG_4763_thumb.jpg\" border=\"0\"><\/a><\/p>\n<p>\u2026da waren noch nichtmal bei meiner R\u00fcckkehr ins Hotelzimmer die \u201cLichter an\u201d.<\/p>\n<p><a href=\"https:\/\/volkerontour.de\/wp-content\/uploads\/2024\/08\/IMG_4767.jpg\"><img loading=\"lazy\" decoding=\"async\" width=\"244\" height=\"184\" title=\"IMG_4767\" style=\"display: inline; background-image: none;\" alt=\"IMG_4767\" src=\"https:\/\/volkerontour.de\/wp-content\/uploads\/2024\/08\/IMG_4767_thumb.jpg\" border=\"0\"><\/a><\/p>\n<p>Nach dem Fr\u00fchst\u00fcck liefen wir hinunter zum Hafen, mal wieder vorbei an zahlreichen sch\u00f6nen Ecken der Innenstadt von Tinos.<\/p>\n<p><a href=\"https:\/\/volkerontour.de\/wp-content\/uploads\/2024\/08\/IMG_5081.jpg\"><img loading=\"lazy\" decoding=\"async\" width=\"244\" height=\"184\" title=\"IMG_5081\" style=\"display: inline; background-image: none;\" alt=\"IMG_5081\" src=\"https:\/\/volkerontour.de\/wp-content\/uploads\/2024\/08\/IMG_5081_thumb.jpg\" border=\"0\"><\/a>&nbsp;<a href=\"https:\/\/volkerontour.de\/wp-content\/uploads\/2024\/08\/IMG_5082.jpg\"><img loading=\"lazy\" decoding=\"async\" width=\"244\" height=\"184\" title=\"IMG_5082\" style=\"display: inline; background-image: none;\" alt=\"IMG_5082\" src=\"https:\/\/volkerontour.de\/wp-content\/uploads\/2024\/08\/IMG_5082_thumb.jpg\" border=\"0\"><\/a><\/p>\n<p>Die Temperaturen hier auf den Inseln sind gef\u00fchlt ein bisschen angenehmer als noch in Athen, was sicherlich auch daran liegt, dass eigentlich immer ein recht kr\u00e4ftiger Wind weht. Nat\u00fcrlich durften wir auch heute wieder den ganzen Tag blauen Himmel und Sonne pur genie\u00dfen <img decoding=\"async\" class=\"wlEmoticon wlEmoticon-smile\" style=\"\" alt=\"Smile\" src=\"https:\/\/volkerontour.de\/wp-content\/uploads\/2024\/08\/wlEmoticon-smile-4.png\"><\/p>\n<p>Um 11:15 legte dann die F\u00e4hre Richtung Mykonos ab. Die kurze Fahrt verbrachten wir haupts\u00e4chlich mit Karten spielen. Das Spiel \u201cUno\u201d bzw. \u201cSolo\u201d kennt man scheinbar \u00fcberall auf der Welt, zumindest aber mal in den USA, in Australien, in Wales und in der Schweiz.<\/p>\n<p><a href=\"https:\/\/volkerontour.de\/wp-content\/uploads\/2024\/08\/IMG_5085.jpg\"><img loading=\"lazy\" decoding=\"async\" width=\"244\" height=\"184\" title=\"IMG_5085\" style=\"display: inline; background-image: none;\" alt=\"IMG_5085\" src=\"https:\/\/volkerontour.de\/wp-content\/uploads\/2024\/08\/IMG_5085_thumb.jpg\" border=\"0\"><\/a>&nbsp;<a href=\"https:\/\/volkerontour.de\/wp-content\/uploads\/2024\/08\/IMG_4770.jpg\"><img loading=\"lazy\" decoding=\"async\" width=\"244\" height=\"184\" title=\"IMG_4770\" style=\"display: inline; background-image: none;\" alt=\"IMG_4770\" src=\"https:\/\/volkerontour.de\/wp-content\/uploads\/2024\/08\/IMG_4770_thumb.jpg\" border=\"0\"><\/a><\/p>\n<p>Ein kleines Wassertaxi brachte uns dann direkt nach Chora, der Hauptstadt von Mykonos.<\/p>\n<p><a href=\"https:\/\/volkerontour.de\/wp-content\/uploads\/2024\/08\/IMG_5088.jpg\"><img loading=\"lazy\" decoding=\"async\" width=\"244\" height=\"184\" title=\"IMG_5088\" style=\"display: inline; background-image: none;\" alt=\"IMG_5088\" src=\"https:\/\/volkerontour.de\/wp-content\/uploads\/2024\/08\/IMG_5088_thumb.jpg\" border=\"0\"><\/a>&nbsp;<a href=\"https:\/\/volkerontour.de\/wp-content\/uploads\/2024\/08\/IMG_5090.jpg\"><img loading=\"lazy\" decoding=\"async\" width=\"244\" height=\"184\" title=\"IMG_5090\" style=\"display: inline; background-image: none;\" alt=\"IMG_5090\" src=\"https:\/\/volkerontour.de\/wp-content\/uploads\/2024\/08\/IMG_5090_thumb.jpg\" border=\"0\"><\/a><\/p>\n<p>Schon bei der Einfahrt in den Hafen merkte man schnell, dass wir hier nicht gerade am ruhigsten und leersten Platz auf der Welt angekommen waren. Neben zahlreichen Luxusyachten\u2026<\/p>\n<p><a href=\"https:\/\/volkerontour.de\/wp-content\/uploads\/2024\/08\/IMG_5091.jpg\"><img loading=\"lazy\" decoding=\"async\" width=\"244\" height=\"184\" title=\"IMG_5091\" style=\"display: inline; background-image: none;\" alt=\"IMG_5091\" src=\"https:\/\/volkerontour.de\/wp-content\/uploads\/2024\/08\/IMG_5091_thumb.jpg\" border=\"0\"><\/a>&nbsp;<a href=\"https:\/\/volkerontour.de\/wp-content\/uploads\/2024\/08\/IMG_5097.jpg\"><img loading=\"lazy\" decoding=\"async\" width=\"244\" height=\"184\" title=\"IMG_5097\" style=\"display: inline; background-image: none;\" alt=\"IMG_5097\" src=\"https:\/\/volkerontour.de\/wp-content\/uploads\/2024\/08\/IMG_5097_thumb.jpg\" border=\"0\"><\/a><\/p>\n<p><a href=\"https:\/\/volkerontour.de\/wp-content\/uploads\/2024\/08\/IMG_5092.jpg\"><img loading=\"lazy\" decoding=\"async\" width=\"244\" height=\"184\" title=\"IMG_5092\" style=\"display: inline; background-image: none;\" alt=\"IMG_5092\" src=\"https:\/\/volkerontour.de\/wp-content\/uploads\/2024\/08\/IMG_5092_thumb.jpg\" border=\"0\"><\/a>&nbsp;<a href=\"https:\/\/volkerontour.de\/wp-content\/uploads\/2024\/08\/IMG_5096.jpg\"><img loading=\"lazy\" decoding=\"async\" width=\"244\" height=\"184\" title=\"IMG_5096\" style=\"display: inline; background-image: none;\" alt=\"IMG_5096\" src=\"https:\/\/volkerontour.de\/wp-content\/uploads\/2024\/08\/IMG_5096_thumb.jpg\" border=\"0\"><\/a><\/p>\n<p>\u2026waren auch zwei riesige Kreuzfahrtschiffe am Vormittag in den Hafen eingelaufen. Wenn man bedenkt, dass die komplette Insel insgesamt gut 10.000 Einwohner z\u00e4hlt, dann wurde diese Anzahl allein durch diese beiden Schiffe sicherlich direkt mal verdoppelt.<\/p>\n<p><a href=\"https:\/\/volkerontour.de\/wp-content\/uploads\/2024\/08\/IMG_5131.jpg\"><img loading=\"lazy\" decoding=\"async\" width=\"244\" height=\"184\" title=\"IMG_5131\" style=\"display: inline; background-image: none;\" alt=\"IMG_5131\" src=\"https:\/\/volkerontour.de\/wp-content\/uploads\/2024\/08\/IMG_5131_thumb.jpg\" border=\"0\"><\/a>&nbsp;<a href=\"https:\/\/volkerontour.de\/wp-content\/uploads\/2024\/08\/IMG_5089.jpg\"><img loading=\"lazy\" decoding=\"async\" width=\"244\" height=\"184\" title=\"IMG_5089\" style=\"display: inline; background-image: none;\" alt=\"IMG_5089\" src=\"https:\/\/volkerontour.de\/wp-content\/uploads\/2024\/08\/IMG_5089_thumb.jpg\" border=\"0\"><\/a><\/p>\n<p>Mykonos ist zweifellos keine Insel f\u00fcr Naturliebhaber oder Ruhesuchende. Auch wenn man das wahre Griechenland sehen m\u00f6chte, sollte man besser auf eine andere Insel fahren. Nicht umsonst wird die Insel auch als das Ibiza Griechenlands bezeichnet. Hier treffen sich die \u201cReichen und Sch\u00f6nen\u201d. Mal will sehen und gesehen werden. In unseren recht zweckm\u00e4\u00dfigen Urlaubsoutfits f\u00fchlten wir uns hier uns da direkt ein bisschen \u201cunderdressed\u201d. Die Herren der Sch\u00f6pfung tragen auf Mykonos gerne ein l\u00e4ssiges Hemd und Chino-Hosen, die Damen laufen top gestylt im luftigen Kleidchen auf Griechenlands Catwalk Nummer eins auf. Durch die vielen (Tages-) Touristen (wir waren ja heute nicht viel besser) ist die kleine Stadt Chora leider chronisch \u00fcberf\u00fcllt, was nat\u00fcrlich sehr schade ist, denn optisch ist das (eigentlich) kleine \u00d6rtchen wirklich supersch\u00f6n und sehenswert.<\/p>\n<p><a href=\"https:\/\/volkerontour.de\/wp-content\/uploads\/2024\/08\/IMG_5099.jpg\"><img loading=\"lazy\" decoding=\"async\" width=\"244\" height=\"184\" title=\"IMG_5099\" style=\"display: inline; background-image: none;\" alt=\"IMG_5099\" src=\"https:\/\/volkerontour.de\/wp-content\/uploads\/2024\/08\/IMG_5099_thumb.jpg\" border=\"0\"><\/a>&nbsp;<a href=\"https:\/\/volkerontour.de\/wp-content\/uploads\/2024\/08\/IMG_5101.jpg\"><img loading=\"lazy\" decoding=\"async\" width=\"244\" height=\"184\" title=\"IMG_5101\" style=\"display: inline; background-image: none;\" alt=\"IMG_5101\" src=\"https:\/\/volkerontour.de\/wp-content\/uploads\/2024\/08\/IMG_5101_thumb.jpg\" border=\"0\"><\/a><\/p>\n<p><a href=\"https:\/\/volkerontour.de\/wp-content\/uploads\/2024\/08\/IMG_5106.jpg\"><img loading=\"lazy\" decoding=\"async\" width=\"244\" height=\"184\" title=\"IMG_5106\" style=\"display: inline; background-image: none;\" alt=\"IMG_5106\" src=\"https:\/\/volkerontour.de\/wp-content\/uploads\/2024\/08\/IMG_5106_thumb.jpg\" border=\"0\"><\/a>&nbsp;<a href=\"https:\/\/volkerontour.de\/wp-content\/uploads\/2024\/08\/IMG_5115.jpg\"><img loading=\"lazy\" decoding=\"async\" width=\"244\" height=\"184\" title=\"IMG_5115\" style=\"display: inline; background-image: none;\" alt=\"IMG_5115\" src=\"https:\/\/volkerontour.de\/wp-content\/uploads\/2024\/08\/IMG_5115_thumb.jpg\" border=\"0\"><\/a><\/p>\n<p>In den bereits beschriebenen hellen Farben pr\u00e4sentiert sich Chora vor allem bei gutem Wetter von seiner sch\u00f6nsten Seite. Unz\u00e4hlige kleine, schmale Gassen, die oft sch\u00f6n bepflanzt oder liebevoll geschm\u00fcckt sind. \u00c4hnlich wie auf Tinos (nur noch eine Spur stylischer) ist nichts ganz einfach und steril gehalten. Sogar die Gesch\u00e4fte aller g\u00e4ngiger Nobelmarken sind ganz im Stil der restlichen Stadt gehalten, und f\u00fcgen sich somit wunderbar ins Bild ein. Man \u00fcberlege sich mal wie toll es w\u00e4re, hier mal gem\u00fctlich was zu Essen oder ein K\u00e4ffchen zu trinken, wenn nur halb so viele Menschen da w\u00e4ren.<\/p>\n<p><a href=\"https:\/\/volkerontour.de\/wp-content\/uploads\/2024\/08\/IMG_5122.jpg\"><img loading=\"lazy\" decoding=\"async\" width=\"244\" height=\"184\" title=\"IMG_5122\" style=\"display: inline; background-image: none;\" alt=\"IMG_5122\" src=\"https:\/\/volkerontour.de\/wp-content\/uploads\/2024\/08\/IMG_5122_thumb.jpg\" border=\"0\"><\/a>&nbsp;<a href=\"https:\/\/volkerontour.de\/wp-content\/uploads\/2024\/08\/IMG_5113.jpg\"><img loading=\"lazy\" decoding=\"async\" width=\"184\" height=\"244\" title=\"IMG_5113\" style=\"display: inline; background-image: none;\" alt=\"IMG_5113\" src=\"https:\/\/volkerontour.de\/wp-content\/uploads\/2024\/08\/IMG_5113_thumb.jpg\" border=\"0\"><\/a><\/p>\n<p><a href=\"https:\/\/volkerontour.de\/wp-content\/uploads\/2024\/08\/IMG_5120.jpg\"><img loading=\"lazy\" decoding=\"async\" width=\"184\" height=\"244\" title=\"IMG_5120\" style=\"display: inline; background-image: none;\" alt=\"IMG_5120\" src=\"https:\/\/volkerontour.de\/wp-content\/uploads\/2024\/08\/IMG_5120_thumb.jpg\" border=\"0\"><\/a>&nbsp;<a href=\"https:\/\/volkerontour.de\/wp-content\/uploads\/2024\/08\/IMG_5121.jpg\"><img loading=\"lazy\" decoding=\"async\" width=\"184\" height=\"244\" title=\"IMG_5121\" style=\"display: inline; background-image: none;\" alt=\"IMG_5121\" src=\"https:\/\/volkerontour.de\/wp-content\/uploads\/2024\/08\/IMG_5121_thumb.jpg\" border=\"0\"><\/a><\/p>\n<p>Die bekanntesten Fotomerkmale der Insel sind zweifellos die sechs toll restaurierten Windm\u00fchlen direkt oberhalb der Stadt, die nat\u00fcrlich nicht mehr im Betrieb sind. Insgesamt stehen auf Mykonos noch 20 dieser sch\u00f6nen Bauwerke aus dem 16. Jahrhundert!<\/p>\n<p><a href=\"https:\/\/volkerontour.de\/wp-content\/uploads\/2024\/08\/IMG_5124.jpg\"><img loading=\"lazy\" decoding=\"async\" width=\"244\" height=\"184\" title=\"IMG_5124\" style=\"display: inline; background-image: none;\" alt=\"IMG_5124\" src=\"https:\/\/volkerontour.de\/wp-content\/uploads\/2024\/08\/IMG_5124_thumb.jpg\" border=\"0\"><\/a>&nbsp;<a href=\"https:\/\/volkerontour.de\/wp-content\/uploads\/2024\/08\/IMG_5108.jpg\"><img loading=\"lazy\" decoding=\"async\" width=\"244\" height=\"184\" title=\"IMG_5108\" style=\"display: inline; background-image: none;\" alt=\"IMG_5108\" src=\"https:\/\/volkerontour.de\/wp-content\/uploads\/2024\/08\/IMG_5108_thumb.jpg\" border=\"0\"><\/a><\/p>\n<p><a href=\"https:\/\/volkerontour.de\/wp-content\/uploads\/2024\/08\/IMG_5112.jpg\"><img loading=\"lazy\" decoding=\"async\" width=\"244\" height=\"184\" title=\"IMG_5112\" style=\"display: inline; background-image: none;\" alt=\"IMG_5112\" src=\"https:\/\/volkerontour.de\/wp-content\/uploads\/2024\/08\/IMG_5112_thumb.jpg\" border=\"0\"><\/a>&nbsp;<a href=\"https:\/\/volkerontour.de\/wp-content\/uploads\/2024\/08\/IMG_5107.jpg\"><img loading=\"lazy\" decoding=\"async\" width=\"184\" height=\"244\" title=\"IMG_5107\" style=\"display: inline; background-image: none;\" alt=\"IMG_5107\" src=\"https:\/\/volkerontour.de\/wp-content\/uploads\/2024\/08\/IMG_5107_thumb.jpg\" border=\"0\"><\/a><\/p>\n<p>Mit sch\u00f6ner Aussicht auf die M\u00fchlen \u201clunchten\u201d wir im \u201cKaterina`s\u201d, laut Tripadviser einem der besten Restaurants der Insel. War aber auch wirklich sehr lecker, wenngleich auch nicht ganz billig.<\/p>\n<p><a href=\"https:\/\/volkerontour.de\/wp-content\/uploads\/2024\/08\/IMG_4773.jpg\"><img loading=\"lazy\" decoding=\"async\" width=\"244\" height=\"184\" title=\"IMG_4773\" style=\"display: inline; background-image: none;\" alt=\"IMG_4773\" src=\"https:\/\/volkerontour.de\/wp-content\/uploads\/2024\/08\/IMG_4773_thumb.jpg\" border=\"0\"><\/a>&nbsp;<a href=\"https:\/\/volkerontour.de\/wp-content\/uploads\/2024\/08\/IMG_4772.jpg\"><img loading=\"lazy\" decoding=\"async\" width=\"244\" height=\"184\" title=\"IMG_4772\" style=\"display: inline; background-image: none;\" alt=\"IMG_4772\" src=\"https:\/\/volkerontour.de\/wp-content\/uploads\/2024\/08\/IMG_4772_thumb.jpg\" border=\"0\"><\/a><\/p>\n<p>Das Eis als Nachtisch ist inzwischen auch schon zum Standardprogramm geworden <img decoding=\"async\" class=\"wlEmoticon wlEmoticon-smile\" style=\"\" alt=\"Smile\" src=\"https:\/\/volkerontour.de\/wp-content\/uploads\/2024\/08\/wlEmoticon-smile-4.png\"><\/p>\n<p><a href=\"https:\/\/volkerontour.de\/wp-content\/uploads\/2024\/08\/IMG_4775.jpg\"><img loading=\"lazy\" decoding=\"async\" width=\"244\" height=\"184\" title=\"IMG_4775\" style=\"display: inline; background-image: none;\" alt=\"IMG_4775\" src=\"https:\/\/volkerontour.de\/wp-content\/uploads\/2024\/08\/IMG_4775_thumb.jpg\" border=\"0\"><\/a>&nbsp;<\/p>\n<p>Leider hatten wir nur knapp vier Stunden um Mykonos zu erkunden. Das reichte nat\u00fcrlich nicht aus um die Umgebung, oder gar die Str\u00e4nde der Insel zu besichtigen. Immerhin bekamen wir aber mal einen Eindruck, und er war (trotz der vielen Touris) doch sehr positiv.<\/p>\n<p>A propos Touris: Die wollten am Nachmittag auch nat\u00fcrlich wieder zur\u00fcck auf Ihre Kreuzfahrtschiffe oder (so wie wir) auf die F\u00e4hre nach Tinos.<\/p>\n<p><a href=\"https:\/\/volkerontour.de\/wp-content\/uploads\/2024\/08\/IMG_4776.jpg\"><img loading=\"lazy\" decoding=\"async\" width=\"244\" height=\"184\" title=\"IMG_4776\" style=\"display: inline; background-image: none;\" alt=\"IMG_4776\" src=\"https:\/\/volkerontour.de\/wp-content\/uploads\/2024\/08\/IMG_4776_thumb.jpg\" border=\"0\"><\/a>&nbsp;<a href=\"https:\/\/volkerontour.de\/wp-content\/uploads\/2024\/08\/IMG_4777.jpg\"><img loading=\"lazy\" decoding=\"async\" width=\"244\" height=\"184\" title=\"IMG_4777\" style=\"display: inline; background-image: none;\" alt=\"IMG_4777\" src=\"https:\/\/volkerontour.de\/wp-content\/uploads\/2024\/08\/IMG_4777_thumb.jpg\" border=\"0\"><\/a><\/p>\n<p>Zur\u00fcck in unserem Hotel hatten wir noch ein bisschen Zeit bis zum Abendessen, die wir am Pool verbrachten. Die M\u00e4dels aus der Gruppe brachten eine Flasche Wein mit\u2026 Das ganze endete dann mit Schwimmwettbewerben der anderen Art, z.B: Wer schwimmt am schnellsten in R\u00fcckenlage, und mit einem gef\u00fcllten Glas Wein in der Hand auf die andere Seite des Pools. Da hat man wieder gemerkt, dass der Finno und ich eher weniger mit alkoholischen Getr\u00e4nken anfangen k\u00f6nnen, denn wir wurden regelm\u00e4\u00dfig geschlagen. Zumindest sollten wir in der Zeit mal genauso viel gelacht haben, wie die anderen <img decoding=\"async\" class=\"wlEmoticon wlEmoticon-smile\" style=\"\" alt=\"Smile\" src=\"https:\/\/volkerontour.de\/wp-content\/uploads\/2024\/08\/wlEmoticon-smile-4.png\"><\/p>\n<p><a href=\"https:\/\/volkerontour.de\/wp-content\/uploads\/2024\/08\/IMG_4778.jpg\"><img loading=\"lazy\" decoding=\"async\" width=\"244\" height=\"184\" title=\"IMG_4778\" style=\"display: inline; background-image: none;\" alt=\"IMG_4778\" src=\"https:\/\/volkerontour.de\/wp-content\/uploads\/2024\/08\/IMG_4778_thumb.jpg\" border=\"0\"><\/a>&nbsp;<a href=\"https:\/\/volkerontour.de\/wp-content\/uploads\/2024\/08\/a7dc3147-55ba-4cf6-bb66-f5c8612c1528.jpg\"><img loading=\"lazy\" decoding=\"async\" width=\"172\" height=\"244\" title=\"a7dc3147-55ba-4cf6-bb66-f5c8612c1528\" style=\"display: inline; background-image: none;\" alt=\"a7dc3147-55ba-4cf6-bb66-f5c8612c1528\" src=\"https:\/\/volkerontour.de\/wp-content\/uploads\/2024\/08\/a7dc3147-55ba-4cf6-bb66-f5c8612c1528_thumb.jpg\" border=\"0\"><\/a><\/p>\n<p>In der bisher sch\u00f6nsten Location des Urlaubs nahmen wir dann unser Dinner ein. Auf besondere Empfehlung von Christos probierte ich griechische Ziege mit gebackenen Kartoffeln. Hatte geschmacklich etwas von Lamm, war aber unglaublich zart und durchaus lecker.<\/p>\n<p><a href=\"https:\/\/volkerontour.de\/wp-content\/uploads\/2024\/08\/IMG_4780.jpg\"><img loading=\"lazy\" decoding=\"async\" width=\"244\" height=\"184\" title=\"IMG_4780\" style=\"display: inline; background-image: none;\" alt=\"IMG_4780\" src=\"https:\/\/volkerontour.de\/wp-content\/uploads\/2024\/08\/IMG_4780_thumb.jpg\" border=\"0\"><\/a>&nbsp;<a href=\"https:\/\/volkerontour.de\/wp-content\/uploads\/2024\/08\/IMG_4781.jpg\"><img loading=\"lazy\" decoding=\"async\" width=\"244\" height=\"184\" title=\"IMG_4781\" style=\"display: inline; background-image: none;\" alt=\"IMG_4781\" src=\"https:\/\/volkerontour.de\/wp-content\/uploads\/2024\/08\/IMG_4781_thumb.jpg\" border=\"0\"><\/a><\/p>\n<p><a href=\"https:\/\/volkerontour.de\/wp-content\/uploads\/2024\/08\/IMG_4782.jpg\"><img loading=\"lazy\" decoding=\"async\" width=\"184\" height=\"244\" title=\"IMG_4782\" style=\"display: inline; background-image: none;\" alt=\"IMG_4782\" src=\"https:\/\/volkerontour.de\/wp-content\/uploads\/2024\/08\/IMG_4782_thumb.jpg\" border=\"0\"><\/a>&nbsp;<a href=\"https:\/\/volkerontour.de\/wp-content\/uploads\/2024\/08\/IMG_4783.jpg\"><img loading=\"lazy\" decoding=\"async\" width=\"184\" height=\"244\" title=\"IMG_4783\" style=\"display: inline; background-image: none;\" alt=\"IMG_4783\" src=\"https:\/\/volkerontour.de\/wp-content\/uploads\/2024\/08\/IMG_4783_thumb.jpg\" border=\"0\"><\/a><\/p>\n<p>Morgen steht eine kleine Tour \u00fcber die Insel an. Mit dem Bus geht es einmal quer \u00fcber Tinos hinweg, mit vielen Stopps an den (hoffentlich zahlreichen) Highlights der Insel. Ich werde berichten.<\/p>\n<p>Gute Nacht und bis morgen <img decoding=\"async\" class=\"wlEmoticon wlEmoticon-smile\" style=\"\" alt=\"Smile\" src=\"https:\/\/volkerontour.de\/wp-content\/uploads\/2024\/08\/wlEmoticon-smile-4.png\"><\/p>\n","protected":false},"excerpt":{"rendered":"<p>Sonntag, 25.08.: Da wir heute erst um 10:30 Uhr Richtung Mykonos starteten, war am Morgen noch ein kleines L\u00e4ufchen drin. Eigentlich wollte der Finno auch mitkommen, aber\u2026 &nbsp; &nbsp; \u2026da waren noch nichtmal bei meiner R\u00fcckkehr ins Hotelzimmer die \u201cLichter &hellip; <a href=\"https:\/\/volkerontour.de\/?p=39959\">Weiterlesen <span class=\"meta-nav\">&rarr;<\/span><\/a><\/p>\n","protected":false},"author":3,"featured_media":0,"comment_status":"closed","ping_status":"closed","sticky":false,"template":"","format":"standard","meta":{"footnotes":""},"categories":[58],"tags":[],"class_list":["post-39959","post","type-post","status-publish","format-standard","hentry","category-griechenland-2024"],"_links":{"self":[{"href":"https:\/\/volkerontour.de\/index.php?rest_route=\/wp\/v2\/posts\/39959","targetHints":{"allow":["GET"]}}],"collection":[{"href":"https:\/\/volkerontour.de\/index.php?rest_route=\/wp\/v2\/posts"}],"about":[{"href":"https:\/\/volkerontour.de\/index.php?rest_route=\/wp\/v2\/types\/post"}],"author":[{"embeddable":true,"href":"https:\/\/volkerontour.de\/index.php?rest_route=\/wp\/v2\/users\/3"}],"replies":[{"embeddable":true,"href":"https:\/\/volkerontour.de\/index.php?rest_route=%2Fwp%2Fv2%2Fcomments&post=39959"}],"version-history":[{"count":1,"href":"https:\/\/volkerontour.de\/index.php?rest_route=\/wp\/v2\/posts\/39959\/revisions"}],"predecessor-version":[{"id":39960,"href":"https:\/\/volkerontour.de\/index.php?rest_route=\/wp\/v2\/posts\/39959\/revisions\/39960"}],"wp:attachment":[{"href":"https:\/\/volkerontour.de\/index.php?rest_route=%2Fwp%2Fv2%2Fmedia&parent=39959"}],"wp:term":[{"taxonomy":"category","embeddable":true,"href":"https:\/\/volkerontour.de\/index.php?rest_route=%2Fwp%2Fv2%2Fcategories&post=39959"},{"taxonomy":"post_tag","embeddable":true,"href":"https:\/\/volkerontour.de\/index.php?rest_route=%2Fwp%2Fv2%2Ftags&post=39959"}],"curies":[{"name":"wp","href":"https:\/\/api.w.org\/{rel}","templated":true}]}}