{"id":40050,"date":"2024-08-26T21:59:47","date_gmt":"2024-08-26T21:59:47","guid":{"rendered":"https:\/\/volkerontour.de\/?p=40050"},"modified":"2024-08-26T21:59:47","modified_gmt":"2024-08-26T21:59:47","slug":"tag-5-inselrundfahrt-tinos","status":"publish","type":"post","link":"https:\/\/volkerontour.de\/?p=40050","title":{"rendered":"Tag 5: Inselrundfahrt Tinos"},"content":{"rendered":"<p>Montag, 26.08.: Der Tag startete nat\u00fcrlich wieder mit einem kleinen L\u00e4ufchen. Heute war ich bereits um 7 Uhr unterwegs. Da war die Temperatur noch einigerma\u00dfen annehmbar.<\/p>\n<p><a href=\"https:\/\/volkerontour.de\/wp-content\/uploads\/2024\/08\/IMG_4792.jpg\"><img loading=\"lazy\" decoding=\"async\" width=\"244\" height=\"184\" title=\"IMG_4792\" style=\"display: inline; background-image: none;\" alt=\"IMG_4792\" src=\"https:\/\/volkerontour.de\/wp-content\/uploads\/2024\/08\/IMG_4792_thumb.jpg\" border=\"0\"><\/a>&nbsp;<a href=\"https:\/\/volkerontour.de\/wp-content\/uploads\/2024\/08\/IMG_4791.jpg\"><img loading=\"lazy\" decoding=\"async\" width=\"244\" height=\"184\" title=\"IMG_4791\" style=\"display: inline; background-image: none;\" alt=\"IMG_4791\" src=\"https:\/\/volkerontour.de\/wp-content\/uploads\/2024\/08\/IMG_4791_thumb.jpg\" border=\"0\"><\/a><\/p>\n<p>Danach stand (wie gestern bereits angedeutet) eine ausgedehnte Rundfahrt \u00fcber die Insel auf dem Programm. Bisher hatten wir ja eigentlich nur die Hauptstadt und den Hafen gesehen. Um 9:30 Uhr stand unser \u201clocal Guide\u201d Sophia bereit f\u00fcr uns. Sie wusste so gut wie alles \u00fcber die Insel und teilte und (gef\u00fchlt) auch alles mit <img decoding=\"async\" class=\"wlEmoticon wlEmoticon-winkingsmile\" style=\"\" alt=\"Winking smile\" src=\"https:\/\/volkerontour.de\/wp-content\/uploads\/2024\/08\/wlEmoticon-winkingsmile-3.png\"> Spass beiseite: Wirklich superinteressant was sie zu erz\u00e4hlen hatte.<\/p>\n<p><a href=\"https:\/\/volkerontour.de\/wp-content\/uploads\/2024\/08\/IMG_4796.jpg\"><img loading=\"lazy\" decoding=\"async\" width=\"244\" height=\"184\" title=\"IMG_4796\" style=\"display: inline; background-image: none;\" alt=\"IMG_4796\" src=\"https:\/\/volkerontour.de\/wp-content\/uploads\/2024\/08\/IMG_4796_thumb.jpg\" border=\"0\"><\/a>&nbsp;<a href=\"https:\/\/volkerontour.de\/wp-content\/uploads\/2024\/08\/IMG_5141.jpg\"><img loading=\"lazy\" decoding=\"async\" width=\"184\" height=\"244\" title=\"IMG_5141\" style=\"display: inline; background-image: none;\" alt=\"IMG_5141\" src=\"https:\/\/volkerontour.de\/wp-content\/uploads\/2024\/08\/IMG_5141_thumb.jpg\" border=\"0\"><\/a><\/p>\n<p>Unser erster Stopp war das kleine \u00d6rtchen \u201cDyo Choria\u201d. Klein aber fein und sehr idyllisch gelegen.<\/p>\n<p><a href=\"https:\/\/volkerontour.de\/wp-content\/uploads\/2024\/08\/IMG_5133.jpg\"><img loading=\"lazy\" decoding=\"async\" width=\"244\" height=\"184\" title=\"IMG_5133\" style=\"display: inline; background-image: none;\" alt=\"IMG_5133\" src=\"https:\/\/volkerontour.de\/wp-content\/uploads\/2024\/08\/IMG_5133_thumb.jpg\" border=\"0\"><\/a>&nbsp;<a href=\"https:\/\/volkerontour.de\/wp-content\/uploads\/2024\/08\/IMG_5137.jpg\"><img loading=\"lazy\" decoding=\"async\" width=\"244\" height=\"184\" title=\"IMG_5137\" style=\"display: inline; background-image: none;\" alt=\"IMG_5137\" src=\"https:\/\/volkerontour.de\/wp-content\/uploads\/2024\/08\/IMG_5137_thumb.jpg\" border=\"0\"><\/a><\/p>\n<p><a href=\"https:\/\/volkerontour.de\/wp-content\/uploads\/2024\/08\/IMG_5136.jpg\"><img loading=\"lazy\" decoding=\"async\" width=\"244\" height=\"184\" title=\"IMG_5136\" style=\"display: inline; background-image: none;\" alt=\"IMG_5136\" src=\"https:\/\/volkerontour.de\/wp-content\/uploads\/2024\/08\/IMG_5136_thumb.jpg\" border=\"0\"><\/a>&nbsp;<a href=\"https:\/\/volkerontour.de\/wp-content\/uploads\/2024\/08\/IMG_5138.jpg\"><img loading=\"lazy\" decoding=\"async\" width=\"244\" height=\"184\" title=\"IMG_5138\" style=\"display: inline; background-image: none;\" alt=\"IMG_5138\" src=\"https:\/\/volkerontour.de\/wp-content\/uploads\/2024\/08\/IMG_5138_thumb.jpg\" border=\"0\"><\/a><\/p>\n<p>Wie uns Sophia mittelte, wurden fr\u00fcher alle Orte im Landesinneren und am Hang gebaut, um besseren Schutz vor den Piraten zu haben. Aus diesem Grund sind auch viele H\u00e4user der damaligen Zeit unterirdisch miteinander verbunden, so dass man im Notfall viele Fluchtwege zur Verf\u00fcgung hatte.<\/p>\n<p><a href=\"https:\/\/volkerontour.de\/wp-content\/uploads\/2024\/08\/IMG_5139.jpg\"><img loading=\"lazy\" decoding=\"async\" width=\"184\" height=\"244\" title=\"IMG_5139\" style=\"display: inline; background-image: none;\" alt=\"IMG_5139\" src=\"https:\/\/volkerontour.de\/wp-content\/uploads\/2024\/08\/IMG_5139_thumb.jpg\" border=\"0\"><\/a>&nbsp;<a href=\"https:\/\/volkerontour.de\/wp-content\/uploads\/2024\/08\/IMG_5147.jpg\"><img loading=\"lazy\" decoding=\"async\" width=\"184\" height=\"244\" title=\"IMG_5147\" style=\"display: inline; background-image: none;\" alt=\"IMG_5147\" src=\"https:\/\/volkerontour.de\/wp-content\/uploads\/2024\/08\/IMG_5147_thumb.jpg\" border=\"0\"><\/a><\/p>\n<p>Weiter im Landesinneren stoppten wir in \u201cVolax\u201d, einem wirklich sehr ruhigen und beschaulichen, aber auch wundersch\u00f6nen \u00d6rtchen. Keine 100 Einwohner leben hier aktuell\u2026<\/p>\n<p><a href=\"https:\/\/volkerontour.de\/wp-content\/uploads\/2024\/08\/IMG_5146.jpg\"><img loading=\"lazy\" decoding=\"async\" width=\"244\" height=\"184\" title=\"IMG_5146\" style=\"display: inline; background-image: none;\" alt=\"IMG_5146\" src=\"https:\/\/volkerontour.de\/wp-content\/uploads\/2024\/08\/IMG_5146_thumb.jpg\" border=\"0\"><\/a>&nbsp;<a href=\"https:\/\/volkerontour.de\/wp-content\/uploads\/2024\/08\/IMG_5153.jpg\"><img loading=\"lazy\" decoding=\"async\" width=\"244\" height=\"184\" title=\"IMG_5153\" style=\"display: inline; background-image: none;\" alt=\"IMG_5153\" src=\"https:\/\/volkerontour.de\/wp-content\/uploads\/2024\/08\/IMG_5153_thumb.jpg\" border=\"0\"><\/a><\/p>\n<p><a href=\"https:\/\/volkerontour.de\/wp-content\/uploads\/2024\/08\/IMG_5150.jpg\"><img loading=\"lazy\" decoding=\"async\" width=\"184\" height=\"244\" title=\"IMG_5150\" style=\"display: inline; background-image: none;\" alt=\"IMG_5150\" src=\"https:\/\/volkerontour.de\/wp-content\/uploads\/2024\/08\/IMG_5150_thumb.jpg\" border=\"0\"><\/a>&nbsp;<a href=\"https:\/\/volkerontour.de\/wp-content\/uploads\/2024\/08\/IMG_5152.jpg\"><img loading=\"lazy\" decoding=\"async\" width=\"184\" height=\"244\" title=\"IMG_5152\" style=\"display: inline; background-image: none;\" alt=\"IMG_5152\" src=\"https:\/\/volkerontour.de\/wp-content\/uploads\/2024\/08\/IMG_5152_thumb.jpg\" border=\"0\"><\/a><\/p>\n<p><a href=\"https:\/\/volkerontour.de\/wp-content\/uploads\/2024\/08\/IMG_5156.jpg\"><img loading=\"lazy\" decoding=\"async\" width=\"244\" height=\"184\" title=\"IMG_5156\" style=\"display: inline; background-image: none;\" alt=\"IMG_5156\" src=\"https:\/\/volkerontour.de\/wp-content\/uploads\/2024\/08\/IMG_5156_thumb.jpg\" border=\"0\"><\/a>&nbsp;<a href=\"https:\/\/volkerontour.de\/wp-content\/uploads\/2024\/08\/IMG_5162.jpg\"><img loading=\"lazy\" decoding=\"async\" width=\"244\" height=\"184\" title=\"IMG_5162\" style=\"display: inline; background-image: none;\" alt=\"IMG_5162\" src=\"https:\/\/volkerontour.de\/wp-content\/uploads\/2024\/08\/IMG_5162_thumb.jpg\" border=\"0\"><\/a><\/p>\n<p>Die Landschaft auf Tinos (wie auch auf vielen anderen griechischen Inseln) ist sehr bergig und felsig, und deshalb wirklich beeindruckend. Bez\u00fcglich der Herkunft der Tausenden riesiger Felsen auf der Insel ist man sich noch unschl\u00fcssig. Entweder r\u00fchren diese von einem Vulkanausbruch vor vielen Tausend Jahren, oder einem Meteoriteneinschlag\u2026 auf jeden Fall gab es auch zwischen unseren Stopps einiges zu sehen.<\/p>\n<p><a href=\"https:\/\/volkerontour.de\/wp-content\/uploads\/2024\/08\/IMG_5166.jpg\"><img loading=\"lazy\" decoding=\"async\" width=\"244\" height=\"184\" title=\"IMG_5166\" style=\"display: inline; background-image: none;\" alt=\"IMG_5166\" src=\"https:\/\/volkerontour.de\/wp-content\/uploads\/2024\/08\/IMG_5166_thumb.jpg\" border=\"0\"><\/a>&nbsp;<a href=\"https:\/\/volkerontour.de\/wp-content\/uploads\/2024\/08\/IMG_5168.jpg\"><img loading=\"lazy\" decoding=\"async\" width=\"244\" height=\"184\" title=\"IMG_5168\" style=\"display: inline; background-image: none;\" alt=\"IMG_5168\" src=\"https:\/\/volkerontour.de\/wp-content\/uploads\/2024\/08\/IMG_5168_thumb.jpg\" border=\"0\"><\/a><\/p>\n<p><a href=\"https:\/\/volkerontour.de\/wp-content\/uploads\/2024\/08\/IMG_5172.jpg\"><img loading=\"lazy\" decoding=\"async\" width=\"244\" height=\"184\" title=\"IMG_5172\" style=\"display: inline; background-image: none;\" alt=\"IMG_5172\" src=\"https:\/\/volkerontour.de\/wp-content\/uploads\/2024\/08\/IMG_5172_thumb.jpg\" border=\"0\"><\/a>&nbsp;<a href=\"https:\/\/volkerontour.de\/wp-content\/uploads\/2024\/08\/IMG_5180.jpg\"><img loading=\"lazy\" decoding=\"async\" width=\"244\" height=\"184\" title=\"IMG_5180\" style=\"display: inline; background-image: none;\" alt=\"IMG_5180\" src=\"https:\/\/volkerontour.de\/wp-content\/uploads\/2024\/08\/IMG_5180_thumb.jpg\" border=\"0\"><\/a><\/p>\n<p>Das sch\u00f6nste Dorf der Insel nennt sich \u201cPyros\u201d, und hat etwa 500 Einwohner. Bekannt ist Pyros vor allem durch das gro\u00dfz\u00fcgig in Gassen und Geb\u00e4uden verarbeitete Marmor, dass in der Region gewonnen wird. Supergem\u00fctlich kommt auch der kleine Marktplatz daher, auf dem sich einige kleine und schnuckelige Restaurants und Caf\u00e8`s befinden.<\/p>\n<p><a href=\"https:\/\/volkerontour.de\/wp-content\/uploads\/2024\/08\/IMG_5183.jpg\"><img loading=\"lazy\" decoding=\"async\" width=\"244\" height=\"184\" title=\"IMG_5183\" style=\"display: inline; background-image: none;\" alt=\"IMG_5183\" src=\"https:\/\/volkerontour.de\/wp-content\/uploads\/2024\/08\/IMG_5183_thumb.jpg\" border=\"0\"><\/a>&nbsp;<a href=\"https:\/\/volkerontour.de\/wp-content\/uploads\/2024\/08\/IMG_5184.jpg\"><img loading=\"lazy\" decoding=\"async\" width=\"244\" height=\"184\" title=\"IMG_5184\" style=\"display: inline; background-image: none;\" alt=\"IMG_5184\" src=\"https:\/\/volkerontour.de\/wp-content\/uploads\/2024\/08\/IMG_5184_thumb.jpg\" border=\"0\"><\/a><\/p>\n<p><a href=\"https:\/\/volkerontour.de\/wp-content\/uploads\/2024\/08\/IMG_5187.jpg\"><img loading=\"lazy\" decoding=\"async\" width=\"244\" height=\"184\" title=\"IMG_5187\" style=\"display: inline; background-image: none;\" alt=\"IMG_5187\" src=\"https:\/\/volkerontour.de\/wp-content\/uploads\/2024\/08\/IMG_5187_thumb.jpg\" border=\"0\"><\/a>&nbsp;<a href=\"https:\/\/volkerontour.de\/wp-content\/uploads\/2024\/08\/IMG_5188.jpg\"><img loading=\"lazy\" decoding=\"async\" width=\"244\" height=\"184\" title=\"IMG_5188\" style=\"display: inline; background-image: none;\" alt=\"IMG_5188\" src=\"https:\/\/volkerontour.de\/wp-content\/uploads\/2024\/08\/IMG_5188_thumb.jpg\" border=\"0\"><\/a><\/p>\n<p><a href=\"https:\/\/volkerontour.de\/wp-content\/uploads\/2024\/08\/IMG_5182.jpg\"><img loading=\"lazy\" decoding=\"async\" width=\"184\" height=\"244\" title=\"IMG_5182\" style=\"display: inline; background-image: none;\" alt=\"IMG_5182\" src=\"https:\/\/volkerontour.de\/wp-content\/uploads\/2024\/08\/IMG_5182_thumb.jpg\" border=\"0\"><\/a>&nbsp;<a href=\"https:\/\/volkerontour.de\/wp-content\/uploads\/2024\/08\/IMG_5190.jpg\"><img loading=\"lazy\" decoding=\"async\" width=\"184\" height=\"244\" title=\"IMG_5190\" style=\"display: inline; background-image: none;\" alt=\"IMG_5190\" src=\"https:\/\/volkerontour.de\/wp-content\/uploads\/2024\/08\/IMG_5190_thumb.jpg\" border=\"0\"><\/a><\/p>\n<p>Unser Mittagessen nahmen wir mit toller Aussicht in einem sch\u00f6nen Restaurant auf unserem Heimweg in die Hauptstadt ein. Allein das Vorspeisenbuffet h\u00e4tte uns schon gereicht, denn es war wirklich sehr viel sehr gutes Essen.<\/p>\n<p><a href=\"https:\/\/volkerontour.de\/wp-content\/uploads\/2024\/08\/IMG_4797.jpg\"><img loading=\"lazy\" decoding=\"async\" width=\"244\" height=\"184\" title=\"IMG_4797\" style=\"display: inline; background-image: none;\" alt=\"IMG_4797\" src=\"https:\/\/volkerontour.de\/wp-content\/uploads\/2024\/08\/IMG_4797_thumb.jpg\" border=\"0\"><\/a><\/p>\n<p>Die Inseltour endete (auf unseren Wunsch hin) an einem sch\u00f6nen Strandabschnitt, wo wir noch ein paar Stunden verbrachten.<\/p>\n<p><a href=\"https:\/\/volkerontour.de\/wp-content\/uploads\/2024\/08\/IMG_5195-1.jpg\"><img loading=\"lazy\" decoding=\"async\" width=\"244\" height=\"184\" title=\"IMG_5195\" style=\"display: inline; background-image: none;\" alt=\"IMG_5195\" src=\"https:\/\/volkerontour.de\/wp-content\/uploads\/2024\/08\/IMG_5195_thumb.jpg\" border=\"0\"><\/a>&nbsp;<a href=\"https:\/\/volkerontour.de\/wp-content\/uploads\/2024\/08\/IMG_5196.jpg\"><img loading=\"lazy\" decoding=\"async\" width=\"244\" height=\"184\" title=\"IMG_5196\" style=\"display: inline; background-image: none;\" alt=\"IMG_5196\" src=\"https:\/\/volkerontour.de\/wp-content\/uploads\/2024\/08\/IMG_5196_thumb.jpg\" border=\"0\"><\/a><\/p>\n<p><a href=\"https:\/\/volkerontour.de\/wp-content\/uploads\/2024\/08\/f9488ef1-e2da-4cba-a125-12aea293848f-2.jpg\"><img loading=\"lazy\" decoding=\"async\" width=\"244\" height=\"244\" title=\"f9488ef1-e2da-4cba-a125-12aea293848f 2\" style=\"display: inline; background-image: none;\" alt=\"f9488ef1-e2da-4cba-a125-12aea293848f 2\" src=\"https:\/\/volkerontour.de\/wp-content\/uploads\/2024\/08\/f9488ef1-e2da-4cba-a125-12aea293848f-2_thumb.jpg\" border=\"0\"><\/a>&nbsp;<a href=\"https:\/\/volkerontour.de\/wp-content\/uploads\/2024\/08\/IMG_5199.jpg\"><img loading=\"lazy\" decoding=\"async\" width=\"244\" height=\"184\" title=\"IMG_5199\" style=\"display: inline; background-image: none;\" alt=\"IMG_5199\" src=\"https:\/\/volkerontour.de\/wp-content\/uploads\/2024\/08\/IMG_5199_thumb.jpg\" border=\"0\"><\/a><\/p>\n<p>Zur\u00fcck Richtung Hotel ging es dann zu Fuss\u2026 haupts\u00e4chlich am Strand.<\/p>\n<p><a href=\"https:\/\/volkerontour.de\/wp-content\/uploads\/2024\/08\/IMG_5204.jpg\"><img loading=\"lazy\" decoding=\"async\" width=\"244\" height=\"184\" title=\"IMG_5204\" style=\"display: inline; background-image: none;\" alt=\"IMG_5204\" src=\"https:\/\/volkerontour.de\/wp-content\/uploads\/2024\/08\/IMG_5204_thumb.jpg\" border=\"0\"><\/a>&nbsp;<a href=\"https:\/\/volkerontour.de\/wp-content\/uploads\/2024\/08\/IMG_5206.jpg\"><img loading=\"lazy\" decoding=\"async\" width=\"244\" height=\"184\" title=\"IMG_5206\" style=\"display: inline; background-image: none;\" alt=\"IMG_5206\" src=\"https:\/\/volkerontour.de\/wp-content\/uploads\/2024\/08\/IMG_5206_thumb.jpg\" border=\"0\"><\/a><\/p>\n<p>Den Sonnenuntergang sahen wir uns von einem Aussichtspunkt oberhalb der Stadt an. Sehr sch\u00f6n, aber der Wind hat auch schon ordentlich geblasen.<\/p>\n<p><a href=\"https:\/\/volkerontour.de\/wp-content\/uploads\/2024\/08\/IMG_4801.jpg\"><img loading=\"lazy\" decoding=\"async\" width=\"244\" height=\"184\" title=\"IMG_4801\" style=\"display: inline; background-image: none;\" alt=\"IMG_4801\" src=\"https:\/\/volkerontour.de\/wp-content\/uploads\/2024\/08\/IMG_4801_thumb.jpg\" border=\"0\"><\/a>&nbsp;<a href=\"https:\/\/volkerontour.de\/wp-content\/uploads\/2024\/08\/IMG_4809.jpg\"><img loading=\"lazy\" decoding=\"async\" width=\"244\" height=\"184\" title=\"IMG_4809\" style=\"display: inline; background-image: none;\" alt=\"IMG_4809\" src=\"https:\/\/volkerontour.de\/wp-content\/uploads\/2024\/08\/IMG_4809_thumb.jpg\" border=\"0\"><\/a><\/p>\n<p><a href=\"https:\/\/volkerontour.de\/wp-content\/uploads\/2024\/08\/IMG_4810.jpg\"><img loading=\"lazy\" decoding=\"async\" width=\"244\" height=\"184\" title=\"IMG_4810\" style=\"display: inline; background-image: none;\" alt=\"IMG_4810\" src=\"https:\/\/volkerontour.de\/wp-content\/uploads\/2024\/08\/IMG_4810_thumb.jpg\" border=\"0\"><\/a>&nbsp;<a href=\"https:\/\/volkerontour.de\/wp-content\/uploads\/2024\/08\/IMG_4813.jpg\"><img loading=\"lazy\" decoding=\"async\" width=\"244\" height=\"184\" title=\"IMG_4813\" style=\"display: inline; background-image: none;\" alt=\"IMG_4813\" src=\"https:\/\/volkerontour.de\/wp-content\/uploads\/2024\/08\/IMG_4813_thumb.jpg\" border=\"0\"><\/a><\/p>\n<p>Zum Dinner gab es Moussaka f\u00fcr den Finno, und Souflaki f\u00fcr den Volker.<\/p>\n<p><a href=\"https:\/\/volkerontour.de\/wp-content\/uploads\/2024\/08\/IMG_4815.jpg\"><img loading=\"lazy\" decoding=\"async\" width=\"244\" height=\"184\" title=\"IMG_4815\" style=\"display: inline; background-image: none;\" alt=\"IMG_4815\" src=\"https:\/\/volkerontour.de\/wp-content\/uploads\/2024\/08\/IMG_4815_thumb.jpg\" border=\"0\"><\/a>&nbsp;<a href=\"https:\/\/volkerontour.de\/wp-content\/uploads\/2024\/08\/IMG_4816.jpg\"><img loading=\"lazy\" decoding=\"async\" width=\"244\" height=\"184\" title=\"IMG_4816\" style=\"display: inline; background-image: none;\" alt=\"IMG_4816\" src=\"https:\/\/volkerontour.de\/wp-content\/uploads\/2024\/08\/IMG_4816_thumb.jpg\" border=\"0\"><\/a><\/p>\n<p>Abends tauchten wir noch ein wenig ins Nachtleben Tino`s ein, das viel mehr zu bieten hatte, als ich dachte. Und auch hier war eine Bar sch\u00f6ner als die andere\u2026<\/p>\n<p><a href=\"https:\/\/volkerontour.de\/wp-content\/uploads\/2024\/08\/IMG_4817.jpg\"><img loading=\"lazy\" decoding=\"async\" width=\"244\" height=\"184\" title=\"IMG_4817\" style=\"display: inline; background-image: none;\" alt=\"IMG_4817\" src=\"https:\/\/volkerontour.de\/wp-content\/uploads\/2024\/08\/IMG_4817_thumb.jpg\" border=\"0\"><\/a>&nbsp;<a href=\"https:\/\/volkerontour.de\/wp-content\/uploads\/2024\/08\/IMG_4818.jpg\"><img loading=\"lazy\" decoding=\"async\" width=\"184\" height=\"244\" title=\"IMG_4818\" style=\"display: inline; background-image: none;\" alt=\"IMG_4818\" src=\"https:\/\/volkerontour.de\/wp-content\/uploads\/2024\/08\/IMG_4818_thumb.jpg\" border=\"0\"><\/a><\/p>\n<p><a href=\"https:\/\/volkerontour.de\/wp-content\/uploads\/2024\/08\/IMG_4819.jpg\"><img loading=\"lazy\" decoding=\"async\" width=\"244\" height=\"184\" title=\"IMG_4819\" style=\"display: inline; background-image: none;\" alt=\"IMG_4819\" src=\"https:\/\/volkerontour.de\/wp-content\/uploads\/2024\/08\/IMG_4819_thumb.jpg\" border=\"0\"><\/a>&nbsp;<a href=\"https:\/\/volkerontour.de\/wp-content\/uploads\/2024\/08\/IMG_4821.jpg\"><img loading=\"lazy\" decoding=\"async\" width=\"244\" height=\"184\" title=\"IMG_4821\" style=\"display: inline; background-image: none;\" alt=\"IMG_4821\" src=\"https:\/\/volkerontour.de\/wp-content\/uploads\/2024\/08\/IMG_4821_thumb.jpg\" border=\"0\"><\/a><\/p>\n<p>Morgen verlassen wir Tinos dann Richtung Naxos. Richtig gut hats uns hier gefallen, aber nun freuen wir uns auch auf eine neue Insel.<\/p>\n<p>Sch\u00f6\u00f6\u00f6\u00f6\u00f6\u00f6\u00f6\u00f6\u00f6\u00f6\u00f6\u00f6\u00f6\u00f6ne Gr\u00fc\u00dfe und bis morgen. <img decoding=\"async\" class=\"wlEmoticon wlEmoticon-smile\" style=\"\" alt=\"Smile\" src=\"https:\/\/volkerontour.de\/wp-content\/uploads\/2024\/08\/wlEmoticon-smile-5.png\"><\/p>\n","protected":false},"excerpt":{"rendered":"<p>Montag, 26.08.: Der Tag startete nat\u00fcrlich wieder mit einem kleinen L\u00e4ufchen. Heute war ich bereits um 7 Uhr unterwegs. Da war die Temperatur noch einigerma\u00dfen annehmbar. &nbsp; Danach stand (wie gestern bereits angedeutet) eine ausgedehnte Rundfahrt \u00fcber die Insel auf &hellip; <a href=\"https:\/\/volkerontour.de\/?p=40050\">Weiterlesen <span class=\"meta-nav\">&rarr;<\/span><\/a><\/p>\n","protected":false},"author":3,"featured_media":0,"comment_status":"closed","ping_status":"closed","sticky":false,"template":"","format":"standard","meta":{"footnotes":""},"categories":[58],"tags":[],"class_list":["post-40050","post","type-post","status-publish","format-standard","hentry","category-griechenland-2024"],"_links":{"self":[{"href":"https:\/\/volkerontour.de\/index.php?rest_route=\/wp\/v2\/posts\/40050","targetHints":{"allow":["GET"]}}],"collection":[{"href":"https:\/\/volkerontour.de\/index.php?rest_route=\/wp\/v2\/posts"}],"about":[{"href":"https:\/\/volkerontour.de\/index.php?rest_route=\/wp\/v2\/types\/post"}],"author":[{"embeddable":true,"href":"https:\/\/volkerontour.de\/index.php?rest_route=\/wp\/v2\/users\/3"}],"replies":[{"embeddable":true,"href":"https:\/\/volkerontour.de\/index.php?rest_route=%2Fwp%2Fv2%2Fcomments&post=40050"}],"version-history":[{"count":1,"href":"https:\/\/volkerontour.de\/index.php?rest_route=\/wp\/v2\/posts\/40050\/revisions"}],"predecessor-version":[{"id":40051,"href":"https:\/\/volkerontour.de\/index.php?rest_route=\/wp\/v2\/posts\/40050\/revisions\/40051"}],"wp:attachment":[{"href":"https:\/\/volkerontour.de\/index.php?rest_route=%2Fwp%2Fv2%2Fmedia&parent=40050"}],"wp:term":[{"taxonomy":"category","embeddable":true,"href":"https:\/\/volkerontour.de\/index.php?rest_route=%2Fwp%2Fv2%2Fcategories&post=40050"},{"taxonomy":"post_tag","embeddable":true,"href":"https:\/\/volkerontour.de\/index.php?rest_route=%2Fwp%2Fv2%2Ftags&post=40050"}],"curies":[{"name":"wp","href":"https:\/\/api.w.org\/{rel}","templated":true}]}}