{"id":40114,"date":"2024-08-27T21:07:52","date_gmt":"2024-08-27T21:07:52","guid":{"rendered":"https:\/\/volkerontour.de\/?p=40114"},"modified":"2024-08-27T21:07:52","modified_gmt":"2024-08-27T21:07:52","slug":"tag-6-naxos","status":"publish","type":"post","link":"https:\/\/volkerontour.de\/?p=40114","title":{"rendered":"Tag 6: Naxos"},"content":{"rendered":"<p>Dienstag, 27.08.: Nat\u00fcrlich begann auch der letzte Tag auf Tinos mit einem kleinen L\u00e4ufchen <img decoding=\"async\" class=\"wlEmoticon wlEmoticon-smile\" style=\"\" alt=\"Smile\" src=\"https:\/\/volkerontour.de\/wp-content\/uploads\/2024\/08\/wlEmoticon-smile-6.png\"><\/p>\n<p><a href=\"https:\/\/volkerontour.de\/wp-content\/uploads\/2024\/08\/IMG_4822.jpg\"><img loading=\"lazy\" decoding=\"async\" width=\"244\" height=\"184\" title=\"IMG_4822\" style=\"display: inline; background-image: none;\" alt=\"IMG_4822\" src=\"https:\/\/volkerontour.de\/wp-content\/uploads\/2024\/08\/IMG_4822_thumb.jpg\" border=\"0\"><\/a>&nbsp;<a href=\"https:\/\/volkerontour.de\/wp-content\/uploads\/2024\/08\/IMG_4823.jpg\"><img loading=\"lazy\" decoding=\"async\" width=\"244\" height=\"184\" title=\"IMG_4823\" style=\"display: inline; background-image: none;\" alt=\"IMG_4823\" src=\"https:\/\/volkerontour.de\/wp-content\/uploads\/2024\/08\/IMG_4823_thumb.jpg\" border=\"0\"><\/a><\/p>\n<p>Am Mittag versammelte sich dann die ganze Gruppe am Hafen, denn es ging heute weiter zu unserer n\u00e4chsten Station, nach Naxos.<\/p>\n<p><a href=\"https:\/\/volkerontour.de\/wp-content\/uploads\/2024\/08\/IMG_5228.jpg\"><img loading=\"lazy\" decoding=\"async\" width=\"244\" height=\"184\" title=\"IMG_5228\" style=\"display: inline; background-image: none;\" alt=\"IMG_5228\" src=\"https:\/\/volkerontour.de\/wp-content\/uploads\/2024\/08\/IMG_5228_thumb.jpg\" border=\"0\"><\/a>&nbsp;<a href=\"https:\/\/volkerontour.de\/wp-content\/uploads\/2024\/08\/IMG_5227.jpg\"><img loading=\"lazy\" decoding=\"async\" width=\"244\" height=\"184\" title=\"IMG_5227\" style=\"display: inline; background-image: none;\" alt=\"IMG_5227\" src=\"https:\/\/volkerontour.de\/wp-content\/uploads\/2024\/08\/IMG_5227_thumb.jpg\" border=\"0\"><\/a><\/p>\n<p>Nach zwei Stunden &#8222;Solo\u201d spielen auf dem Schiff und einem kurzen Transfer mit dem Bus hatten wir dann unser sch\u00f6nes Hotel auf Naxos erreicht.<\/p>\n<p><a href=\"https:\/\/volkerontour.de\/wp-content\/uploads\/2024\/08\/IMG_5229.jpg\"><img loading=\"lazy\" decoding=\"async\" width=\"244\" height=\"184\" title=\"IMG_5229\" style=\"display: inline; background-image: none;\" alt=\"IMG_5229\" src=\"https:\/\/volkerontour.de\/wp-content\/uploads\/2024\/08\/IMG_5229_thumb.jpg\" border=\"0\"><\/a>&nbsp;<a href=\"https:\/\/volkerontour.de\/wp-content\/uploads\/2024\/08\/IMG_5230.jpg\"><img loading=\"lazy\" decoding=\"async\" width=\"244\" height=\"184\" title=\"IMG_5230\" style=\"display: inline; background-image: none;\" alt=\"IMG_5230\" src=\"https:\/\/volkerontour.de\/wp-content\/uploads\/2024\/08\/IMG_5230_thumb.jpg\" border=\"0\"><\/a><\/p>\n<p><a href=\"https:\/\/volkerontour.de\/wp-content\/uploads\/2024\/08\/IMG_5231.jpg\"><img loading=\"lazy\" decoding=\"async\" width=\"244\" height=\"184\" title=\"IMG_5231\" style=\"display: inline; background-image: none;\" alt=\"IMG_5231\" src=\"https:\/\/volkerontour.de\/wp-content\/uploads\/2024\/08\/IMG_5231_thumb.jpg\" border=\"0\"><\/a>&nbsp;<a href=\"https:\/\/volkerontour.de\/wp-content\/uploads\/2024\/08\/IMG_5234.jpg\"><img loading=\"lazy\" decoding=\"async\" width=\"244\" height=\"184\" title=\"IMG_5234\" style=\"display: inline; background-image: none;\" alt=\"IMG_5234\" src=\"https:\/\/volkerontour.de\/wp-content\/uploads\/2024\/08\/IMG_5234_thumb.jpg\" border=\"0\"><\/a><\/p>\n<p>Bis zu unserem \u201cOrientation Walk\u201d am Abend war noch genug Zeit f\u00fcr den zweiten Teil der \u201cPool-Festspiele\u201d. Die Ideen unserer M\u00e4dels werden hier immer besser und kreativer <img decoding=\"async\" class=\"wlEmoticon wlEmoticon-smile\" style=\"\" alt=\"Smile\" src=\"https:\/\/volkerontour.de\/wp-content\/uploads\/2024\/08\/wlEmoticon-smile-6.png\"><\/p>\n<p><a href=\"https:\/\/volkerontour.de\/wp-content\/uploads\/2024\/08\/IMG_5235.jpg\"><img loading=\"lazy\" decoding=\"async\" width=\"244\" height=\"184\" title=\"IMG_5235\" style=\"display: inline; background-image: none;\" alt=\"IMG_5235\" src=\"https:\/\/volkerontour.de\/wp-content\/uploads\/2024\/08\/IMG_5235_thumb.jpg\" border=\"0\"><\/a>&nbsp;<a href=\"https:\/\/volkerontour.de\/wp-content\/uploads\/2024\/08\/IMG_5236.jpg\"><img loading=\"lazy\" decoding=\"async\" width=\"244\" height=\"184\" title=\"IMG_5236\" style=\"display: inline; background-image: none;\" alt=\"IMG_5236\" src=\"https:\/\/volkerontour.de\/wp-content\/uploads\/2024\/08\/IMG_5236_thumb.jpg\" border=\"0\"><\/a><\/p>\n<p>Um 18 Uhr liefen wir dann etwa eine Viertelstunde Richtung Naxos Stadt. Die Innenstadt ist wirklich sehr sch\u00f6n, wenngleich man direkt feststellt, dass hier deutlich mehr Touristen ein- und ausgehen als auf Tinos.<\/p>\n<p><a href=\"https:\/\/volkerontour.de\/wp-content\/uploads\/2024\/08\/IMG_5241.jpg\"><img loading=\"lazy\" decoding=\"async\" width=\"244\" height=\"184\" title=\"IMG_5241\" style=\"display: inline; background-image: none;\" alt=\"IMG_5241\" src=\"https:\/\/volkerontour.de\/wp-content\/uploads\/2024\/08\/IMG_5241_thumb.jpg\" border=\"0\"><\/a>&nbsp;<a href=\"https:\/\/volkerontour.de\/wp-content\/uploads\/2024\/08\/IMG_5242.jpg\"><img loading=\"lazy\" decoding=\"async\" width=\"244\" height=\"184\" title=\"IMG_5242\" style=\"display: inline; background-image: none;\" alt=\"IMG_5242\" src=\"https:\/\/volkerontour.de\/wp-content\/uploads\/2024\/08\/IMG_5242_thumb.jpg\" border=\"0\"><\/a><\/p>\n<p><a href=\"https:\/\/volkerontour.de\/wp-content\/uploads\/2024\/08\/IMG_5244.jpg\"><img loading=\"lazy\" decoding=\"async\" width=\"244\" height=\"184\" title=\"IMG_5244\" style=\"display: inline; background-image: none;\" alt=\"IMG_5244\" src=\"https:\/\/volkerontour.de\/wp-content\/uploads\/2024\/08\/IMG_5244_thumb.jpg\" border=\"0\"><\/a>&nbsp;<a href=\"https:\/\/volkerontour.de\/wp-content\/uploads\/2024\/08\/IMG_5247.jpg\"><img loading=\"lazy\" decoding=\"async\" width=\"244\" height=\"184\" title=\"IMG_5247\" style=\"display: inline; background-image: none;\" alt=\"IMG_5247\" src=\"https:\/\/volkerontour.de\/wp-content\/uploads\/2024\/08\/IMG_5247_thumb.jpg\" border=\"0\"><\/a><\/p>\n<p>Nach einem kurzen Abstecher \u00fcber die Altstadt\u2026<\/p>\n<p><a href=\"https:\/\/volkerontour.de\/wp-content\/uploads\/2024\/08\/IMG_5249.jpg\"><img loading=\"lazy\" decoding=\"async\" width=\"244\" height=\"184\" title=\"IMG_5249\" style=\"display: inline; background-image: none;\" alt=\"IMG_5249\" src=\"https:\/\/volkerontour.de\/wp-content\/uploads\/2024\/08\/IMG_5249_thumb.jpg\" border=\"0\"><\/a>&nbsp;<a href=\"https:\/\/volkerontour.de\/wp-content\/uploads\/2024\/08\/IMG_5251.jpg\"><img loading=\"lazy\" decoding=\"async\" width=\"184\" height=\"244\" title=\"IMG_5251\" style=\"display: inline; background-image: none;\" alt=\"IMG_5251\" src=\"https:\/\/volkerontour.de\/wp-content\/uploads\/2024\/08\/IMG_5251_thumb.jpg\" border=\"0\"><\/a><\/p>\n<p>\u2026fand sich die ganze Gruppe kurz vor dem Sonnenuntergang am \u201cPorata\u201d ein. Dieses Marmortor auf einer kleinen Felseninsel im Norden des Hafenbeckens ist das letzte \u00dcberbleibsel eines etwa 530 v. Chr. begonnenen, aber nicht fertiggestellten Tempels. Wir waren zwar bei Weitem nicht die einzigen, die den Sonnenuntergang durch das Tor sehen wollten, aber es herrschte trotzdem eine sehr angenehme Stimmung dort. <\/p>\n<p><a href=\"https:\/\/volkerontour.de\/wp-content\/uploads\/2024\/08\/f6615c28-8447-4b8c-ad7b-e955434015e2.jpg\"><img loading=\"lazy\" decoding=\"async\" width=\"244\" height=\"184\" title=\"f6615c28-8447-4b8c-ad7b-e955434015e2\" style=\"display: inline; background-image: none;\" alt=\"f6615c28-8447-4b8c-ad7b-e955434015e2\" src=\"https:\/\/volkerontour.de\/wp-content\/uploads\/2024\/08\/f6615c28-8447-4b8c-ad7b-e955434015e2_thumb.jpg\" border=\"0\"><\/a>&nbsp;<a href=\"https:\/\/volkerontour.de\/wp-content\/uploads\/2024\/08\/c296ca7e-5202-4e75-914c-aa71c69efab7.jpg\"><img loading=\"lazy\" decoding=\"async\" width=\"244\" height=\"125\" title=\"c296ca7e-5202-4e75-914c-aa71c69efab7\" style=\"display: inline; background-image: none;\" alt=\"c296ca7e-5202-4e75-914c-aa71c69efab7\" src=\"https:\/\/volkerontour.de\/wp-content\/uploads\/2024\/08\/c296ca7e-5202-4e75-914c-aa71c69efab7_thumb.jpg\" border=\"0\"><\/a><\/p>\n<p><a href=\"https:\/\/volkerontour.de\/wp-content\/uploads\/2024\/08\/IMG_4828.jpg\"><img loading=\"lazy\" decoding=\"async\" width=\"244\" height=\"184\" title=\"IMG_4828\" style=\"display: inline; background-image: none;\" alt=\"IMG_4828\" src=\"https:\/\/volkerontour.de\/wp-content\/uploads\/2024\/08\/IMG_4828_thumb.jpg\" border=\"0\"><\/a>&nbsp;<a href=\"https:\/\/volkerontour.de\/wp-content\/uploads\/2024\/08\/IMG_4832.jpg\"><img loading=\"lazy\" decoding=\"async\" width=\"244\" height=\"184\" title=\"IMG_4832\" style=\"display: inline; background-image: none;\" alt=\"IMG_4832\" src=\"https:\/\/volkerontour.de\/wp-content\/uploads\/2024\/08\/IMG_4832_thumb.jpg\" border=\"0\"><\/a><\/p>\n<p><a href=\"https:\/\/volkerontour.de\/wp-content\/uploads\/2024\/08\/IMG_4838.jpg\"><img loading=\"lazy\" decoding=\"async\" width=\"244\" height=\"184\" title=\"IMG_4838\" style=\"display: inline; background-image: none;\" alt=\"IMG_4838\" src=\"https:\/\/volkerontour.de\/wp-content\/uploads\/2024\/08\/IMG_4838_thumb.jpg\" border=\"0\"><\/a>&nbsp;<a href=\"https:\/\/volkerontour.de\/wp-content\/uploads\/2024\/08\/IMG_5267.jpg\"><img loading=\"lazy\" decoding=\"async\" width=\"244\" height=\"184\" title=\"IMG_5267\" style=\"display: inline; background-image: none;\" alt=\"IMG_5267\" src=\"https:\/\/volkerontour.de\/wp-content\/uploads\/2024\/08\/IMG_5267_thumb.jpg\" border=\"0\"><\/a><\/p>\n<p>Diniert wurde heute in einem \u201cSeafood\u201d-Restaurant. Na das war ja genau mein Ding. Immerhin gabs auch was mit H\u00e4hnchen. So ein Gl\u00fcck <img decoding=\"async\" class=\"wlEmoticon wlEmoticon-winkingsmile\" style=\"\" alt=\"Winking smile\" src=\"https:\/\/volkerontour.de\/wp-content\/uploads\/2024\/08\/wlEmoticon-winkingsmile-4.png\"><\/p>\n<p><a href=\"https:\/\/volkerontour.de\/wp-content\/uploads\/2024\/08\/IMG_4841.jpg\"><img loading=\"lazy\" decoding=\"async\" width=\"244\" height=\"184\" title=\"IMG_4841\" style=\"display: inline; background-image: none;\" alt=\"IMG_4841\" src=\"https:\/\/volkerontour.de\/wp-content\/uploads\/2024\/08\/IMG_4841_thumb.jpg\" border=\"0\"><\/a>&nbsp;<a href=\"https:\/\/volkerontour.de\/wp-content\/uploads\/2024\/08\/IMG_4842.jpg\"><img loading=\"lazy\" decoding=\"async\" width=\"244\" height=\"184\" title=\"IMG_4842\" style=\"display: inline; background-image: none;\" alt=\"IMG_4842\" src=\"https:\/\/volkerontour.de\/wp-content\/uploads\/2024\/08\/IMG_4842_thumb.jpg\" border=\"0\"><\/a><\/p>\n<p>Die (laut Christos) besten Mini-Donuts Griechenlands gab es gleich nebenan. Mit kr\u00e4ftig viel Honig und Zimt waren diese ziemlich s\u00fc\u00df und auch durchaus lecker, wenngleich ich nach dieser Ank\u00fcndigung vielleicht noch ein bisschen mehr erwartet hatte <img decoding=\"async\" class=\"wlEmoticon wlEmoticon-winkingsmile\" style=\"\" alt=\"Winking smile\" src=\"https:\/\/volkerontour.de\/wp-content\/uploads\/2024\/08\/wlEmoticon-winkingsmile-4.png\"><\/p>\n<p><a href=\"https:\/\/volkerontour.de\/wp-content\/uploads\/2024\/08\/IMG_4848.jpg\"><img loading=\"lazy\" decoding=\"async\" width=\"184\" height=\"244\" title=\"IMG_4848\" style=\"display: inline; background-image: none;\" alt=\"IMG_4848\" src=\"https:\/\/volkerontour.de\/wp-content\/uploads\/2024\/08\/IMG_4848_thumb.jpg\" border=\"0\"><\/a>&nbsp;<a href=\"https:\/\/volkerontour.de\/wp-content\/uploads\/2024\/08\/IMG_4849.jpg\"><img loading=\"lazy\" decoding=\"async\" width=\"244\" height=\"184\" title=\"IMG_4849\" style=\"display: inline; background-image: none;\" alt=\"IMG_4849\" src=\"https:\/\/volkerontour.de\/wp-content\/uploads\/2024\/08\/IMG_4849_thumb.jpg\" border=\"0\"><\/a><\/p>\n<p>Auf dem R\u00fcckweg zum Hotel liefen wir dann noch einmal durch die Altstadt, die am Abend nochmal viel mehr hergemacht hat, als am Tag. <\/p>\n<p><a href=\"https:\/\/volkerontour.de\/wp-content\/uploads\/2024\/08\/IMG_4854.jpg\"><img loading=\"lazy\" decoding=\"async\" width=\"244\" height=\"184\" title=\"IMG_4854\" style=\"display: inline; background-image: none;\" alt=\"IMG_4854\" src=\"https:\/\/volkerontour.de\/wp-content\/uploads\/2024\/08\/IMG_4854_thumb.jpg\" border=\"0\"><\/a>&nbsp;<a href=\"https:\/\/volkerontour.de\/wp-content\/uploads\/2024\/08\/IMG_4855.jpg\"><img loading=\"lazy\" decoding=\"async\" width=\"244\" height=\"184\" title=\"IMG_4855\" style=\"display: inline; background-image: none;\" alt=\"IMG_4855\" src=\"https:\/\/volkerontour.de\/wp-content\/uploads\/2024\/08\/IMG_4855_thumb.jpg\" border=\"0\"><\/a><\/p>\n<p><a href=\"https:\/\/volkerontour.de\/wp-content\/uploads\/2024\/08\/IMG_4856.jpg\"><img loading=\"lazy\" decoding=\"async\" width=\"184\" height=\"244\" title=\"IMG_4856\" style=\"display: inline; background-image: none;\" alt=\"IMG_4856\" src=\"https:\/\/volkerontour.de\/wp-content\/uploads\/2024\/08\/IMG_4856_thumb.jpg\" border=\"0\"><\/a>&nbsp;<a href=\"https:\/\/volkerontour.de\/wp-content\/uploads\/2024\/08\/IMG_4857.jpg\"><img loading=\"lazy\" decoding=\"async\" width=\"244\" height=\"184\" title=\"IMG_4857\" style=\"display: inline; background-image: none;\" alt=\"IMG_4857\" src=\"https:\/\/volkerontour.de\/wp-content\/uploads\/2024\/08\/IMG_4857_thumb.jpg\" border=\"0\"><\/a><\/p>\n<p>Morgen gibt es dann auf jeden Fall noch ein paar weitere Informationen zur ganzen Insel, da wir gegen 10 Uhr zu einer kleine Inseltour starten. Am Nachmittag steht dann eine Fahrt mit dem Katamaran auf dem Programm. Wir sind gespannt.<\/p>\n<p>Gute Nacht und bis morgen <img decoding=\"async\" class=\"wlEmoticon wlEmoticon-smile\" style=\"\" alt=\"Smile\" src=\"https:\/\/volkerontour.de\/wp-content\/uploads\/2024\/08\/wlEmoticon-smile-6.png\"><\/p>\n","protected":false},"excerpt":{"rendered":"<p>Dienstag, 27.08.: Nat\u00fcrlich begann auch der letzte Tag auf Tinos mit einem kleinen L\u00e4ufchen &nbsp; Am Mittag versammelte sich dann die ganze Gruppe am Hafen, denn es ging heute weiter zu unserer n\u00e4chsten Station, nach Naxos. &nbsp; Nach zwei Stunden &hellip; <a href=\"https:\/\/volkerontour.de\/?p=40114\">Weiterlesen <span class=\"meta-nav\">&rarr;<\/span><\/a><\/p>\n","protected":false},"author":3,"featured_media":0,"comment_status":"closed","ping_status":"closed","sticky":false,"template":"","format":"standard","meta":{"footnotes":""},"categories":[58],"tags":[],"class_list":["post-40114","post","type-post","status-publish","format-standard","hentry","category-griechenland-2024"],"_links":{"self":[{"href":"https:\/\/volkerontour.de\/index.php?rest_route=\/wp\/v2\/posts\/40114","targetHints":{"allow":["GET"]}}],"collection":[{"href":"https:\/\/volkerontour.de\/index.php?rest_route=\/wp\/v2\/posts"}],"about":[{"href":"https:\/\/volkerontour.de\/index.php?rest_route=\/wp\/v2\/types\/post"}],"author":[{"embeddable":true,"href":"https:\/\/volkerontour.de\/index.php?rest_route=\/wp\/v2\/users\/3"}],"replies":[{"embeddable":true,"href":"https:\/\/volkerontour.de\/index.php?rest_route=%2Fwp%2Fv2%2Fcomments&post=40114"}],"version-history":[{"count":1,"href":"https:\/\/volkerontour.de\/index.php?rest_route=\/wp\/v2\/posts\/40114\/revisions"}],"predecessor-version":[{"id":40115,"href":"https:\/\/volkerontour.de\/index.php?rest_route=\/wp\/v2\/posts\/40114\/revisions\/40115"}],"wp:attachment":[{"href":"https:\/\/volkerontour.de\/index.php?rest_route=%2Fwp%2Fv2%2Fmedia&parent=40114"}],"wp:term":[{"taxonomy":"category","embeddable":true,"href":"https:\/\/volkerontour.de\/index.php?rest_route=%2Fwp%2Fv2%2Fcategories&post=40114"},{"taxonomy":"post_tag","embeddable":true,"href":"https:\/\/volkerontour.de\/index.php?rest_route=%2Fwp%2Fv2%2Ftags&post=40114"}],"curies":[{"name":"wp","href":"https:\/\/api.w.org\/{rel}","templated":true}]}}