{"id":40298,"date":"2024-08-29T22:22:00","date_gmt":"2024-08-29T22:22:00","guid":{"rendered":"https:\/\/volkerontour.de\/?p=40298"},"modified":"2024-08-29T22:22:00","modified_gmt":"2024-08-29T22:22:00","slug":"tag-8-santorin","status":"publish","type":"post","link":"https:\/\/volkerontour.de\/?p=40298","title":{"rendered":"Tag 8: Santorin"},"content":{"rendered":"<p>Freitag, 30.08.: Auch der heutige Tag startete nat\u00fcrlich wieder mit einem kleinen L\u00e4ufchen. Amanda war (voll motiviert) wieder mit am Start.<\/p>\n<p><a href=\"https:\/\/volkerontour.de\/wp-content\/uploads\/2024\/08\/IMG_4883.jpg\"><img loading=\"lazy\" decoding=\"async\" width=\"244\" height=\"184\" title=\"IMG_4883\" style=\"display: inline; background-image: none;\" alt=\"IMG_4883\" src=\"https:\/\/volkerontour.de\/wp-content\/uploads\/2024\/08\/IMG_4883_thumb.jpg\" border=\"0\"><\/a>&nbsp;<a href=\"https:\/\/volkerontour.de\/wp-content\/uploads\/2024\/08\/IMG_4884.jpg\"><img loading=\"lazy\" decoding=\"async\" width=\"244\" height=\"184\" title=\"IMG_4884\" style=\"display: inline; background-image: none;\" alt=\"IMG_4884\" src=\"https:\/\/volkerontour.de\/wp-content\/uploads\/2024\/08\/IMG_4884_thumb.jpg\" border=\"0\"><\/a><\/p>\n<p><a href=\"https:\/\/volkerontour.de\/wp-content\/uploads\/2024\/08\/IMG_4885.jpg\"><img loading=\"lazy\" decoding=\"async\" width=\"244\" height=\"184\" title=\"IMG_4885\" style=\"display: inline; background-image: none;\" alt=\"IMG_4885\" src=\"https:\/\/volkerontour.de\/wp-content\/uploads\/2024\/08\/IMG_4885_thumb.jpg\" border=\"0\"><\/a>&nbsp;<a href=\"https:\/\/volkerontour.de\/wp-content\/uploads\/2024\/08\/IMG_4888.jpg\"><img loading=\"lazy\" decoding=\"async\" width=\"244\" height=\"184\" title=\"IMG_4888\" style=\"display: inline; background-image: none;\" alt=\"IMG_4888\" src=\"https:\/\/volkerontour.de\/wp-content\/uploads\/2024\/08\/IMG_4888_thumb.jpg\" border=\"0\"><\/a><\/p>\n<p>Auch bei meinem anschlie\u00dfenden TRX-Training hatte ich eine \u201cMitstreiterin\u201d.<\/p>\n<p><a href=\"https:\/\/volkerontour.de\/wp-content\/uploads\/2024\/08\/IMG_4890.jpg\"><img loading=\"lazy\" decoding=\"async\" width=\"184\" height=\"244\" title=\"IMG_4890\" style=\"display: inline; background-image: none;\" alt=\"IMG_4890\" src=\"https:\/\/volkerontour.de\/wp-content\/uploads\/2024\/08\/IMG_4890_thumb.jpg\" border=\"0\"><\/a>&nbsp;<a href=\"https:\/\/volkerontour.de\/wp-content\/uploads\/2024\/08\/IMG_4870.jpg\"><img loading=\"lazy\" decoding=\"async\" width=\"244\" height=\"184\" title=\"IMG_4870\" style=\"display: inline; background-image: none;\" alt=\"IMG_4870\" src=\"https:\/\/volkerontour.de\/wp-content\/uploads\/2024\/08\/IMG_4870_thumb.jpg\" border=\"0\"><\/a><\/p>\n<p>Streuende Katzen gibt es \u00fcbrigens massig auf fast allen griechischen Inseln. Zumeist sind diese aber friedlich und passen eigentlich ganz gut ins \u201cStadtbild\u201d der jeweiligen Orte.<\/p>\n<p><a href=\"https:\/\/volkerontour.de\/wp-content\/uploads\/2024\/08\/IMG_4798.jpg\"><img loading=\"lazy\" decoding=\"async\" width=\"184\" height=\"244\" title=\"IMG_4798\" style=\"display: inline; background-image: none;\" alt=\"IMG_4798\" src=\"https:\/\/volkerontour.de\/wp-content\/uploads\/2024\/08\/IMG_4798_thumb.jpg\" border=\"0\"><\/a>&nbsp;<a href=\"https:\/\/volkerontour.de\/wp-content\/uploads\/2024\/08\/IMG_5346.jpg\"><img loading=\"lazy\" decoding=\"async\" width=\"184\" height=\"244\" title=\"IMG_5346\" style=\"display: inline; background-image: none;\" alt=\"IMG_5346\" src=\"https:\/\/volkerontour.de\/wp-content\/uploads\/2024\/08\/IMG_5346_thumb.jpg\" border=\"0\"><\/a><\/p>\n<p>Gegen Mittag ging es dann schon weiter Richtung unseres letzten Reisezieles, der Insel Santorin.<\/p>\n<p><a href=\"https:\/\/volkerontour.de\/wp-content\/uploads\/2024\/08\/IMG_4892.jpg\"><img loading=\"lazy\" decoding=\"async\" width=\"244\" height=\"184\" title=\"IMG_4892\" style=\"display: inline; background-image: none;\" alt=\"IMG_4892\" src=\"https:\/\/volkerontour.de\/wp-content\/uploads\/2024\/08\/IMG_4892_thumb.jpg\" border=\"0\"><\/a>&nbsp;<a href=\"https:\/\/volkerontour.de\/wp-content\/uploads\/2024\/08\/IMG_4895.jpg\"><img loading=\"lazy\" decoding=\"async\" width=\"244\" height=\"184\" title=\"IMG_4895\" style=\"display: inline; background-image: none;\" alt=\"IMG_4895\" src=\"https:\/\/volkerontour.de\/wp-content\/uploads\/2024\/08\/IMG_4895_thumb.jpg\" border=\"0\"><\/a><\/p>\n<p>\u00c4hnlich wie auf Mykonos hatte ich auch hier mit vielen Touristen gerechnet, aber meine Bef\u00fcrchtungen wurden noch deutlich \u00fcbertroffen. Wenn ich richtig gez\u00e4hlt habe m\u00fcssten es insgesamt 6 gro\u00dfe Kreuzfahrtschiffe sein, die vor der Insel ankerten. Daher ist es auch nicht verwunderlich, dass Santorin t\u00e4glich von deutlich mehr Tagestouristen besucht wird (etwa 20.000), als Einwohner auf der Insel wohnen (gute 15.000).<\/p>\n<p><a href=\"https:\/\/volkerontour.de\/wp-content\/uploads\/2024\/08\/IMG_5354.jpg\"><img loading=\"lazy\" decoding=\"async\" width=\"244\" height=\"184\" title=\"IMG_5354\" style=\"display: inline; background-image: none;\" alt=\"IMG_5354\" src=\"https:\/\/volkerontour.de\/wp-content\/uploads\/2024\/08\/IMG_5354_thumb.jpg\" border=\"0\"><\/a>&nbsp;<a href=\"https:\/\/volkerontour.de\/wp-content\/uploads\/2024\/08\/IMG_5349.jpg\"><img loading=\"lazy\" decoding=\"async\" width=\"244\" height=\"184\" title=\"IMG_5349\" style=\"display: inline; background-image: none;\" alt=\"IMG_5349\" src=\"https:\/\/volkerontour.de\/wp-content\/uploads\/2024\/08\/IMG_5349_thumb.jpg\" border=\"0\"><\/a><\/p>\n<p>Trotz dieser Mengen an Menschen ist die Insel (und teilweise auch das was darauf gebaut wurde) wundersch\u00f6n, und absolut eine Reise wert. <\/p>\n<p>Bis etwa 1.500 v. Chr. war Santorin eine fast kreisrunde Insel mit einem 1.800m hohen Vulkan in der Mitte. Dieser explodierte eines Tages, und verschwand samt eines Gro\u00dfteils der Insel im Meer. Daher auch die sichelartige Form der Insel. Geblieben sind die \u201cCalderas\u201d, die steil abfallenden Kraterw\u00e4nde, auf deren Spitze sp\u00e4ter D\u00f6rfer erbaut wurden. <\/p>\n<p><a href=\"https:\/\/volkerontour.de\/wp-content\/uploads\/2024\/08\/IMG_5351.jpg\"><img loading=\"lazy\" decoding=\"async\" width=\"244\" height=\"184\" title=\"IMG_5351\" style=\"display: inline; background-image: none;\" alt=\"IMG_5351\" src=\"https:\/\/volkerontour.de\/wp-content\/uploads\/2024\/08\/IMG_5351_thumb.jpg\" border=\"0\"><\/a>&nbsp;<a href=\"https:\/\/volkerontour.de\/wp-content\/uploads\/2024\/08\/IMG_5350.jpg\"><img loading=\"lazy\" decoding=\"async\" width=\"244\" height=\"184\" title=\"IMG_5350\" style=\"display: inline; background-image: none;\" alt=\"IMG_5350\" src=\"https:\/\/volkerontour.de\/wp-content\/uploads\/2024\/08\/IMG_5350_thumb.jpg\" border=\"0\"><\/a><\/p>\n<p>Bei guten 35 Grad starteten wir zu einer etwa 12km langen Wanderung von Fira (der Hauptstadt Santorins) ganz in den Nordwesten nach Oia, immer an der Caldera entlang.<\/p>\n<p><a href=\"https:\/\/volkerontour.de\/wp-content\/uploads\/2024\/08\/IMG_5366.jpg\"><img loading=\"lazy\" decoding=\"async\" width=\"244\" height=\"184\" title=\"IMG_5366\" style=\"display: inline; background-image: none;\" alt=\"IMG_5366\" src=\"https:\/\/volkerontour.de\/wp-content\/uploads\/2024\/08\/IMG_5366_thumb.jpg\" border=\"0\"><\/a>&nbsp;<a href=\"https:\/\/volkerontour.de\/wp-content\/uploads\/2024\/08\/IMG_5355.jpg\"><img loading=\"lazy\" decoding=\"async\" width=\"244\" height=\"184\" title=\"IMG_5355\" style=\"display: inline; background-image: none;\" alt=\"IMG_5355\" src=\"https:\/\/volkerontour.de\/wp-content\/uploads\/2024\/08\/IMG_5355_thumb.jpg\" border=\"0\"><\/a><\/p>\n<p><a href=\"https:\/\/volkerontour.de\/wp-content\/uploads\/2024\/08\/IMG_5357.jpg\"><img loading=\"lazy\" decoding=\"async\" width=\"244\" height=\"184\" title=\"IMG_5357\" style=\"display: inline; background-image: none;\" alt=\"IMG_5357\" src=\"https:\/\/volkerontour.de\/wp-content\/uploads\/2024\/08\/IMG_5357_thumb.jpg\" border=\"0\"><\/a>&nbsp;<a href=\"https:\/\/volkerontour.de\/wp-content\/uploads\/2024\/08\/IMG_5362.jpg\"><img loading=\"lazy\" decoding=\"async\" width=\"244\" height=\"184\" title=\"IMG_5362\" style=\"display: inline; background-image: none;\" alt=\"IMG_5362\" src=\"https:\/\/volkerontour.de\/wp-content\/uploads\/2024\/08\/IMG_5362_thumb.jpg\" border=\"0\"><\/a><\/p>\n<p>Im Laufe der Jahre ist Santorin auch zu einem absoluten Nobelurlaubsort der Reichen und Sch\u00f6nen geworden (noch mehr als Mykonos). Wer etwas auf sich h\u00e4lt, besitzt ein Haus, oder zumindest ein kleines Appartement auf der Insel. Hotelzimmer bzw. Suiten in guter Lage und mit Blick auf das Meer kosten ab 900\u20ac pro Nacht. Nach oben gibt es selbstverst\u00e4ndlich keine Grenzen.<\/p>\n<p><a href=\"https:\/\/volkerontour.de\/wp-content\/uploads\/2024\/08\/IMG_5371.jpg\"><img loading=\"lazy\" decoding=\"async\" width=\"244\" height=\"184\" title=\"IMG_5371\" style=\"display: inline; background-image: none;\" alt=\"IMG_5371\" src=\"https:\/\/volkerontour.de\/wp-content\/uploads\/2024\/08\/IMG_5371_thumb.jpg\" border=\"0\"><\/a>&nbsp;<a href=\"https:\/\/volkerontour.de\/wp-content\/uploads\/2024\/08\/IMG_5372.jpg\"><img loading=\"lazy\" decoding=\"async\" width=\"244\" height=\"184\" title=\"IMG_5372\" style=\"display: inline; background-image: none;\" alt=\"IMG_5372\" src=\"https:\/\/volkerontour.de\/wp-content\/uploads\/2024\/08\/IMG_5372_thumb.jpg\" border=\"0\"><\/a><\/p>\n<p><a href=\"https:\/\/volkerontour.de\/wp-content\/uploads\/2024\/08\/IMG_5381.jpg\"><img loading=\"lazy\" decoding=\"async\" width=\"244\" height=\"184\" title=\"IMG_5381\" style=\"display: inline; background-image: none;\" alt=\"IMG_5381\" src=\"https:\/\/volkerontour.de\/wp-content\/uploads\/2024\/08\/IMG_5381_thumb.jpg\" border=\"0\"><\/a>&nbsp;<a href=\"https:\/\/volkerontour.de\/wp-content\/uploads\/2024\/08\/IMG_5367.jpg\"><img loading=\"lazy\" decoding=\"async\" width=\"244\" height=\"184\" title=\"IMG_5367\" style=\"display: inline; background-image: none;\" alt=\"IMG_5367\" src=\"https:\/\/volkerontour.de\/wp-content\/uploads\/2024\/08\/IMG_5367_thumb.jpg\" border=\"0\"><\/a><\/p>\n<p>Es ging gut auf und ab, bei ordentlicher Hitze, aber wir hatten alle genug Wasser und unsere Sonnenh\u00fcte dabei.<\/p>\n<p><a href=\"https:\/\/volkerontour.de\/wp-content\/uploads\/2024\/08\/IMG_4900.jpg\"><img loading=\"lazy\" decoding=\"async\" width=\"244\" height=\"184\" title=\"IMG_4900\" style=\"display: inline; background-image: none;\" alt=\"IMG_4900\" src=\"https:\/\/volkerontour.de\/wp-content\/uploads\/2024\/08\/IMG_4900_thumb.jpg\" border=\"0\"><\/a>&nbsp;<a href=\"https:\/\/volkerontour.de\/wp-content\/uploads\/2024\/08\/IMG_4901.jpg\"><img loading=\"lazy\" decoding=\"async\" width=\"184\" height=\"244\" title=\"IMG_4901\" style=\"display: inline; background-image: none;\" alt=\"IMG_4901\" src=\"https:\/\/volkerontour.de\/wp-content\/uploads\/2024\/08\/IMG_4901_thumb.jpg\" border=\"0\"><\/a><\/p>\n<p>Nach fast drei Stunden hatten wir dann Oia erreicht, DER Ort f\u00fcr den perfekten Sonnenuntergang auf Santorin.<\/p>\n<p><a href=\"https:\/\/volkerontour.de\/wp-content\/uploads\/2024\/08\/IMG_5392.jpg\"><img loading=\"lazy\" decoding=\"async\" width=\"244\" height=\"184\" title=\"IMG_5392\" style=\"display: inline; background-image: none;\" alt=\"IMG_5392\" src=\"https:\/\/volkerontour.de\/wp-content\/uploads\/2024\/08\/IMG_5392_thumb.jpg\" border=\"0\"><\/a>&nbsp;<a href=\"https:\/\/volkerontour.de\/wp-content\/uploads\/2024\/08\/IMG_5395.jpg\"><img loading=\"lazy\" decoding=\"async\" width=\"244\" height=\"184\" title=\"IMG_5395\" style=\"display: inline; background-image: none;\" alt=\"IMG_5395\" src=\"https:\/\/volkerontour.de\/wp-content\/uploads\/2024\/08\/IMG_5395_thumb.jpg\" border=\"0\"><\/a><\/p>\n<p><a href=\"https:\/\/volkerontour.de\/wp-content\/uploads\/2024\/08\/IMG_4902.jpg\"><img loading=\"lazy\" decoding=\"async\" width=\"244\" height=\"184\" title=\"IMG_4902\" style=\"display: inline; background-image: none;\" alt=\"IMG_4902\" src=\"https:\/\/volkerontour.de\/wp-content\/uploads\/2024\/08\/IMG_4902_thumb.jpg\" border=\"0\"><\/a>&nbsp;<a href=\"https:\/\/volkerontour.de\/wp-content\/uploads\/2024\/08\/IMG_4904.jpg\"><img loading=\"lazy\" decoding=\"async\" width=\"244\" height=\"184\" title=\"IMG_4904\" style=\"display: inline; background-image: none;\" alt=\"IMG_4904\" src=\"https:\/\/volkerontour.de\/wp-content\/uploads\/2024\/08\/IMG_4904_thumb.jpg\" border=\"0\"><\/a><\/p>\n<p>Mit ein paar Getr\u00e4nken aus dem Supermarkt machten wir es uns auf einer Mauer gem\u00fctlich, doch leider versperrten uns ein paar Wolken, den Ausblick auf den Sonnenuntergang <img decoding=\"async\" class=\"wlEmoticon wlEmoticon-sadsmile\" style=\"\" alt=\"Sad smile\" src=\"https:\/\/volkerontour.de\/wp-content\/uploads\/2024\/08\/wlEmoticon-sadsmile-1.png\"><\/p>\n<p><a href=\"https:\/\/volkerontour.de\/wp-content\/uploads\/2024\/08\/IMG_4905.jpg\"><img loading=\"lazy\" decoding=\"async\" width=\"244\" height=\"184\" title=\"IMG_4905\" style=\"display: inline; background-image: none;\" alt=\"IMG_4905\" src=\"https:\/\/volkerontour.de\/wp-content\/uploads\/2024\/08\/IMG_4905_thumb.jpg\" border=\"0\"><\/a>&nbsp;<a href=\"https:\/\/volkerontour.de\/wp-content\/uploads\/2024\/08\/d17a74ae-8934-4ae7-a636-4c603ceeefbd.jpg\"><img loading=\"lazy\" decoding=\"async\" width=\"244\" height=\"112\" title=\"d17a74ae-8934-4ae7-a636-4c603ceeefbd\" style=\"display: inline; background-image: none;\" alt=\"d17a74ae-8934-4ae7-a636-4c603ceeefbd\" src=\"https:\/\/volkerontour.de\/wp-content\/uploads\/2024\/08\/d17a74ae-8934-4ae7-a636-4c603ceeefbd_thumb.jpg\" border=\"0\"><\/a>&nbsp;<\/p>\n<p><a href=\"https:\/\/volkerontour.de\/wp-content\/uploads\/2024\/08\/IMG_5400.jpg\"><img loading=\"lazy\" decoding=\"async\" width=\"184\" height=\"244\" title=\"IMG_5400\" style=\"display: inline; background-image: none;\" alt=\"IMG_5400\" src=\"https:\/\/volkerontour.de\/wp-content\/uploads\/2024\/08\/IMG_5400_thumb.jpg\" border=\"0\"><\/a><\/p>\n<p>Wahnsinn, was da abends noch los war. Alle Frauen topgestylt, die M\u00e4nner auch gut gekleidet\u2026 und wir zwischendrin mit unseren dreckigen, verschwitzten Wanderklamotten mittendrin <img decoding=\"async\" class=\"wlEmoticon wlEmoticon-winkingsmile\" style=\"\" alt=\"Winking smile\" src=\"https:\/\/volkerontour.de\/wp-content\/uploads\/2024\/08\/wlEmoticon-winkingsmile-5.png\"><\/p>\n<p><a href=\"https:\/\/volkerontour.de\/wp-content\/uploads\/2024\/08\/IMG_4906.jpg\"><img loading=\"lazy\" decoding=\"async\" width=\"244\" height=\"184\" title=\"IMG_4906\" style=\"display: inline; background-image: none;\" alt=\"IMG_4906\" src=\"https:\/\/volkerontour.de\/wp-content\/uploads\/2024\/08\/IMG_4906_thumb.jpg\" border=\"0\"><\/a>&nbsp;<a href=\"https:\/\/volkerontour.de\/wp-content\/uploads\/2024\/08\/IMG_4907.jpg\"><img loading=\"lazy\" decoding=\"async\" width=\"244\" height=\"184\" title=\"IMG_4907\" style=\"display: inline; background-image: none;\" alt=\"IMG_4907\" src=\"https:\/\/volkerontour.de\/wp-content\/uploads\/2024\/08\/IMG_4907_thumb.jpg\" border=\"0\"><\/a><\/p>\n<p><a href=\"https:\/\/volkerontour.de\/wp-content\/uploads\/2024\/08\/IMG_4908.jpg\"><img loading=\"lazy\" decoding=\"async\" width=\"244\" height=\"184\" title=\"IMG_4908\" style=\"display: inline; background-image: none;\" alt=\"IMG_4908\" src=\"https:\/\/volkerontour.de\/wp-content\/uploads\/2024\/08\/IMG_4908_thumb.jpg\" border=\"0\"><\/a>&nbsp;<a href=\"https:\/\/volkerontour.de\/wp-content\/uploads\/2024\/08\/IMG_4909.jpg\"><img loading=\"lazy\" decoding=\"async\" width=\"244\" height=\"184\" title=\"IMG_4909\" style=\"display: inline; background-image: none;\" alt=\"IMG_4909\" src=\"https:\/\/volkerontour.de\/wp-content\/uploads\/2024\/08\/IMG_4909_thumb.jpg\" border=\"0\"><\/a><\/p>\n<p>Wir waren sp\u00e4t dran, daher ging es nach der \u201cGelato-Time\u201d direkt ins Hotel, dass auf der anderen Seite der Insel liegt (sch\u00f6n ruhig).<\/p>\n<p><a href=\"https:\/\/volkerontour.de\/wp-content\/uploads\/2024\/08\/IMG_4910.jpg\"><img loading=\"lazy\" decoding=\"async\" width=\"244\" height=\"184\" title=\"IMG_4910\" style=\"display: inline; background-image: none;\" alt=\"IMG_4910\" src=\"https:\/\/volkerontour.de\/wp-content\/uploads\/2024\/08\/IMG_4910_thumb.jpg\" border=\"0\"><\/a>&nbsp;<a href=\"https:\/\/volkerontour.de\/wp-content\/uploads\/2024\/08\/IMG_4912-1.jpg\"><img loading=\"lazy\" decoding=\"async\" width=\"244\" height=\"184\" title=\"IMG_4912\" style=\"display: inline; background-image: none;\" alt=\"IMG_4912\" src=\"https:\/\/volkerontour.de\/wp-content\/uploads\/2024\/08\/IMG_4912_thumb-1.jpg\" border=\"0\"><\/a><\/p>\n<p>Unser offiziell letztes Abendessen mit der Gruppe nahmen wir dann am Strand ein. Mit Sarah, Brook und Dominik gehen wir morgen noch Kajak fahren. Alle anderen sehen wir hoffentlich beim Fr\u00fchst\u00fcck noch einmal. Ich hatte es bisher wirklich selten, dass man wirklich mit allen aus der Gruppe richtig gut klarkam. Ich denke, es ist auch in meinen Beitr\u00e4gen gut r\u00fcbergekommen, dass wir fast alle Aktivit\u00e4ten zusammen gemacht haben\u2026 war wirklich eine tolle Zeit, und der Umgang mit jedem einzelnen sehr angenehm.<\/p>\n<p><a href=\"https:\/\/volkerontour.de\/wp-content\/uploads\/2024\/08\/IMG_4917.jpg\"><img loading=\"lazy\" decoding=\"async\" width=\"244\" height=\"184\" title=\"IMG_4917\" style=\"display: inline; background-image: none;\" alt=\"IMG_4917\" src=\"https:\/\/volkerontour.de\/wp-content\/uploads\/2024\/08\/IMG_4917_thumb.jpg\" border=\"0\"><\/a>&nbsp;<a href=\"https:\/\/volkerontour.de\/wp-content\/uploads\/2024\/08\/IMG_4919.jpg\"><img loading=\"lazy\" decoding=\"async\" width=\"184\" height=\"244\" title=\"IMG_4919\" style=\"display: inline; background-image: none;\" alt=\"IMG_4919\" src=\"https:\/\/volkerontour.de\/wp-content\/uploads\/2024\/08\/IMG_4919_thumb.jpg\" border=\"0\"><\/a><\/p>\n<p>Nach dem Kajak morgen fr\u00fch werden wir wohl am Nachmittag ein bisschen Beachen, bevor wir abends dann zum Dinner nochmal nach Fira fahren werden. Freitag Abend k\u00f6nnte dort allerdings gut was los sein. Wir versuchen`s trotzdem <img decoding=\"async\" class=\"wlEmoticon wlEmoticon-winkingsmile\" style=\"\" alt=\"Winking smile\" src=\"https:\/\/volkerontour.de\/wp-content\/uploads\/2024\/08\/wlEmoticon-winkingsmile-5.png\"><\/p>\n<p>Erste Gr\u00fc\u00dfe aus Santorin und gute Nacht <img decoding=\"async\" class=\"wlEmoticon wlEmoticon-smile\" style=\"\" alt=\"Smile\" src=\"https:\/\/volkerontour.de\/wp-content\/uploads\/2024\/08\/wlEmoticon-smile-8.png\"><\/p>\n","protected":false},"excerpt":{"rendered":"<p>Freitag, 30.08.: Auch der heutige Tag startete nat\u00fcrlich wieder mit einem kleinen L\u00e4ufchen. Amanda war (voll motiviert) wieder mit am Start. &nbsp; &nbsp; Auch bei meinem anschlie\u00dfenden TRX-Training hatte ich eine \u201cMitstreiterin\u201d. &nbsp; Streuende Katzen gibt es \u00fcbrigens massig auf &hellip; <a href=\"https:\/\/volkerontour.de\/?p=40298\">Weiterlesen <span class=\"meta-nav\">&rarr;<\/span><\/a><\/p>\n","protected":false},"author":3,"featured_media":0,"comment_status":"closed","ping_status":"closed","sticky":false,"template":"","format":"standard","meta":{"footnotes":""},"categories":[58],"tags":[],"class_list":["post-40298","post","type-post","status-publish","format-standard","hentry","category-griechenland-2024"],"_links":{"self":[{"href":"https:\/\/volkerontour.de\/index.php?rest_route=\/wp\/v2\/posts\/40298","targetHints":{"allow":["GET"]}}],"collection":[{"href":"https:\/\/volkerontour.de\/index.php?rest_route=\/wp\/v2\/posts"}],"about":[{"href":"https:\/\/volkerontour.de\/index.php?rest_route=\/wp\/v2\/types\/post"}],"author":[{"embeddable":true,"href":"https:\/\/volkerontour.de\/index.php?rest_route=\/wp\/v2\/users\/3"}],"replies":[{"embeddable":true,"href":"https:\/\/volkerontour.de\/index.php?rest_route=%2Fwp%2Fv2%2Fcomments&post=40298"}],"version-history":[{"count":1,"href":"https:\/\/volkerontour.de\/index.php?rest_route=\/wp\/v2\/posts\/40298\/revisions"}],"predecessor-version":[{"id":40299,"href":"https:\/\/volkerontour.de\/index.php?rest_route=\/wp\/v2\/posts\/40298\/revisions\/40299"}],"wp:attachment":[{"href":"https:\/\/volkerontour.de\/index.php?rest_route=%2Fwp%2Fv2%2Fmedia&parent=40298"}],"wp:term":[{"taxonomy":"category","embeddable":true,"href":"https:\/\/volkerontour.de\/index.php?rest_route=%2Fwp%2Fv2%2Fcategories&post=40298"},{"taxonomy":"post_tag","embeddable":true,"href":"https:\/\/volkerontour.de\/index.php?rest_route=%2Fwp%2Fv2%2Ftags&post=40298"}],"curies":[{"name":"wp","href":"https:\/\/api.w.org\/{rel}","templated":true}]}}