{"id":43,"date":"2012-07-22T13:43:54","date_gmt":"2012-07-22T13:43:54","guid":{"rendered":"http:\/\/volkerontour.de\/?p=43"},"modified":"2012-07-22T13:43:54","modified_gmt":"2012-07-22T13:43:54","slug":"anreise-teil-2","status":"publish","type":"post","link":"https:\/\/volkerontour.de\/?p=43","title":{"rendered":"Anreise Teil 2"},"content":{"rendered":"<p>Soooo, einen wundersch\u00f6nen guten Morgen w\u00fcnsche ich Euch allen\u2026<\/p>\n<p>Ich h\u00e4tte es dann auch geschafft und meine Zieldestination erreicht\u2026 Was in Lima alles noch so gut aussah, hat dann in La Paz nicht mehr ganz so gut geklappt\u2026 Wollte eigentlich den ganzen Flug schlafen, aber irgendwie kam die nervige Stewardess st\u00e4ndig mit irgendwelchen neuen Einreisepapieren, die ich ausf\u00fcllen sollte, aber im Endeffekt gar nicht wichtig waren\u2026 Nunja, es kam so wie es kommten musste\u2026<\/p>\n<p>In La Paz angekommen stand ich dann um ein Uhr nachts Ortszeit eine geschlagene Stunde neben dem saulaut quietschenden Gep\u00e4ckband, aber meine Tasche kam nat\u00fcrlich nicht!!! O.k., am Schalter Bescheid gegeben\u2026 und jetzt schauen wir mal\u2026<\/p>\n<p>Mein Transfer zum Hotel war leider auch nicht anwesend, so dass ich mit dem Taxi mein Hotel ansteuerte. Mein Fahrer Jose holte alles aus seinem etwa 20 Jahre alten Toyota Corolla raus. Netterweise wollte er auch ein bisschen Tourguide spielen, doch es haperte massiv am Englisch\u2026 aber er wusste sich zu helfen. Immer wenn irgendwas von der Stadt zu sehen war deutete er mit dem Finger drauf und meinte voller Freunde: \u201cLa Paz!\u201d Soso, guter Mann\u2026 Ich war also richtig <img decoding=\"async\" style=\"border-bottom-style: none; border-left-style: none; border-top-style: none; border-right-style: none\" class=\"wlEmoticon wlEmoticon-smile\" alt=\"Smiley\" src=\"https:\/\/volkerontour.de\/wp-content\/uploads\/2012\/07\/wlEmoticon-smile1.png\"><\/p>\n<p>Gegen halb drei Uhr nachts erreichte ich dann superm\u00fcde mein Hotel mitten im Zentrum\u2026<\/p>\n<p><a href=\"https:\/\/volkerontour.de\/wp-content\/uploads\/2012\/07\/DSC00539.jpg\"><img loading=\"lazy\" decoding=\"async\" style=\"background-image: none; border-bottom: 0px; border-left: 0px; margin: 0px; padding-left: 0px; padding-right: 0px; display: inline; border-top: 0px; border-right: 0px; padding-top: 0px\" title=\"DSC00539\" border=\"0\" alt=\"DSC00539\" src=\"https:\/\/volkerontour.de\/wp-content\/uploads\/2012\/07\/DSC00539_thumb.jpg\" width=\"244\" height=\"184\"><\/a><\/p>\n<p>Geschlafen habe ich allerdings durch den Jetlag nicht allzu viel\u2026 und heute ging es fr\u00fch raus, da ich meinem Gep\u00e4ck hinterhertelefonieren musste\u2026<\/p>\n<p>Gl\u00fccklicherweise war mein Tourguide bereits heute Morgen im Hotel\u2026 Karina Molina heisst sie, und sieht nicht wirklich aus wie ein Tourguide (Bilder folgen sicherlich noch). Gut, dass ich sie bereits heute Morgen schon traf. Sie beruhigte mich bez\u00fcglich meines Gep\u00e4cks und k\u00fcmmert sich selber drum\u2026 sollte schnell gehen. Sie gab mir noch wertvolle Tipps bez\u00fcglich meiner Tagesplanung heute und dem gesamten Ablauf der Tour\u2026 Heute Abend lerne ich meine 16 Teilnehmer grosse Gruppe kennen. So wie es mitbekommen habe sind auch zwei, drei deutsch sprechende dabei\u2026 ich bin gespannt\u2026<\/p>\n<p>Gerade habe ich mal beim Fr\u00fchst\u00fcck bolivianische R\u00fchereier und sehr leckeren S\u00fcdamerikanischen Kaffee getestet\u2026 top!!!<\/p>\n<p><a href=\"https:\/\/volkerontour.de\/wp-content\/uploads\/2012\/07\/DSC00538.jpg\"><img loading=\"lazy\" decoding=\"async\" style=\"background-image: none; border-bottom: 0px; border-left: 0px; margin: 0px; padding-left: 0px; padding-right: 0px; display: inline; border-top: 0px; border-right: 0px; padding-top: 0px\" title=\"DSC00538\" border=\"0\" alt=\"DSC00538\" src=\"https:\/\/volkerontour.de\/wp-content\/uploads\/2012\/07\/DSC00538_thumb.jpg\" width=\"244\" height=\"184\"><\/a><\/p>\n<p>Einen Stadtplan habe ich auch, also werde ich gleich mal in die City durchstarten und schauen was da so geht\u2026<\/p>\n<p>Vielleicht noch ein paar kurze Anmerkungen zu La Paz: La Paz ist nicht die Hauptstadt Boiliviens, wenngleich sich der Regierungssitz hier befindet. Die Stadt erhebt sich teilweise bis 4200m \u00fcber dem Meeresspiegel\u2026 Mein Hotel ist etwa auf 3800m H\u00f6he. Als ich vorhin zwei Stockwerke runter zur Rezeption bin aber oben etwas vergessen habe und nochmal hoch musste hab ichs richtig gemerkt\u2026 gepumpt wie ein Maik\u00e4fer\u2026 wirklich \u00fcbel\u2026 nachts k\u00fchlts auch richtig runter. Bin froh, dass ich auch im Handgep\u00e4ck einiges zum Anziehen dabei hatte. Hier im Hotel findet sich alles was es an Nationalit\u00e4ten gibt\u2026 Asiaten, Europ\u00e4er, Australier\u2026 Mein Fr\u00fchst\u00fcck habe ich eben mit ner kanadischen Familie eingenommen\u2026 <\/p>\n<p>So, ich geh dann mal ein wenig on Tour\u2026 Wir haben strahlend blauen Himmel hier bei angenehmen 16 Grad\u2026<\/p>\n<p>Viele Gr\u00fcsse. Ich hoffe Euch gehts allen gut!<\/p>\n<p>Ps.: Hier in Bolivien bin ich sechs Stunden zur\u00fcck, in Peru sinds dann sieben.<\/p>\n","protected":false},"excerpt":{"rendered":"<p>Soooo, einen wundersch\u00f6nen guten Morgen w\u00fcnsche ich Euch allen\u2026 Ich h\u00e4tte es dann auch geschafft und meine Zieldestination erreicht\u2026 Was in Lima alles noch so gut aussah, hat dann in La Paz nicht mehr ganz so gut geklappt\u2026 Wollte eigentlich &hellip; <a href=\"https:\/\/volkerontour.de\/?p=43\">Weiterlesen <span class=\"meta-nav\">&rarr;<\/span><\/a><\/p>\n","protected":false},"author":3,"featured_media":0,"comment_status":"closed","ping_status":"open","sticky":false,"template":"","format":"standard","meta":{"footnotes":""},"categories":[1],"tags":[],"class_list":["post-43","post","type-post","status-publish","format-standard","hentry","category-uncategorized"],"_links":{"self":[{"href":"https:\/\/volkerontour.de\/index.php?rest_route=\/wp\/v2\/posts\/43","targetHints":{"allow":["GET"]}}],"collection":[{"href":"https:\/\/volkerontour.de\/index.php?rest_route=\/wp\/v2\/posts"}],"about":[{"href":"https:\/\/volkerontour.de\/index.php?rest_route=\/wp\/v2\/types\/post"}],"author":[{"embeddable":true,"href":"https:\/\/volkerontour.de\/index.php?rest_route=\/wp\/v2\/users\/3"}],"replies":[{"embeddable":true,"href":"https:\/\/volkerontour.de\/index.php?rest_route=%2Fwp%2Fv2%2Fcomments&post=43"}],"version-history":[{"count":0,"href":"https:\/\/volkerontour.de\/index.php?rest_route=\/wp\/v2\/posts\/43\/revisions"}],"wp:attachment":[{"href":"https:\/\/volkerontour.de\/index.php?rest_route=%2Fwp%2Fv2%2Fmedia&parent=43"}],"wp:term":[{"taxonomy":"category","embeddable":true,"href":"https:\/\/volkerontour.de\/index.php?rest_route=%2Fwp%2Fv2%2Fcategories&post=43"},{"taxonomy":"post_tag","embeddable":true,"href":"https:\/\/volkerontour.de\/index.php?rest_route=%2Fwp%2Fv2%2Ftags&post=43"}],"curies":[{"name":"wp","href":"https:\/\/api.w.org\/{rel}","templated":true}]}}