{"id":43587,"date":"2025-07-31T12:03:32","date_gmt":"2025-07-31T12:03:32","guid":{"rendered":"https:\/\/volkerontour.de\/?p=43587"},"modified":"2025-07-31T12:03:32","modified_gmt":"2025-07-31T12:03:32","slug":"marokko-die-bersicht","status":"publish","type":"post","link":"https:\/\/volkerontour.de\/?p=43587","title":{"rendered":"Marokko, die &Uuml;bersicht"},"content":{"rendered":"<p>Donnerstag, 31.07.: Hallo mal wieder an alle Leser meines kleinen Urlaubsblogs. Die n\u00e4chste Reise steht an. Mit meinem Neffen Finn (aufmerksame Leser meines Blogs kennen ihn bereits von der Griechenlandreise im letzten Jahr) geht es f\u00fcr eine gute Woche nach Marokko. Ich bin sehr gespannt und neugierig, denn in dieses nordafrikanische Land hat es mich noch nie verschlagen. Und f\u00fcr den Finno ist es der erste Trip au\u00dferhalb Europas. Da wir durchg\u00e4ngig in Hotels \u00fcbernachten werden, sollte einer regelm\u00e4\u00dfigen Berichterstattung nichts im Wege stehen. Auch die nur geringe Zeitverschiebung (-1 Stunde), das gute Wetter, sowie die kurze Anreisezeit (3,5 Std. Flug) sprechen f\u00fcr Marokko als Urlaubsziel. Morgen Abend geht es per Direktflug Richtung Casablanca, bevor die Tour dann am Samstag startet. <\/p>\n<p>Und nun noch (wie immer) die Tour im \u00dcberblick:<\/p>\n<p><a href=\"https:\/\/volkerontour.de\/wp-content\/uploads\/2025\/07\/d26b926d39d2c3c38f6df87e64782cc9.png\"><img loading=\"lazy\" decoding=\"async\" width=\"244\" height=\"244\" title=\"d26b926d39d2c3c38f6df87e64782cc9\" style=\"display: inline; background-image: none;\" alt=\"d26b926d39d2c3c38f6df87e64782cc9\" src=\"https:\/\/volkerontour.de\/wp-content\/uploads\/2025\/07\/d26b926d39d2c3c38f6df87e64782cc9_thumb.png\" border=\"0\"><\/a><\/p>\n<h5><font size=\"3\">Tag 1: Casablanca<\/font><\/h5>\n<p>Ankunft zu jeder Zeit m\u00f6glich.<\/p>\n<h5><font size=\"3\">Tag 2: Casablanca\/F\u00e8s<\/font><\/h5>\n<p>Genie\u00dfe ein von G Adventures unterst\u00fctztes traditionelles Mittagessen und danach eine gef\u00fchrte Besichtigung der antiken r\u00f6mischen Ruinen von Volubilis, bevor es weitergeht nach Fes.<\/p>\n<h5><font size=\"3\">Tag 3: F\u00e8s<\/font><\/h5>\n<p>Erkunde das Labyrinth der Gassen in der ber\u00fchmten Medina von Fes mit einem ausgebildeten lokalen Guide. Bewundere eine der uralten Gerbereien und den Ausblick auf die Stadt von oben.<\/p>\n<h5><font size=\"3\">Tag 4: F\u00e8s\/Merzouga<\/font><\/h5>\n<p>Reise in s\u00fcdlicher Richtung in die W\u00fcste und begib dich auf einen Kamelritt, um den Sonnenuntergang von den D\u00fcnen aus zu beobachten. Danach geht es zur\u00fcck ins Hotel f\u00fcr Abendessen und Unterhaltung unter den Sternenhimmel.<\/p>\n<h5><font size=\"3\">Tag 5: Merzouga\/Todra-Schlucht<\/font><\/h5>\n<p>Stehe fr\u00fch auf und sieh den Sonnenaufgang. Nach dem Fr\u00fchst\u00fcck geht es durch eine Steinw\u00fcste in die atemberaubende Todra-Schlucht. Zwischen gewaltigen Felsw\u00e4nden findest du hier eine gr\u00fcne Oase mit Palmen. Das ist ein perfekter Ort, um zu wandern, am Flussufer zu entspannen oder Berber-Spezialit\u00e4ten zu verkosten.<\/p>\n<h5><font size=\"3\">Tag 6: Todra-Schlucht\/A\u00eft Ben Haddou<\/font><\/h5>\n<p>Besichtigung der A\u00eft Ben Haddou Kasbah, ein UNESCO Welterbe. Optional kannst du auch einen Tajine-Kochkurs machen und die marokkanische K\u00fcche kennenlernen.<\/p>\n<h5><font size=\"3\">Tag 7: A\u00eft Ben Haddou\/Marrakesch<\/font><\/h5>\n<p>Weiterfahrt nach Marrakesch und gef\u00fchrte Besichtigung der Medina. Optional kannst du abends den Djemaa-el-Fna-Platz besuchen, um den Auflauf von Musikern und Stra\u00dfenk\u00fcnstlern zu erleben. Verlasse Marrakesch auf keinen Fall, ohne dass du eine Mahlzeit an einem der ber\u00fchmten Street-Food-St\u00e4nde genossen hast.<\/p>\n<h5><font size=\"3\">Tag 8: Marrakesch<\/font><\/h5>\n<p>Abreise zu jeder Zeit m\u00f6glich.<\/p>\n<p>Dann w\u00fcnsche ich Euch schon jetzt viel Spa\u00df beim Mitreisen. Ich melde mich dann wieder aus Casablanca <img decoding=\"async\" class=\"wlEmoticon wlEmoticon-smile\" style=\"\" alt=\"Smile\" src=\"https:\/\/volkerontour.de\/wp-content\/uploads\/2025\/07\/wlEmoticon-smile.png\"><\/p>\n","protected":false},"excerpt":{"rendered":"<p>Donnerstag, 31.07.: Hallo mal wieder an alle Leser meines kleinen Urlaubsblogs. Die n\u00e4chste Reise steht an. Mit meinem Neffen Finn (aufmerksame Leser meines Blogs kennen ihn bereits von der Griechenlandreise im letzten Jahr) geht es f\u00fcr eine gute Woche nach &hellip; <a href=\"https:\/\/volkerontour.de\/?p=43587\">Weiterlesen <span class=\"meta-nav\">&rarr;<\/span><\/a><\/p>\n","protected":false},"author":3,"featured_media":0,"comment_status":"closed","ping_status":"closed","sticky":false,"template":"","format":"standard","meta":{"footnotes":""},"categories":[63],"tags":[],"class_list":["post-43587","post","type-post","status-publish","format-standard","hentry","category-marokko-2025"],"_links":{"self":[{"href":"https:\/\/volkerontour.de\/index.php?rest_route=\/wp\/v2\/posts\/43587","targetHints":{"allow":["GET"]}}],"collection":[{"href":"https:\/\/volkerontour.de\/index.php?rest_route=\/wp\/v2\/posts"}],"about":[{"href":"https:\/\/volkerontour.de\/index.php?rest_route=\/wp\/v2\/types\/post"}],"author":[{"embeddable":true,"href":"https:\/\/volkerontour.de\/index.php?rest_route=\/wp\/v2\/users\/3"}],"replies":[{"embeddable":true,"href":"https:\/\/volkerontour.de\/index.php?rest_route=%2Fwp%2Fv2%2Fcomments&post=43587"}],"version-history":[{"count":1,"href":"https:\/\/volkerontour.de\/index.php?rest_route=\/wp\/v2\/posts\/43587\/revisions"}],"predecessor-version":[{"id":43588,"href":"https:\/\/volkerontour.de\/index.php?rest_route=\/wp\/v2\/posts\/43587\/revisions\/43588"}],"wp:attachment":[{"href":"https:\/\/volkerontour.de\/index.php?rest_route=%2Fwp%2Fv2%2Fmedia&parent=43587"}],"wp:term":[{"taxonomy":"category","embeddable":true,"href":"https:\/\/volkerontour.de\/index.php?rest_route=%2Fwp%2Fv2%2Fcategories&post=43587"},{"taxonomy":"post_tag","embeddable":true,"href":"https:\/\/volkerontour.de\/index.php?rest_route=%2Fwp%2Fv2%2Ftags&post=43587"}],"curies":[{"name":"wp","href":"https:\/\/api.w.org\/{rel}","templated":true}]}}