{"id":43651,"date":"2025-08-02T21:26:02","date_gmt":"2025-08-02T21:26:02","guid":{"rendered":"https:\/\/volkerontour.de\/?p=43651"},"modified":"2025-08-02T21:26:02","modified_gmt":"2025-08-02T21:26:02","slug":"tag-1-casablanca-city-tour","status":"publish","type":"post","link":"https:\/\/volkerontour.de\/?p=43651","title":{"rendered":"Tag 1: Casablanca City Tour"},"content":{"rendered":"<p>Samstag, 02.08.: Gestern Abend ging es also dann los Richtung Marokko. Unser ohnehin schon sp\u00e4ter Flug verschob sich aufgrund des schlechten Wetters noch einmal um eine Stunde, so dass wir erst gegen 3:30 Uhr morgens in unserem wirklich guten Hotel ankamen.<\/p>\n<p><a href=\"https:\/\/volkerontour.de\/wp-content\/uploads\/2025\/08\/IMG_9681.jpg\"><img loading=\"lazy\" decoding=\"async\" width=\"244\" height=\"184\" title=\"IMG_9681\" style=\"display: inline; background-image: none;\" alt=\"IMG_9681\" src=\"https:\/\/volkerontour.de\/wp-content\/uploads\/2025\/08\/IMG_9681_thumb.jpg\" border=\"0\"><\/a>&nbsp;<a href=\"https:\/\/volkerontour.de\/wp-content\/uploads\/2025\/08\/IMG_9682.jpg\"><img loading=\"lazy\" decoding=\"async\" width=\"244\" height=\"184\" title=\"IMG_9682\" style=\"display: inline; background-image: none;\" alt=\"IMG_9682\" src=\"https:\/\/volkerontour.de\/wp-content\/uploads\/2025\/08\/IMG_9682_thumb.jpg\" border=\"0\"><\/a><\/p>\n<p>Da unsere Rundreise erst heute Abend offiziell begann, hatten wir noch den ganzen Tag um Casablanca zu erkunden. Besonders gro\u00df waren dabei unsere Erwartungen nicht, denn selbst mein Reisef\u00fchrer beschreibt die Stadt als \u201cMolloch ohne gr\u00f6\u00dfere Highlights\u201d. Ich w\u00fcrde (um mal ein bisschen zu spoilern) aber sagen, dass wir das Beste draus gemacht haben.<\/p>\n<p>Nach dem Fr\u00fchst\u00fcck starteten wir Richtung \u201cHabous\u201d-Viertel, das bekannt f\u00fcr seinen gro\u00dfen Markt ist. Letzteres k\u00f6nnen wir nach unserem Besuch best\u00e4tigen. Gef\u00fchlt streckt sich der Markt wirklich \u00fcber das ganze Viertel aus. Ich kann mir gut vorstellen, dass sich in den engen und vollen Gassen schon der eine oder andere Tourist verlaufen hat. Kaufen kann man hier wirklich alles. <\/p>\n<p><a href=\"https:\/\/volkerontour.de\/wp-content\/uploads\/2025\/08\/IMG_9695.jpg\"><img loading=\"lazy\" decoding=\"async\" width=\"244\" height=\"184\" title=\"IMG_9695\" style=\"display: inline; background-image: none;\" alt=\"IMG_9695\" src=\"https:\/\/volkerontour.de\/wp-content\/uploads\/2025\/08\/IMG_9695_thumb.jpg\" border=\"0\"><\/a>&nbsp;<a href=\"https:\/\/volkerontour.de\/wp-content\/uploads\/2025\/08\/IMG_9688.jpg\"><img loading=\"lazy\" decoding=\"async\" width=\"244\" height=\"184\" title=\"IMG_9688\" style=\"display: inline; background-image: none;\" alt=\"IMG_9688\" src=\"https:\/\/volkerontour.de\/wp-content\/uploads\/2025\/08\/IMG_9688_thumb.jpg\" border=\"0\"><\/a><\/p>\n<p>Doch eine Regel gilt hier genauso wie auf vielen M\u00e4rkten in der Welt: Wer nicht handelt ist selber Schuld. Diese Regel l\u00e4sst sich in Marokko auf fast alle Situationen \u00fcbertragen. Selbst Strafzettel der Polizei f\u00fcr zu schnelles Fahren oder falsches Parken sind verhandelbar.<\/p>\n<p><a href=\"https:\/\/volkerontour.de\/wp-content\/uploads\/2025\/08\/IMG_9687.jpg\"><img loading=\"lazy\" decoding=\"async\" width=\"244\" height=\"184\" title=\"IMG_9687\" style=\"display: inline; background-image: none;\" alt=\"IMG_9687\" src=\"https:\/\/volkerontour.de\/wp-content\/uploads\/2025\/08\/IMG_9687_thumb.jpg\" border=\"0\"><\/a>&nbsp;<a href=\"https:\/\/volkerontour.de\/wp-content\/uploads\/2025\/08\/IMG_9686.jpg\"><img loading=\"lazy\" decoding=\"async\" width=\"244\" height=\"184\" title=\"IMG_9686\" style=\"display: inline; background-image: none;\" alt=\"IMG_9686\" src=\"https:\/\/volkerontour.de\/wp-content\/uploads\/2025\/08\/IMG_9686_thumb.jpg\" border=\"0\"><\/a><\/p>\n<p><a href=\"https:\/\/volkerontour.de\/wp-content\/uploads\/2025\/08\/IMG_9689.jpg\"><img loading=\"lazy\" decoding=\"async\" width=\"244\" height=\"184\" title=\"IMG_9689\" style=\"display: inline; background-image: none;\" alt=\"IMG_9689\" src=\"https:\/\/volkerontour.de\/wp-content\/uploads\/2025\/08\/IMG_9689_thumb.jpg\" border=\"0\"><\/a>&nbsp;<a href=\"https:\/\/volkerontour.de\/wp-content\/uploads\/2025\/08\/IMG_9694.jpg\"><img loading=\"lazy\" decoding=\"async\" width=\"244\" height=\"184\" title=\"IMG_9694\" style=\"display: inline; background-image: none;\" alt=\"IMG_9694\" src=\"https:\/\/volkerontour.de\/wp-content\/uploads\/2025\/08\/IMG_9694_thumb.jpg\" border=\"0\"><\/a><\/p>\n<p>Fast genauso lange wie unser Besuch auf dem Markt dauerte dann die Suche nach einem Taxi, dass uns zu unserem n\u00e4chsten Ziel brachte. An dieses System musste wir uns auch erst gew\u00f6hnen. Ein Taxi, das bereits mit einer oder zwei Personen belegt ist, kann man trotzdem an die Seite winken. F\u00e4hrt dieses zuf\u00e4llig in die selbe Richtung, in die man selber m\u00f6chte, steigt man einfach mit ein. Das Taxameter ist quasi so kalibriert , dass es drei verschiedene Strecken aufzeichnet. Bis wir das erkannt hatten\u2026 puuuhhhh\u2026 bis wir dann noch ein Taxi fanden, das noch Platz f\u00fcr zwei hatte, und in die selbe Richtung fuhr\u2026 nochmal puuuuuhhhh. Dann muss man noch schneller sein als die ganzen Einheimischen, die mit diesem System nat\u00fcrlich viel vertrauter sind als wir\u2026 und dazu noch die Landessprache sprechen. Daf\u00fcr sind Taxifahrten hier wirklich billig. Wir haben immer irgendwas zwischen 10 und 50 Dirham gezahlt (entspricht 1-5\u20ac).<\/p>\n<p>Unser zweites Ziel heute: Der Parque La Ligue Arabe: Nett angelegt und (nach der ganzen Hektik des Marktes) f\u00fcr uns eine kurze M\u00f6glichkeit um mal in Ruhe durchzuatmen.<\/p>\n<p><a href=\"https:\/\/volkerontour.de\/wp-content\/uploads\/2025\/08\/IMG_9701.jpg\"><img loading=\"lazy\" decoding=\"async\" width=\"244\" height=\"184\" title=\"IMG_9701\" style=\"display: inline; background-image: none;\" alt=\"IMG_9701\" src=\"https:\/\/volkerontour.de\/wp-content\/uploads\/2025\/08\/IMG_9701_thumb.jpg\" border=\"0\"><\/a>&nbsp;<a href=\"https:\/\/volkerontour.de\/wp-content\/uploads\/2025\/08\/IMG_9704.jpg\"><img loading=\"lazy\" decoding=\"async\" width=\"244\" height=\"184\" title=\"IMG_9704\" style=\"display: inline; background-image: none;\" alt=\"IMG_9704\" src=\"https:\/\/volkerontour.de\/wp-content\/uploads\/2025\/08\/IMG_9704_thumb.jpg\" border=\"0\"><\/a><\/p>\n<p><a href=\"https:\/\/volkerontour.de\/wp-content\/uploads\/2025\/08\/IMG_9706.jpg\"><img loading=\"lazy\" decoding=\"async\" width=\"244\" height=\"184\" title=\"IMG_9706\" style=\"display: inline; background-image: none;\" alt=\"IMG_9706\" src=\"https:\/\/volkerontour.de\/wp-content\/uploads\/2025\/08\/IMG_9706_thumb.jpg\" border=\"0\"><\/a>&nbsp;<a href=\"https:\/\/volkerontour.de\/wp-content\/uploads\/2025\/08\/IMG_9707.jpg\"><img loading=\"lazy\" decoding=\"async\" width=\"244\" height=\"184\" title=\"IMG_9707\" style=\"display: inline; background-image: none;\" alt=\"IMG_9707\" src=\"https:\/\/volkerontour.de\/wp-content\/uploads\/2025\/08\/IMG_9707_thumb.jpg\" border=\"0\"><\/a><\/p>\n<p>An dieser Stelle vielleicht gleich mal ein paar Fakten zum Land: Mit \u00fcber 450.000 Quadratkilometern ist Marokko deutlich gr\u00f6\u00dfer als Deutschland, hat daf\u00fcr aber nur etwa 38 Millionen Einwohner. Die Landessprache ist eine Art marokkanischer Dialekt\u2026 quasi ein Mix aus dem Arabischen, Franz\u00f6sischen und noch etwas Undefinierbarem\u2026 Dieser Dialekt wird nur gesprochen, aber nicht geschrieben. Fast jeder Marokkaner spricht aber auch franz\u00f6sisch und arabisch. Mit englisch kommt man nur in den sehr touristischen Gegenden weiter. Im Gro\u00dfraum Casablanca leben heute knapp 7 Millionen Einwohner, damit ist Sie die mit Abstand gr\u00f6\u00dfte Stadt Marokkos. Fes, Tanger, Sale und Marrakesch liegen rund um die Million, der Rest ist deutlich kleiner. <\/p>\n<p>Marokko gilt allgemein als muslimisches Land, auch wenn sich gro\u00dfe Gruppen an Christen und Juden hier aufhalten. Daher findet man auch viele (sch\u00f6ne und gro\u00dfe) Kirchen und Synagogen in der Stadt (siehe unten). Zwischen den Religionen gibt es hier keinerlei Unstimmigkeiten. Toleranz wird von allen Seiten gro\u00df geschrieben, was im \u00fcbrigen auch f\u00fcr viele andere Dinge gilt. So d\u00fcrfen sich in Marokko auch Frauen (im gewissen Rahmen) recht freiz\u00fcgig kleiden, wenn sie das m\u00f6chten.<\/p>\n<p><a href=\"https:\/\/volkerontour.de\/wp-content\/uploads\/2025\/08\/IMG_9708.jpg\"><img loading=\"lazy\" decoding=\"async\" width=\"244\" height=\"184\" title=\"IMG_9708\" style=\"display: inline; background-image: none;\" alt=\"IMG_9708\" src=\"https:\/\/volkerontour.de\/wp-content\/uploads\/2025\/08\/IMG_9708_thumb.jpg\" border=\"0\"><\/a>&nbsp;<a href=\"https:\/\/volkerontour.de\/wp-content\/uploads\/2025\/08\/IMG_9709.jpg\"><img loading=\"lazy\" decoding=\"async\" width=\"244\" height=\"184\" title=\"IMG_9709\" style=\"display: inline; background-image: none;\" alt=\"IMG_9709\" src=\"https:\/\/volkerontour.de\/wp-content\/uploads\/2025\/08\/IMG_9709_thumb.jpg\" border=\"0\"><\/a><\/p>\n<p>Ganz im Norden an der K\u00fcste gebaut findet man das wohl gr\u00f6\u00dfte Touristenhighlight der Stadt: Die Moschee von K\u00f6nig Hassan dem 2. Wirklich ein riesiges Ding! \u00dcber einen Zeitraum von 7 Jahren (1986-93) bauten 35.000 Arbeiter an diesem architektonischen Meisterwerk, dessen Minarett mit \u00fcber 200m das zweith\u00f6chste der Welt ist. Wir durften kurz einen Blick hinein werfen\u2026 ganz besichtigen darf man die Moschee nur am Morgen im Rahmen einer F\u00fchrung. Da waren wir aber leider ein bisschen sp\u00e4t dran.<\/p>\n<p><a href=\"https:\/\/volkerontour.de\/wp-content\/uploads\/2025\/08\/IMG_9715.jpg\"><img loading=\"lazy\" decoding=\"async\" width=\"244\" height=\"184\" title=\"IMG_9715\" style=\"display: inline; background-image: none;\" alt=\"IMG_9715\" src=\"https:\/\/volkerontour.de\/wp-content\/uploads\/2025\/08\/IMG_9715_thumb.jpg\" border=\"0\"><\/a>&nbsp;<a href=\"https:\/\/volkerontour.de\/wp-content\/uploads\/2025\/08\/IMG_9713.jpg\"><img loading=\"lazy\" decoding=\"async\" width=\"244\" height=\"184\" title=\"IMG_9713\" style=\"display: inline; background-image: none;\" alt=\"IMG_9713\" src=\"https:\/\/volkerontour.de\/wp-content\/uploads\/2025\/08\/IMG_9713_thumb.jpg\" border=\"0\"><\/a><\/p>\n<p><a href=\"https:\/\/volkerontour.de\/wp-content\/uploads\/2025\/08\/IMG_9712.jpg\"><img loading=\"lazy\" decoding=\"async\" width=\"184\" height=\"244\" title=\"IMG_9712\" style=\"display: inline; background-image: none;\" alt=\"IMG_9712\" src=\"https:\/\/volkerontour.de\/wp-content\/uploads\/2025\/08\/IMG_9712_thumb.jpg\" border=\"0\"><\/a>&nbsp;<a href=\"https:\/\/volkerontour.de\/wp-content\/uploads\/2025\/08\/IMG_9716.jpg\"><img loading=\"lazy\" decoding=\"async\" width=\"184\" height=\"244\" title=\"IMG_9716\" style=\"display: inline; background-image: none;\" alt=\"IMG_9716\" src=\"https:\/\/volkerontour.de\/wp-content\/uploads\/2025\/08\/IMG_9716_thumb.jpg\" border=\"0\"><\/a><\/p>\n<p>Nach dem Mittagessen lie\u00dfen wir uns noch an die \u201cCorniche\u201d (Promenade) im Nordwesten fahren. Neben dem \u201cNobelbereich\u201d mit vielen Strandclubs f\u00fcr die Reichen und Sch\u00f6nen\u2026<\/p>\n<p><a href=\"https:\/\/volkerontour.de\/wp-content\/uploads\/2025\/08\/IMG_9720.jpg\"><img loading=\"lazy\" decoding=\"async\" width=\"244\" height=\"184\" title=\"IMG_9720\" style=\"display: inline; background-image: none;\" alt=\"IMG_9720\" src=\"https:\/\/volkerontour.de\/wp-content\/uploads\/2025\/08\/IMG_9720_thumb.jpg\" border=\"0\"><\/a>&nbsp;<a href=\"https:\/\/volkerontour.de\/wp-content\/uploads\/2025\/08\/IMG_9719.jpg\"><img loading=\"lazy\" decoding=\"async\" width=\"244\" height=\"184\" title=\"IMG_9719\" style=\"display: inline; background-image: none;\" alt=\"IMG_9719\" src=\"https:\/\/volkerontour.de\/wp-content\/uploads\/2025\/08\/IMG_9719_thumb.jpg\" border=\"0\"><\/a><\/p>\n<p>\u2026gibt es auch einen gro\u00dfen \u00f6ffentlichen Strand. Auch da war durchaus die H\u00f6lle los, wobei im Wasser teilweise fast noch mehr Betrieb war, als am Strand.<\/p>\n<p><a href=\"https:\/\/volkerontour.de\/wp-content\/uploads\/2025\/08\/IMG_9721.jpg\"><img loading=\"lazy\" decoding=\"async\" width=\"244\" height=\"184\" title=\"IMG_9721\" style=\"display: inline; background-image: none;\" alt=\"IMG_9721\" src=\"https:\/\/volkerontour.de\/wp-content\/uploads\/2025\/08\/IMG_9721_thumb.jpg\" border=\"0\"><\/a>&nbsp;<a href=\"https:\/\/volkerontour.de\/wp-content\/uploads\/2025\/08\/IMG_9723.jpg\"><img loading=\"lazy\" decoding=\"async\" width=\"244\" height=\"184\" title=\"IMG_9723\" style=\"display: inline; background-image: none;\" alt=\"IMG_9723\" src=\"https:\/\/volkerontour.de\/wp-content\/uploads\/2025\/08\/IMG_9723_thumb.jpg\" border=\"0\"><\/a><\/p>\n<p><a href=\"https:\/\/volkerontour.de\/wp-content\/uploads\/2025\/08\/IMG_9724.jpg\"><img loading=\"lazy\" decoding=\"async\" width=\"244\" height=\"184\" title=\"IMG_9724\" style=\"display: inline; background-image: none;\" alt=\"IMG_9724\" src=\"https:\/\/volkerontour.de\/wp-content\/uploads\/2025\/08\/IMG_9724_thumb.jpg\" border=\"0\"><\/a>&nbsp;<a href=\"https:\/\/volkerontour.de\/wp-content\/uploads\/2025\/08\/IMG_9726.jpg\"><img loading=\"lazy\" decoding=\"async\" width=\"244\" height=\"184\" title=\"IMG_9726\" style=\"display: inline; background-image: none;\" alt=\"IMG_9726\" src=\"https:\/\/volkerontour.de\/wp-content\/uploads\/2025\/08\/IMG_9726_thumb.jpg\" border=\"0\"><\/a><\/p>\n<p>Wie ihr an den Bildern seht, zog es am Nachmittag ordentlich zu, und es wurde richtig schw\u00fcl\u2026 Grunds\u00e4tzlich waren die Temperaturen heute aber noch ertr\u00e4glich (so um die 30 Grad). In der Sahara wird es dann wohl noch ein bisschen w\u00e4rmer werden.<\/p>\n<p><a href=\"https:\/\/volkerontour.de\/wp-content\/uploads\/2025\/08\/IMG_9727.jpg\"><img loading=\"lazy\" decoding=\"async\" width=\"244\" height=\"184\" title=\"IMG_9727\" style=\"display: inline; background-image: none;\" alt=\"IMG_9727\" src=\"https:\/\/volkerontour.de\/wp-content\/uploads\/2025\/08\/IMG_9727_thumb.jpg\" border=\"0\"><\/a>&nbsp;<a href=\"https:\/\/volkerontour.de\/wp-content\/uploads\/2025\/08\/IMG_9730.jpg\"><img loading=\"lazy\" decoding=\"async\" width=\"244\" height=\"184\" title=\"IMG_9730\" style=\"display: inline; background-image: none;\" alt=\"IMG_9730\" src=\"https:\/\/volkerontour.de\/wp-content\/uploads\/2025\/08\/IMG_9730_thumb.jpg\" border=\"0\"><\/a><\/p>\n<p>Um 18 Uhr lernten wir dann unser Gruppe kennen. Wir sind nur zu f\u00fcnft. Zwei Australier, eine Amerikanerin, der Finno und ich. Unsere Reiseleitern hei\u00dft Sara, und macht einen sehr guten Eindruck. <\/p>\n<p>Zum Abendessen besuchte die ganze Gruppe dann ein typisch marokkanisches Restaurant.<\/p>\n<p><a href=\"https:\/\/volkerontour.de\/wp-content\/uploads\/2025\/08\/IMG_9733.jpg\"><img loading=\"lazy\" decoding=\"async\" width=\"244\" height=\"184\" title=\"IMG_9733\" style=\"display: inline; background-image: none;\" alt=\"IMG_9733\" src=\"https:\/\/volkerontour.de\/wp-content\/uploads\/2025\/08\/IMG_9733_thumb.jpg\" border=\"0\"><\/a><\/p>\n<p>\u201cTajine\u201d nennt sich dieses typisch marokkanische Tongef\u00e4\u00df, in dem in der Regel verschiedene Fleischsorten, Gem\u00fcse und Gew\u00fcrze gegart werden. Mein Tajine war gef\u00fchlt mit \u201cMinced Beef\u201d und einem Ei. Dazu wird in der Regel Brot serviert, das man dann als eine Art \u201cErsatzbesteck\u201d nutzen kann, denn in Marokko darf man selbst im Nobelrestaurant mit der Hand essen.<\/p>\n<p><a href=\"https:\/\/volkerontour.de\/wp-content\/uploads\/2025\/08\/IMG_9731.jpg\"><img loading=\"lazy\" decoding=\"async\" width=\"184\" height=\"244\" title=\"IMG_9731\" style=\"display: inline; background-image: none;\" alt=\"IMG_9731\" src=\"https:\/\/volkerontour.de\/wp-content\/uploads\/2025\/08\/IMG_9731_thumb.jpg\" border=\"0\"><\/a>&nbsp;<a href=\"https:\/\/volkerontour.de\/wp-content\/uploads\/2025\/08\/IMG_9732.jpg\"><img loading=\"lazy\" decoding=\"async\" width=\"184\" height=\"244\" title=\"IMG_9732\" style=\"display: inline; background-image: none;\" alt=\"IMG_9732\" src=\"https:\/\/volkerontour.de\/wp-content\/uploads\/2025\/08\/IMG_9732_thumb.jpg\" border=\"0\"><\/a><\/p>\n<p>Morgen geht`s weiter in \u00f6stlicher Richtung nach Fes. Laut Sara sehen wir dort die beeindruckendste Medina (Altstadt) Marokkos. Wir sind schon gespannt.<\/p>\n<p>Erste Gr\u00fc\u00dfe aus Nordafrika und gute Nacht <img decoding=\"async\" class=\"wlEmoticon wlEmoticon-smile\" style=\"\" alt=\"Smile\" src=\"https:\/\/volkerontour.de\/wp-content\/uploads\/2025\/08\/wlEmoticon-smile.png\"><\/p>\n","protected":false},"excerpt":{"rendered":"<p>Samstag, 02.08.: Gestern Abend ging es also dann los Richtung Marokko. Unser ohnehin schon sp\u00e4ter Flug verschob sich aufgrund des schlechten Wetters noch einmal um eine Stunde, so dass wir erst gegen 3:30 Uhr morgens in unserem wirklich guten Hotel &hellip; <a href=\"https:\/\/volkerontour.de\/?p=43651\">Weiterlesen <span class=\"meta-nav\">&rarr;<\/span><\/a><\/p>\n","protected":false},"author":3,"featured_media":0,"comment_status":"closed","ping_status":"closed","sticky":false,"template":"","format":"standard","meta":{"footnotes":""},"categories":[63],"tags":[],"class_list":["post-43651","post","type-post","status-publish","format-standard","hentry","category-marokko-2025"],"_links":{"self":[{"href":"https:\/\/volkerontour.de\/index.php?rest_route=\/wp\/v2\/posts\/43651","targetHints":{"allow":["GET"]}}],"collection":[{"href":"https:\/\/volkerontour.de\/index.php?rest_route=\/wp\/v2\/posts"}],"about":[{"href":"https:\/\/volkerontour.de\/index.php?rest_route=\/wp\/v2\/types\/post"}],"author":[{"embeddable":true,"href":"https:\/\/volkerontour.de\/index.php?rest_route=\/wp\/v2\/users\/3"}],"replies":[{"embeddable":true,"href":"https:\/\/volkerontour.de\/index.php?rest_route=%2Fwp%2Fv2%2Fcomments&post=43651"}],"version-history":[{"count":1,"href":"https:\/\/volkerontour.de\/index.php?rest_route=\/wp\/v2\/posts\/43651\/revisions"}],"predecessor-version":[{"id":43652,"href":"https:\/\/volkerontour.de\/index.php?rest_route=\/wp\/v2\/posts\/43651\/revisions\/43652"}],"wp:attachment":[{"href":"https:\/\/volkerontour.de\/index.php?rest_route=%2Fwp%2Fv2%2Fmedia&parent=43651"}],"wp:term":[{"taxonomy":"category","embeddable":true,"href":"https:\/\/volkerontour.de\/index.php?rest_route=%2Fwp%2Fv2%2Fcategories&post=43651"},{"taxonomy":"post_tag","embeddable":true,"href":"https:\/\/volkerontour.de\/index.php?rest_route=%2Fwp%2Fv2%2Ftags&post=43651"}],"curies":[{"name":"wp","href":"https:\/\/api.w.org\/{rel}","templated":true}]}}