{"id":43714,"date":"2025-08-03T23:01:47","date_gmt":"2025-08-03T23:01:47","guid":{"rendered":"https:\/\/volkerontour.de\/?p=43714"},"modified":"2025-08-03T23:01:47","modified_gmt":"2025-08-03T23:01:47","slug":"tag-2-abendsession-in-fs","status":"publish","type":"post","link":"https:\/\/volkerontour.de\/?p=43714","title":{"rendered":"Tag 2: Abendsession in F&egrave;s"},"content":{"rendered":"<p>Sonntag, 03.08.: Nach dem Fr\u00fchst\u00fcck um 7 Uhr starteten wir direkt Richtung Fes. Die guten 4 Stunden Fahrt bis zum ersten offiziellen Sightseeing-Stopp nutze der eine oder andere Reisende um ein paar Stunden Schlaf nachzuholen. Gl\u00fccklicherweise wurde uns der gro\u00dfe Bus mit 16 Sitzen zur Verf\u00fcgung gestellt, also genug Platz um sich auch mal lang zu machen.<\/p>\n<p><a href=\"https:\/\/volkerontour.de\/wp-content\/uploads\/2025\/08\/IMG_9734.jpg\"><img loading=\"lazy\" decoding=\"async\" width=\"244\" height=\"184\" title=\"IMG_9734\" style=\"display: inline; background-image: none;\" alt=\"IMG_9734\" src=\"https:\/\/volkerontour.de\/wp-content\/uploads\/2025\/08\/IMG_9734_thumb.jpg\" border=\"0\"><\/a>&nbsp;<a href=\"https:\/\/volkerontour.de\/wp-content\/uploads\/2025\/08\/IMG_9737.jpg\"><img loading=\"lazy\" decoding=\"async\" width=\"184\" height=\"244\" title=\"IMG_9737\" style=\"display: inline; background-image: none;\" alt=\"IMG_9737\" src=\"https:\/\/volkerontour.de\/wp-content\/uploads\/2025\/08\/IMG_9737_thumb.jpg\" border=\"0\"><\/a><\/p>\n<p>Richtung Osten (ins Landesinnere) fahrend, sahen wir (f\u00fcr mich erstaunlich) sehr viel Gr\u00fcn. So ist es auch nicht verwunderlich, dass die meisten Marokkaner von der Landwirtschaft und dem Obst- und Gem\u00fcseanbau leben.<\/p>\n<p><a href=\"https:\/\/volkerontour.de\/wp-content\/uploads\/2025\/08\/IMG_6972.jpg\"><img loading=\"lazy\" decoding=\"async\" width=\"244\" height=\"184\" title=\"IMG_6972\" style=\"display: inline; background-image: none;\" alt=\"IMG_6972\" src=\"https:\/\/volkerontour.de\/wp-content\/uploads\/2025\/08\/IMG_6972_thumb.jpg\" border=\"0\"><\/a>&nbsp;<a href=\"https:\/\/volkerontour.de\/wp-content\/uploads\/2025\/08\/IMG_6990.jpg\"><img loading=\"lazy\" decoding=\"async\" width=\"244\" height=\"184\" title=\"IMG_6990\" style=\"display: inline; background-image: none;\" alt=\"IMG_6990\" src=\"https:\/\/volkerontour.de\/wp-content\/uploads\/2025\/08\/IMG_6990_thumb.jpg\" border=\"0\"><\/a><\/p>\n<p><a href=\"https:\/\/volkerontour.de\/wp-content\/uploads\/2025\/08\/IMG_6992.jpg\"><img loading=\"lazy\" decoding=\"async\" width=\"244\" height=\"184\" title=\"IMG_6992\" style=\"display: inline; background-image: none;\" alt=\"IMG_6992\" src=\"https:\/\/volkerontour.de\/wp-content\/uploads\/2025\/08\/IMG_6992_thumb.jpg\" border=\"0\"><\/a>&nbsp;<a href=\"https:\/\/volkerontour.de\/wp-content\/uploads\/2025\/08\/IMG_6978.jpg\"><img loading=\"lazy\" decoding=\"async\" width=\"244\" height=\"184\" title=\"IMG_6978\" style=\"display: inline; background-image: none;\" alt=\"IMG_6978\" src=\"https:\/\/volkerontour.de\/wp-content\/uploads\/2025\/08\/IMG_6978_thumb.jpg\" border=\"0\"><\/a><\/p>\n<p>Unser ersten Stopp legten wir beim alten R\u00f6merdorf \u201cVolubilis\u201d nahe Mekn\u00e8s ein. Die 25 n Chr. von Kaiser Juba dem 2. gegr\u00fcndete Stadt erlebte im dritten Jahrhundert seine Bl\u00fctezeit, als hier bis zu 10.000 Menschen lebten. Bis Mitte des 18 Jahrhunderts waren die Geb\u00e4ude teilweise sehr gut erhalten, bis ein Erdbeben der St\u00e4rke 8,5 mit Epizentrum in Lissabon (!!!) fast die ganze Stadt zerst\u00f6rte.<\/p>\n<p><a href=\"https:\/\/volkerontour.de\/wp-content\/uploads\/2025\/08\/IMG_6979.jpg\"><img loading=\"lazy\" decoding=\"async\" width=\"244\" height=\"184\" title=\"IMG_6979\" style=\"display: inline; background-image: none;\" alt=\"IMG_6979\" src=\"https:\/\/volkerontour.de\/wp-content\/uploads\/2025\/08\/IMG_6979_thumb.jpg\" border=\"0\"><\/a>&nbsp;<a href=\"https:\/\/volkerontour.de\/wp-content\/uploads\/2025\/08\/IMG_6981.jpg\"><img loading=\"lazy\" decoding=\"async\" width=\"244\" height=\"184\" title=\"IMG_6981\" style=\"display: inline; background-image: none;\" alt=\"IMG_6981\" src=\"https:\/\/volkerontour.de\/wp-content\/uploads\/2025\/08\/IMG_6981_thumb.jpg\" border=\"0\"><\/a><\/p>\n<p>Die Namen zu lernen (und zu behalten) ist dieses mal nicht allzu schwer <img decoding=\"async\" class=\"wlEmoticon wlEmoticon-winkingsmile\" style=\"\" alt=\"Winking smile\" src=\"https:\/\/volkerontour.de\/wp-content\/uploads\/2025\/08\/wlEmoticon-winkingsmile.png\"> Von links nach rechts: Tim (Brisbane), Ava (NewYork), Finno (R\u00f6delsee), Kathryn (Perth), Volker (Ludwigsburg).<\/p>\n<p><a href=\"https:\/\/volkerontour.de\/wp-content\/uploads\/2025\/08\/IMG_9739.jpg\"><img loading=\"lazy\" decoding=\"async\" width=\"244\" height=\"184\" title=\"IMG_9739\" style=\"display: inline; background-image: none;\" alt=\"IMG_9739\" src=\"https:\/\/volkerontour.de\/wp-content\/uploads\/2025\/08\/IMG_9739_thumb.jpg\" border=\"0\"><\/a>&nbsp;<a href=\"https:\/\/volkerontour.de\/wp-content\/uploads\/2025\/08\/IMG_6984.jpg\"><img loading=\"lazy\" decoding=\"async\" width=\"244\" height=\"184\" title=\"IMG_6984\" style=\"display: inline; background-image: none;\" alt=\"IMG_6984\" src=\"https:\/\/volkerontour.de\/wp-content\/uploads\/2025\/08\/IMG_6984_thumb.jpg\" border=\"0\"><\/a><\/p>\n<p>Immer noch sehr gut erhalten sind daf\u00fcr die zahlreichen Mosaike, die aufw\u00e4ndig und farbenfroh auf den Fu\u00dfb\u00f6den der Geb\u00e4ude geschaffen wurden.<\/p>\n<p><a href=\"https:\/\/volkerontour.de\/wp-content\/uploads\/2025\/08\/IMG_6988.jpg\"><img loading=\"lazy\" decoding=\"async\" width=\"244\" height=\"184\" title=\"IMG_6988\" style=\"display: inline; background-image: none;\" alt=\"IMG_6988\" src=\"https:\/\/volkerontour.de\/wp-content\/uploads\/2025\/08\/IMG_6988_thumb.jpg\" border=\"0\"><\/a>&nbsp;<a href=\"https:\/\/volkerontour.de\/wp-content\/uploads\/2025\/08\/IMG_6989.jpg\"><img loading=\"lazy\" decoding=\"async\" width=\"244\" height=\"184\" title=\"IMG_6989\" style=\"display: inline; background-image: none;\" alt=\"IMG_6989\" src=\"https:\/\/volkerontour.de\/wp-content\/uploads\/2025\/08\/IMG_6989_thumb.jpg\" border=\"0\"><\/a><\/p>\n<p>Zum Mittag wurden wir in eine soziale Einrichtung eingeladen, die ausschlie\u00dflich von Frauen gef\u00fchrt wird\u2026 gekocht wurde wieder sehr lecker. Allgemein nehmen die Mahlzeiten einen hohen Stellenwert in Marokko ein. Dabei isst das Auge immer mit. Hei\u00dft: Alles wird sch\u00f6n dekoriert und so auf dem Tisch platziert, dass es ein stimmiges Bild gibt.<\/p>\n<p><a href=\"https:\/\/volkerontour.de\/wp-content\/uploads\/2025\/08\/IMG_9741.jpg\"><img loading=\"lazy\" decoding=\"async\" width=\"244\" height=\"184\" title=\"IMG_9741\" style=\"display: inline; background-image: none;\" alt=\"IMG_9741\" src=\"https:\/\/volkerontour.de\/wp-content\/uploads\/2025\/08\/IMG_9741_thumb.jpg\" border=\"0\"><\/a>&nbsp;<a href=\"https:\/\/volkerontour.de\/wp-content\/uploads\/2025\/08\/IMG_9742.jpg\"><img loading=\"lazy\" decoding=\"async\" width=\"184\" height=\"244\" title=\"IMG_9742\" style=\"display: inline; background-image: none;\" alt=\"IMG_9742\" src=\"https:\/\/volkerontour.de\/wp-content\/uploads\/2025\/08\/IMG_9742_thumb.jpg\" border=\"0\"><\/a><\/p>\n<p>Tee wird von den Marokkanern zu jeder Tageszeit getrunken. Dieser wird immer frisch zubereitet und mit verschiedenen Gew\u00fcrzen angerichtet.<\/p>\n<p><a href=\"https:\/\/volkerontour.de\/wp-content\/uploads\/2025\/08\/IMG_9743.jpg\"><img loading=\"lazy\" decoding=\"async\" width=\"244\" height=\"184\" title=\"IMG_9743\" style=\"display: inline; background-image: none;\" alt=\"IMG_9743\" src=\"https:\/\/volkerontour.de\/wp-content\/uploads\/2025\/08\/IMG_9743_thumb.jpg\" border=\"0\"><\/a>&nbsp;<a href=\"https:\/\/volkerontour.de\/wp-content\/uploads\/2025\/08\/IMG_9747.jpg\"><img loading=\"lazy\" decoding=\"async\" width=\"244\" height=\"184\" title=\"IMG_9747\" style=\"display: inline; background-image: none;\" alt=\"IMG_9747\" src=\"https:\/\/volkerontour.de\/wp-content\/uploads\/2025\/08\/IMG_9747_thumb.jpg\" border=\"0\"><\/a><\/p>\n<p>Gegen 16:30 Uhr kamen wir dann in F\u00e8s an, und hatten noch ein wenig Freizeit. Ich konnte Finn f\u00fcr ein kleines L\u00e4ufchen durch die Stadt gewinnen. Leider liegt unser Hotel ziemlich weit von der sch\u00f6nen Medina entfernt, so dass wir durch die wesentlich unspektakul\u00e4rere neue Stadt laufen mussten.<\/p>\n<p><a href=\"https:\/\/volkerontour.de\/wp-content\/uploads\/2025\/08\/IMG_9748.jpg\"><img loading=\"lazy\" decoding=\"async\" width=\"244\" height=\"184\" title=\"IMG_9748\" style=\"display: inline; background-image: none;\" alt=\"IMG_9748\" src=\"https:\/\/volkerontour.de\/wp-content\/uploads\/2025\/08\/IMG_9748_thumb.jpg\" border=\"0\"><\/a><\/p>\n<p>Unser sehr \u201cspannendes\u201dAbendessen nahmen wir im \u201cPalais de F\u00e8s\u201d nahe der Medina ein. Von der Dachterrasse aus hatten wir den ersten Ausblick auf die Altstadt, die wir dann morgen erkunden werden.<\/p>\n<p><a href=\"https:\/\/volkerontour.de\/wp-content\/uploads\/2025\/08\/IMG_9758.jpg\"><img loading=\"lazy\" decoding=\"async\" width=\"244\" height=\"184\" title=\"IMG_9758\" style=\"display: inline; background-image: none;\" alt=\"IMG_9758\" src=\"https:\/\/volkerontour.de\/wp-content\/uploads\/2025\/08\/IMG_9758_thumb.jpg\" border=\"0\"><\/a>&nbsp;<a href=\"https:\/\/volkerontour.de\/wp-content\/uploads\/2025\/08\/IMG_9759.jpg\"><img loading=\"lazy\" decoding=\"async\" width=\"244\" height=\"184\" title=\"IMG_9759\" style=\"display: inline; background-image: none;\" alt=\"IMG_9759\" src=\"https:\/\/volkerontour.de\/wp-content\/uploads\/2025\/08\/IMG_9759_thumb.jpg\" border=\"0\"><\/a><\/p>\n<p><a href=\"https:\/\/volkerontour.de\/wp-content\/uploads\/2025\/08\/IMG_9765.jpg\"><img loading=\"lazy\" decoding=\"async\" width=\"184\" height=\"244\" title=\"IMG_9765\" style=\"display: inline; background-image: none;\" alt=\"IMG_9765\" src=\"https:\/\/volkerontour.de\/wp-content\/uploads\/2025\/08\/IMG_9765_thumb.jpg\" border=\"0\"><\/a><\/p>\n<p>Das oben beschriebene Restaurant war wirklich etwas Besonderes: Tolle Location, leckeres und traditionelles marokkanisches Essen\u2026<\/p>\n<p><a href=\"https:\/\/volkerontour.de\/wp-content\/uploads\/2025\/08\/IMG_9753.jpg\"><img loading=\"lazy\" decoding=\"async\" width=\"244\" height=\"184\" title=\"IMG_9753\" style=\"display: inline; background-image: none;\" alt=\"IMG_9753\" src=\"https:\/\/volkerontour.de\/wp-content\/uploads\/2025\/08\/IMG_9753_thumb.jpg\" border=\"0\"><\/a>&nbsp;<a href=\"https:\/\/volkerontour.de\/wp-content\/uploads\/2025\/08\/IMG_9768.jpg\"><img loading=\"lazy\" decoding=\"async\" width=\"244\" height=\"184\" title=\"IMG_9768\" style=\"display: inline; background-image: none;\" alt=\"IMG_9768\" src=\"https:\/\/volkerontour.de\/wp-content\/uploads\/2025\/08\/IMG_9768_thumb.jpg\" border=\"0\"><\/a><\/p>\n<p>\u2026sowie viele Showacts, wie Musikgruppen, Zauberer oder Baucht\u00e4nzerinnen. Letztere suchten sich dann auch willige Besucher, um sie auf der B\u00fchne zu unterst\u00fctzen <img decoding=\"async\" class=\"wlEmoticon wlEmoticon-winkingsmile\" style=\"\" alt=\"Winking smile\" src=\"https:\/\/volkerontour.de\/wp-content\/uploads\/2025\/08\/wlEmoticon-winkingsmile.png\"> Auch der Finno und ich mussten ran\u2026 wir gaben alles <img decoding=\"async\" class=\"wlEmoticon wlEmoticon-smile\" style=\"\" alt=\"Smile\" src=\"https:\/\/volkerontour.de\/wp-content\/uploads\/2025\/08\/wlEmoticon-smile-1.png\"><\/p>\n<p><a href=\"https:\/\/volkerontour.de\/wp-content\/uploads\/2025\/08\/IMG_9767.jpg\"><img loading=\"lazy\" decoding=\"async\" width=\"244\" height=\"184\" title=\"IMG_9767\" style=\"display: inline; background-image: none;\" alt=\"IMG_9767\" src=\"https:\/\/volkerontour.de\/wp-content\/uploads\/2025\/08\/IMG_9767_thumb.jpg\" border=\"0\"><\/a>&nbsp;<a href=\"https:\/\/volkerontour.de\/wp-content\/uploads\/2025\/08\/IMG_9769.jpg\"><img loading=\"lazy\" decoding=\"async\" width=\"244\" height=\"184\" title=\"IMG_9769\" style=\"display: inline; background-image: none;\" alt=\"IMG_9769\" src=\"https:\/\/volkerontour.de\/wp-content\/uploads\/2025\/08\/IMG_9769_thumb.jpg\" border=\"0\"><\/a><\/p>\n<p><a href=\"https:\/\/volkerontour.de\/wp-content\/uploads\/2025\/08\/IMG_9774.jpg\"><img loading=\"lazy\" decoding=\"async\" width=\"244\" height=\"184\" title=\"IMG_9774\" style=\"display: inline; background-image: none;\" alt=\"IMG_9774\" src=\"https:\/\/volkerontour.de\/wp-content\/uploads\/2025\/08\/IMG_9774_thumb.jpg\" border=\"0\"><\/a>&nbsp;<a href=\"https:\/\/volkerontour.de\/wp-content\/uploads\/2025\/08\/IMG_9777.jpg\"><a href=\"https:\/\/volkerontour.de\/wp-content\/uploads\/2025\/08\/IMG_9779.jpg\"><img loading=\"lazy\" decoding=\"async\" width=\"244\" height=\"184\" title=\"IMG_9779\" style=\"display: inline; background-image: none;\" alt=\"IMG_9779\" src=\"https:\/\/volkerontour.de\/wp-content\/uploads\/2025\/08\/IMG_9779_thumb.jpg\" border=\"0\"><\/a><\/a><\/p>\n<p>Der n\u00e4chtliche Blick auf die Medina in der Dunkelheit.<\/p>\n<p><a href=\"https:\/\/volkerontour.de\/wp-content\/uploads\/2025\/08\/IMG_9771.jpg\"><img loading=\"lazy\" decoding=\"async\" width=\"244\" height=\"184\" title=\"IMG_9771\" style=\"display: inline; background-image: none;\" alt=\"IMG_9771\" src=\"https:\/\/volkerontour.de\/wp-content\/uploads\/2025\/08\/IMG_9771_thumb.jpg\" border=\"0\"><\/a>&nbsp;<a href=\"https:\/\/volkerontour.de\/wp-content\/uploads\/2025\/08\/IMG_9772.jpg\"><img loading=\"lazy\" decoding=\"async\" width=\"244\" height=\"184\" title=\"IMG_9772\" style=\"display: inline; background-image: none;\" alt=\"IMG_9772\" src=\"https:\/\/volkerontour.de\/wp-content\/uploads\/2025\/08\/IMG_9772_thumb.jpg\" border=\"0\"><\/a><\/p>\n<p>Die Tanzparty ging dann auch im Bus auf dem Weg zum Hotel weiter\u2026 Insider berichten, dass auch hier der Finno noch einmal zu t\u00e4nzerischer Hochform auflief <img decoding=\"async\" class=\"wlEmoticon wlEmoticon-winkingsmile\" style=\"\" alt=\"Winking smile\" src=\"https:\/\/volkerontour.de\/wp-content\/uploads\/2025\/08\/wlEmoticon-winkingsmile.png\"><\/p>\n<p><a href=\"https:\/\/volkerontour.de\/wp-content\/uploads\/2025\/08\/IMG_9785.jpg\"><img loading=\"lazy\" decoding=\"async\" width=\"244\" height=\"184\" title=\"IMG_9785\" style=\"display: inline; background-image: none;\" alt=\"IMG_9785\" src=\"https:\/\/volkerontour.de\/wp-content\/uploads\/2025\/08\/IMG_9785_thumb.jpg\" border=\"0\"><\/a><\/p>\n<p>Soooooo, jetzt sind wir neben satt auch ziemlich m\u00fcde. Wie oben geschrieben bleiben wir morgen den ganzen Tag hier in F\u00e8s und besichtigen die Altstadt. <\/p>\n<p>Guuuuuute Nacht w\u00fcnsche ich aber erstmal <img decoding=\"async\" class=\"wlEmoticon wlEmoticon-smile\" style=\"\" alt=\"Smile\" src=\"https:\/\/volkerontour.de\/wp-content\/uploads\/2025\/08\/wlEmoticon-smile-1.png\"><\/p>\n","protected":false},"excerpt":{"rendered":"<p>Sonntag, 03.08.: Nach dem Fr\u00fchst\u00fcck um 7 Uhr starteten wir direkt Richtung Fes. Die guten 4 Stunden Fahrt bis zum ersten offiziellen Sightseeing-Stopp nutze der eine oder andere Reisende um ein paar Stunden Schlaf nachzuholen. Gl\u00fccklicherweise wurde uns der gro\u00dfe &hellip; <a href=\"https:\/\/volkerontour.de\/?p=43714\">Weiterlesen <span class=\"meta-nav\">&rarr;<\/span><\/a><\/p>\n","protected":false},"author":3,"featured_media":0,"comment_status":"closed","ping_status":"closed","sticky":false,"template":"","format":"standard","meta":{"footnotes":""},"categories":[63],"tags":[],"class_list":["post-43714","post","type-post","status-publish","format-standard","hentry","category-marokko-2025"],"_links":{"self":[{"href":"https:\/\/volkerontour.de\/index.php?rest_route=\/wp\/v2\/posts\/43714","targetHints":{"allow":["GET"]}}],"collection":[{"href":"https:\/\/volkerontour.de\/index.php?rest_route=\/wp\/v2\/posts"}],"about":[{"href":"https:\/\/volkerontour.de\/index.php?rest_route=\/wp\/v2\/types\/post"}],"author":[{"embeddable":true,"href":"https:\/\/volkerontour.de\/index.php?rest_route=\/wp\/v2\/users\/3"}],"replies":[{"embeddable":true,"href":"https:\/\/volkerontour.de\/index.php?rest_route=%2Fwp%2Fv2%2Fcomments&post=43714"}],"version-history":[{"count":1,"href":"https:\/\/volkerontour.de\/index.php?rest_route=\/wp\/v2\/posts\/43714\/revisions"}],"predecessor-version":[{"id":43715,"href":"https:\/\/volkerontour.de\/index.php?rest_route=\/wp\/v2\/posts\/43714\/revisions\/43715"}],"wp:attachment":[{"href":"https:\/\/volkerontour.de\/index.php?rest_route=%2Fwp%2Fv2%2Fmedia&parent=43714"}],"wp:term":[{"taxonomy":"category","embeddable":true,"href":"https:\/\/volkerontour.de\/index.php?rest_route=%2Fwp%2Fv2%2Fcategories&post=43714"},{"taxonomy":"post_tag","embeddable":true,"href":"https:\/\/volkerontour.de\/index.php?rest_route=%2Fwp%2Fv2%2Ftags&post=43714"}],"curies":[{"name":"wp","href":"https:\/\/api.w.org\/{rel}","templated":true}]}}