{"id":43800,"date":"2025-08-04T21:14:30","date_gmt":"2025-08-04T21:14:30","guid":{"rendered":"https:\/\/volkerontour.de\/?p=43800"},"modified":"2025-08-04T21:14:30","modified_gmt":"2025-08-04T21:14:30","slug":"tag-3-fs-medina","status":"publish","type":"post","link":"https:\/\/volkerontour.de\/?p=43800","title":{"rendered":"Tag 3: F&egrave;s Medina"},"content":{"rendered":"<p>Montag, 04.08.: Heute stand also die Besichtigung der Altstadt von F\u00e8s auf dem Programm. Unser \u201cLocal guide\u201d nannte sich Nihat und legte direkt vor der Karte los mit seinen Erl\u00e4uterungen. Hier uns da redete er ein wenig leise oder \/ und undeutlich, aber ich glaube es war auch nicht so schlimm, wenn man nicht alles verstanden hat <img decoding=\"async\" class=\"wlEmoticon wlEmoticon-winkingsmile\" style=\"\" alt=\"Winking smile\" src=\"https:\/\/volkerontour.de\/wp-content\/uploads\/2025\/08\/wlEmoticon-winkingsmile-1.png\"><\/p>\n<p><a href=\"https:\/\/volkerontour.de\/wp-content\/uploads\/2025\/08\/IMG_9788.jpg\"><img loading=\"lazy\" decoding=\"async\" width=\"244\" height=\"184\" title=\"IMG_9788\" style=\"display: inline; background-image: none;\" alt=\"IMG_9788\" src=\"https:\/\/volkerontour.de\/wp-content\/uploads\/2025\/08\/IMG_9788_thumb.jpg\" border=\"0\"><\/a><\/p>\n<p>Zun\u00e4chst fuhren wir auf einen Aussichtspunkt hoch \u00fcber der Stadt, der uns einen kleinen Eindruck von der riesigen Medina gab.<\/p>\n<p><a href=\"https:\/\/volkerontour.de\/wp-content\/uploads\/2025\/08\/IMG_9791.jpg\"><img loading=\"lazy\" decoding=\"async\" width=\"244\" height=\"184\" title=\"IMG_9791\" style=\"display: inline; background-image: none;\" alt=\"IMG_9791\" src=\"https:\/\/volkerontour.de\/wp-content\/uploads\/2025\/08\/IMG_9791_thumb.jpg\" border=\"0\"><\/a>&nbsp;<a href=\"https:\/\/volkerontour.de\/wp-content\/uploads\/2025\/08\/IMG_9792.jpg\"><img loading=\"lazy\" decoding=\"async\" width=\"244\" height=\"184\" title=\"IMG_9792\" style=\"display: inline; background-image: none;\" alt=\"IMG_9792\" src=\"https:\/\/volkerontour.de\/wp-content\/uploads\/2025\/08\/IMG_9792_thumb.jpg\" border=\"0\"><\/a><\/p>\n<p>Bevor wir uns dann in die Gassen der Altstadt st\u00fcrzten, besuchten wir noch eine T\u00f6pferei, in der z.B. die Tajines hergestellt werden, aus denen wir fast jeden Tag essen d\u00fcrfen. Eigentlich recht einfach: Rohmaterial (Lehm bzw. Ton) mit Wasser mischen, und so die entsprechend ben\u00f6tigte Konsistenz erhalten, dann Formen, im Ofen aush\u00e4rten und (bei Bedarf) bemalen. Fertig! Leider dauert das ganze in der Realit\u00e4t deutlich l\u00e4nger.<\/p>\n<p><a href=\"https:\/\/volkerontour.de\/wp-content\/uploads\/2025\/08\/IMG_9793.jpg\"><img loading=\"lazy\" decoding=\"async\" width=\"244\" height=\"184\" title=\"IMG_9793\" style=\"display: inline; background-image: none;\" alt=\"IMG_9793\" src=\"https:\/\/volkerontour.de\/wp-content\/uploads\/2025\/08\/IMG_9793_thumb.jpg\" border=\"0\"><\/a>&nbsp;<a href=\"https:\/\/volkerontour.de\/wp-content\/uploads\/2025\/08\/IMG_9794.jpg\"><img loading=\"lazy\" decoding=\"async\" width=\"244\" height=\"184\" title=\"IMG_9794\" style=\"display: inline; background-image: none;\" alt=\"IMG_9794\" src=\"https:\/\/volkerontour.de\/wp-content\/uploads\/2025\/08\/IMG_9794_thumb.jpg\" border=\"0\"><\/a><\/p>\n<p><a href=\"https:\/\/volkerontour.de\/wp-content\/uploads\/2025\/08\/IMG_9795.jpg\"><img loading=\"lazy\" decoding=\"async\" width=\"244\" height=\"184\" title=\"IMG_9795\" style=\"display: inline; background-image: none;\" alt=\"IMG_9795\" src=\"https:\/\/volkerontour.de\/wp-content\/uploads\/2025\/08\/IMG_9795_thumb.jpg\" border=\"0\"><\/a>&nbsp;<a href=\"https:\/\/volkerontour.de\/wp-content\/uploads\/2025\/08\/IMG_9800.jpg\"><img loading=\"lazy\" decoding=\"async\" width=\"244\" height=\"184\" title=\"IMG_9800\" style=\"display: inline; background-image: none;\" alt=\"IMG_9800\" src=\"https:\/\/volkerontour.de\/wp-content\/uploads\/2025\/08\/IMG_9800_thumb.jpg\" border=\"0\"><\/a><\/p>\n<p>Noch viel aufwendiger ist die Herstellung der (f\u00fcr Marokko) bekannten Mosaike. Das ist wirklich die reinste \u201cFummelarbeit\u201d und w\u00e4re ja so gar nichts f\u00fcr mich. Sowohl das \u201cZurechtschlagen\u201d der einzelnen St\u00fccke, als auch das Zusammensetzen und Bemalen der einzelnen Steinchen erfordert h\u00f6chste Pr\u00e4zision und Konzentration.<\/p>\n<p><a href=\"https:\/\/volkerontour.de\/wp-content\/uploads\/2025\/08\/IMG_9798.jpg\"><img loading=\"lazy\" decoding=\"async\" width=\"244\" height=\"184\" title=\"IMG_9798\" style=\"display: inline; background-image: none;\" alt=\"IMG_9798\" src=\"https:\/\/volkerontour.de\/wp-content\/uploads\/2025\/08\/IMG_9798_thumb.jpg\" border=\"0\"><\/a>&nbsp;<a href=\"https:\/\/volkerontour.de\/wp-content\/uploads\/2025\/08\/IMG_9801.jpg\"><img loading=\"lazy\" decoding=\"async\" width=\"244\" height=\"184\" title=\"IMG_9801\" style=\"display: inline; background-image: none;\" alt=\"IMG_9801\" src=\"https:\/\/volkerontour.de\/wp-content\/uploads\/2025\/08\/IMG_9801_thumb.jpg\" border=\"0\"><\/a><\/p>\n<p>Dann ging es aber ab in die Medina. Als Besucher merkt man schnell, dass man ohne einen einheimischen F\u00fchrer hier schnell verloren gehen k\u00f6nnte. Es sind (selbst auf den ersten Blick) wirklich unz\u00e4hlige Gassen, die durch die Stadt f\u00fchren. Auch wenn wir \u00fcber vier Stunden unterwegs waren, haben wir gewiss nur einen Bruchteil der insgesamt 9.000 (!!!) G\u00e4schen gesehen. In der im 8. Jahrhundert erbauten Medina leben heute noch \u00fcber 800.000 Menschen. Nun kann man sich vielleicht noch besser vorstellen von welcher Dimension wir hier gr\u00f6\u00dfenm\u00e4\u00dfig sprechen. Diese einzigartige Altstadt wurde daher l\u00e4ngst zum UNESCO Weltkulturerbe hinzugenommen.<\/p>\n<p><a href=\"https:\/\/volkerontour.de\/wp-content\/uploads\/2025\/08\/IMG_9807.jpg\"><img loading=\"lazy\" decoding=\"async\" width=\"184\" height=\"244\" title=\"IMG_9807\" style=\"display: inline; background-image: none;\" alt=\"IMG_9807\" src=\"https:\/\/volkerontour.de\/wp-content\/uploads\/2025\/08\/IMG_9807_thumb.jpg\" border=\"0\"><\/a>&nbsp;<a href=\"https:\/\/volkerontour.de\/wp-content\/uploads\/2025\/08\/IMG_9806.jpg\"><img loading=\"lazy\" decoding=\"async\" width=\"184\" height=\"244\" title=\"IMG_9806\" style=\"display: inline; background-image: none;\" alt=\"IMG_9806\" src=\"https:\/\/volkerontour.de\/wp-content\/uploads\/2025\/08\/IMG_9806_thumb.jpg\" border=\"0\"><\/a><\/p>\n<p><a href=\"https:\/\/volkerontour.de\/wp-content\/uploads\/2025\/08\/IMG_9812.jpg\"><img loading=\"lazy\" decoding=\"async\" width=\"244\" height=\"184\" title=\"IMG_9812\" style=\"display: inline; background-image: none;\" alt=\"IMG_9812\" src=\"https:\/\/volkerontour.de\/wp-content\/uploads\/2025\/08\/IMG_9812_thumb.jpg\" border=\"0\"><\/a>&nbsp;<a href=\"https:\/\/volkerontour.de\/wp-content\/uploads\/2025\/08\/IMG_9814.jpg\"><img loading=\"lazy\" decoding=\"async\" width=\"244\" height=\"184\" title=\"IMG_9814\" style=\"display: inline; background-image: none;\" alt=\"IMG_9814\" src=\"https:\/\/volkerontour.de\/wp-content\/uploads\/2025\/08\/IMG_9814_thumb.jpg\" border=\"0\"><\/a><\/p>\n<p>In vielen Gassen sind M\u00e4rkte zu finden, wo haupts\u00e4chlich Lebensmittel und Bekleidung zu erwerben sind.<\/p>\n<p><a href=\"https:\/\/volkerontour.de\/wp-content\/uploads\/2025\/08\/IMG_9808.jpg\"><img loading=\"lazy\" decoding=\"async\" width=\"244\" height=\"184\" title=\"IMG_9808\" style=\"display: inline; background-image: none;\" alt=\"IMG_9808\" src=\"https:\/\/volkerontour.de\/wp-content\/uploads\/2025\/08\/IMG_9808_thumb.jpg\" border=\"0\"><\/a>&nbsp;<a href=\"https:\/\/volkerontour.de\/wp-content\/uploads\/2025\/08\/IMG_9809.jpg\"><img loading=\"lazy\" decoding=\"async\" width=\"244\" height=\"184\" title=\"IMG_9809\" style=\"display: inline; background-image: none;\" alt=\"IMG_9809\" src=\"https:\/\/volkerontour.de\/wp-content\/uploads\/2025\/08\/IMG_9809_thumb.jpg\" border=\"0\"><\/a><\/p>\n<p><a href=\"https:\/\/volkerontour.de\/wp-content\/uploads\/2025\/08\/IMG_9810.jpg\"><img loading=\"lazy\" decoding=\"async\" width=\"244\" height=\"184\" title=\"IMG_9810\" style=\"display: inline; background-image: none;\" alt=\"IMG_9810\" src=\"https:\/\/volkerontour.de\/wp-content\/uploads\/2025\/08\/IMG_9810_thumb.jpg\" border=\"0\"><\/a>&nbsp;<a href=\"https:\/\/volkerontour.de\/wp-content\/uploads\/2025\/08\/IMG_9821.jpg\"><img loading=\"lazy\" decoding=\"async\" width=\"244\" height=\"184\" title=\"IMG_9821\" style=\"display: inline; background-image: none;\" alt=\"IMG_9821\" src=\"https:\/\/volkerontour.de\/wp-content\/uploads\/2025\/08\/IMG_9821_thumb.jpg\" border=\"0\"><\/a><\/p>\n<p>Katzen sind sind in der Medina allgegenw\u00e4rtig und werden von den Bewohner geduldet. Denn wo Katzen sind, sind keine Ratten oder M\u00e4use.<\/p>\n<p><a href=\"https:\/\/volkerontour.de\/wp-content\/uploads\/2025\/08\/IMG_9811.jpg\"><img loading=\"lazy\" decoding=\"async\" width=\"244\" height=\"184\" title=\"IMG_9811\" style=\"display: inline; background-image: none;\" alt=\"IMG_9811\" src=\"https:\/\/volkerontour.de\/wp-content\/uploads\/2025\/08\/IMG_9811_thumb.jpg\" border=\"0\"><\/a>&nbsp;<a href=\"https:\/\/volkerontour.de\/wp-content\/uploads\/2025\/08\/IMG_7000.jpg\"><img loading=\"lazy\" decoding=\"async\" width=\"244\" height=\"184\" title=\"IMG_7000\" style=\"display: inline; background-image: none;\" alt=\"IMG_7000\" src=\"https:\/\/volkerontour.de\/wp-content\/uploads\/2025\/08\/IMG_7000_thumb.jpg\" border=\"0\"><\/a><\/p>\n<p>In einem kleinen Restaurant w\u00e4hlte ich heute zum Mittagessen eine Pastille. Die ungew\u00f6hnliche F\u00fcllung aus H\u00e4hnchenfleisch, Zwiebeln, Safran, weiteren Kr\u00e4utern, Zimt und Zucker schmeckte ein wenig nach Weihnachtsgeb\u00e4ck. Ein bisschen gew\u00f6hnungsbed\u00fcrftig, aber irgendwie lecker. Zum Nachtisch gab es saftige und sehr intensiv schmeckende Melonen.<\/p>\n<p><a href=\"https:\/\/volkerontour.de\/wp-content\/uploads\/2025\/08\/IMG_9824.jpg\"><img loading=\"lazy\" decoding=\"async\" width=\"244\" height=\"184\" title=\"IMG_9824\" style=\"display: inline; background-image: none;\" alt=\"IMG_9824\" src=\"https:\/\/volkerontour.de\/wp-content\/uploads\/2025\/08\/IMG_9824_thumb.jpg\" border=\"0\"><\/a>&nbsp;<a href=\"https:\/\/volkerontour.de\/wp-content\/uploads\/2025\/08\/IMG_9825.jpg\"><img loading=\"lazy\" decoding=\"async\" width=\"244\" height=\"184\" title=\"IMG_9825\" style=\"display: inline; background-image: none;\" alt=\"IMG_9825\" src=\"https:\/\/volkerontour.de\/wp-content\/uploads\/2025\/08\/IMG_9825_thumb.jpg\" border=\"0\"><\/a><\/p>\n<p>Weiter ging es mit der Tour durch die Medina. Da alle H\u00e4user quasi ineinander hineingebaut sind, so sind auch Moscheen, Schulen oder auch eine Universit\u00e4t keine allein stehenden Geb\u00e4ude, sondern in diesen Komplex mit integriert.<\/p>\n<p><a href=\"https:\/\/volkerontour.de\/wp-content\/uploads\/2025\/08\/IMG_9815.jpg\"><img loading=\"lazy\" decoding=\"async\" width=\"184\" height=\"244\" title=\"IMG_9815\" style=\"display: inline; background-image: none;\" alt=\"IMG_9815\" src=\"https:\/\/volkerontour.de\/wp-content\/uploads\/2025\/08\/IMG_9815_thumb.jpg\" border=\"0\"><\/a>&nbsp;<a href=\"https:\/\/volkerontour.de\/wp-content\/uploads\/2025\/08\/IMG_9819.jpg\"><img loading=\"lazy\" decoding=\"async\" width=\"184\" height=\"244\" title=\"IMG_9819\" style=\"display: inline; background-image: none;\" alt=\"IMG_9819\" src=\"https:\/\/volkerontour.de\/wp-content\/uploads\/2025\/08\/IMG_9819_thumb.jpg\" border=\"0\"><\/a><\/p>\n<p><a href=\"https:\/\/volkerontour.de\/wp-content\/uploads\/2025\/08\/IMG_9816.jpg\"><img loading=\"lazy\" decoding=\"async\" width=\"244\" height=\"184\" title=\"IMG_9816\" style=\"display: inline; background-image: none;\" alt=\"IMG_9816\" src=\"https:\/\/volkerontour.de\/wp-content\/uploads\/2025\/08\/IMG_9816_thumb.jpg\" border=\"0\"><\/a>&nbsp;<a href=\"https:\/\/volkerontour.de\/wp-content\/uploads\/2025\/08\/IMG_9817.jpg\"><img loading=\"lazy\" decoding=\"async\" width=\"244\" height=\"184\" title=\"IMG_9817\" style=\"display: inline; background-image: none;\" alt=\"IMG_9817\" src=\"https:\/\/volkerontour.de\/wp-content\/uploads\/2025\/08\/IMG_9817_thumb.jpg\" border=\"0\"><\/a><\/p>\n<p>Wie geschrieben\u2026 bei Begehen der Medina kann man nicht ansatzweise absch\u00e4tzen, wie riesig diese ist\u2026&nbsp; <\/p>\n<p>Wir stoppten kurz noch bei einer Weberei und konnten bestaunen, wie auch heute noch auf traditionelle Art und Weise tolle uns hochwertige Decken, T\u00fccher oder Kleider hergestellt werden.<\/p>\n<p><a href=\"https:\/\/volkerontour.de\/wp-content\/uploads\/2025\/08\/IMG_9829.jpg\"><img loading=\"lazy\" decoding=\"async\" width=\"244\" height=\"184\" title=\"IMG_9829\" style=\"display: inline; background-image: none;\" alt=\"IMG_9829\" src=\"https:\/\/volkerontour.de\/wp-content\/uploads\/2025\/08\/IMG_9829_thumb.jpg\" border=\"0\"><\/a>&nbsp;<a href=\"https:\/\/volkerontour.de\/wp-content\/uploads\/2025\/08\/IMG_9827.jpg\"><img loading=\"lazy\" decoding=\"async\" width=\"244\" height=\"184\" title=\"IMG_9827\" style=\"display: inline; background-image: none;\" alt=\"IMG_9827\" src=\"https:\/\/volkerontour.de\/wp-content\/uploads\/2025\/08\/IMG_9827_thumb.jpg\" border=\"0\"><\/a><\/p>\n<p>Der Finno musste auch heute wieder als Testperson herhalten <img decoding=\"async\" class=\"wlEmoticon wlEmoticon-winkingsmile\" style=\"\" alt=\"Winking smile\" src=\"https:\/\/volkerontour.de\/wp-content\/uploads\/2025\/08\/wlEmoticon-winkingsmile-1.png\"><\/p>\n<p><a href=\"https:\/\/volkerontour.de\/wp-content\/uploads\/2025\/08\/IMG_9828.jpg\"><img loading=\"lazy\" decoding=\"async\" width=\"184\" height=\"244\" title=\"IMG_9828\" style=\"display: inline; background-image: none;\" alt=\"IMG_9828\" src=\"https:\/\/volkerontour.de\/wp-content\/uploads\/2025\/08\/IMG_9828_thumb.jpg\" border=\"0\"><\/a>&nbsp;<a href=\"https:\/\/volkerontour.de\/wp-content\/uploads\/2025\/08\/IMG_9830.jpg\"><img loading=\"lazy\" decoding=\"async\" width=\"244\" height=\"184\" title=\"IMG_9830\" style=\"display: inline; background-image: none;\" alt=\"IMG_9830\" src=\"https:\/\/volkerontour.de\/wp-content\/uploads\/2025\/08\/IMG_9830_thumb.jpg\" border=\"0\"><\/a><\/p>\n<p>Eines der bekanntesten Bilder der Medina von F\u00e8s ist der Ausblick auf die F\u00e4rberei. Hier wird Leder in riesigen Lehmt\u00f6pfen unter Zugabe von nat\u00fcrlichen Farbstoffen bearbeitet und die entsprechende Farbe verpasst. F\u00fcr Leute mit feinen Nasen ist das aber nichts. Deswegen bekommt auch jeder Besucher beim Eintritt ein frisches St\u00fcck Minze gereicht, an dem man gerne schnuppern kann, wenn es zu streng wird.<\/p>\n<p><a href=\"https:\/\/volkerontour.de\/wp-content\/uploads\/2025\/08\/IMG_9831.jpg\"><img loading=\"lazy\" decoding=\"async\" width=\"244\" height=\"184\" title=\"IMG_9831\" style=\"display: inline; background-image: none;\" alt=\"IMG_9831\" src=\"https:\/\/volkerontour.de\/wp-content\/uploads\/2025\/08\/IMG_9831_thumb.jpg\" border=\"0\"><\/a>&nbsp;<a href=\"https:\/\/volkerontour.de\/wp-content\/uploads\/2025\/08\/IMG_9832.jpg\"><img loading=\"lazy\" decoding=\"async\" width=\"244\" height=\"184\" title=\"IMG_9832\" style=\"display: inline; background-image: none;\" alt=\"IMG_9832\" src=\"https:\/\/volkerontour.de\/wp-content\/uploads\/2025\/08\/IMG_9832_thumb.jpg\" border=\"0\"><\/a><\/p>\n<p><a href=\"https:\/\/volkerontour.de\/wp-content\/uploads\/2025\/08\/IMG_7001.jpg\"><img loading=\"lazy\" decoding=\"async\" width=\"244\" height=\"184\" title=\"IMG_7001\" style=\"display: inline; background-image: none;\" alt=\"IMG_7001\" src=\"https:\/\/volkerontour.de\/wp-content\/uploads\/2025\/08\/IMG_7001_thumb.jpg\" border=\"0\"><\/a>&nbsp;<a href=\"https:\/\/volkerontour.de\/wp-content\/uploads\/2025\/08\/IMG_7002.jpg\"><img loading=\"lazy\" decoding=\"async\" width=\"244\" height=\"184\" title=\"IMG_7002\" style=\"display: inline; background-image: none;\" alt=\"IMG_7002\" src=\"https:\/\/volkerontour.de\/wp-content\/uploads\/2025\/08\/IMG_7002_thumb.jpg\" border=\"0\"><\/a><\/p>\n<p>Gegen 16:30 Uhr waren wir dann wieder zur\u00fcck am Hotel. Und w\u00e4hrend der Finno einen kleinen Nachmitttagsschlaf einlegte, suchte ich ein witziges Fitnessstudio ganz in der N\u00e4he auf. F\u00fcr schlanke 30 Dirham (3\u20ac) konnte ich mal ein kleines Training hinlegen.<\/p>\n<p><a href=\"https:\/\/volkerontour.de\/wp-content\/uploads\/2025\/08\/IMG_9835.jpg\"><img loading=\"lazy\" decoding=\"async\" width=\"244\" height=\"184\" title=\"IMG_9835\" style=\"display: inline; background-image: none;\" alt=\"IMG_9835\" src=\"https:\/\/volkerontour.de\/wp-content\/uploads\/2025\/08\/IMG_9835_thumb.jpg\" border=\"0\"><\/a>&nbsp;<a href=\"https:\/\/volkerontour.de\/wp-content\/uploads\/2025\/08\/IMG_9836.jpg\"><img loading=\"lazy\" decoding=\"async\" width=\"244\" height=\"184\" title=\"IMG_9836\" style=\"display: inline; background-image: none;\" alt=\"IMG_9836\" src=\"https:\/\/volkerontour.de\/wp-content\/uploads\/2025\/08\/IMG_9836_thumb.jpg\" border=\"0\"><\/a><\/p>\n<p><a href=\"https:\/\/volkerontour.de\/wp-content\/uploads\/2025\/08\/IMG_9839.jpg\"><img loading=\"lazy\" decoding=\"async\" width=\"244\" height=\"184\" title=\"IMG_9839\" style=\"display: inline; background-image: none;\" alt=\"IMG_9839\" src=\"https:\/\/volkerontour.de\/wp-content\/uploads\/2025\/08\/IMG_9839_thumb.jpg\" border=\"0\"><\/a>&nbsp;<a href=\"https:\/\/volkerontour.de\/wp-content\/uploads\/2025\/08\/IMG_9840.jpg\"><img loading=\"lazy\" decoding=\"async\" width=\"244\" height=\"184\" title=\"IMG_9840\" style=\"display: inline; background-image: none;\" alt=\"IMG_9840\" src=\"https:\/\/volkerontour.de\/wp-content\/uploads\/2025\/08\/IMG_9840_thumb.jpg\" border=\"0\"><\/a><\/p>\n<p>Unsere Reiseleiterin Sara hatte heute Abend frei. Im marokkanischen Restaurant gegen\u00fcber unseres Hotels war die Stimmung trotzdem wieder ausgezeichnet. Zum Showdinner reichte uns heute auch der (vermutliche) Besitzer, der Kellner, T\u00e4nzer, Animateur und Fotograf in einem war.<\/p>\n<p><a href=\"https:\/\/volkerontour.de\/wp-content\/uploads\/2025\/08\/IMG_9844.jpg\"><img loading=\"lazy\" decoding=\"async\" width=\"244\" height=\"184\" title=\"IMG_9844\" style=\"display: inline; background-image: none;\" alt=\"IMG_9844\" src=\"https:\/\/volkerontour.de\/wp-content\/uploads\/2025\/08\/IMG_9844_thumb.jpg\" border=\"0\"><\/a>&nbsp;<a href=\"https:\/\/volkerontour.de\/wp-content\/uploads\/2025\/08\/IMG_9847.jpg\"><img loading=\"lazy\" decoding=\"async\" width=\"184\" height=\"244\" title=\"IMG_9847\" style=\"display: inline; background-image: none;\" alt=\"IMG_9847\" src=\"https:\/\/volkerontour.de\/wp-content\/uploads\/2025\/08\/IMG_9847_thumb.jpg\" border=\"0\"><\/a><\/p>\n<p><a href=\"https:\/\/volkerontour.de\/wp-content\/uploads\/2025\/08\/IMG_9849.jpg\"><img loading=\"lazy\" decoding=\"async\" width=\"244\" height=\"184\" title=\"IMG_9849\" style=\"display: inline; background-image: none;\" alt=\"IMG_9849\" src=\"https:\/\/volkerontour.de\/wp-content\/uploads\/2025\/08\/IMG_9849_thumb.jpg\" border=\"0\"><\/a>&nbsp;<a href=\"https:\/\/volkerontour.de\/wp-content\/uploads\/2025\/08\/IMG_9855.jpg\"><img loading=\"lazy\" decoding=\"async\" width=\"244\" height=\"184\" title=\"IMG_9855\" style=\"display: inline; background-image: none;\" alt=\"IMG_9855\" src=\"https:\/\/volkerontour.de\/wp-content\/uploads\/2025\/08\/IMG_9855_thumb.jpg\" border=\"0\"><\/a><\/p>\n<p>Nach dem sch\u00f6nen Tag heute, geht es morgen auf die lange Fahrt in die Sahara. Wir planen aber dort am sp\u00e4ten Nachmittag anzukommen, so dass wir den Sonnenuntergang noch sehen k\u00f6nnen. <\/p>\n<p>Bis morgen dann <img decoding=\"async\" class=\"wlEmoticon wlEmoticon-smile\" style=\"\" alt=\"Smile\" src=\"https:\/\/volkerontour.de\/wp-content\/uploads\/2025\/08\/wlEmoticon-smile-2.png\"><\/p>\n","protected":false},"excerpt":{"rendered":"<p>Montag, 04.08.: Heute stand also die Besichtigung der Altstadt von F\u00e8s auf dem Programm. Unser \u201cLocal guide\u201d nannte sich Nihat und legte direkt vor der Karte los mit seinen Erl\u00e4uterungen. Hier uns da redete er ein wenig leise oder \/ &hellip; <a href=\"https:\/\/volkerontour.de\/?p=43800\">Weiterlesen <span class=\"meta-nav\">&rarr;<\/span><\/a><\/p>\n","protected":false},"author":3,"featured_media":0,"comment_status":"closed","ping_status":"closed","sticky":false,"template":"","format":"standard","meta":{"footnotes":""},"categories":[63],"tags":[],"class_list":["post-43800","post","type-post","status-publish","format-standard","hentry","category-marokko-2025"],"_links":{"self":[{"href":"https:\/\/volkerontour.de\/index.php?rest_route=\/wp\/v2\/posts\/43800","targetHints":{"allow":["GET"]}}],"collection":[{"href":"https:\/\/volkerontour.de\/index.php?rest_route=\/wp\/v2\/posts"}],"about":[{"href":"https:\/\/volkerontour.de\/index.php?rest_route=\/wp\/v2\/types\/post"}],"author":[{"embeddable":true,"href":"https:\/\/volkerontour.de\/index.php?rest_route=\/wp\/v2\/users\/3"}],"replies":[{"embeddable":true,"href":"https:\/\/volkerontour.de\/index.php?rest_route=%2Fwp%2Fv2%2Fcomments&post=43800"}],"version-history":[{"count":1,"href":"https:\/\/volkerontour.de\/index.php?rest_route=\/wp\/v2\/posts\/43800\/revisions"}],"predecessor-version":[{"id":43801,"href":"https:\/\/volkerontour.de\/index.php?rest_route=\/wp\/v2\/posts\/43800\/revisions\/43801"}],"wp:attachment":[{"href":"https:\/\/volkerontour.de\/index.php?rest_route=%2Fwp%2Fv2%2Fmedia&parent=43800"}],"wp:term":[{"taxonomy":"category","embeddable":true,"href":"https:\/\/volkerontour.de\/index.php?rest_route=%2Fwp%2Fv2%2Fcategories&post=43800"},{"taxonomy":"post_tag","embeddable":true,"href":"https:\/\/volkerontour.de\/index.php?rest_route=%2Fwp%2Fv2%2Ftags&post=43800"}],"curies":[{"name":"wp","href":"https:\/\/api.w.org\/{rel}","templated":true}]}}