{"id":43863,"date":"2025-08-05T21:53:08","date_gmt":"2025-08-05T21:53:08","guid":{"rendered":"https:\/\/volkerontour.de\/?p=43863"},"modified":"2025-08-05T21:53:08","modified_gmt":"2025-08-05T21:53:08","slug":"tag-4-sahara","status":"publish","type":"post","link":"https:\/\/volkerontour.de\/?p=43863","title":{"rendered":"Tag 4: Sahara"},"content":{"rendered":"<p>Dienstag, 05.08.: Heute stand die l\u00e4ngste Autofahrt der ganze Woche an. Von F\u00e8s aus ging es insgesamt fast 8 Stunden Richtung S\u00fcden zu unserem Ziel, der Sahara. Ein wenig m\u00fcde stiegen wir in unseren G-Adventures-Bus, aber wir hatten ja genug Zeit, um ein bisschen Schlaf auf der Fahrt aufzuholen.<\/p>\n<p><a href=\"https:\/\/volkerontour.de\/wp-content\/uploads\/2025\/08\/IMG_9856.jpg\"><img loading=\"lazy\" decoding=\"async\" width=\"244\" height=\"184\" title=\"IMG_9856\" style=\"display: inline; background-image: none;\" alt=\"IMG_9856\" src=\"https:\/\/volkerontour.de\/wp-content\/uploads\/2025\/08\/IMG_9856_thumb.jpg\" border=\"0\"><\/a><\/p>\n<p>Unglaublich, aber wahr: In Marokko kann man sogar Skifahren. Im Kleinen \u00d6rtchen \u201cIfrane\u201d gibt es sogar einen Skiclub mit eigenem Lift. Ein bisschen h\u00f6her, und mitten in einem Waldst\u00fcck gelegen, liegt hier jeden Winter recht zuverl\u00e4ssig Schnee. Also braucht man gar nicht unbedingt bis ins Hochatlasgebirge zu fahren.<\/p>\n<p><a href=\"https:\/\/volkerontour.de\/wp-content\/uploads\/2025\/08\/IMG_7005.jpg\"><img loading=\"lazy\" decoding=\"async\" width=\"244\" height=\"184\" title=\"IMG_7005\" style=\"display: inline; background-image: none;\" alt=\"IMG_7005\" src=\"https:\/\/volkerontour.de\/wp-content\/uploads\/2025\/08\/IMG_7005_thumb.jpg\" border=\"0\"><\/a>&nbsp;<a href=\"https:\/\/volkerontour.de\/wp-content\/uploads\/2025\/08\/IMG_7013.jpg\"><img loading=\"lazy\" decoding=\"async\" width=\"244\" height=\"184\" title=\"IMG_7013\" style=\"display: inline; background-image: none;\" alt=\"IMG_7013\" src=\"https:\/\/volkerontour.de\/wp-content\/uploads\/2025\/08\/IMG_7013_thumb.jpg\" border=\"0\"><\/a><\/p>\n<p>Ein paar Affen beherbergt der Wald auch. Schade, dass die eher als Touristenattraktion gelten, und von den Reiseleitern angef\u00fcttert werden (nicht von unserer, versteht sich). <img decoding=\"async\" class=\"wlEmoticon wlEmoticon-sadsmile\" style=\"\" alt=\"Sad smile\" src=\"https:\/\/volkerontour.de\/wp-content\/uploads\/2025\/08\/wlEmoticon-sadsmile.png\"><\/p>\n<p><a href=\"https:\/\/volkerontour.de\/wp-content\/uploads\/2025\/08\/IMG_7009.jpg\"><img loading=\"lazy\" decoding=\"async\" width=\"244\" height=\"184\" title=\"IMG_7009\" style=\"display: inline; background-image: none;\" alt=\"IMG_7009\" src=\"https:\/\/volkerontour.de\/wp-content\/uploads\/2025\/08\/IMG_7009_thumb.jpg\" border=\"0\"><\/a>&nbsp;<a href=\"https:\/\/volkerontour.de\/wp-content\/uploads\/2025\/08\/IMG_7012.jpg\"><img loading=\"lazy\" decoding=\"async\" width=\"244\" height=\"184\" title=\"IMG_7012\" style=\"display: inline; background-image: none;\" alt=\"IMG_7012\" src=\"https:\/\/volkerontour.de\/wp-content\/uploads\/2025\/08\/IMG_7012_thumb.jpg\" border=\"0\"><\/a><\/p>\n<p>Je weiter wir in den S\u00fcden vordrangen, umso karger wurde die Landschaft. Man merkte, dass wir so langsam ins oben erw\u00e4hnte Hochatlasgebirge kamen. Der Atlas im Ganzen hat in etwa eine L\u00e4nge von 2.300km, und erstreckt sich \u00fcber die L\u00e4nder Marokko, Algerien und Tunesien (hier sind allerdings nur kleine Ausl\u00e4ufer). Die h\u00f6chste Erhebung ist der (in Marokko liegende) Toubkal mit 4.167m.<\/p>\n<p><a href=\"https:\/\/volkerontour.de\/wp-content\/uploads\/2025\/08\/IMG_7016.jpg\"><img loading=\"lazy\" decoding=\"async\" width=\"244\" height=\"184\" title=\"IMG_7016\" style=\"display: inline; background-image: none;\" alt=\"IMG_7016\" src=\"https:\/\/volkerontour.de\/wp-content\/uploads\/2025\/08\/IMG_7016_thumb.jpg\" border=\"0\"><\/a>&nbsp;<a href=\"https:\/\/volkerontour.de\/wp-content\/uploads\/2025\/08\/IMG_7017.jpg\"><img loading=\"lazy\" decoding=\"async\" width=\"244\" height=\"184\" title=\"IMG_7017\" style=\"display: inline; background-image: none;\" alt=\"IMG_7017\" src=\"https:\/\/volkerontour.de\/wp-content\/uploads\/2025\/08\/IMG_7017_thumb.jpg\" border=\"0\"><\/a><\/p>\n<p>Unser Mittagessen nahmen wir in einer Art Autobahnrastst\u00e4tte ein. So wie es in Marokko \u00fcblich ist, bekamen wir nat\u00fcrlich trotzdem drei G\u00e4nge in hervorragender Qualit\u00e4t serviert.<\/p>\n<p><a href=\"https:\/\/volkerontour.de\/wp-content\/uploads\/2025\/08\/IMG_7019.jpg\"><img loading=\"lazy\" decoding=\"async\" width=\"244\" height=\"184\" title=\"IMG_7019\" style=\"display: inline; background-image: none;\" alt=\"IMG_7019\" src=\"https:\/\/volkerontour.de\/wp-content\/uploads\/2025\/08\/IMG_7019_thumb.jpg\" border=\"0\"><\/a><\/p>\n<p>Einen kurzen Zwischenstopp legten wir am Nachmittag in diesem gr\u00fcnen Tal ein. Hier werden (fast ausnahmslos) alle Datteln f\u00fcr die Einwohner des Landes, sowie f\u00fcr den Export angebaut bzw. geerntet.<\/p>\n<p><a href=\"https:\/\/volkerontour.de\/wp-content\/uploads\/2025\/08\/IMG_7020.jpg\"><img loading=\"lazy\" decoding=\"async\" width=\"244\" height=\"184\" title=\"IMG_7020\" style=\"display: inline; background-image: none;\" alt=\"IMG_7020\" src=\"https:\/\/volkerontour.de\/wp-content\/uploads\/2025\/08\/IMG_7020_thumb.jpg\" border=\"0\"><\/a>&nbsp;<a href=\"https:\/\/volkerontour.de\/wp-content\/uploads\/2025\/08\/IMG_7021.jpg\"><img loading=\"lazy\" decoding=\"async\" width=\"244\" height=\"184\" title=\"IMG_7021\" style=\"display: inline; background-image: none;\" alt=\"IMG_7021\" src=\"https:\/\/volkerontour.de\/wp-content\/uploads\/2025\/08\/IMG_7021_thumb.jpg\" border=\"0\"><\/a><\/p>\n<p><a href=\"https:\/\/volkerontour.de\/wp-content\/uploads\/2025\/08\/IMG_7025.jpg\"><img loading=\"lazy\" decoding=\"async\" width=\"244\" height=\"184\" title=\"IMG_7025\" style=\"display: inline; background-image: none;\" alt=\"IMG_7025\" src=\"https:\/\/volkerontour.de\/wp-content\/uploads\/2025\/08\/IMG_7025_thumb.jpg\" border=\"0\"><\/a>&nbsp;<a href=\"https:\/\/volkerontour.de\/wp-content\/uploads\/2025\/08\/IMG_7022.jpg\"><img loading=\"lazy\" decoding=\"async\" width=\"244\" height=\"184\" title=\"IMG_7022\" style=\"display: inline; background-image: none;\" alt=\"IMG_7022\" src=\"https:\/\/volkerontour.de\/wp-content\/uploads\/2025\/08\/IMG_7022_thumb.jpg\" border=\"0\"><\/a><\/p>\n<p>Gegen 17:30 Uhr hatten wir dann unser Hotel direkt an der Sahara erreicht. Es sich sicherlich bisher das sch\u00f6nste Hotel\u2026 mit viel Platz, zwei sch\u00f6nen Pools und einer Terrasse mit Blick auf die Sandd\u00fcnen. <\/p>\n<p><a href=\"https:\/\/volkerontour.de\/wp-content\/uploads\/2025\/08\/IMG_9862.jpg\"><img loading=\"lazy\" decoding=\"async\" width=\"244\" height=\"184\" title=\"IMG_9862\" style=\"display: inline; background-image: none;\" alt=\"IMG_9862\" src=\"https:\/\/volkerontour.de\/wp-content\/uploads\/2025\/08\/IMG_9862_thumb.jpg\" border=\"0\"><\/a>&nbsp;<a href=\"https:\/\/volkerontour.de\/wp-content\/uploads\/2025\/08\/IMG_9859.jpg\"><img loading=\"lazy\" decoding=\"async\" width=\"244\" height=\"184\" title=\"IMG_9859\" style=\"display: inline; background-image: none;\" alt=\"IMG_9859\" src=\"https:\/\/volkerontour.de\/wp-content\/uploads\/2025\/08\/IMG_9859_thumb.jpg\" border=\"0\"><\/a><\/p>\n<p>Bei heute deutlich h\u00f6heren Temperaturen wurde&nbsp; einer der Pools nat\u00fcrlich direkt von uns eingeweiht.<\/p>\n<p><a href=\"https:\/\/volkerontour.de\/wp-content\/uploads\/2025\/08\/IMG_9864.jpg\"><img loading=\"lazy\" decoding=\"async\" width=\"244\" height=\"184\" title=\"IMG_9864\" style=\"display: inline; background-image: none;\" alt=\"IMG_9864\" src=\"https:\/\/volkerontour.de\/wp-content\/uploads\/2025\/08\/IMG_9864_thumb.jpg\" border=\"0\"><\/a>&nbsp;<a href=\"https:\/\/volkerontour.de\/wp-content\/uploads\/2025\/08\/IMG_9866.jpg\"><img loading=\"lazy\" decoding=\"async\" width=\"244\" height=\"184\" title=\"IMG_9866\" style=\"display: inline; background-image: none;\" alt=\"IMG_9866\" src=\"https:\/\/volkerontour.de\/wp-content\/uploads\/2025\/08\/IMG_9866_thumb.jpg\" border=\"0\"><\/a><\/p>\n<p>Die Sahara ist im \u00fcbrigen mit etwa 9 Millionen Quadratkilometern (etwa die Gr\u00f6\u00dfe der USA) die gr\u00f6\u00dfte Trockenw\u00fcste der Welt, und erstreckt sich von der afrikanischen Atlantikk\u00fcste bis zu K\u00fcste des Roten Meeres. Dabei nimmt die Sandd\u00fcnenw\u00fcste nur einen kleinen Teil von etwa 20% ein. Zu etwa 70% besteht die Sahara aus Kies- oder Ger\u00f6llw\u00fcste. Innerhalb der letzten 100 Jahre hat sie sich um \u00fcber 10% ausgedehnt.<\/p>\n<p>Unser Abendprogramm bestand heute aus einer kleinen Kamelsafari in die D\u00fcnen\u2026<\/p>\n<p><a href=\"https:\/\/volkerontour.de\/wp-content\/uploads\/2025\/08\/IMG_7028.jpg\"><img loading=\"lazy\" decoding=\"async\" width=\"244\" height=\"184\" title=\"IMG_7028\" style=\"display: inline; background-image: none;\" alt=\"IMG_7028\" src=\"https:\/\/volkerontour.de\/wp-content\/uploads\/2025\/08\/IMG_7028_thumb.jpg\" border=\"0\"><\/a>&nbsp;<a href=\"https:\/\/volkerontour.de\/wp-content\/uploads\/2025\/08\/IMG_7032.jpg\"><img loading=\"lazy\" decoding=\"async\" width=\"244\" height=\"184\" title=\"IMG_7032\" style=\"display: inline; background-image: none;\" alt=\"IMG_7032\" src=\"https:\/\/volkerontour.de\/wp-content\/uploads\/2025\/08\/IMG_7032_thumb.jpg\" border=\"0\"><\/a><\/p>\n<p><a href=\"https:\/\/volkerontour.de\/wp-content\/uploads\/2025\/08\/IMG_9867.jpg\"><img loading=\"lazy\" decoding=\"async\" width=\"244\" height=\"184\" title=\"IMG_9867\" style=\"display: inline; background-image: none;\" alt=\"IMG_9867\" src=\"https:\/\/volkerontour.de\/wp-content\/uploads\/2025\/08\/IMG_9867_thumb.jpg\" border=\"0\"><\/a>&nbsp;<a href=\"https:\/\/volkerontour.de\/wp-content\/uploads\/2025\/08\/IMG_9869.jpg\"><img loading=\"lazy\" decoding=\"async\" width=\"244\" height=\"184\" title=\"IMG_9869\" style=\"display: inline; background-image: none;\" alt=\"IMG_9869\" src=\"https:\/\/volkerontour.de\/wp-content\/uploads\/2025\/08\/IMG_9869_thumb.jpg\" border=\"0\"><\/a><\/p>\n<p>Sowohl beim Auf- als auch beim Absteigen gilt: Immer zur\u00fccklehnen, denn die Tiere erheben sich erst mit den Hinterbeinen, setzen sich dann aber mit den Vorderbeiden zuerst wieder hin. So bleibt man fest im Sattel. Und w\u00e4hrend des Ausrittes immer die H\u00fcfte locker lassen <img decoding=\"async\" class=\"wlEmoticon wlEmoticon-smile\" style=\"\" alt=\"Smile\" src=\"https:\/\/volkerontour.de\/wp-content\/uploads\/2025\/08\/wlEmoticon-smile-3.png\"><\/p>\n<p><a href=\"https:\/\/volkerontour.de\/wp-content\/uploads\/2025\/08\/IMG_7038.jpg\"><img loading=\"lazy\" decoding=\"async\" width=\"184\" height=\"244\" title=\"IMG_7038\" style=\"display: inline; background-image: none;\" alt=\"IMG_7038\" src=\"https:\/\/volkerontour.de\/wp-content\/uploads\/2025\/08\/IMG_7038_thumb.jpg\" border=\"0\"><\/a>&nbsp;<a href=\"https:\/\/volkerontour.de\/wp-content\/uploads\/2025\/08\/IMG_7036.jpg\"><img loading=\"lazy\" decoding=\"async\" width=\"244\" height=\"184\" title=\"IMG_7036\" style=\"display: inline; background-image: none;\" alt=\"IMG_7036\" src=\"https:\/\/volkerontour.de\/wp-content\/uploads\/2025\/08\/IMG_7036_thumb.jpg\" border=\"0\"><\/a><\/p>\n<p><a href=\"https:\/\/volkerontour.de\/wp-content\/uploads\/2025\/08\/IMG_9871.jpg\"><img loading=\"lazy\" decoding=\"async\" width=\"244\" height=\"184\" title=\"IMG_9871\" style=\"display: inline; background-image: none;\" alt=\"IMG_9871\" src=\"https:\/\/volkerontour.de\/wp-content\/uploads\/2025\/08\/IMG_9871_thumb.jpg\" border=\"0\"><\/a>&nbsp;<a href=\"https:\/\/volkerontour.de\/wp-content\/uploads\/2025\/08\/IMG_9880.jpg\"><img loading=\"lazy\" decoding=\"async\" width=\"244\" height=\"184\" title=\"IMG_9880\" style=\"display: inline; background-image: none;\" alt=\"IMG_9880\" src=\"https:\/\/volkerontour.de\/wp-content\/uploads\/2025\/08\/IMG_9880_thumb.jpg\" border=\"0\"><\/a><\/p>\n<p>Nach etwa 30 Minuten gem\u00fctlichem Ritt und einer kurzen \u201cSandboarding\u201d-Pause, traten wir z\u00fcgig den Heimweg am\u2026<\/p>\n<p><a href=\"https:\/\/volkerontour.de\/wp-content\/uploads\/2025\/08\/IMG_7046.jpg\"><img loading=\"lazy\" decoding=\"async\" width=\"244\" height=\"184\" title=\"IMG_7046\" style=\"display: inline; background-image: none;\" alt=\"IMG_7046\" src=\"https:\/\/volkerontour.de\/wp-content\/uploads\/2025\/08\/IMG_7046_thumb.jpg\" border=\"0\"><\/a>&nbsp;<a href=\"https:\/\/volkerontour.de\/wp-content\/uploads\/2025\/08\/IMG_9885.jpg\"><img loading=\"lazy\" decoding=\"async\" width=\"244\" height=\"184\" title=\"IMG_9885\" style=\"display: inline; background-image: none;\" alt=\"IMG_9885\" src=\"https:\/\/volkerontour.de\/wp-content\/uploads\/2025\/08\/IMG_9885_thumb.jpg\" border=\"0\"><\/a><\/p>\n<p>\u2026denn kurze Zeit sp\u00e4ter erwischte uns ein Sandsturm ziemlich heftig. Auch wenn wir bei unserer Ankunft im Hotel in allen K\u00f6rper\u00f6ffnungen gef\u00fchlt ein Kilo Sand hatten, war es doch auch eine lustige Erfahrung\u2026<\/p>\n<p><a href=\"https:\/\/volkerontour.de\/wp-content\/uploads\/2025\/08\/IMG_9892.jpg\"><img loading=\"lazy\" decoding=\"async\" width=\"244\" height=\"184\" title=\"IMG_9892\" style=\"display: inline; background-image: none;\" alt=\"IMG_9892\" src=\"https:\/\/volkerontour.de\/wp-content\/uploads\/2025\/08\/IMG_9892_thumb.jpg\" border=\"0\"><\/a>&nbsp;<a href=\"https:\/\/volkerontour.de\/wp-content\/uploads\/2025\/08\/IMG_9895.jpg\"><img loading=\"lazy\" decoding=\"async\" width=\"244\" height=\"184\" title=\"IMG_9895\" style=\"display: inline; background-image: none;\" alt=\"IMG_9895\" src=\"https:\/\/volkerontour.de\/wp-content\/uploads\/2025\/08\/IMG_9895_thumb.jpg\" border=\"0\"><\/a><\/p>\n<p>Zum Abendessen gab es eine Art marokkanische Pizza, gef\u00fcllt mit Rindfleisch, Zwiebeln und Paprika\u2026 sagen wir mal so: Die anderen Abendessen waren bisher alle leckerer <img decoding=\"async\" class=\"wlEmoticon wlEmoticon-winkingsmile\" style=\"\" alt=\"Winking smile\" src=\"https:\/\/volkerontour.de\/wp-content\/uploads\/2025\/08\/wlEmoticon-winkingsmile-2.png\"><\/p>\n<p><a href=\"https:\/\/volkerontour.de\/wp-content\/uploads\/2025\/08\/IMG_9898.jpg\"><img loading=\"lazy\" decoding=\"async\" width=\"184\" height=\"244\" title=\"IMG_9898\" style=\"display: inline; background-image: none;\" alt=\"IMG_9898\" src=\"https:\/\/volkerontour.de\/wp-content\/uploads\/2025\/08\/IMG_9898_thumb.jpg\" border=\"0\"><\/a><\/p>\n<p>Morgen fr\u00fch steht unsere Jeep-Tour durch die Sandd\u00fcnen an. Da ich ungef\u00e4hr wei\u00df, was da auf mich zukommen wird, freue ich mich auf den Tag. Ich denke der Finno wird sicherlich auch seinen Spa\u00df haben.<\/p>\n<p>Guuuute Nacht, und bis morgen dann <img decoding=\"async\" class=\"wlEmoticon wlEmoticon-smile\" style=\"\" alt=\"Smile\" src=\"https:\/\/volkerontour.de\/wp-content\/uploads\/2025\/08\/wlEmoticon-smile-3.png\"><\/p>\n","protected":false},"excerpt":{"rendered":"<p>Dienstag, 05.08.: Heute stand die l\u00e4ngste Autofahrt der ganze Woche an. Von F\u00e8s aus ging es insgesamt fast 8 Stunden Richtung S\u00fcden zu unserem Ziel, der Sahara. Ein wenig m\u00fcde stiegen wir in unseren G-Adventures-Bus, aber wir hatten ja genug &hellip; <a href=\"https:\/\/volkerontour.de\/?p=43863\">Weiterlesen <span class=\"meta-nav\">&rarr;<\/span><\/a><\/p>\n","protected":false},"author":3,"featured_media":0,"comment_status":"closed","ping_status":"closed","sticky":false,"template":"","format":"standard","meta":{"footnotes":""},"categories":[63],"tags":[],"class_list":["post-43863","post","type-post","status-publish","format-standard","hentry","category-marokko-2025"],"_links":{"self":[{"href":"https:\/\/volkerontour.de\/index.php?rest_route=\/wp\/v2\/posts\/43863","targetHints":{"allow":["GET"]}}],"collection":[{"href":"https:\/\/volkerontour.de\/index.php?rest_route=\/wp\/v2\/posts"}],"about":[{"href":"https:\/\/volkerontour.de\/index.php?rest_route=\/wp\/v2\/types\/post"}],"author":[{"embeddable":true,"href":"https:\/\/volkerontour.de\/index.php?rest_route=\/wp\/v2\/users\/3"}],"replies":[{"embeddable":true,"href":"https:\/\/volkerontour.de\/index.php?rest_route=%2Fwp%2Fv2%2Fcomments&post=43863"}],"version-history":[{"count":1,"href":"https:\/\/volkerontour.de\/index.php?rest_route=\/wp\/v2\/posts\/43863\/revisions"}],"predecessor-version":[{"id":43864,"href":"https:\/\/volkerontour.de\/index.php?rest_route=\/wp\/v2\/posts\/43863\/revisions\/43864"}],"wp:attachment":[{"href":"https:\/\/volkerontour.de\/index.php?rest_route=%2Fwp%2Fv2%2Fmedia&parent=43863"}],"wp:term":[{"taxonomy":"category","embeddable":true,"href":"https:\/\/volkerontour.de\/index.php?rest_route=%2Fwp%2Fv2%2Fcategories&post=43863"},{"taxonomy":"post_tag","embeddable":true,"href":"https:\/\/volkerontour.de\/index.php?rest_route=%2Fwp%2Fv2%2Ftags&post=43863"}],"curies":[{"name":"wp","href":"https:\/\/api.w.org\/{rel}","templated":true}]}}