{"id":43934,"date":"2025-08-06T22:08:44","date_gmt":"2025-08-06T22:08:44","guid":{"rendered":"https:\/\/volkerontour.de\/?p=43934"},"modified":"2025-08-06T22:08:44","modified_gmt":"2025-08-06T22:08:44","slug":"tag-5-allrad-safari-durch-die-sahara","status":"publish","type":"post","link":"https:\/\/volkerontour.de\/?p=43934","title":{"rendered":"Tag 5: Allrad-Safari durch die Sahara"},"content":{"rendered":"<p>Mittwoch, 06.08.: Ein bisschen wolkig kam heute Morgen der Sonnenaufgang \u00fcber den D\u00fcnen der Sahara daher. Trotzdem schon ein kleines Highlight nach dem Aufstehen <img decoding=\"async\" class=\"wlEmoticon wlEmoticon-smile\" style=\"\" alt=\"Smile\" src=\"https:\/\/volkerontour.de\/wp-content\/uploads\/2025\/08\/wlEmoticon-smile-4.png\"><\/p>\n<p><a href=\"https:\/\/volkerontour.de\/wp-content\/uploads\/2025\/08\/IMG_7072.jpg\"><img loading=\"lazy\" decoding=\"async\" width=\"244\" height=\"184\" title=\"IMG_7072\" style=\"display: inline; background-image: none;\" alt=\"IMG_7072\" src=\"https:\/\/volkerontour.de\/wp-content\/uploads\/2025\/08\/IMG_7072_thumb.jpg\" border=\"0\"><\/a>&nbsp;<a href=\"https:\/\/volkerontour.de\/wp-content\/uploads\/2025\/08\/IMG_9906.jpg\"><img loading=\"lazy\" decoding=\"async\" width=\"244\" height=\"184\" title=\"IMG_9906\" style=\"display: inline; background-image: none;\" alt=\"IMG_9906\" src=\"https:\/\/volkerontour.de\/wp-content\/uploads\/2025\/08\/IMG_9906_thumb.jpg\" border=\"0\"><\/a><\/p>\n<p>Nach dem Fr\u00fchst\u00fcck ging es dann gleich los zu unserer Tour mit den Allradfahrzeugen. Neben dem Fahrer (dessen Namen wir glaube ich gar nicht erfahren haben) war noch unsere Reiseleiterin Sara mit dabei.<\/p>\n<p><a href=\"https:\/\/volkerontour.de\/wp-content\/uploads\/2025\/08\/IMG_9908.jpg\"><img loading=\"lazy\" decoding=\"async\" width=\"244\" height=\"184\" title=\"IMG_9908\" style=\"display: inline; background-image: none;\" alt=\"IMG_9908\" src=\"https:\/\/volkerontour.de\/wp-content\/uploads\/2025\/08\/IMG_9908_thumb.jpg\" border=\"0\"><\/a>&nbsp;<a href=\"https:\/\/volkerontour.de\/wp-content\/uploads\/2025\/08\/IMG_9909.jpg\"><img loading=\"lazy\" decoding=\"async\" width=\"244\" height=\"184\" title=\"IMG_9909\" style=\"display: inline; background-image: none;\" alt=\"IMG_9909\" src=\"https:\/\/volkerontour.de\/wp-content\/uploads\/2025\/08\/IMG_9909_thumb.jpg\" border=\"0\"><\/a><\/p>\n<p>Erster Stopp: eine Kamelfarm. Wir hatten die Tiere ja bereits gestern gesehen und beritten.<\/p>\n<p><a href=\"https:\/\/volkerontour.de\/wp-content\/uploads\/2025\/08\/IMG_7054.jpg\"><img loading=\"lazy\" decoding=\"async\" width=\"244\" height=\"184\" title=\"IMG_7054\" style=\"display: inline; background-image: none;\" alt=\"IMG_7054\" src=\"https:\/\/volkerontour.de\/wp-content\/uploads\/2025\/08\/IMG_7054_thumb.jpg\" border=\"0\"><\/a>&nbsp;<a href=\"https:\/\/volkerontour.de\/wp-content\/uploads\/2025\/08\/IMG_7056.jpg\"><img loading=\"lazy\" decoding=\"async\" width=\"244\" height=\"184\" title=\"IMG_7056\" style=\"display: inline; background-image: none;\" alt=\"IMG_7056\" src=\"https:\/\/volkerontour.de\/wp-content\/uploads\/2025\/08\/IMG_7056_thumb.jpg\" border=\"0\"><\/a><\/p>\n<p>Zweiter Stopp: eine kleine Dattelplantage. <\/p>\n<p><a href=\"https:\/\/volkerontour.de\/wp-content\/uploads\/2025\/08\/IMG_7058.jpg\"><img loading=\"lazy\" decoding=\"async\" width=\"244\" height=\"184\" title=\"IMG_7058\" style=\"display: inline; background-image: none;\" alt=\"IMG_7058\" src=\"https:\/\/volkerontour.de\/wp-content\/uploads\/2025\/08\/IMG_7058_thumb.jpg\" border=\"0\"><\/a>&nbsp;<a href=\"https:\/\/volkerontour.de\/wp-content\/uploads\/2025\/08\/IMG_7060.jpg\"><img loading=\"lazy\" decoding=\"async\" width=\"244\" height=\"184\" title=\"IMG_7060\" style=\"display: inline; background-image: none;\" alt=\"IMG_7060\" src=\"https:\/\/volkerontour.de\/wp-content\/uploads\/2025\/08\/IMG_7060_thumb.jpg\" border=\"0\"><\/a><\/p>\n<p>Dann ging es noch einmal in die Sandd\u00fcnen hinein. Hier h\u00e4tte (aus meiner Sicht) unser Fahrer gerne noch ein bisschen mehr \u201cauf die Tube dr\u00fccken\u201d k\u00f6nnen. Im Vergleich zu meinen bisherigen W\u00fcsten-Jeep-Safaris sind wir heute nur so ein bisschen mit Minimalgeschwindigkeit um die D\u00fcnen rumgeeiert.<\/p>\n<p><a href=\"https:\/\/volkerontour.de\/wp-content\/uploads\/2025\/08\/IMG_7061.jpg\"><img loading=\"lazy\" decoding=\"async\" width=\"244\" height=\"184\" title=\"IMG_7061\" style=\"display: inline; background-image: none;\" alt=\"IMG_7061\" src=\"https:\/\/volkerontour.de\/wp-content\/uploads\/2025\/08\/IMG_7061_thumb.jpg\" border=\"0\"><\/a>&nbsp;<a href=\"https:\/\/volkerontour.de\/wp-content\/uploads\/2025\/08\/IMG_9912.jpg\"><img loading=\"lazy\" decoding=\"async\" width=\"244\" height=\"184\" title=\"IMG_9912\" style=\"display: inline; background-image: none;\" alt=\"IMG_9912\" src=\"https:\/\/volkerontour.de\/wp-content\/uploads\/2025\/08\/IMG_9912_thumb.jpg\" border=\"0\"><\/a><\/p>\n<p><a href=\"https:\/\/volkerontour.de\/wp-content\/uploads\/2025\/08\/IMG_9919.jpg\"><img loading=\"lazy\" decoding=\"async\" width=\"244\" height=\"184\" title=\"IMG_9919\" style=\"display: inline; background-image: none;\" alt=\"IMG_9919\" src=\"https:\/\/volkerontour.de\/wp-content\/uploads\/2025\/08\/IMG_9919_thumb.jpg\" border=\"0\"><\/a><\/p>\n<p>In Marokko leben heute noch etwa 12.000 Nomaden, die sich (mehr oder weniger) auf das ganze Land verteilen. Vor allem aber in den w\u00e4rmeren Regionen geht diese Zahl relativ stark zur\u00fcck (2004 waren es noch etwa 68.000). Zu herausfordernd ist das Leben in der Hitze, fernab der St\u00e4dte und D\u00f6rfer. Die meisten aktiven Nomaden f\u00fchren diesen Lebensstil einzig und allein aus traditionellen Gr\u00fcnden. Wir durften heute eine Familie besuchen und deren Gastfreundschaft in Anspruch nehmen.<\/p>\n<p><a href=\"https:\/\/volkerontour.de\/wp-content\/uploads\/2025\/08\/IMG_7068.jpg\"><img loading=\"lazy\" decoding=\"async\" width=\"244\" height=\"184\" title=\"IMG_7068\" style=\"display: inline; background-image: none;\" alt=\"IMG_7068\" src=\"https:\/\/volkerontour.de\/wp-content\/uploads\/2025\/08\/IMG_7068_thumb.jpg\" border=\"0\"><\/a>&nbsp;<a href=\"https:\/\/volkerontour.de\/wp-content\/uploads\/2025\/08\/IMG_7063.jpg\"><img loading=\"lazy\" decoding=\"async\" width=\"244\" height=\"184\" title=\"IMG_7063\" style=\"display: inline; background-image: none;\" alt=\"IMG_7063\" src=\"https:\/\/volkerontour.de\/wp-content\/uploads\/2025\/08\/IMG_7063_thumb.jpg\" border=\"0\"><\/a><\/p>\n<p><a href=\"https:\/\/volkerontour.de\/wp-content\/uploads\/2025\/08\/IMG_7064.jpg\"><img loading=\"lazy\" decoding=\"async\" width=\"244\" height=\"184\" title=\"IMG_7064\" style=\"display: inline; background-image: none;\" alt=\"IMG_7064\" src=\"https:\/\/volkerontour.de\/wp-content\/uploads\/2025\/08\/IMG_7064_thumb.jpg\" border=\"0\"><\/a>&nbsp;<a href=\"https:\/\/volkerontour.de\/wp-content\/uploads\/2025\/08\/IMG_7066.jpg\"><img loading=\"lazy\" decoding=\"async\" width=\"244\" height=\"184\" title=\"IMG_7066\" style=\"display: inline; background-image: none;\" alt=\"IMG_7066\" src=\"https:\/\/volkerontour.de\/wp-content\/uploads\/2025\/08\/IMG_7066_thumb.jpg\" border=\"0\"><\/a><\/p>\n<p>Im Haus der Musik wurde uns sp\u00e4ter von acht Herren traditionelle marokkanische Musik dargeboten. Auch hier h\u00e4tte man durchaus ein bisschen mehr Stimmung machen k\u00f6nnen.<\/p>\n<p><a href=\"https:\/\/volkerontour.de\/wp-content\/uploads\/2025\/08\/IMG_7071.jpg\"><img loading=\"lazy\" decoding=\"async\" width=\"244\" height=\"184\" title=\"IMG_7071\" style=\"display: inline; background-image: none;\" alt=\"IMG_7071\" src=\"https:\/\/volkerontour.de\/wp-content\/uploads\/2025\/08\/IMG_7071_thumb.jpg\" border=\"0\"><\/a>&nbsp;<a href=\"https:\/\/volkerontour.de\/wp-content\/uploads\/2025\/08\/IMG_9924.jpg\"><img loading=\"lazy\" decoding=\"async\" width=\"244\" height=\"184\" title=\"IMG_9924\" style=\"display: inline; background-image: none;\" alt=\"IMG_9924\" src=\"https:\/\/volkerontour.de\/wp-content\/uploads\/2025\/08\/IMG_9924_thumb.jpg\" border=\"0\"><\/a><\/p>\n<p>In einer sehr sch\u00f6nen Lokalit\u00e4t nahmen wir unser Mittagessen heute in Buffetform ein. Alles wieder sehr lecker.<\/p>\n<p><a href=\"https:\/\/volkerontour.de\/wp-content\/uploads\/2025\/08\/IMG_9926.jpg\"><img loading=\"lazy\" decoding=\"async\" width=\"244\" height=\"184\" title=\"IMG_9926\" style=\"display: inline; background-image: none;\" alt=\"IMG_9926\" src=\"https:\/\/volkerontour.de\/wp-content\/uploads\/2025\/08\/IMG_9926_thumb.jpg\" border=\"0\"><\/a>&nbsp;<a href=\"https:\/\/volkerontour.de\/wp-content\/uploads\/2025\/08\/IMG_9927.jpg\"><img loading=\"lazy\" decoding=\"async\" width=\"244\" height=\"184\" title=\"IMG_9927\" style=\"display: inline; background-image: none;\" alt=\"IMG_9927\" src=\"https:\/\/volkerontour.de\/wp-content\/uploads\/2025\/08\/IMG_9927_thumb.jpg\" border=\"0\"><\/a><\/p>\n<p>Am Nachmittag erreichten wir dann unser \u201cTagesziel\u201d, die Tohdra-Schlucht\u2026 wobei wir den bekannten, spektakul\u00e4ren Teil&nbsp; erst morgen besuchen werden. Trotzdem war das schon ein toller Anblick diesen gr\u00fcnen Teppich aus Dattelpalmen der dazugeh\u00f6rigen Oase im Kontrast zu den Felsw\u00e4nden und vielen Lehmh\u00e4usern zu sehen. Insgesamt ist die Schlucht 15km lang. Aber wie gesagt: Dazu morgen vielleicht noch ein bisschen mehr.<\/p>\n<p><a href=\"https:\/\/volkerontour.de\/wp-content\/uploads\/2025\/08\/IMG_7076.jpg\"><img loading=\"lazy\" decoding=\"async\" width=\"244\" height=\"184\" title=\"IMG_7076\" style=\"display: inline; background-image: none;\" alt=\"IMG_7076\" src=\"https:\/\/volkerontour.de\/wp-content\/uploads\/2025\/08\/IMG_7076_thumb.jpg\" border=\"0\"><\/a>&nbsp;<a href=\"https:\/\/volkerontour.de\/wp-content\/uploads\/2025\/08\/IMG_7077.jpg\"><img loading=\"lazy\" decoding=\"async\" width=\"244\" height=\"184\" title=\"IMG_7077\" style=\"display: inline; background-image: none;\" alt=\"IMG_7077\" src=\"https:\/\/volkerontour.de\/wp-content\/uploads\/2025\/08\/IMG_7077_thumb.jpg\" border=\"0\"><\/a><\/p>\n<p><a href=\"https:\/\/volkerontour.de\/wp-content\/uploads\/2025\/08\/IMG_7079.jpg\"><img loading=\"lazy\" decoding=\"async\" width=\"244\" height=\"184\" title=\"IMG_7079\" style=\"display: inline; background-image: none;\" alt=\"IMG_7079\" src=\"https:\/\/volkerontour.de\/wp-content\/uploads\/2025\/08\/IMG_7079_thumb.jpg\" border=\"0\"><\/a>&nbsp;<a href=\"https:\/\/volkerontour.de\/wp-content\/uploads\/2025\/08\/IMG_7080.jpg\"><img loading=\"lazy\" decoding=\"async\" width=\"244\" height=\"184\" title=\"IMG_7080\" style=\"display: inline; background-image: none;\" alt=\"IMG_7080\" src=\"https:\/\/volkerontour.de\/wp-content\/uploads\/2025\/08\/IMG_7080_thumb.jpg\" border=\"0\"><\/a><\/p>\n<p>Da wir bis zu unserer Abendaktivit\u00e4t noch ein bisschen Zeit hatten, konnte ich den Finno noch zu einem kleinen Oasenlauf \u00fcberreden. Nach kurzen Startschwierigkeiten mit einigen Flu\u00df\u00fcberquerungen liefen wir erst einen sch\u00f6nen Panoramaweg entlang\u2026<\/p>\n<p><a href=\"https:\/\/volkerontour.de\/wp-content\/uploads\/2025\/08\/IMG_9930.jpg\"><img loading=\"lazy\" decoding=\"async\" width=\"244\" height=\"184\" title=\"IMG_9930\" style=\"display: inline; background-image: none;\" alt=\"IMG_9930\" src=\"https:\/\/volkerontour.de\/wp-content\/uploads\/2025\/08\/IMG_9930_thumb.jpg\" border=\"0\"><\/a>&nbsp;<a href=\"https:\/\/volkerontour.de\/wp-content\/uploads\/2025\/08\/IMG_9931.jpg\"><img loading=\"lazy\" decoding=\"async\" width=\"244\" height=\"184\" title=\"IMG_9931\" style=\"display: inline; background-image: none;\" alt=\"IMG_9931\" src=\"https:\/\/volkerontour.de\/wp-content\/uploads\/2025\/08\/IMG_9931_thumb.jpg\" border=\"0\"><\/a><\/p>\n<p>\u2026dann auf einem sehr sch\u00f6nen Weg durch die Oase zur\u00fcck Richtung Hotel. Ich hoffe (und glaube auch), dass der Finno heute ein bisschen mehr Spa\u00df an unserem L\u00e4ufchen hatte, als noch in F\u00e8s.<\/p>\n<p><a href=\"https:\/\/volkerontour.de\/wp-content\/uploads\/2025\/08\/IMG_9937.jpg\"><img loading=\"lazy\" decoding=\"async\" width=\"244\" height=\"184\" title=\"IMG_9937\" style=\"display: inline; background-image: none;\" alt=\"IMG_9937\" src=\"https:\/\/volkerontour.de\/wp-content\/uploads\/2025\/08\/IMG_9937_thumb.jpg\" border=\"0\"><\/a>&nbsp;<a href=\"https:\/\/volkerontour.de\/wp-content\/uploads\/2025\/08\/IMG_9944.jpg\"><img loading=\"lazy\" decoding=\"async\" width=\"244\" height=\"184\" title=\"IMG_9944\" style=\"display: inline; background-image: none;\" alt=\"IMG_9944\" src=\"https:\/\/volkerontour.de\/wp-content\/uploads\/2025\/08\/IMG_9944_thumb.jpg\" border=\"0\"><\/a><\/p>\n<p><a href=\"https:\/\/volkerontour.de\/wp-content\/uploads\/2025\/08\/IMG_9936.jpg\"><img loading=\"lazy\" decoding=\"async\" width=\"244\" height=\"184\" title=\"IMG_9936\" style=\"display: inline; background-image: none;\" alt=\"IMG_9936\" src=\"https:\/\/volkerontour.de\/wp-content\/uploads\/2025\/08\/IMG_9936_thumb.jpg\" border=\"0\"><\/a>&nbsp;<a href=\"https:\/\/volkerontour.de\/wp-content\/uploads\/2025\/08\/IMG_9939.jpg\"><img loading=\"lazy\" decoding=\"async\" width=\"244\" height=\"184\" title=\"IMG_9939\" style=\"display: inline; background-image: none;\" alt=\"IMG_9939\" src=\"https:\/\/volkerontour.de\/wp-content\/uploads\/2025\/08\/IMG_9939_thumb.jpg\" border=\"0\"><\/a><\/p>\n<p>Vor dem Abendessen, war dann noch ein kurzer Spaziergang Richtung Eingang der Schlucht geplant. Auf Grund von pl\u00f6tzlich einsetzendem (und lange anhaltendem) Regen, nahm unsere kleine Wanderung leider ein schnelles Ende. Naja, wir versuchen es (wie geschrieben) morgen fr\u00fch noch einmal.<\/p>\n<p><a href=\"https:\/\/volkerontour.de\/wp-content\/uploads\/2025\/08\/IMG_9946.jpg\"><img loading=\"lazy\" decoding=\"async\" width=\"244\" height=\"184\" title=\"IMG_9946\" style=\"display: inline; background-image: none;\" alt=\"IMG_9946\" src=\"https:\/\/volkerontour.de\/wp-content\/uploads\/2025\/08\/IMG_9946_thumb.jpg\" border=\"0\"><\/a>&nbsp;<a href=\"https:\/\/volkerontour.de\/wp-content\/uploads\/2025\/08\/IMG_9947.jpg\"><img loading=\"lazy\" decoding=\"async\" width=\"244\" height=\"184\" title=\"IMG_9947\" style=\"display: inline; background-image: none;\" alt=\"IMG_9947\" src=\"https:\/\/volkerontour.de\/wp-content\/uploads\/2025\/08\/IMG_9947_thumb.jpg\" border=\"0\"><\/a><\/p>\n<p><a href=\"https:\/\/volkerontour.de\/wp-content\/uploads\/2025\/08\/IMG_9948.jpg\"><img loading=\"lazy\" decoding=\"async\" width=\"244\" height=\"184\" title=\"IMG_9948\" style=\"display: inline; background-image: none;\" alt=\"IMG_9948\" src=\"https:\/\/volkerontour.de\/wp-content\/uploads\/2025\/08\/IMG_9948_thumb.jpg\" border=\"0\"><\/a>&nbsp;<a href=\"https:\/\/volkerontour.de\/wp-content\/uploads\/2025\/08\/IMG_9949.jpg\"><img loading=\"lazy\" decoding=\"async\" width=\"244\" height=\"184\" title=\"IMG_9949\" style=\"display: inline; background-image: none;\" alt=\"IMG_9949\" src=\"https:\/\/volkerontour.de\/wp-content\/uploads\/2025\/08\/IMG_9949_thumb.jpg\" border=\"0\"><\/a><\/p>\n<p>Abendessen gabs dann wieder im Hotel, bevor wir alle nach dem langen Tag gut erm\u00fcdet in die Zimmer gingen.<\/p>\n<p><a href=\"https:\/\/volkerontour.de\/wp-content\/uploads\/2025\/08\/IMG_9950.jpg\"><img loading=\"lazy\" decoding=\"async\" width=\"244\" height=\"184\" title=\"IMG_9950\" style=\"display: inline; background-image: none;\" alt=\"IMG_9950\" src=\"https:\/\/volkerontour.de\/wp-content\/uploads\/2025\/08\/IMG_9950_thumb.jpg\" border=\"0\"><\/a><\/p>\n<p>Und auch ich w\u00fcnsche jetzt wieder eine angenehme Nachtruhe <img decoding=\"async\" class=\"wlEmoticon wlEmoticon-smile\" style=\"\" alt=\"Smile\" src=\"https:\/\/volkerontour.de\/wp-content\/uploads\/2025\/08\/wlEmoticon-smile-4.png\"><\/p>\n","protected":false},"excerpt":{"rendered":"<p>Mittwoch, 06.08.: Ein bisschen wolkig kam heute Morgen der Sonnenaufgang \u00fcber den D\u00fcnen der Sahara daher. Trotzdem schon ein kleines Highlight nach dem Aufstehen &nbsp; Nach dem Fr\u00fchst\u00fcck ging es dann gleich los zu unserer Tour mit den Allradfahrzeugen. Neben &hellip; <a href=\"https:\/\/volkerontour.de\/?p=43934\">Weiterlesen <span class=\"meta-nav\">&rarr;<\/span><\/a><\/p>\n","protected":false},"author":3,"featured_media":0,"comment_status":"closed","ping_status":"closed","sticky":false,"template":"","format":"standard","meta":{"footnotes":""},"categories":[63],"tags":[],"class_list":["post-43934","post","type-post","status-publish","format-standard","hentry","category-marokko-2025"],"_links":{"self":[{"href":"https:\/\/volkerontour.de\/index.php?rest_route=\/wp\/v2\/posts\/43934","targetHints":{"allow":["GET"]}}],"collection":[{"href":"https:\/\/volkerontour.de\/index.php?rest_route=\/wp\/v2\/posts"}],"about":[{"href":"https:\/\/volkerontour.de\/index.php?rest_route=\/wp\/v2\/types\/post"}],"author":[{"embeddable":true,"href":"https:\/\/volkerontour.de\/index.php?rest_route=\/wp\/v2\/users\/3"}],"replies":[{"embeddable":true,"href":"https:\/\/volkerontour.de\/index.php?rest_route=%2Fwp%2Fv2%2Fcomments&post=43934"}],"version-history":[{"count":1,"href":"https:\/\/volkerontour.de\/index.php?rest_route=\/wp\/v2\/posts\/43934\/revisions"}],"predecessor-version":[{"id":43935,"href":"https:\/\/volkerontour.de\/index.php?rest_route=\/wp\/v2\/posts\/43934\/revisions\/43935"}],"wp:attachment":[{"href":"https:\/\/volkerontour.de\/index.php?rest_route=%2Fwp%2Fv2%2Fmedia&parent=43934"}],"wp:term":[{"taxonomy":"category","embeddable":true,"href":"https:\/\/volkerontour.de\/index.php?rest_route=%2Fwp%2Fv2%2Fcategories&post=43934"},{"taxonomy":"post_tag","embeddable":true,"href":"https:\/\/volkerontour.de\/index.php?rest_route=%2Fwp%2Fv2%2Ftags&post=43934"}],"curies":[{"name":"wp","href":"https:\/\/api.w.org\/{rel}","templated":true}]}}