{"id":45378,"date":"2025-12-18T19:40:41","date_gmt":"2025-12-18T19:40:41","guid":{"rendered":"https:\/\/volkerontour.de\/?p=45378"},"modified":"2025-12-18T19:40:41","modified_gmt":"2025-12-18T19:40:41","slug":"tag-1-anreise-und-erste-eindrcke","status":"publish","type":"post","link":"https:\/\/volkerontour.de\/?p=45378","title":{"rendered":"Tag 1: Anreise und erste Eindr&uuml;cke"},"content":{"rendered":"<p>Donnerstag, 18.12.: Heute gibt`s noch nicht so viel Spannendes zu erz\u00e4hlen, denn ich habe fast den ganzen Tag damit verbracht nach Riad zu kommen. Zur unmenschlichen Zeit um 4 Uhr morgens machte ich mich auf den Weg zum Flughafen Stuttgart, gegen Mittag wechselte ich in Istanbul den Flieger, und etwa um 19 Uhr Ortszeit (2 Stunden vor der MEZ) erreichte ich dann mein Hotel in der Hauptstadt Saudi-Arabiens.<\/p>\n<p><a href=\"https:\/\/volkerontour.de\/wp-content\/uploads\/2025\/12\/IMG_2075.jpg\"><img loading=\"lazy\" decoding=\"async\" width=\"244\" height=\"184\" title=\"IMG_2075\" style=\"display: inline; background-image: none;\" alt=\"IMG_2075\" src=\"https:\/\/volkerontour.de\/wp-content\/uploads\/2025\/12\/IMG_2075_thumb.jpg\" border=\"0\"><\/a><\/p>\n<p>Der erste Eindruck beim Verlassen des Flughafens: Kalt! Ich dachte, ich w\u00e4re hier in einer W\u00fcste, aber Pustekuchen. Laut Wetterbericht soll es ja auch in den n\u00e4chsten Tagen recht frisch bleiben. Ich bin klamottentechnisch gut ausgestattet, insofern sollte das kein Problem sein.<\/p>\n<p><a href=\"https:\/\/volkerontour.de\/wp-content\/uploads\/2025\/12\/IMG_2077.png\"><img loading=\"lazy\" decoding=\"async\" width=\"115\" height=\"244\" title=\"Screenshot\" style=\"display: inline; background-image: none;\" alt=\"Screenshot\" src=\"https:\/\/volkerontour.de\/wp-content\/uploads\/2025\/12\/IMG_2077_thumb.png\" border=\"0\"><\/a><\/p>\n<p>Was einem bei der Fahrt vom Flughafen in die City (etwa 45km) ebenso auff\u00e4llt: Die 8-Millionen-Metropole ist riesig und an jeder Ecke wird gebaut. Aber dazu sicherlich in den n\u00e4chsten Tagen ein bisschen mehr.<\/p>\n<p>Mein Hotel ist f\u00fcr die kommenden zwei N\u00e4chte v\u00f6llig in Ordnung. Es ist alles da was ich brauche <img decoding=\"async\" class=\"wlEmoticon wlEmoticon-smile\" style=\"\" alt=\"Smile\" src=\"https:\/\/volkerontour.de\/wp-content\/uploads\/2025\/12\/wlEmoticon-smile.png\"><\/p>\n<p><a href=\"https:\/\/volkerontour.de\/wp-content\/uploads\/2025\/12\/IMG_2081.jpg\"><img loading=\"lazy\" decoding=\"async\" width=\"184\" height=\"244\" title=\"IMG_2081\" style=\"display: inline; background-image: none;\" alt=\"IMG_2081\" src=\"https:\/\/volkerontour.de\/wp-content\/uploads\/2025\/12\/IMG_2081_thumb.jpg\" border=\"0\"><\/a>&nbsp;<a href=\"https:\/\/volkerontour.de\/wp-content\/uploads\/2025\/12\/IMG_2076.jpg\"><img loading=\"lazy\" decoding=\"async\" width=\"244\" height=\"184\" title=\"IMG_2076\" style=\"display: inline; background-image: none;\" alt=\"IMG_2076\" src=\"https:\/\/volkerontour.de\/wp-content\/uploads\/2025\/12\/IMG_2076_thumb.jpg\" border=\"0\"><\/a><\/p>\n<p>Direkt auf der anderen Stra\u00dfenseite des Hotel befindet sich ein Wahrzeichen der Stadt: der \u00fcber 300m hohe Kingdom-Tower. Von der Skybridge aus (ganz oben) hat man wohl einen spektakul\u00e4ren Blick \u00fcber die ganze Stadt. Dieser Programmpunkt steht dann am Sonntag noch an.<\/p>\n<p><a href=\"https:\/\/volkerontour.de\/wp-content\/uploads\/2025\/12\/IMG_2080.jpg\"><img loading=\"lazy\" decoding=\"async\" width=\"184\" height=\"244\" title=\"IMG_2080\" style=\"display: inline; background-image: none;\" alt=\"IMG_2080\" src=\"https:\/\/volkerontour.de\/wp-content\/uploads\/2025\/12\/IMG_2080_thumb.jpg\" border=\"0\"><\/a><\/p>\n<p>Ich startete noch zu einem kleinen Abendspaziergang durch die Umgebung. Ein bisschen erinnert mich die Stadt an Doha. Viele Shoppingmalls, Verkehr ohne Ende aber keine Fu\u00dfg\u00e4nger (au\u00dfer mir) weit und breit. Sind wohl alle ziemlich lauffaul, die Araber. Zumindest bin ich mir ziemlich sicher, dass die Stadt von den Sehensw\u00fcrdigkeiten her ein bisschen mehr kann als Doha.<\/p>\n<p><a href=\"https:\/\/volkerontour.de\/wp-content\/uploads\/2025\/12\/IMG_2084.jpg\"><img loading=\"lazy\" decoding=\"async\" width=\"244\" height=\"184\" title=\"IMG_2084\" style=\"display: inline; background-image: none;\" alt=\"IMG_2084\" src=\"https:\/\/volkerontour.de\/wp-content\/uploads\/2025\/12\/IMG_2084_thumb.jpg\" border=\"0\"><\/a>&nbsp;<a href=\"https:\/\/volkerontour.de\/wp-content\/uploads\/2025\/12\/IMG_2083.jpg\"><img loading=\"lazy\" decoding=\"async\" width=\"244\" height=\"184\" title=\"IMG_2083\" style=\"display: inline; background-image: none;\" alt=\"IMG_2083\" src=\"https:\/\/volkerontour.de\/wp-content\/uploads\/2025\/12\/IMG_2083_thumb.jpg\" border=\"0\"><\/a><\/p>\n<p><a href=\"https:\/\/volkerontour.de\/wp-content\/uploads\/2025\/12\/IMG_2085.jpg\"><img loading=\"lazy\" decoding=\"async\" width=\"244\" height=\"184\" title=\"IMG_2085\" style=\"display: inline; background-image: none;\" alt=\"IMG_2085\" src=\"https:\/\/volkerontour.de\/wp-content\/uploads\/2025\/12\/IMG_2085_thumb.jpg\" border=\"0\"><\/a>&nbsp;<a href=\"https:\/\/volkerontour.de\/wp-content\/uploads\/2025\/12\/IMG_2086.jpg\"><img loading=\"lazy\" decoding=\"async\" width=\"244\" height=\"184\" title=\"IMG_2086\" style=\"display: inline; background-image: none;\" alt=\"IMG_2086\" src=\"https:\/\/volkerontour.de\/wp-content\/uploads\/2025\/12\/IMG_2086_thumb.jpg\" border=\"0\"><\/a><\/p>\n<p>Ich werde jetzt mal ein bisschen Schlaf von letzter Nach aufholen. Morgen geht`s dann richtig los mit dem Urlaub.<\/p>\n<p>Erste Gr\u00fc\u00dfe aus Saudi-Arabien und gute Nacht <img decoding=\"async\" class=\"wlEmoticon wlEmoticon-smile\" style=\"\" alt=\"Smile\" src=\"https:\/\/volkerontour.de\/wp-content\/uploads\/2025\/12\/wlEmoticon-smile.png\"><\/p>\n","protected":false},"excerpt":{"rendered":"<p>Donnerstag, 18.12.: Heute gibt`s noch nicht so viel Spannendes zu erz\u00e4hlen, denn ich habe fast den ganzen Tag damit verbracht nach Riad zu kommen. Zur unmenschlichen Zeit um 4 Uhr morgens machte ich mich auf den Weg zum Flughafen Stuttgart, &hellip; <a href=\"https:\/\/volkerontour.de\/?p=45378\">Weiterlesen <span class=\"meta-nav\">&rarr;<\/span><\/a><\/p>\n","protected":false},"author":3,"featured_media":0,"comment_status":"closed","ping_status":"closed","sticky":false,"template":"","format":"standard","meta":{"footnotes":""},"categories":[65],"tags":[],"class_list":["post-45378","post","type-post","status-publish","format-standard","hentry","category-saudi-arabien-2025"],"_links":{"self":[{"href":"https:\/\/volkerontour.de\/index.php?rest_route=\/wp\/v2\/posts\/45378","targetHints":{"allow":["GET"]}}],"collection":[{"href":"https:\/\/volkerontour.de\/index.php?rest_route=\/wp\/v2\/posts"}],"about":[{"href":"https:\/\/volkerontour.de\/index.php?rest_route=\/wp\/v2\/types\/post"}],"author":[{"embeddable":true,"href":"https:\/\/volkerontour.de\/index.php?rest_route=\/wp\/v2\/users\/3"}],"replies":[{"embeddable":true,"href":"https:\/\/volkerontour.de\/index.php?rest_route=%2Fwp%2Fv2%2Fcomments&post=45378"}],"version-history":[{"count":1,"href":"https:\/\/volkerontour.de\/index.php?rest_route=\/wp\/v2\/posts\/45378\/revisions"}],"predecessor-version":[{"id":45379,"href":"https:\/\/volkerontour.de\/index.php?rest_route=\/wp\/v2\/posts\/45378\/revisions\/45379"}],"wp:attachment":[{"href":"https:\/\/volkerontour.de\/index.php?rest_route=%2Fwp%2Fv2%2Fmedia&parent=45378"}],"wp:term":[{"taxonomy":"category","embeddable":true,"href":"https:\/\/volkerontour.de\/index.php?rest_route=%2Fwp%2Fv2%2Fcategories&post=45378"},{"taxonomy":"post_tag","embeddable":true,"href":"https:\/\/volkerontour.de\/index.php?rest_route=%2Fwp%2Fv2%2Ftags&post=45378"}],"curies":[{"name":"wp","href":"https:\/\/api.w.org\/{rel}","templated":true}]}}