{"id":45445,"date":"2025-12-20T09:38:52","date_gmt":"2025-12-20T09:38:52","guid":{"rendered":"https:\/\/volkerontour.de\/?p=45445"},"modified":"2025-12-20T09:38:52","modified_gmt":"2025-12-20T09:38:52","slug":"tag-2-the-edge-of-the-world","status":"publish","type":"post","link":"https:\/\/volkerontour.de\/?p=45445","title":{"rendered":"Tag 2: &quot;The Edge of the World&rdquo;"},"content":{"rendered":"<p>Freitag, 19.12.: Heute war also mein erster \u201crichtiger\u201d Urlaubstag in Saudi-Arabien. Da f\u00fcr den ersten Tag der Rundreise (beginnend am Sonntag) noch eine Citytour durch Riad auf dem Programm steht, konzentrierte ich mich heute auf die Sehensw\u00fcrdigkeiten, die die Tour nicht abdecken wird.<\/p>\n<p>Zun\u00e4chst aber (wie immer) ein paar Zahlen und Fakten zum Land: Mit etwa 2,15 Millionen Quadratkilometern ist Saudi-Arabien etwa 6 mal so gro\u00df wie Deutschland. Daf\u00fcr ist das Land (mit etwa 36 Millionen Einwohnern) eher d\u00fcnn besiedelt. Etwa 30% der Bev\u00f6lkerung sind nicht saudischen Ursprungs. Viele kommen aus asiatischen L\u00e4ndern um hier zu arbeiten. Neben Riad (etwa 8 Millionen Einwohner) sind Dammam, Medina, Jeddah und nat\u00fcrlich Mekka die gr\u00f6\u00dften St\u00e4dte des Landes. Im Landesinneren domminiert die Arabische W\u00fcste, jedoch bietet das Land auch tolle Bergketten-, K\u00fcsten- und Oasenlandschaften. \u00dcber die Religion des Landes gibt es viele (Vor-) Urteile. Es ist sicherlich richtig, dass der Islam in Saudi-Arabien sehr stark ausgepr\u00e4gt ist, und teilweise sehr strikt befolgt wird. Das betrifft auch Touristen. Christliche, oder andere religi\u00f6se Symbole sind absolut tabu. Im \u00f6ffentlichen Raum sind Schultern und Knie jederzeit zu bedecken. Wenn man seinem Gegen\u00fcber etwas \u00fcberreicht, ist stets die (reine) rechte Hand zu benutzen. Die linke Hand gilt als unrein. Hier muss ich (als zumindest Teilzeitlinksh\u00e4nder) hin und wieder gut aufpassen. Andere Vorurteile werden l\u00e4ngst nicht mehr so strikt gehandhabt, wie ich dachte. Sicherlich laufen noch sehr viele Frauen mit dem Niqab (Gesichtsschleier) herum. Jedoch ist dies nicht die Regel und auch nicht verpflichtend. Ich w\u00fcrde sch\u00e4tzen, dass locker 70% der Frauen Ihr Gesicht oder auch ihr Haar zeigen. Sie tragen dann entweder das klassische Kopftuch (Hijab) oder eine Shayla (Schal, der locker um Hals und Kopf gelegt) wird. Die Abaya (klassisches islamische Gewand) an sich ist jedoch f\u00fcr gl\u00e4ubige Frauen ein Muss. Aber auch hier gibt es zwischenzeitlich modern geschnittene oder bestickte Modelle. Am Steuer vieler Autos hier in der Stadt sitzen oft Frauen (selbst wenn ihre M\u00e4nner daneben sitzen). Das war ja bis vor ein paar Jahren auch total un\u00fcblich. Auch die klassische Geschlechtertrennung beispielsweise in Restaurants oder an anderen \u00f6ffentlichen Pl\u00e4tzen habe ich bisher nicht so wahrgenommen. Vielleicht ist das nur hier in der Stadt so\u2026 keine Ahnung. Ich bin ja noch ein paar Tage hier und werde noch ein paar weitere Eindr\u00fccke erhalten. <\/p>\n<p>Nat\u00fcrlich bin ich mir dessen bewusst, dass viele hier viele Dinge nicht so laufen wie bei uns, und deutlich toleranter (um es mal vorsichtig zu sagen) mit einigen Themen umgegangen werden sollte. Aber genau diese Toleranz bringe auch den Menschen und der Kultur entgegen, egal ob ich das alles hier gut oder eben nicht so gut finde.<\/p>\n<p>Sooooo, kommen wir nun zum heutigen Tag. Am Morgen fuhr ich zun\u00e4chst zum \u201cKing Abdullah Financial District\u201d oder kurz KAFD. Das Finanz- und Businessviertel der Stadt beherbergt viele internationale Firmen, Banken und Konzerne. Ein bisschen hat man den Eindruck, als wollten sich die einzelnen Architekten beim Bau gegenseitig \u00fcberbieten. <\/p>\n<p><a href=\"https:\/\/volkerontour.de\/wp-content\/uploads\/2025\/12\/IMG_2088.jpg\"><img loading=\"lazy\" decoding=\"async\" width=\"244\" height=\"184\" title=\"IMG_2088\" style=\"display: inline; background-image: none;\" alt=\"IMG_2088\" src=\"https:\/\/volkerontour.de\/wp-content\/uploads\/2025\/12\/IMG_2088_thumb.jpg\" border=\"0\"><\/a>&nbsp;<a href=\"https:\/\/volkerontour.de\/wp-content\/uploads\/2025\/12\/IMG_2089.jpg\"><img loading=\"lazy\" decoding=\"async\" width=\"244\" height=\"184\" title=\"IMG_2089\" style=\"display: inline; background-image: none;\" alt=\"IMG_2089\" src=\"https:\/\/volkerontour.de\/wp-content\/uploads\/2025\/12\/IMG_2089_thumb.jpg\" border=\"0\"><\/a><\/p>\n<p><a href=\"https:\/\/volkerontour.de\/wp-content\/uploads\/2025\/12\/IMG_2090.jpg\"><img loading=\"lazy\" decoding=\"async\" width=\"244\" height=\"184\" title=\"IMG_2090\" style=\"display: inline; background-image: none;\" alt=\"IMG_2090\" src=\"https:\/\/volkerontour.de\/wp-content\/uploads\/2025\/12\/IMG_2090_thumb.jpg\" border=\"0\"><\/a>&nbsp;<a href=\"https:\/\/volkerontour.de\/wp-content\/uploads\/2025\/12\/IMG_2093.jpg\"><img loading=\"lazy\" decoding=\"async\" width=\"244\" height=\"184\" title=\"IMG_2093\" style=\"display: inline; background-image: none;\" alt=\"IMG_2093\" src=\"https:\/\/volkerontour.de\/wp-content\/uploads\/2025\/12\/IMG_2093_thumb.jpg\" border=\"0\"><\/a><\/p>\n<p>Neben den zahlreichen B\u00fcrogeb\u00e4uden findet man auch zahlreiche Restaurants, Caf\u00e8`s sowie Kunstgalerien. Freitag und Samstag sind im Islam die Wochenendtage, daher war heute leider nicht viel los.<\/p>\n<p><a href=\"https:\/\/volkerontour.de\/wp-content\/uploads\/2025\/12\/IMG_2106-1.jpg\"><img loading=\"lazy\" decoding=\"async\" width=\"244\" height=\"184\" title=\"IMG_2106 (1)\" style=\"display: inline; background-image: none;\" alt=\"IMG_2106 (1)\" src=\"https:\/\/volkerontour.de\/wp-content\/uploads\/2025\/12\/IMG_2106-1_thumb.jpg\" border=\"0\"><\/a>&nbsp;<a href=\"https:\/\/volkerontour.de\/wp-content\/uploads\/2025\/12\/IMG_2107.jpg\"><img loading=\"lazy\" decoding=\"async\" width=\"244\" height=\"184\" title=\"IMG_2107\" style=\"display: inline; background-image: none;\" alt=\"IMG_2107\" src=\"https:\/\/volkerontour.de\/wp-content\/uploads\/2025\/12\/IMG_2107_thumb.jpg\" border=\"0\"><\/a><\/p>\n<p>Und wie \u00fcberall in Riad wird auch im KAFD noch kr\u00e4ftig gebaut\u2026 Ich bin mir sicher, die Stadt wird in 10 Jahren wieder ganz anders aussehen. Hat alles ein bisschen was von \u00dcberbietungswettbewerb.<\/p>\n<p><a href=\"https:\/\/volkerontour.de\/wp-content\/uploads\/2025\/12\/IMG_2104.jpg\"><img loading=\"lazy\" decoding=\"async\" width=\"244\" height=\"184\" title=\"IMG_2104\" style=\"display: inline; background-image: none;\" alt=\"IMG_2104\" src=\"https:\/\/volkerontour.de\/wp-content\/uploads\/2025\/12\/IMG_2104_thumb.jpg\" border=\"0\"><\/a>&nbsp;<a href=\"https:\/\/volkerontour.de\/wp-content\/uploads\/2025\/12\/IMG_2105.jpg\"><img loading=\"lazy\" decoding=\"async\" width=\"244\" height=\"184\" title=\"IMG_2105\" style=\"display: inline; background-image: none;\" alt=\"IMG_2105\" src=\"https:\/\/volkerontour.de\/wp-content\/uploads\/2025\/12\/IMG_2105_thumb.jpg\" border=\"0\"><\/a><\/p>\n<p>Ein absolutes Highlight des Gebietes ist zweifellos auch die Metrostation des KAFD, die sowohl von au\u00dfen, als auch von innen eher wie ein Raumschiff daherkommt. Insgesamt gibt es in Riad 6 Metrolinien, die fast 180km abdecken. Knapp 30 Milliarden Euro hat der Bau gekostet. Kein Wunder bei solchen Stationen. Das Lustige ist allerdings, dass die Z\u00fcge selber wie U-Bahnen in Berlin oder Stuttgart aussehen, und auch genau die selben Ger\u00e4usche machen\u2026 <\/p>\n<p><a href=\"https:\/\/volkerontour.de\/wp-content\/uploads\/2025\/12\/IMG_2095.jpg\"><img loading=\"lazy\" decoding=\"async\" width=\"244\" height=\"184\" title=\"IMG_2095\" style=\"display: inline; background-image: none;\" alt=\"IMG_2095\" src=\"https:\/\/volkerontour.de\/wp-content\/uploads\/2025\/12\/IMG_2095_thumb.jpg\" border=\"0\"><\/a>&nbsp;<a href=\"https:\/\/volkerontour.de\/wp-content\/uploads\/2025\/12\/IMG_2096.jpg\"><img loading=\"lazy\" decoding=\"async\" width=\"244\" height=\"184\" title=\"IMG_2096\" style=\"display: inline; background-image: none;\" alt=\"IMG_2096\" src=\"https:\/\/volkerontour.de\/wp-content\/uploads\/2025\/12\/IMG_2096_thumb.jpg\" border=\"0\"><\/a><\/p>\n<p><a href=\"https:\/\/volkerontour.de\/wp-content\/uploads\/2025\/12\/IMG_2097-1.jpg\"><img loading=\"lazy\" decoding=\"async\" width=\"244\" height=\"184\" title=\"IMG_2097 (1)\" style=\"display: inline; background-image: none;\" alt=\"IMG_2097 (1)\" src=\"https:\/\/volkerontour.de\/wp-content\/uploads\/2025\/12\/IMG_2097-1_thumb.jpg\" border=\"0\"><\/a>&nbsp;<a href=\"https:\/\/volkerontour.de\/wp-content\/uploads\/2025\/12\/IMG_2098.jpg\"><img loading=\"lazy\" decoding=\"async\" width=\"244\" height=\"184\" title=\"IMG_2098\" style=\"display: inline; background-image: none;\" alt=\"IMG_2098\" src=\"https:\/\/volkerontour.de\/wp-content\/uploads\/2025\/12\/IMG_2098_thumb.jpg\" border=\"0\"><\/a><\/p>\n<p><a href=\"https:\/\/volkerontour.de\/wp-content\/uploads\/2025\/12\/IMG_2100.jpg\"><img loading=\"lazy\" decoding=\"async\" width=\"244\" height=\"184\" title=\"IMG_2100\" style=\"display: inline; background-image: none;\" alt=\"IMG_2100\" src=\"https:\/\/volkerontour.de\/wp-content\/uploads\/2025\/12\/IMG_2100_thumb.jpg\" border=\"0\"><\/a>&nbsp;<a href=\"https:\/\/volkerontour.de\/wp-content\/uploads\/2025\/12\/IMG_2102.jpg\"><img loading=\"lazy\" decoding=\"async\" width=\"244\" height=\"184\" title=\"IMG_2102\" style=\"display: inline; background-image: none;\" alt=\"IMG_2102\" src=\"https:\/\/volkerontour.de\/wp-content\/uploads\/2025\/12\/IMG_2102_thumb.jpg\" border=\"0\"><\/a><\/p>\n<p>F\u00fcr den Nachmittag hatte ich einen Ausflug zum \u201cEgde of the World\u201d gebucht. Der Rand der Welt liegt etwa 90 km nordwestlich von Riad auf der Najd-Hochebene. Mit Allradfahrzeugen dauerte es etwa 90 Minuten bis wir den Nationalpark erreicht hatten. Der letzte Teil \u00fcber die felsige Hochebene wurde dann komplett offroad durchquert.<\/p>\n<p><a href=\"https:\/\/volkerontour.de\/wp-content\/uploads\/2025\/12\/IMG_2112.jpg\"><img loading=\"lazy\" decoding=\"async\" width=\"244\" height=\"184\" title=\"IMG_2112\" style=\"display: inline; background-image: none;\" alt=\"IMG_2112\" src=\"https:\/\/volkerontour.de\/wp-content\/uploads\/2025\/12\/IMG_2112_thumb.jpg\" border=\"0\"><\/a>&nbsp;<a href=\"https:\/\/volkerontour.de\/wp-content\/uploads\/2025\/12\/IMG_2113.jpg\"><img loading=\"lazy\" decoding=\"async\" width=\"244\" height=\"184\" title=\"IMG_2113\" style=\"display: inline; background-image: none;\" alt=\"IMG_2113\" src=\"https:\/\/volkerontour.de\/wp-content\/uploads\/2025\/12\/IMG_2113_thumb.jpg\" border=\"0\"><\/a><\/p>\n<p><a href=\"https:\/\/volkerontour.de\/wp-content\/uploads\/2025\/12\/IMG_2115-1.jpg\"><img loading=\"lazy\" decoding=\"async\" width=\"244\" height=\"184\" title=\"IMG_2115 (1)\" style=\"display: inline; background-image: none;\" alt=\"IMG_2115 (1)\" src=\"https:\/\/volkerontour.de\/wp-content\/uploads\/2025\/12\/IMG_2115-1_thumb.jpg\" border=\"0\"><\/a>&nbsp;<a href=\"https:\/\/volkerontour.de\/wp-content\/uploads\/2025\/12\/IMG_2116.jpg\"><img loading=\"lazy\" decoding=\"async\" width=\"244\" height=\"184\" title=\"IMG_2116\" style=\"display: inline; background-image: none;\" alt=\"IMG_2116\" src=\"https:\/\/volkerontour.de\/wp-content\/uploads\/2025\/12\/IMG_2116_thumb.jpg\" border=\"0\"><\/a><\/p>\n<p>Der Name dieser Attraktion erschlie\u00dft sich dem Besucher recht schnell: The edge of the World sind steil abfallende Felsklippen (bis zu 300m) mit einem unglaublichen Ausblick auf eine kilometerweite, flache W\u00fcstenebene, ohne jegliche Referenzpunkte, so dass man unweigerlich den Eindruck gewinnen muss, dass die Welt hier endet. <\/p>\n<p><a href=\"https:\/\/volkerontour.de\/wp-content\/uploads\/2025\/12\/IMG_2120-1.jpg\"><img loading=\"lazy\" decoding=\"async\" width=\"244\" height=\"184\" title=\"IMG_2120 (1)\" style=\"display: inline; background-image: none;\" alt=\"IMG_2120 (1)\" src=\"https:\/\/volkerontour.de\/wp-content\/uploads\/2025\/12\/IMG_2120-1_thumb.jpg\" border=\"0\"><\/a>&nbsp;<a href=\"https:\/\/volkerontour.de\/wp-content\/uploads\/2025\/12\/IMG_2125.jpg\"><img loading=\"lazy\" decoding=\"async\" width=\"244\" height=\"184\" title=\"IMG_2125\" style=\"display: inline; background-image: none;\" alt=\"IMG_2125\" src=\"https:\/\/volkerontour.de\/wp-content\/uploads\/2025\/12\/IMG_2125_thumb.jpg\" border=\"0\"><\/a><\/p>\n<p><a href=\"https:\/\/volkerontour.de\/wp-content\/uploads\/2025\/12\/IMG_2129.jpg\"><img loading=\"lazy\" decoding=\"async\" width=\"244\" height=\"184\" title=\"IMG_2129\" style=\"display: inline; background-image: none;\" alt=\"IMG_2129\" src=\"https:\/\/volkerontour.de\/wp-content\/uploads\/2025\/12\/IMG_2129_thumb.jpg\" border=\"0\"><\/a>&nbsp;<a href=\"https:\/\/volkerontour.de\/wp-content\/uploads\/2025\/12\/IMG_2130-1.jpg\"><img loading=\"lazy\" decoding=\"async\" width=\"244\" height=\"184\" title=\"IMG_2130 (1)\" style=\"display: inline; background-image: none;\" alt=\"IMG_2130 (1)\" src=\"https:\/\/volkerontour.de\/wp-content\/uploads\/2025\/12\/IMG_2130-1_thumb.jpg\" border=\"0\"><\/a><\/p>\n<p>Es gab einen kleinen Wanderweg, \u00fcber den man zu den verschiedenen Felsvorspr\u00fcngen laufen konnte. Der Blick (sowohl auf die Felsen, als auch in die Weite) ist wirklich unglaublich.<\/p>\n<p><a href=\"https:\/\/volkerontour.de\/wp-content\/uploads\/2025\/12\/IMG_2134.jpg\"><img loading=\"lazy\" decoding=\"async\" width=\"184\" height=\"244\" title=\"IMG_2134\" style=\"display: inline; background-image: none;\" alt=\"IMG_2134\" src=\"https:\/\/volkerontour.de\/wp-content\/uploads\/2025\/12\/IMG_2134_thumb.jpg\" border=\"0\"><\/a>&nbsp;<a href=\"https:\/\/volkerontour.de\/wp-content\/uploads\/2025\/12\/IMG_7366.jpg\"><img loading=\"lazy\" decoding=\"async\" width=\"184\" height=\"244\" title=\"IMG_7366\" style=\"display: inline; background-image: none;\" alt=\"IMG_7366\" src=\"https:\/\/volkerontour.de\/wp-content\/uploads\/2025\/12\/IMG_7366_thumb.jpg\" border=\"0\"><\/a><\/p>\n<p>Mein Vater w\u00fcrde sagen: \u201cSicherheitstechnisch nicht einwandfrei!\u201d, was auch komplett der Wahrheit entspricht, zumal (vor allem vor dem Sonnenuntergang) richtig viel Betrieb auf den Felsen war und es auch gut gewindet hat.<\/p>\n<p><a href=\"https:\/\/volkerontour.de\/wp-content\/uploads\/2025\/12\/IMG_7363.jpg\"><img loading=\"lazy\" decoding=\"async\" width=\"244\" height=\"184\" title=\"IMG_7363\" style=\"display: inline; background-image: none;\" alt=\"IMG_7363\" src=\"https:\/\/volkerontour.de\/wp-content\/uploads\/2025\/12\/IMG_7363_thumb.jpg\" border=\"0\"><\/a>&nbsp;<a href=\"https:\/\/volkerontour.de\/wp-content\/uploads\/2025\/12\/IMG_7364.jpg\"><img loading=\"lazy\" decoding=\"async\" width=\"244\" height=\"184\" title=\"IMG_7364\" style=\"display: inline; background-image: none;\" alt=\"IMG_7364\" src=\"https:\/\/volkerontour.de\/wp-content\/uploads\/2025\/12\/IMG_7364_thumb.jpg\" border=\"0\"><\/a><\/p>\n<p><a href=\"https:\/\/volkerontour.de\/wp-content\/uploads\/2025\/12\/IMG_7368.jpg\"><img loading=\"lazy\" decoding=\"async\" width=\"244\" height=\"184\" title=\"IMG_7368\" style=\"display: inline; background-image: none;\" alt=\"IMG_7368\" src=\"https:\/\/volkerontour.de\/wp-content\/uploads\/2025\/12\/IMG_7368_thumb.jpg\" border=\"0\"><\/a>&nbsp;<a href=\"https:\/\/volkerontour.de\/wp-content\/uploads\/2025\/12\/IMG_2151-1.jpg\"><img loading=\"lazy\" decoding=\"async\" width=\"244\" height=\"184\" title=\"IMG_2151 (1)\" style=\"display: inline; background-image: none;\" alt=\"IMG_2151 (1)\" src=\"https:\/\/volkerontour.de\/wp-content\/uploads\/2025\/12\/IMG_2151-1_thumb.jpg\" border=\"0\"><\/a><\/p>\n<p>Wie findet Ihr den Sonnenuntergang? Trotz der vielen Touris wirklich sehenswert.<\/p>\n<p><a href=\"https:\/\/volkerontour.de\/wp-content\/uploads\/2025\/12\/IMG_2146.jpg\"><img loading=\"lazy\" decoding=\"async\" width=\"244\" height=\"184\" title=\"IMG_2146\" style=\"display: inline; background-image: none;\" alt=\"IMG_2146\" src=\"https:\/\/volkerontour.de\/wp-content\/uploads\/2025\/12\/IMG_2146_thumb.jpg\" border=\"0\"><\/a>&nbsp;<a href=\"https:\/\/volkerontour.de\/wp-content\/uploads\/2025\/12\/IMG_2147-1.jpg\"><img loading=\"lazy\" decoding=\"async\" width=\"244\" height=\"184\" title=\"IMG_2147 (1)\" style=\"display: inline; background-image: none;\" alt=\"IMG_2147 (1)\" src=\"https:\/\/volkerontour.de\/wp-content\/uploads\/2025\/12\/IMG_2147-1_thumb.jpg\" border=\"0\"><\/a><\/p>\n<p>Gegen 20 Uhr war dann noch kurz Zeit f\u00fcr ein schnelles Training im hoteleigenen Fitti. <img decoding=\"async\" class=\"wlEmoticon wlEmoticon-smile\" style=\"\" alt=\"Smile\" src=\"https:\/\/volkerontour.de\/wp-content\/uploads\/2025\/12\/wlEmoticon-smile-1.png\"><\/p>\n<p><a href=\"https:\/\/volkerontour.de\/wp-content\/uploads\/2025\/12\/IMG_2153.jpg\"><img loading=\"lazy\" decoding=\"async\" width=\"244\" height=\"184\" title=\"IMG_2153\" style=\"display: inline; background-image: none;\" alt=\"IMG_2153\" src=\"https:\/\/volkerontour.de\/wp-content\/uploads\/2025\/12\/IMG_2153_thumb.jpg\" border=\"0\"><\/a>&nbsp;<a href=\"https:\/\/volkerontour.de\/wp-content\/uploads\/2025\/12\/IMG_2154-1.jpg\"><img loading=\"lazy\" decoding=\"async\" width=\"244\" height=\"184\" title=\"IMG_2154 (1)\" style=\"display: inline; background-image: none;\" alt=\"IMG_2154 (1)\" src=\"https:\/\/volkerontour.de\/wp-content\/uploads\/2025\/12\/IMG_2154-1_thumb.jpg\" border=\"0\"><\/a><\/p>\n<p>F\u00fcr morgen habe ich ich gerade noch nicht so viel vor, da (wie geschrieben) auch in der Citytour bereits einiges inkludiert ist. Ich werde mich nochmal einlesen, ansonsten ein bisschen entspannen.<\/p>\n<p>Bis morgen dann und gute Nacht! <img decoding=\"async\" class=\"wlEmoticon wlEmoticon-smile\" style=\"\" alt=\"Smile\" src=\"https:\/\/volkerontour.de\/wp-content\/uploads\/2025\/12\/wlEmoticon-smile-1.png\"><\/p>\n","protected":false},"excerpt":{"rendered":"<p>Freitag, 19.12.: Heute war also mein erster \u201crichtiger\u201d Urlaubstag in Saudi-Arabien. Da f\u00fcr den ersten Tag der Rundreise (beginnend am Sonntag) noch eine Citytour durch Riad auf dem Programm steht, konzentrierte ich mich heute auf die Sehensw\u00fcrdigkeiten, die die Tour &hellip; <a href=\"https:\/\/volkerontour.de\/?p=45445\">Weiterlesen <span class=\"meta-nav\">&rarr;<\/span><\/a><\/p>\n","protected":false},"author":3,"featured_media":0,"comment_status":"closed","ping_status":"closed","sticky":false,"template":"","format":"standard","meta":{"footnotes":""},"categories":[65],"tags":[],"class_list":["post-45445","post","type-post","status-publish","format-standard","hentry","category-saudi-arabien-2025"],"_links":{"self":[{"href":"https:\/\/volkerontour.de\/index.php?rest_route=\/wp\/v2\/posts\/45445","targetHints":{"allow":["GET"]}}],"collection":[{"href":"https:\/\/volkerontour.de\/index.php?rest_route=\/wp\/v2\/posts"}],"about":[{"href":"https:\/\/volkerontour.de\/index.php?rest_route=\/wp\/v2\/types\/post"}],"author":[{"embeddable":true,"href":"https:\/\/volkerontour.de\/index.php?rest_route=\/wp\/v2\/users\/3"}],"replies":[{"embeddable":true,"href":"https:\/\/volkerontour.de\/index.php?rest_route=%2Fwp%2Fv2%2Fcomments&post=45445"}],"version-history":[{"count":1,"href":"https:\/\/volkerontour.de\/index.php?rest_route=\/wp\/v2\/posts\/45445\/revisions"}],"predecessor-version":[{"id":45446,"href":"https:\/\/volkerontour.de\/index.php?rest_route=\/wp\/v2\/posts\/45445\/revisions\/45446"}],"wp:attachment":[{"href":"https:\/\/volkerontour.de\/index.php?rest_route=%2Fwp%2Fv2%2Fmedia&parent=45445"}],"wp:term":[{"taxonomy":"category","embeddable":true,"href":"https:\/\/volkerontour.de\/index.php?rest_route=%2Fwp%2Fv2%2Fcategories&post=45445"},{"taxonomy":"post_tag","embeddable":true,"href":"https:\/\/volkerontour.de\/index.php?rest_route=%2Fwp%2Fv2%2Ftags&post=45445"}],"curies":[{"name":"wp","href":"https:\/\/api.w.org\/{rel}","templated":true}]}}