{"id":45590,"date":"2025-12-21T18:45:25","date_gmt":"2025-12-21T18:45:25","guid":{"rendered":"https:\/\/volkerontour.de\/?p=45590"},"modified":"2025-12-21T18:45:25","modified_gmt":"2025-12-21T18:45:25","slug":"tag-4-riad-city-tour","status":"publish","type":"post","link":"https:\/\/volkerontour.de\/?p=45590","title":{"rendered":"Tag 4: Riad City Tour"},"content":{"rendered":"<p>Sonntag, 21.12.: Nachdem ich die Nachtruhe gestern Abend allein antrat, so wachte ich heute Morgen neben Rainer aus M\u00fcnchen auf. Er war erst nachts um 3 Uhr in Riad angekommen und wird sich nun f\u00fcr den Rest der Reise das Zimmer mit mir teilen.<\/p>\n<p>Um 8 Uhr heute Morgen lernten wir dann den Rest unserer Gruppe kennen. Dabei sind noch zwei allein reisende M\u00e4dels, sowie ein Ehepaar. Alle scheinen sehr reiseerfahren zu sein. Unser Guide Atef ist geb\u00fcrtiger Jordanier, f\u00fchrt aber seit einer Weile auch Touren in Saudi-Arabien durch. Nach eigenen Angaben raucht er t\u00e4glich etwa 40 Zigaretten, was man auch an seiner Stimme deutlich h\u00f6rt. In unserem komfortablen Reisebus starteten wir dann zu unserer heutigen Tour durch Riad.<\/p>\n<p><a href=\"https:\/\/volkerontour.de\/wp-content\/uploads\/2025\/12\/IMG_2213.jpg\"><img loading=\"lazy\" decoding=\"async\" width=\"244\" height=\"184\" title=\"IMG_2213\" style=\"display: inline; background-image: none;\" alt=\"IMG_2213\" src=\"https:\/\/volkerontour.de\/wp-content\/uploads\/2025\/12\/IMG_2213_thumb.jpg\" border=\"0\"><\/a><\/p>\n<p>Bereits gestern war ich ja kurz an der Masmak-Festung. Das 1902 komplett aus Lehm und Palmenholz gefertigte Wahrzeichen der Stadt ist f\u00fcr viele Saudis ein Symbol f\u00fcr Nationalstolz und St\u00e4rke. Wir hatten Gl\u00fcck, und durften die Festung von innen besichtigen. Neben historischen Artefakten und traditionellen Waffen sind auch zahlreiche Kleidungsst\u00fccke und Alltagsgegenst\u00e4nde dieser Zeit ausgestellt.<\/p>\n<p><a href=\"https:\/\/volkerontour.de\/wp-content\/uploads\/2025\/12\/IMG_2220.jpg\"><img loading=\"lazy\" decoding=\"async\" width=\"244\" height=\"184\" title=\"IMG_2220\" style=\"display: inline; background-image: none;\" alt=\"IMG_2220\" src=\"https:\/\/volkerontour.de\/wp-content\/uploads\/2025\/12\/IMG_2220_thumb.jpg\" border=\"0\"><\/a>&nbsp;<a href=\"https:\/\/volkerontour.de\/wp-content\/uploads\/2025\/12\/IMG_2215.jpg\"><img loading=\"lazy\" decoding=\"async\" width=\"244\" height=\"184\" title=\"IMG_2215\" style=\"display: inline; background-image: none;\" alt=\"IMG_2215\" src=\"https:\/\/volkerontour.de\/wp-content\/uploads\/2025\/12\/IMG_2215_thumb.jpg\" border=\"0\"><\/a><\/p>\n<p><a href=\"https:\/\/volkerontour.de\/wp-content\/uploads\/2025\/12\/IMG_2218.jpg\"><img loading=\"lazy\" decoding=\"async\" width=\"244\" height=\"184\" title=\"IMG_2218\" style=\"display: inline; background-image: none;\" alt=\"IMG_2218\" src=\"https:\/\/volkerontour.de\/wp-content\/uploads\/2025\/12\/IMG_2218_thumb.jpg\" border=\"0\"><\/a>&nbsp;<a href=\"https:\/\/volkerontour.de\/wp-content\/uploads\/2025\/12\/IMG_2219.jpg\"><img loading=\"lazy\" decoding=\"async\" width=\"244\" height=\"184\" title=\"IMG_2219\" style=\"display: inline; background-image: none;\" alt=\"IMG_2219\" src=\"https:\/\/volkerontour.de\/wp-content\/uploads\/2025\/12\/IMG_2219_thumb.jpg\" border=\"0\"><\/a><\/p>\n<p>Weiter ging es zum Murabba-Palast, der von K\u00f6nig Abdulazziz in den 1930ern erbaut wurde. Von au\u00dfen recht unspektakul\u00e4r, bietet er innen einen ausf\u00fchrlichen Einblick in das Leben der K\u00f6nigsfamilie. Auch die (f\u00fcr diese Zeit) stattliche Autosammlung des K\u00f6nigs war zu bestaunen.<\/p>\n<p><a href=\"https:\/\/volkerontour.de\/wp-content\/uploads\/2025\/12\/IMG_2224.jpg\"><img loading=\"lazy\" decoding=\"async\" width=\"244\" height=\"184\" title=\"IMG_2224\" style=\"display: inline; background-image: none;\" alt=\"IMG_2224\" src=\"https:\/\/volkerontour.de\/wp-content\/uploads\/2025\/12\/IMG_2224_thumb.jpg\" border=\"0\"><\/a>&nbsp;<a href=\"https:\/\/volkerontour.de\/wp-content\/uploads\/2025\/12\/IMG_2225.jpg\"><img loading=\"lazy\" decoding=\"async\" width=\"244\" height=\"184\" title=\"IMG_2225\" style=\"display: inline; background-image: none;\" alt=\"IMG_2225\" src=\"https:\/\/volkerontour.de\/wp-content\/uploads\/2025\/12\/IMG_2225_thumb.jpg\" border=\"0\"><\/a><\/p>\n<p><a href=\"https:\/\/volkerontour.de\/wp-content\/uploads\/2025\/12\/IMG_2222.jpg\"><img loading=\"lazy\" decoding=\"async\" width=\"244\" height=\"184\" title=\"IMG_2222\" style=\"display: inline; background-image: none;\" alt=\"IMG_2222\" src=\"https:\/\/volkerontour.de\/wp-content\/uploads\/2025\/12\/IMG_2222_thumb.jpg\" border=\"0\"><\/a>&nbsp;<a href=\"https:\/\/volkerontour.de\/wp-content\/uploads\/2025\/12\/IMG_2223.jpg\"><img loading=\"lazy\" decoding=\"async\" width=\"244\" height=\"184\" title=\"IMG_2223\" style=\"display: inline; background-image: none;\" alt=\"IMG_2223\" src=\"https:\/\/volkerontour.de\/wp-content\/uploads\/2025\/12\/IMG_2223_thumb.jpg\" border=\"0\"><\/a><\/p>\n<p>Den gr\u00f6\u00dften Teil der Zeit planten wir f\u00fcr das riesige Nationalmuseum ein. Aber Pustekuchen! Leider heute geschlossen. H\u00e4tte man ja eventuell vorher wissen k\u00f6nnen <img decoding=\"async\" class=\"wlEmoticon wlEmoticon-smilewithtongueout\" style=\"\" alt=\"Smile with tongue out\" src=\"https:\/\/volkerontour.de\/wp-content\/uploads\/2025\/12\/wlEmoticon-smilewithtongueout.png\"> Also wurde dieser Programmpunkt auf morgen verschoben.<\/p>\n<p><a href=\"https:\/\/volkerontour.de\/wp-content\/uploads\/2025\/12\/IMG_2226.jpg\"><img loading=\"lazy\" decoding=\"async\" width=\"244\" height=\"184\" title=\"IMG_2226\" style=\"display: inline; background-image: none;\" alt=\"IMG_2226\" src=\"https:\/\/volkerontour.de\/wp-content\/uploads\/2025\/12\/IMG_2226_thumb.jpg\" border=\"0\"><\/a>&nbsp;<a href=\"https:\/\/volkerontour.de\/wp-content\/uploads\/2025\/12\/IMG_2227.jpg\"><img loading=\"lazy\" decoding=\"async\" width=\"244\" height=\"184\" title=\"IMG_2227\" style=\"display: inline; background-image: none;\" alt=\"IMG_2227\" src=\"https:\/\/volkerontour.de\/wp-content\/uploads\/2025\/12\/IMG_2227_thumb.jpg\" border=\"0\"><\/a><\/p>\n<p>Es gab etwa 2 Stunden Zeit totzuschlagen\u2026 also besuchten wir wieder einen Markt (der \u00e4hnlich unspektakul\u00e4r war, wie der von gestern)\u2026<\/p>\n<p><a href=\"https:\/\/volkerontour.de\/wp-content\/uploads\/2025\/12\/IMG_2228.jpg\"><img loading=\"lazy\" decoding=\"async\" width=\"244\" height=\"184\" title=\"IMG_2228\" style=\"display: inline; background-image: none;\" alt=\"IMG_2228\" src=\"https:\/\/volkerontour.de\/wp-content\/uploads\/2025\/12\/IMG_2228_thumb.jpg\" border=\"0\"><\/a>&nbsp;<a href=\"https:\/\/volkerontour.de\/wp-content\/uploads\/2025\/12\/IMG_2229.jpg\"><img loading=\"lazy\" decoding=\"async\" width=\"244\" height=\"184\" title=\"IMG_2229\" style=\"display: inline; background-image: none;\" alt=\"IMG_2229\" src=\"https:\/\/volkerontour.de\/wp-content\/uploads\/2025\/12\/IMG_2229_thumb.jpg\" border=\"0\"><\/a><\/p>\n<p>\u2026und tranken ein K\u00e4ffchen in der Sonne. Heute war es zumindest mal ein bisschen w\u00e4rmer als noch die ersten beiden Tage <img decoding=\"async\" class=\"wlEmoticon wlEmoticon-smile\" style=\"\" alt=\"Smile\" src=\"https:\/\/volkerontour.de\/wp-content\/uploads\/2025\/12\/wlEmoticon-smile-2.png\"><\/p>\n<p><a href=\"https:\/\/volkerontour.de\/wp-content\/uploads\/2025\/12\/IMG_2232.jpg\"><img loading=\"lazy\" decoding=\"async\" width=\"244\" height=\"184\" title=\"IMG_2232\" style=\"display: inline; background-image: none;\" alt=\"IMG_2232\" src=\"https:\/\/volkerontour.de\/wp-content\/uploads\/2025\/12\/IMG_2232_thumb.jpg\" border=\"0\"><\/a>&nbsp;<a href=\"https:\/\/volkerontour.de\/wp-content\/uploads\/2025\/12\/IMG_2231.jpg\"><img loading=\"lazy\" decoding=\"async\" width=\"244\" height=\"184\" title=\"IMG_2231\" style=\"display: inline; background-image: none;\" alt=\"IMG_2231\" src=\"https:\/\/volkerontour.de\/wp-content\/uploads\/2025\/12\/IMG_2231_thumb.jpg\" border=\"0\"><\/a><\/p>\n<p>Am Nachmittag besuchten wir dann \u201cDiriyah\u201d, die erste Hauptstadt des ersten saudischen Staates. Bis 1818 war die Stadt ein bedeutender und religi\u00f6ser Mittelpunkt der Region. Sp\u00e4ter wurde Sie von den Omanen erobert und fast komplett zerst\u00f6rt. Der historische Bezirk \u201cAt-Tuarif\u201d wurde 2010 zum UNESCO-Weltkulturerbe erkl\u00e4rt. Wir konnten das ehrlich gesagt nicht ganz verstehen, da viele Geb\u00e4ude doch relativ schlecht (und billig) restauriert wurden.<\/p>\n<p><a href=\"https:\/\/volkerontour.de\/wp-content\/uploads\/2025\/12\/IMG_2237.jpg\"><img loading=\"lazy\" decoding=\"async\" width=\"244\" height=\"184\" title=\"IMG_2237\" style=\"display: inline; background-image: none;\" alt=\"IMG_2237\" src=\"https:\/\/volkerontour.de\/wp-content\/uploads\/2025\/12\/IMG_2237_thumb.jpg\" border=\"0\"><\/a>&nbsp;<a href=\"https:\/\/volkerontour.de\/wp-content\/uploads\/2025\/12\/IMG_2238.jpg\"><img loading=\"lazy\" decoding=\"async\" width=\"244\" height=\"184\" title=\"IMG_2238\" style=\"display: inline; background-image: none;\" alt=\"IMG_2238\" src=\"https:\/\/volkerontour.de\/wp-content\/uploads\/2025\/12\/IMG_2238_thumb.jpg\" border=\"0\"><\/a><\/p>\n<p><a href=\"https:\/\/volkerontour.de\/wp-content\/uploads\/2025\/12\/IMG_2239.jpg\"><img loading=\"lazy\" decoding=\"async\" width=\"244\" height=\"184\" title=\"IMG_2239\" style=\"display: inline; background-image: none;\" alt=\"IMG_2239\" src=\"https:\/\/volkerontour.de\/wp-content\/uploads\/2025\/12\/IMG_2239_thumb.jpg\" border=\"0\"><\/a>&nbsp;<a href=\"https:\/\/volkerontour.de\/wp-content\/uploads\/2025\/12\/IMG_2244.jpg\"><img loading=\"lazy\" decoding=\"async\" width=\"244\" height=\"184\" title=\"IMG_2244\" style=\"display: inline; background-image: none;\" alt=\"IMG_2244\" src=\"https:\/\/volkerontour.de\/wp-content\/uploads\/2025\/12\/IMG_2244_thumb.jpg\" border=\"0\"><\/a><\/p>\n<p><a href=\"https:\/\/volkerontour.de\/wp-content\/uploads\/2025\/12\/IMG_2245.jpg\"><img loading=\"lazy\" decoding=\"async\" width=\"244\" height=\"184\" title=\"IMG_2245\" style=\"display: inline; background-image: none;\" alt=\"IMG_2245\" src=\"https:\/\/volkerontour.de\/wp-content\/uploads\/2025\/12\/IMG_2245_thumb.jpg\" border=\"0\"><\/a>&nbsp;<a href=\"https:\/\/volkerontour.de\/wp-content\/uploads\/2025\/12\/IMG_2246.jpg\"><img loading=\"lazy\" decoding=\"async\" width=\"244\" height=\"184\" title=\"IMG_2246\" style=\"display: inline; background-image: none;\" alt=\"IMG_2246\" src=\"https:\/\/volkerontour.de\/wp-content\/uploads\/2025\/12\/IMG_2246_thumb.jpg\" border=\"0\"><\/a><\/p>\n<p>Ein neu erbauter Teil Diriyah`s ist die \u201cBujairi Terrace\u201d. Hier finden sich zahlreiche sch\u00f6ne und gem\u00fctliche Restaurants oder Caf\u00e8`s. <\/p>\n<p><a href=\"https:\/\/volkerontour.de\/wp-content\/uploads\/2025\/12\/IMG_2234.jpg\"><img loading=\"lazy\" decoding=\"async\" width=\"244\" height=\"184\" title=\"IMG_2234\" style=\"display: inline; background-image: none;\" alt=\"IMG_2234\" src=\"https:\/\/volkerontour.de\/wp-content\/uploads\/2025\/12\/IMG_2234_thumb.jpg\" border=\"0\"><\/a>&nbsp;<a href=\"https:\/\/volkerontour.de\/wp-content\/uploads\/2025\/12\/IMG_2235.jpg\"><img loading=\"lazy\" decoding=\"async\" width=\"244\" height=\"184\" title=\"IMG_2235\" style=\"display: inline; background-image: none;\" alt=\"IMG_2235\" src=\"https:\/\/volkerontour.de\/wp-content\/uploads\/2025\/12\/IMG_2235_thumb.jpg\" border=\"0\"><\/a><\/p>\n<p><a href=\"https:\/\/volkerontour.de\/wp-content\/uploads\/2025\/12\/IMG_2252.jpg\"><img loading=\"lazy\" decoding=\"async\" width=\"244\" height=\"184\" title=\"IMG_2252\" style=\"display: inline; background-image: none;\" alt=\"IMG_2252\" src=\"https:\/\/volkerontour.de\/wp-content\/uploads\/2025\/12\/IMG_2252_thumb.jpg\" border=\"0\"><\/a>&nbsp;<a href=\"https:\/\/volkerontour.de\/wp-content\/uploads\/2025\/12\/IMG_2253.jpg\"><img loading=\"lazy\" decoding=\"async\" width=\"244\" height=\"184\" title=\"IMG_2253\" style=\"display: inline; background-image: none;\" alt=\"IMG_2253\" src=\"https:\/\/volkerontour.de\/wp-content\/uploads\/2025\/12\/IMG_2253_thumb.jpg\" border=\"0\"><\/a><\/p>\n<p>\u00dcbrigens: Wenn man in Saudi-Arabien auf die Toilette gehen m\u00f6chte, sollte man sich sicher sein, dass man durch die richtige T\u00fcr geht. Lieber zweimal hinschauen <img decoding=\"async\" class=\"wlEmoticon wlEmoticon-winkingsmile\" style=\"\" alt=\"Winking smile\" src=\"https:\/\/volkerontour.de\/wp-content\/uploads\/2025\/12\/wlEmoticon-winkingsmile-1.png\"><\/p>\n<p><a href=\"https:\/\/volkerontour.de\/wp-content\/uploads\/2025\/12\/IMG_2249.jpg\"><img loading=\"lazy\" decoding=\"async\" width=\"184\" height=\"244\" title=\"IMG_2249\" style=\"display: inline; background-image: none;\" alt=\"IMG_2249\" src=\"https:\/\/volkerontour.de\/wp-content\/uploads\/2025\/12\/IMG_2249_thumb.jpg\" border=\"0\"><\/a><\/p>\n<p>Hier die Aufl\u00f6sung <img decoding=\"async\" class=\"wlEmoticon wlEmoticon-smile\" style=\"\" alt=\"Smile\" src=\"https:\/\/volkerontour.de\/wp-content\/uploads\/2025\/12\/wlEmoticon-smile-2.png\"><\/p>\n<p><a href=\"https:\/\/volkerontour.de\/wp-content\/uploads\/2025\/12\/IMG_2250.jpg\"><img loading=\"lazy\" decoding=\"async\" width=\"184\" height=\"244\" title=\"IMG_2250\" style=\"display: inline; background-image: none;\" alt=\"IMG_2250\" src=\"https:\/\/volkerontour.de\/wp-content\/uploads\/2025\/12\/IMG_2250_thumb.jpg\" border=\"0\"><\/a>&nbsp;<a href=\"https:\/\/volkerontour.de\/wp-content\/uploads\/2025\/12\/IMG_2251.jpg\"><img loading=\"lazy\" decoding=\"async\" width=\"184\" height=\"244\" title=\"IMG_2251\" style=\"display: inline; background-image: none;\" alt=\"IMG_2251\" src=\"https:\/\/volkerontour.de\/wp-content\/uploads\/2025\/12\/IMG_2251_thumb.jpg\" border=\"0\"><\/a><\/p>\n<p>Am Abend besuchten wir dann gemeinsam das Kingdom Center. Im Hilton Hotel gegen\u00fcber war ich ja die ersten beiden N\u00e4chte untergebracht\u2026 <\/p>\n<p>Da einige von uns (inkl. mir) seit dem Fr\u00fchst\u00fcck nichts mehr gegessen hatten, entschieden wir uns zun\u00e4chst einmal das Dinner im Foodcourt der Shopping Mall einzunehmen.<\/p>\n<p><a href=\"https:\/\/volkerontour.de\/wp-content\/uploads\/2025\/12\/IMG_2254.jpg\"><img loading=\"lazy\" decoding=\"async\" width=\"244\" height=\"184\" title=\"IMG_2254\" style=\"display: inline; background-image: none;\" alt=\"IMG_2254\" src=\"https:\/\/volkerontour.de\/wp-content\/uploads\/2025\/12\/IMG_2254_thumb.jpg\" border=\"0\"><\/a>&nbsp;<a href=\"https:\/\/volkerontour.de\/wp-content\/uploads\/2025\/12\/IMG_2255.jpg\"><img loading=\"lazy\" decoding=\"async\" width=\"244\" height=\"184\" title=\"IMG_2255\" style=\"display: inline; background-image: none;\" alt=\"IMG_2255\" src=\"https:\/\/volkerontour.de\/wp-content\/uploads\/2025\/12\/IMG_2255_thumb.jpg\" border=\"0\"><\/a><\/p>\n<p>F\u00fcnf andere Namen lernen sich relativ schnell. Von links vorne, nach rechts vorne: Christine, Ursula, Madlin, Rainer, Amer (da bin ich mir nicht sicher, ob ich seinen Namen richtig geschrieben habe), Volker. Da wir mir einem deutschen Reiseanbieter unterwegs sind, sind alle Teilnehmende auch der deutschen Sprache m\u00e4chtig.<\/p>\n<p><a href=\"https:\/\/volkerontour.de\/wp-content\/uploads\/2025\/12\/IMG_2256.jpg\"><img loading=\"lazy\" decoding=\"async\" width=\"244\" height=\"184\" title=\"IMG_2256\" style=\"display: inline; background-image: none;\" alt=\"IMG_2256\" src=\"https:\/\/volkerontour.de\/wp-content\/uploads\/2025\/12\/IMG_2256_thumb.jpg\" border=\"0\"><\/a>&nbsp;<a href=\"https:\/\/volkerontour.de\/wp-content\/uploads\/2025\/12\/IMG_2257.jpg\"><img loading=\"lazy\" decoding=\"async\" width=\"244\" height=\"184\" title=\"IMG_2257\" style=\"display: inline; background-image: none;\" alt=\"IMG_2257\" src=\"https:\/\/volkerontour.de\/wp-content\/uploads\/2025\/12\/IMG_2257_thumb.jpg\" border=\"0\"><\/a><\/p>\n<p>Zum Abschluss des Tages fuhren wir dann noch gemeinsam in den 99 Stock des Kingdom Towers auf 300m H\u00f6he und \u00fcberquerten einmal die Skybridge. <\/p>\n<p><a href=\"https:\/\/volkerontour.de\/wp-content\/uploads\/2025\/12\/IMG_2270.jpg\"><img loading=\"lazy\" decoding=\"async\" width=\"184\" height=\"244\" title=\"IMG_2270\" style=\"display: inline; background-image: none;\" alt=\"IMG_2270\" src=\"https:\/\/volkerontour.de\/wp-content\/uploads\/2025\/12\/IMG_2270_thumb.jpg\" border=\"0\"><\/a>&nbsp;<a href=\"https:\/\/volkerontour.de\/wp-content\/uploads\/2025\/12\/IMG_2258.jpg\"><img loading=\"lazy\" decoding=\"async\" width=\"184\" height=\"244\" title=\"IMG_2258\" style=\"display: inline; background-image: none;\" alt=\"IMG_2258\" src=\"https:\/\/volkerontour.de\/wp-content\/uploads\/2025\/12\/IMG_2258_thumb.jpg\" border=\"0\"><\/a><\/p>\n<p><a href=\"https:\/\/volkerontour.de\/wp-content\/uploads\/2025\/12\/IMG_2259.jpg\"><img loading=\"lazy\" decoding=\"async\" width=\"244\" height=\"184\" title=\"IMG_2259\" style=\"display: inline; background-image: none;\" alt=\"IMG_2259\" src=\"https:\/\/volkerontour.de\/wp-content\/uploads\/2025\/12\/IMG_2259_thumb.jpg\" border=\"0\"><\/a>&nbsp;<a href=\"https:\/\/volkerontour.de\/wp-content\/uploads\/2025\/12\/IMG_2262.jpg\"><img loading=\"lazy\" decoding=\"async\" width=\"244\" height=\"184\" title=\"IMG_2262\" style=\"display: inline; background-image: none;\" alt=\"IMG_2262\" src=\"https:\/\/volkerontour.de\/wp-content\/uploads\/2025\/12\/IMG_2262_thumb.jpg\" border=\"0\"><\/a><\/p>\n<p><a href=\"https:\/\/volkerontour.de\/wp-content\/uploads\/2025\/12\/IMG_2263.jpg\"><img loading=\"lazy\" decoding=\"async\" width=\"244\" height=\"184\" title=\"IMG_2263\" style=\"display: inline; background-image: none;\" alt=\"IMG_2263\" src=\"https:\/\/volkerontour.de\/wp-content\/uploads\/2025\/12\/IMG_2263_thumb.jpg\" border=\"0\"><\/a>&nbsp;<a href=\"https:\/\/volkerontour.de\/wp-content\/uploads\/2025\/12\/IMG_2264.jpg\"><img loading=\"lazy\" decoding=\"async\" width=\"244\" height=\"184\" title=\"IMG_2264\" style=\"display: inline; background-image: none;\" alt=\"IMG_2264\" src=\"https:\/\/volkerontour.de\/wp-content\/uploads\/2025\/12\/IMG_2264_thumb.jpg\" border=\"0\"><\/a><\/p>\n<p>Wie oben bereits angedeutet holen wir morgen fr\u00fch den Besuch des Nationalmuseums nach, bevor wir dann Riad verlassen und weiter Richtung Nordwesten fahren. Die drei Tage Riad war sehr sch\u00f6n, doch nun freue ich mich auch darauf die l\u00e4ndlicheren Gegenden Saudi-Arabiens kennenzulernen.<\/p>\n<p><a href=\"https:\/\/volkerontour.de\/wp-content\/uploads\/2025\/12\/Bildschirmfoto-2025-12-16-um-16.49.48-1.png\"><img loading=\"lazy\" decoding=\"async\" width=\"244\" height=\"154\" title=\"Bildschirmfoto 2025-12-16 um 16.49.48\" style=\"display: inline; background-image: none;\" alt=\"Bildschirmfoto 2025-12-16 um 16.49.48\" src=\"https:\/\/volkerontour.de\/wp-content\/uploads\/2025\/12\/Bildschirmfoto-2025-12-16-um-16.49.48_thumb-1.png\" border=\"0\"><\/a><\/p>\n<p>Letzte Gr\u00fc\u00dfe aus Riad und bis morgen. \u201cInshallah\u201d (So Gott will) <img decoding=\"async\" class=\"wlEmoticon wlEmoticon-winkingsmile\" style=\"\" alt=\"Winking smile\" src=\"https:\/\/volkerontour.de\/wp-content\/uploads\/2025\/12\/wlEmoticon-winkingsmile-1.png\"><\/p>\n","protected":false},"excerpt":{"rendered":"<p>Sonntag, 21.12.: Nachdem ich die Nachtruhe gestern Abend allein antrat, so wachte ich heute Morgen neben Rainer aus M\u00fcnchen auf. Er war erst nachts um 3 Uhr in Riad angekommen und wird sich nun f\u00fcr den Rest der Reise das &hellip; <a href=\"https:\/\/volkerontour.de\/?p=45590\">Weiterlesen <span class=\"meta-nav\">&rarr;<\/span><\/a><\/p>\n","protected":false},"author":3,"featured_media":0,"comment_status":"closed","ping_status":"closed","sticky":false,"template":"","format":"standard","meta":{"footnotes":""},"categories":[65],"tags":[],"class_list":["post-45590","post","type-post","status-publish","format-standard","hentry","category-saudi-arabien-2025"],"_links":{"self":[{"href":"https:\/\/volkerontour.de\/index.php?rest_route=\/wp\/v2\/posts\/45590","targetHints":{"allow":["GET"]}}],"collection":[{"href":"https:\/\/volkerontour.de\/index.php?rest_route=\/wp\/v2\/posts"}],"about":[{"href":"https:\/\/volkerontour.de\/index.php?rest_route=\/wp\/v2\/types\/post"}],"author":[{"embeddable":true,"href":"https:\/\/volkerontour.de\/index.php?rest_route=\/wp\/v2\/users\/3"}],"replies":[{"embeddable":true,"href":"https:\/\/volkerontour.de\/index.php?rest_route=%2Fwp%2Fv2%2Fcomments&post=45590"}],"version-history":[{"count":1,"href":"https:\/\/volkerontour.de\/index.php?rest_route=\/wp\/v2\/posts\/45590\/revisions"}],"predecessor-version":[{"id":45591,"href":"https:\/\/volkerontour.de\/index.php?rest_route=\/wp\/v2\/posts\/45590\/revisions\/45591"}],"wp:attachment":[{"href":"https:\/\/volkerontour.de\/index.php?rest_route=%2Fwp%2Fv2%2Fmedia&parent=45590"}],"wp:term":[{"taxonomy":"category","embeddable":true,"href":"https:\/\/volkerontour.de\/index.php?rest_route=%2Fwp%2Fv2%2Fcategories&post=45590"},{"taxonomy":"post_tag","embeddable":true,"href":"https:\/\/volkerontour.de\/index.php?rest_route=%2Fwp%2Fv2%2Ftags&post=45590"}],"curies":[{"name":"wp","href":"https:\/\/api.w.org\/{rel}","templated":true}]}}